{"id":15048,"date":"2021-06-18T15:31:08","date_gmt":"2021-06-18T13:31:08","guid":{"rendered":"https:\/\/www.caudete.org\/ayuntamiento\/?p=15048"},"modified":"2021-06-18T16:46:28","modified_gmt":"2021-06-18T14:46:28","slug":"las-inscripciones-al-peezrd-2021-se-podran-hacer-hasta-el-2-de-julio","status":"publish","type":"post","link":"https:\/\/www.caudete.org\/ayuntamiento\/las-inscripciones-al-peezrd-2021-se-podran-hacer-hasta-el-2-de-julio\/","title":{"rendered":"Las inscripciones al PEEZRD-2021 se podr\u00e1n hacer hasta el 2 de Julio"},"content":{"rendered":"<p style=\"text-align: left;\">La Junta de Gobierno Local aprobaba esta ma\u00f1ana las Bases para la selecci\u00f3n de 18 puestos de trabajo adscritos al PEEZRD-2021. As\u00ed lo ha anunciado la Concejal de Formaci\u00f3n y Empleo M\u00aa del Mar Requena.<\/p>\n<p style=\"text-align: left;\">Tres son los proyectos presentados por el Ayuntamiento a la convocatoria, al que se adscriben 6 empleos a cada uno de ellos, que se repartir\u00e1n a su vez en dos fases. En cada proyecto y fase 3 ser\u00e1n los contratos, que contar\u00e1n con una retribuci\u00f3n bruta mensual de 1.108\u20ac<\/p>\n<p style=\"text-align: left;\">A esos efectos, han sido publicadas en el Tabl\u00f3n de Anuncios Municipal a fin de cumplir con los requisitos de publicidad, las cuales se pueden consultar en el siguiente enlace:<\/p>\n<p style=\"text-align: left;\"><a href=\"https:\/\/caudete.sedipualba.es\/tablondeanuncios\/anuncio.aspx?id=30797\" target=\"_blank\" rel=\"nofollow\">https:\/\/caudete.sedipualba.es\/tablondeanuncios\/anuncio.aspx?id=30797\u00a0<\/a><\/p>\n<p style=\"text-align: left;\">Resumidas mediante la presente nota de prensa.<\/p>\n<p style=\"text-align: left;\">El plazo de presentaci\u00f3n de solicitudes por parte de los interesados comienza el pr\u00f3ximo lunes 21 de Junio y finalizar\u00e1 el viernes 2 de Julio (inclusive), cumpli\u00e9ndose por tanto los 10 d\u00edas naturales de plazo establecidos.<\/p>\n<p style=\"text-align: left;\">La selecci\u00f3n se realizar\u00e1 de acuerdo con el art\u00edculo 9 del Real Decreto 939\/1997, de 20 de junio, por el que se regula la afectaci\u00f3n al programa de fomento de empleo agrario de cr\u00e9ditos para inversiones de las Administraciones P\u00fablicas en las CCAA de Andaluc\u00eda, Extremadura y en las Zonas Rurales Deprimidas, siendo la oferta gen\u00e9rica el instrumento exclusivo para el reclutamiento y la preselecci\u00f3n de los trabajadores a contratar. Los preseleccionados por Oficina de Empleo adjuntar\u00e1n a las solicitudes de participaci\u00f3n \u201ccarta de presentaci\u00f3n de la Oficina de Empleo\u201d y \u201ccertificado de ocupaciones\u201d que acreditar\u00e1n su pertenencia a colectivo pertinente para participar en el programa, teniendo en cuenta lo siguiente:<\/p>\n<p style=\"text-align: left;\">1\/ Podr\u00e1n optar a participar en este plan de empleo las personas desempleadas inscritas en la Oficina de Empleo en el momento de registro de la Oferta (16\/06\/2020).<br \/>\n2\/ Colectivo prioritario absoluto para todos los proyectos: el de aquellas personas que ostenten la condici\u00f3n de eventuales agrarios con afiliaci\u00f3n al Sistema Especial Agrario de la Seguridad Social por cuenta ajena, en situaci\u00f3n de alta o asimilada (REASS).<br \/>\n3\/ Las plazas no cubiertas por el colectivo prioritario absoluto, se adjudicar\u00e1n a personas desempleadas inscritas como peones agrarios\/jardiner\u00eda y peones construcci\u00f3n, en primer lugar, y a personas desempleadas inscritas como peones agrarios\/jardiner\u00eda o peones construcci\u00f3n, en segundo lugar.<\/p>\n<p style=\"text-align: left;\">Los interesados en concurrir al presente proceso selectivo deber\u00e1n reunir los siguientes requisitos:<br \/>\n\u2022 Tener la nacionalidad espa\u00f1ola, sin perjuicio de lo dispuesto en el art\u00edculo 39 de la Ley 4\/2011, de 10 de marzo, del Empleo P\u00fablico de Castilla- La Mancha.<br \/>\n\u2022 Cumplir las condiciones establecidas en la base 1.3.<br \/>\n\u2022 Tener cumplidos los 16 a\u00f1os y no exceder, en su caso, de la edad m\u00e1xima de jubilaci\u00f3n forzosa.<br \/>\n\u2022 No padecer enfermedad o defecto f\u00edsico que impida el normal desarrollo de las funciones encomendadas.<br \/>\n\u2022 No haber sido separado\/a del servicio en cualquiera de las administraciones p\u00fablicas.<br \/>\n\u2022 No haber sido condenado por sentencia firme por alg\u00fan delito contra la libertad e indemnidad sexual.<br \/>\n\u2022 No haber participado en el PEEZRD 2020, salvo el colectivo de preferencia absoluta.<br \/>\nAdem\u00e1s, cabe destacar que los requisitos establecidos en la base 3.1 deber\u00e1n reunirse el \u00faltimo d\u00eda del plazo de presentaci\u00f3n de instancias. La referencia temporal para los criterios considerados en estas bases a los efectos de selecci\u00f3n que no vengan determinados de otro modo ser\u00e1 la fecha de registro de la oferta en la oficina de empleo (16\/06\/2021).<\/p>\n<p style=\"text-align: left;\">Tambi\u00e9n es de rese\u00f1ar que en ning\u00fan caso podr\u00e1 participar en el programa m\u00e1s de una persona por unidad familiar que convivan en el domicilio. La informaci\u00f3n relativa a la unidad familiar que convive en el domicilio de los solicitantes se comprobar\u00e1 de oficio por el ayuntamiento<\/p>\n<p style=\"text-align: left;\">La documentaci\u00f3n necesaria para participar en el proceso selectivo:<br \/>\na) Carta de presentaci\u00f3n Oficina de Empleo, con indicaci\u00f3n de condici\u00f3n de REASS, en su caso.<br \/>\nb) Certificado de inscripci\u00f3n ininterrumpida como desempleado.<br \/>\nc) Certificado de Ocupaciones.<br \/>\nd) Justificante acreditativo de cualquier ingreso distinto a subsidio o prestaci\u00f3n por desempleo: pensi\u00f3n de minusval\u00eda, pensi\u00f3n de viudedad, otros&#8230;, en su caso.<\/p>\n<p style=\"text-align: left;\">La documentaci\u00f3n a presentar de miembros de la unidad familiar que convivan en el domicilio es:<br \/>\na) Tarjeta de inscripci\u00f3n como desempleado\/a, en su caso.<br \/>\nb) Dos \u00faltimas n\u00f3minas , en el caso de estar empleados.<br \/>\nc) \u00daltima declaraci\u00f3n de la renta, en el caso de ser aut\u00f3nomos.<br \/>\nd) Justificante acreditativo de cualquier ingreso distinto a salario, subsidio o prestaci\u00f3n por desempleo: pensi\u00f3n de minusval\u00eda, viudedad, otros&#8230;, en su caso.<\/p>\n<p style=\"text-align: left;\">La Baremaci\u00f3n de solicitudes se realizar\u00e1 como sigue: en primer lugar se tendr\u00e1n en cuenta las solicitudes de personas pertenecientes al colectivo de prioridad absoluta REASS, y si hubiese m\u00e1s candidatos que plazas, se aplicar\u00e1n los criterios de baremaci\u00f3n a este colectivo.<br \/>\nSi quedaran plazas vacantes, se aplicar\u00e1n los criterios de baremaci\u00f3n al resto de personas solicitantes preseleccionadas para cada uno de los proyectos en funci\u00f3n de su inscripci\u00f3n en cada ocupaci\u00f3n a la fecha de la oferta.<\/p>\n<p style=\"text-align: left;\">El baremo de puntuaci\u00f3n queda establecido como sigue:<\/p>\n<ul style=\"text-align: left;\">\n<li>Ingresos de la Unidad Familiar<br \/>\na) sin ingresos, 15 puntos.<br \/>\nb) con ingresos brutos mensuales no superiores a 1.108&#8217;33\u20ac, 10 puntos.<\/li>\n<li>Antig\u00fcedad en la Inscripci\u00f3n<br \/>\n1 punto por mes de inscripci\u00f3n ininterrumpida (max. 12 meses)<\/li>\n<li>Por cada miembro de la Unidad Familiar en paro, 2 puntos<\/li>\n<li>Por cada carga familiar, 3 puntos.<\/li>\n<li>Por tener 45 o m\u00e1s a\u00f1os y cargas familiares, 3 puntos.<\/li>\n<li>Por minusval\u00eda igual o superior al 33%, 2 puntos.<\/li>\n<li>Hogares monoparentales con cargas familiares, 3 puntos.<\/li>\n<li>Por condici\u00f3n de v\u00edctima de violencia de g\u00e9nero, 1 punto.<\/li>\n<li>Por estar en posesi\u00f3n de carn\u00e9 de conducir, 1 punto.<\/li>\n<li>Por estar en posesi\u00f3n de carn\u00e9 de manipulador de plaguicidas de uso fitosanitario de nivel b\u00e1sico,\u00a0 2 puntos.<\/li>\n<li>Por estar en posesi\u00f3n de certificaci\u00f3n de formaci\u00f3n espec\u00edfica en prevenci\u00f3n de riesgos laborales asociada al sector de la construcci\u00f3n, 3 puntos.<\/li>\n<\/ul>\n<p style=\"text-align: left;\">\n","protected":false},"excerpt":{"rendered":"<p>La Junta de Gobierno Local aprobaba esta ma\u00f1ana las Bases para la selecci\u00f3n de 18 puestos de trabajo adscritos al PEEZRD-2021. As\u00ed lo ha anunciado la Concejal de Formaci\u00f3n y Empleo M\u00aa del Mar Requena. Tres son los proyectos presentados por el Ayuntamiento a la convocatoria, al que se adscriben 6 empleos a cada uno &hellip;<\/p>\n","protected":false},"author":3,"featured_media":15012,"comment_status":"closed","ping_status":"open","sticky":false,"template":"","format":"standard","meta":{"ngg_post_thumbnail":0,"footnotes":""},"categories":[37],"tags":[],"class_list":["post-15048","post","type-post","status-publish","format-standard","has-post-thumbnail","hentry","category-empleo-y-formacion"],"yoast_head":"<!-- This site is optimized with the Yoast SEO plugin v27.4 - https:\/\/yoast.com\/product\/yoast-seo-wordpress\/ -->\n<title>Las inscripciones al PEEZRD-2021 se podr\u00e1n hacer hasta el 2 de Julio - MI Ayuntamiento de Caudete<\/title>\n<meta name=\"description\" content=\"P\u00e1gina Oficial del Ayuntamiento de Caudete (Albacete)\" \/>\n<meta name=\"robots\" content=\"index, follow, max-snippet:-1, max-image-preview:large, max-video-preview:-1\" \/>\n<link rel=\"canonical\" href=\"https:\/\/www.caudete.org\/ayuntamiento\/las-inscripciones-al-peezrd-2021-se-podran-hacer-hasta-el-2-de-julio\/\" \/>\n<meta property=\"og:locale\" content=\"es_ES\" \/>\n<meta property=\"og:type\" content=\"article\" \/>\n<meta property=\"og:title\" content=\"Las inscripciones al PEEZRD-2021 se podr\u00e1n hacer hasta el 2 de Julio - MI Ayuntamiento de Caudete\" \/>\n<meta property=\"og:description\" content=\"P\u00e1gina Oficial del Ayuntamiento de Caudete (Albacete)\" \/>\n<meta property=\"og:url\" content=\"https:\/\/www.caudete.org\/ayuntamiento\/las-inscripciones-al-peezrd-2021-se-podran-hacer-hasta-el-2-de-julio\/\" \/>\n<meta property=\"og:site_name\" content=\"MI Ayuntamiento de Caudete\" \/>\n<meta property=\"article:publisher\" content=\"https:\/\/www.facebook.com\/ayuntamientocaudete\/\" \/>\n<meta property=\"article:published_time\" content=\"2021-06-18T13:31:08+00:00\" \/>\n<meta property=\"article:modified_time\" content=\"2021-06-18T14:46:28+00:00\" \/>\n<meta property=\"og:image\" content=\"https:\/\/www.caudete.org\/ayuntamiento\/wp-content\/uploads\/2021\/06\/PEEZRD-WEB.jpg\" \/>\n\t<meta property=\"og:image:width\" content=\"864\" \/>\n\t<meta property=\"og:image:height\" content=\"380\" \/>\n\t<meta property=\"og:image:type\" content=\"image\/jpeg\" \/>\n<meta name=\"author\" content=\"alcalde\" \/>\n<meta name=\"twitter:card\" content=\"summary_large_image\" \/>\n<meta name=\"twitter:label1\" content=\"Escrito por\" \/>\n\t<meta name=\"twitter:data1\" content=\"alcalde\" \/>\n\t<meta name=\"twitter:label2\" content=\"Tiempo de lectura\" \/>\n\t<meta name=\"twitter:data2\" content=\"5 minutos\" \/>\n<script type=\"application\/ld+json\" class=\"yoast-schema-graph\">{\"@context\":\"https:\\\/\\\/schema.org\",\"@graph\":[{\"@type\":\"Article\",\"@id\":\"https:\\\/\\\/www.caudete.org\\\/ayuntamiento\\\/las-inscripciones-al-peezrd-2021-se-podran-hacer-hasta-el-2-de-julio\\\/#article\",\"isPartOf\":{\"@id\":\"https:\\\/\\\/www.caudete.org\\\/ayuntamiento\\\/las-inscripciones-al-peezrd-2021-se-podran-hacer-hasta-el-2-de-julio\\\/\"},\"author\":{\"name\":\"alcalde\",\"@id\":\"https:\\\/\\\/www.caudete.org\\\/ayuntamiento\\\/#\\\/schema\\\/person\\\/cc646da9133078ee4d8dd47457947253\"},\"headline\":\"Las inscripciones al PEEZRD-2021 se podr\u00e1n hacer hasta el 2 de Julio\",\"datePublished\":\"2021-06-18T13:31:08+00:00\",\"dateModified\":\"2021-06-18T14:46:28+00:00\",\"mainEntityOfPage\":{\"@id\":\"https:\\\/\\\/www.caudete.org\\\/ayuntamiento\\\/las-inscripciones-al-peezrd-2021-se-podran-hacer-hasta-el-2-de-julio\\\/\"},\"wordCount\":1040,\"publisher\":{\"@id\":\"https:\\\/\\\/www.caudete.org\\\/ayuntamiento\\\/#organization\"},\"image\":{\"@id\":\"https:\\\/\\\/www.caudete.org\\\/ayuntamiento\\\/las-inscripciones-al-peezrd-2021-se-podran-hacer-hasta-el-2-de-julio\\\/#primaryimage\"},\"thumbnailUrl\":\"https:\\\/\\\/www.caudete.org\\\/ayuntamiento\\\/wp-content\\\/uploads\\\/2021\\\/06\\\/PEEZRD-WEB.jpg\",\"articleSection\":[\"Empleo y Formaci\u00f3n\"],\"inLanguage\":\"es\"},{\"@type\":\"WebPage\",\"@id\":\"https:\\\/\\\/www.caudete.org\\\/ayuntamiento\\\/las-inscripciones-al-peezrd-2021-se-podran-hacer-hasta-el-2-de-julio\\\/\",\"url\":\"https:\\\/\\\/www.caudete.org\\\/ayuntamiento\\\/las-inscripciones-al-peezrd-2021-se-podran-hacer-hasta-el-2-de-julio\\\/\",\"name\":\"Las inscripciones al PEEZRD-2021 se podr\u00e1n hacer hasta el 2 de Julio - MI Ayuntamiento de Caudete\",\"isPartOf\":{\"@id\":\"https:\\\/\\\/www.caudete.org\\\/ayuntamiento\\\/#website\"},\"primaryImageOfPage\":{\"@id\":\"https:\\\/\\\/www.caudete.org\\\/ayuntamiento\\\/las-inscripciones-al-peezrd-2021-se-podran-hacer-hasta-el-2-de-julio\\\/#primaryimage\"},\"image\":{\"@id\":\"https:\\\/\\\/www.caudete.org\\\/ayuntamiento\\\/las-inscripciones-al-peezrd-2021-se-podran-hacer-hasta-el-2-de-julio\\\/#primaryimage\"},\"thumbnailUrl\":\"https:\\\/\\\/www.caudete.org\\\/ayuntamiento\\\/wp-content\\\/uploads\\\/2021\\\/06\\\/PEEZRD-WEB.jpg\",\"datePublished\":\"2021-06-18T13:31:08+00:00\",\"dateModified\":\"2021-06-18T14:46:28+00:00\",\"description\":\"P\u00e1gina Oficial del Ayuntamiento de Caudete (Albacete)\",\"breadcrumb\":{\"@id\":\"https:\\\/\\\/www.caudete.org\\\/ayuntamiento\\\/las-inscripciones-al-peezrd-2021-se-podran-hacer-hasta-el-2-de-julio\\\/#breadcrumb\"},\"inLanguage\":\"es\",\"potentialAction\":[{\"@type\":\"ReadAction\",\"target\":[\"https:\\\/\\\/www.caudete.org\\\/ayuntamiento\\\/las-inscripciones-al-peezrd-2021-se-podran-hacer-hasta-el-2-de-julio\\\/\"]}]},{\"@type\":\"ImageObject\",\"inLanguage\":\"es\",\"@id\":\"https:\\\/\\\/www.caudete.org\\\/ayuntamiento\\\/las-inscripciones-al-peezrd-2021-se-podran-hacer-hasta-el-2-de-julio\\\/#primaryimage\",\"url\":\"https:\\\/\\\/www.caudete.org\\\/ayuntamiento\\\/wp-content\\\/uploads\\\/2021\\\/06\\\/PEEZRD-WEB.jpg\",\"contentUrl\":\"https:\\\/\\\/www.caudete.org\\\/ayuntamiento\\\/wp-content\\\/uploads\\\/2021\\\/06\\\/PEEZRD-WEB.jpg\",\"width\":864,\"height\":380},{\"@type\":\"BreadcrumbList\",\"@id\":\"https:\\\/\\\/www.caudete.org\\\/ayuntamiento\\\/las-inscripciones-al-peezrd-2021-se-podran-hacer-hasta-el-2-de-julio\\\/#breadcrumb\",\"itemListElement\":[{\"@type\":\"ListItem\",\"position\":1,\"name\":\"Inicio\",\"item\":\"https:\\\/\\\/www.caudete.org\\\/ayuntamiento\\\/\"},{\"@type\":\"ListItem\",\"position\":2,\"name\":\"Las inscripciones al PEEZRD-2021 se podr\u00e1n hacer hasta el 2 de Julio\"}]},{\"@type\":\"WebSite\",\"@id\":\"https:\\\/\\\/www.caudete.org\\\/ayuntamiento\\\/#website\",\"url\":\"https:\\\/\\\/www.caudete.org\\\/ayuntamiento\\\/\",\"name\":\"MI Ayuntamiento de Caudete\",\"description\":\"P\u00e1gina Oficial del MI Ayuntamiento de Caudete\",\"publisher\":{\"@id\":\"https:\\\/\\\/www.caudete.org\\\/ayuntamiento\\\/#organization\"},\"potentialAction\":[{\"@type\":\"SearchAction\",\"target\":{\"@type\":\"EntryPoint\",\"urlTemplate\":\"https:\\\/\\\/www.caudete.org\\\/ayuntamiento\\\/?s={search_term_string}\"},\"query-input\":{\"@type\":\"PropertyValueSpecification\",\"valueRequired\":true,\"valueName\":\"search_term_string\"}}],\"inLanguage\":\"es\"},{\"@type\":\"Organization\",\"@id\":\"https:\\\/\\\/www.caudete.org\\\/ayuntamiento\\\/#organization\",\"name\":\"Ayuntamiento de Caudete\",\"url\":\"https:\\\/\\\/www.caudete.org\\\/ayuntamiento\\\/\",\"logo\":{\"@type\":\"ImageObject\",\"inLanguage\":\"es\",\"@id\":\"https:\\\/\\\/www.caudete.org\\\/ayuntamiento\\\/#\\\/schema\\\/logo\\\/image\\\/\",\"url\":\"https:\\\/\\\/www.caudete.org\\\/ayuntamiento\\\/wp-content\\\/uploads\\\/2020\\\/11\\\/logo_ayuntamiento_caudete.jpg\",\"contentUrl\":\"https:\\\/\\\/www.caudete.org\\\/ayuntamiento\\\/wp-content\\\/uploads\\\/2020\\\/11\\\/logo_ayuntamiento_caudete.jpg\",\"width\":600,\"height\":150,\"caption\":\"Ayuntamiento de Caudete\"},\"image\":{\"@id\":\"https:\\\/\\\/www.caudete.org\\\/ayuntamiento\\\/#\\\/schema\\\/logo\\\/image\\\/\"},\"sameAs\":[\"https:\\\/\\\/www.facebook.com\\\/ayuntamientocaudete\\\/\",\"https:\\\/\\\/www.youtube.com\\\/channel\\\/UC6VztHaooNsGpw-tNoBEFnQ\"]},{\"@type\":\"Person\",\"@id\":\"https:\\\/\\\/www.caudete.org\\\/ayuntamiento\\\/#\\\/schema\\\/person\\\/cc646da9133078ee4d8dd47457947253\",\"name\":\"alcalde\",\"image\":{\"@type\":\"ImageObject\",\"inLanguage\":\"es\",\"@id\":\"https:\\\/\\\/secure.gravatar.com\\\/avatar\\\/84a817ba065b29ff08d666b215a215f5c79186a645ccb25b14a663d48a130f77?s=96&d=mm&r=g\",\"url\":\"https:\\\/\\\/secure.gravatar.com\\\/avatar\\\/84a817ba065b29ff08d666b215a215f5c79186a645ccb25b14a663d48a130f77?s=96&d=mm&r=g\",\"contentUrl\":\"https:\\\/\\\/secure.gravatar.com\\\/avatar\\\/84a817ba065b29ff08d666b215a215f5c79186a645ccb25b14a663d48a130f77?s=96&d=mm&r=g\",\"caption\":\"alcalde\"},\"url\":\"https:\\\/\\\/www.caudete.org\\\/ayuntamiento\\\/author\\\/alcalde\\\/\"}]}<\/script>\n<!-- \/ Yoast SEO plugin. -->","yoast_head_json":{"title":"Las inscripciones al PEEZRD-2021 se podr\u00e1n hacer hasta el 2 de Julio - MI Ayuntamiento de Caudete","description":"P\u00e1gina Oficial del Ayuntamiento de Caudete (Albacete)","robots":{"index":"index","follow":"follow","max-snippet":"max-snippet:-1","max-image-preview":"max-image-preview:large","max-video-preview":"max-video-preview:-1"},"canonical":"https:\/\/www.caudete.org\/ayuntamiento\/las-inscripciones-al-peezrd-2021-se-podran-hacer-hasta-el-2-de-julio\/","og_locale":"es_ES","og_type":"article","og_title":"Las inscripciones al PEEZRD-2021 se podr\u00e1n hacer hasta el 2 de Julio - MI Ayuntamiento de Caudete","og_description":"P\u00e1gina Oficial del Ayuntamiento de Caudete (Albacete)","og_url":"https:\/\/www.caudete.org\/ayuntamiento\/las-inscripciones-al-peezrd-2021-se-podran-hacer-hasta-el-2-de-julio\/","og_site_name":"MI Ayuntamiento de Caudete","article_publisher":"https:\/\/www.facebook.com\/ayuntamientocaudete\/","article_published_time":"2021-06-18T13:31:08+00:00","article_modified_time":"2021-06-18T14:46:28+00:00","og_image":[{"width":864,"height":380,"url":"https:\/\/www.caudete.org\/ayuntamiento\/wp-content\/uploads\/2021\/06\/PEEZRD-WEB.jpg","type":"image\/jpeg"}],"author":"alcalde","twitter_card":"summary_large_image","twitter_misc":{"Escrito por":"alcalde","Tiempo de lectura":"5 minutos"},"schema":{"@context":"https:\/\/schema.org","@graph":[{"@type":"Article","@id":"https:\/\/www.caudete.org\/ayuntamiento\/las-inscripciones-al-peezrd-2021-se-podran-hacer-hasta-el-2-de-julio\/#article","isPartOf":{"@id":"https:\/\/www.caudete.org\/ayuntamiento\/las-inscripciones-al-peezrd-2021-se-podran-hacer-hasta-el-2-de-julio\/"},"author":{"name":"alcalde","@id":"https:\/\/www.caudete.org\/ayuntamiento\/#\/schema\/person\/cc646da9133078ee4d8dd47457947253"},"headline":"Las inscripciones al PEEZRD-2021 se podr\u00e1n hacer hasta el 2 de Julio","datePublished":"2021-06-18T13:31:08+00:00","dateModified":"2021-06-18T14:46:28+00:00","mainEntityOfPage":{"@id":"https:\/\/www.caudete.org\/ayuntamiento\/las-inscripciones-al-peezrd-2021-se-podran-hacer-hasta-el-2-de-julio\/"},"wordCount":1040,"publisher":{"@id":"https:\/\/www.caudete.org\/ayuntamiento\/#organization"},"image":{"@id":"https:\/\/www.caudete.org\/ayuntamiento\/las-inscripciones-al-peezrd-2021-se-podran-hacer-hasta-el-2-de-julio\/#primaryimage"},"thumbnailUrl":"https:\/\/www.caudete.org\/ayuntamiento\/wp-content\/uploads\/2021\/06\/PEEZRD-WEB.jpg","articleSection":["Empleo y Formaci\u00f3n"],"inLanguage":"es"},{"@type":"WebPage","@id":"https:\/\/www.caudete.org\/ayuntamiento\/las-inscripciones-al-peezrd-2021-se-podran-hacer-hasta-el-2-de-julio\/","url":"https:\/\/www.caudete.org\/ayuntamiento\/las-inscripciones-al-peezrd-2021-se-podran-hacer-hasta-el-2-de-julio\/","name":"Las inscripciones al PEEZRD-2021 se podr\u00e1n hacer hasta el 2 de Julio - MI Ayuntamiento de Caudete","isPartOf":{"@id":"https:\/\/www.caudete.org\/ayuntamiento\/#website"},"primaryImageOfPage":{"@id":"https:\/\/www.caudete.org\/ayuntamiento\/las-inscripciones-al-peezrd-2021-se-podran-hacer-hasta-el-2-de-julio\/#primaryimage"},"image":{"@id":"https:\/\/www.caudete.org\/ayuntamiento\/las-inscripciones-al-peezrd-2021-se-podran-hacer-hasta-el-2-de-julio\/#primaryimage"},"thumbnailUrl":"https:\/\/www.caudete.org\/ayuntamiento\/wp-content\/uploads\/2021\/06\/PEEZRD-WEB.jpg","datePublished":"2021-06-18T13:31:08+00:00","dateModified":"2021-06-18T14:46:28+00:00","description":"P\u00e1gina Oficial del Ayuntamiento de Caudete (Albacete)","breadcrumb":{"@id":"https:\/\/www.caudete.org\/ayuntamiento\/las-inscripciones-al-peezrd-2021-se-podran-hacer-hasta-el-2-de-julio\/#breadcrumb"},"inLanguage":"es","potentialAction":[{"@type":"ReadAction","target":["https:\/\/www.caudete.org\/ayuntamiento\/las-inscripciones-al-peezrd-2021-se-podran-hacer-hasta-el-2-de-julio\/"]}]},{"@type":"ImageObject","inLanguage":"es","@id":"https:\/\/www.caudete.org\/ayuntamiento\/las-inscripciones-al-peezrd-2021-se-podran-hacer-hasta-el-2-de-julio\/#primaryimage","url":"https:\/\/www.caudete.org\/ayuntamiento\/wp-content\/uploads\/2021\/06\/PEEZRD-WEB.jpg","contentUrl":"https:\/\/www.caudete.org\/ayuntamiento\/wp-content\/uploads\/2021\/06\/PEEZRD-WEB.jpg","width":864,"height":380},{"@type":"BreadcrumbList","@id":"https:\/\/www.caudete.org\/ayuntamiento\/las-inscripciones-al-peezrd-2021-se-podran-hacer-hasta-el-2-de-julio\/#breadcrumb","itemListElement":[{"@type":"ListItem","position":1,"name":"Inicio","item":"https:\/\/www.caudete.org\/ayuntamiento\/"},{"@type":"ListItem","position":2,"name":"Las inscripciones al PEEZRD-2021 se podr\u00e1n hacer hasta el 2 de Julio"}]},{"@type":"WebSite","@id":"https:\/\/www.caudete.org\/ayuntamiento\/#website","url":"https:\/\/www.caudete.org\/ayuntamiento\/","name":"MI Ayuntamiento de Caudete","description":"P\u00e1gina Oficial del MI Ayuntamiento de Caudete","publisher":{"@id":"https:\/\/www.caudete.org\/ayuntamiento\/#organization"},"potentialAction":[{"@type":"SearchAction","target":{"@type":"EntryPoint","urlTemplate":"https:\/\/www.caudete.org\/ayuntamiento\/?s={search_term_string}"},"query-input":{"@type":"PropertyValueSpecification","valueRequired":true,"valueName":"search_term_string"}}],"inLanguage":"es"},{"@type":"Organization","@id":"https:\/\/www.caudete.org\/ayuntamiento\/#organization","name":"Ayuntamiento de Caudete","url":"https:\/\/www.caudete.org\/ayuntamiento\/","logo":{"@type":"ImageObject","inLanguage":"es","@id":"https:\/\/www.caudete.org\/ayuntamiento\/#\/schema\/logo\/image\/","url":"https:\/\/www.caudete.org\/ayuntamiento\/wp-content\/uploads\/2020\/11\/logo_ayuntamiento_caudete.jpg","contentUrl":"https:\/\/www.caudete.org\/ayuntamiento\/wp-content\/uploads\/2020\/11\/logo_ayuntamiento_caudete.jpg","width":600,"height":150,"caption":"Ayuntamiento de Caudete"},"image":{"@id":"https:\/\/www.caudete.org\/ayuntamiento\/#\/schema\/logo\/image\/"},"sameAs":["https:\/\/www.facebook.com\/ayuntamientocaudete\/","https:\/\/www.youtube.com\/channel\/UC6VztHaooNsGpw-tNoBEFnQ"]},{"@type":"Person","@id":"https:\/\/www.caudete.org\/ayuntamiento\/#\/schema\/person\/cc646da9133078ee4d8dd47457947253","name":"alcalde","image":{"@type":"ImageObject","inLanguage":"es","@id":"https:\/\/secure.gravatar.com\/avatar\/84a817ba065b29ff08d666b215a215f5c79186a645ccb25b14a663d48a130f77?s=96&d=mm&r=g","url":"https:\/\/secure.gravatar.com\/avatar\/84a817ba065b29ff08d666b215a215f5c79186a645ccb25b14a663d48a130f77?s=96&d=mm&r=g","contentUrl":"https:\/\/secure.gravatar.com\/avatar\/84a817ba065b29ff08d666b215a215f5c79186a645ccb25b14a663d48a130f77?s=96&d=mm&r=g","caption":"alcalde"},"url":"https:\/\/www.caudete.org\/ayuntamiento\/author\/alcalde\/"}]}},"_links":{"self":[{"href":"https:\/\/www.caudete.org\/ayuntamiento\/wp-json\/wp\/v2\/posts\/15048","targetHints":{"allow":["GET"]}}],"collection":[{"href":"https:\/\/www.caudete.org\/ayuntamiento\/wp-json\/wp\/v2\/posts"}],"about":[{"href":"https:\/\/www.caudete.org\/ayuntamiento\/wp-json\/wp\/v2\/types\/post"}],"author":[{"embeddable":true,"href":"https:\/\/www.caudete.org\/ayuntamiento\/wp-json\/wp\/v2\/users\/3"}],"replies":[{"embeddable":true,"href":"https:\/\/www.caudete.org\/ayuntamiento\/wp-json\/wp\/v2\/comments?post=15048"}],"version-history":[{"count":5,"href":"https:\/\/www.caudete.org\/ayuntamiento\/wp-json\/wp\/v2\/posts\/15048\/revisions"}],"predecessor-version":[{"id":15054,"href":"https:\/\/www.caudete.org\/ayuntamiento\/wp-json\/wp\/v2\/posts\/15048\/revisions\/15054"}],"wp:featuredmedia":[{"embeddable":true,"href":"https:\/\/www.caudete.org\/ayuntamiento\/wp-json\/wp\/v2\/media\/15012"}],"wp:attachment":[{"href":"https:\/\/www.caudete.org\/ayuntamiento\/wp-json\/wp\/v2\/media?parent=15048"}],"wp:term":[{"taxonomy":"category","embeddable":true,"href":"https:\/\/www.caudete.org\/ayuntamiento\/wp-json\/wp\/v2\/categories?post=15048"},{"taxonomy":"post_tag","embeddable":true,"href":"https:\/\/www.caudete.org\/ayuntamiento\/wp-json\/wp\/v2\/tags?post=15048"}],"curies":[{"name":"wp","href":"https:\/\/api.w.org\/{rel}","templated":true}]}}