{"id":15068,"date":"2021-06-19T16:01:43","date_gmt":"2021-06-19T14:01:43","guid":{"rendered":"https:\/\/www.caudete.org\/ayuntamiento\/?p=15068"},"modified":"2021-06-19T16:01:43","modified_gmt":"2021-06-19T14:01:43","slug":"natalia-banon-tomara-posesion-del-acta-de-concejal-por-el-pp-en-el-proximo-pleno-municipal","status":"publish","type":"post","link":"https:\/\/www.caudete.org\/ayuntamiento\/natalia-banon-tomara-posesion-del-acta-de-concejal-por-el-pp-en-el-proximo-pleno-municipal\/","title":{"rendered":"Natalia Ba\u00f1\u00f3n tomar\u00e1 posesi\u00f3n del Acta de Concejal por el PP en el pr\u00f3ximo Pleno Municipal"},"content":{"rendered":"<p style=\"text-align: justify;\">Esta ma\u00f1ana, el Alcalde daba a conocer el nombre de quien tomar\u00e1 el Acta de Concejal por el Grupo Municipal Popular en el Ayuntamiento de Caudete, tras la renuncia hace unas semanas de Montse Albertos, quien ha desempe\u00f1ado el cargo con las delegaciones de Juventud y Cementerio desde el inicio de la legislatura en 2019.<\/p>\n<p style=\"text-align: justify;\">Lo anunciaba en un acto pol\u00edtico de Nuevas Generaciones del PP-CLM desarrollado en la Plaza de Santa Ana, acompa\u00f1ado del Portavoz del Grupo Popular Luis Felipe Ba\u00f1\u00f3n y en presencia de la futura Concejal.<\/p>\n<p style=\"text-align: justify;\">Natalia Ba\u00f1\u00f3n, quien ostenta el puesto noveno en la Candidatura del Partido Popular, ser\u00e1 quien se sume al Equipo de Gobierno y complete as\u00ed el esca\u00f1o vacante en la Corporaci\u00f3n Municipal. Se produce por tanto el relevo natural, siguiendo el orden de candidatura, y manteniendo a una mujer en el cargo, quien aportar\u00e1 frescura y juventud, adem\u00e1s de ilusi\u00f3n y ganas por trabajar para Caudete.<\/p>\n<p style=\"text-align: justify;\">Igualmente, adelantaba el Primer Edil que ser\u00e1 el pr\u00f3ximo jueves d\u00eda 24 de Junio cuando la Corporaci\u00f3n Municipal celebre la sesi\u00f3n Extraordinaria del Ayuntamiento Pleno, momento en el cual Natalia Ba\u00f1\u00f3n jurar\u00e1 el cargo de Concejal del M. I. Ayuntamiento de Caudete.<\/p>\n","protected":false},"excerpt":{"rendered":"<p>Esta ma\u00f1ana, el Alcalde daba a conocer el nombre de quien tomar\u00e1 el Acta de Concejal por el Grupo Municipal Popular en el Ayuntamiento de Caudete, tras la renuncia hace unas semanas de Montse Albertos, quien ha desempe\u00f1ado el cargo con las delegaciones de Juventud y Cementerio desde el inicio de la legislatura en 2019. &hellip;<\/p>\n","protected":false},"author":3,"featured_media":15069,"comment_status":"closed","ping_status":"open","sticky":false,"template":"","format":"standard","meta":{"ngg_post_thumbnail":0,"footnotes":""},"categories":[20],"tags":[],"class_list":["post-15068","post","type-post","status-publish","format-standard","has-post-thumbnail","hentry","category-ayuntamiento"],"yoast_head":"<!-- This site is optimized with the Yoast SEO plugin v27.5 - https:\/\/yoast.com\/product\/yoast-seo-wordpress\/ -->\n<title>Natalia Ba\u00f1\u00f3n tomar\u00e1 posesi\u00f3n del Acta de Concejal por el PP en el pr\u00f3ximo Pleno Municipal - MI Ayuntamiento de Caudete<\/title>\n<meta name=\"description\" content=\"P\u00e1gina Oficial del Ayuntamiento de Caudete (Albacete)\" \/>\n<meta name=\"robots\" content=\"index, follow, max-snippet:-1, max-image-preview:large, max-video-preview:-1\" \/>\n<link rel=\"canonical\" href=\"https:\/\/www.caudete.org\/ayuntamiento\/natalia-banon-tomara-posesion-del-acta-de-concejal-por-el-pp-en-el-proximo-pleno-municipal\/\" \/>\n<meta property=\"og:locale\" content=\"es_ES\" \/>\n<meta property=\"og:type\" content=\"article\" \/>\n<meta property=\"og:title\" content=\"Natalia Ba\u00f1\u00f3n tomar\u00e1 posesi\u00f3n del Acta de Concejal por el PP en el pr\u00f3ximo Pleno Municipal - MI Ayuntamiento de Caudete\" \/>\n<meta property=\"og:description\" content=\"P\u00e1gina Oficial del Ayuntamiento de Caudete (Albacete)\" \/>\n<meta property=\"og:url\" content=\"https:\/\/www.caudete.org\/ayuntamiento\/natalia-banon-tomara-posesion-del-acta-de-concejal-por-el-pp-en-el-proximo-pleno-municipal\/\" \/>\n<meta property=\"og:site_name\" content=\"MI Ayuntamiento de Caudete\" \/>\n<meta property=\"article:publisher\" content=\"https:\/\/www.facebook.com\/ayuntamientocaudete\/\" \/>\n<meta property=\"article:published_time\" content=\"2021-06-19T14:01:43+00:00\" \/>\n<meta property=\"og:image\" content=\"https:\/\/www.caudete.org\/ayuntamiento\/wp-content\/uploads\/2021\/06\/natalia_concejal_caudete_digital.jpg\" \/>\n\t<meta property=\"og:image:width\" content=\"740\" \/>\n\t<meta property=\"og:image:height\" content=\"426\" \/>\n\t<meta property=\"og:image:type\" content=\"image\/jpeg\" \/>\n<meta name=\"author\" content=\"alcalde\" \/>\n<meta name=\"twitter:card\" content=\"summary_large_image\" \/>\n<meta name=\"twitter:label1\" content=\"Escrito por\" \/>\n\t<meta name=\"twitter:data1\" content=\"alcalde\" \/>\n\t<meta name=\"twitter:label2\" content=\"Tiempo de lectura\" \/>\n\t<meta name=\"twitter:data2\" content=\"1 minuto\" \/>\n<script type=\"application\/ld+json\" class=\"yoast-schema-graph\">{\"@context\":\"https:\\\/\\\/schema.org\",\"@graph\":[{\"@type\":\"Article\",\"@id\":\"https:\\\/\\\/www.caudete.org\\\/ayuntamiento\\\/natalia-banon-tomara-posesion-del-acta-de-concejal-por-el-pp-en-el-proximo-pleno-municipal\\\/#article\",\"isPartOf\":{\"@id\":\"https:\\\/\\\/www.caudete.org\\\/ayuntamiento\\\/natalia-banon-tomara-posesion-del-acta-de-concejal-por-el-pp-en-el-proximo-pleno-municipal\\\/\"},\"author\":{\"name\":\"alcalde\",\"@id\":\"https:\\\/\\\/www.caudete.org\\\/ayuntamiento\\\/#\\\/schema\\\/person\\\/cc646da9133078ee4d8dd47457947253\"},\"headline\":\"Natalia Ba\u00f1\u00f3n tomar\u00e1 posesi\u00f3n del Acta de Concejal por el PP en el pr\u00f3ximo Pleno Municipal\",\"datePublished\":\"2021-06-19T14:01:43+00:00\",\"mainEntityOfPage\":{\"@id\":\"https:\\\/\\\/www.caudete.org\\\/ayuntamiento\\\/natalia-banon-tomara-posesion-del-acta-de-concejal-por-el-pp-en-el-proximo-pleno-municipal\\\/\"},\"wordCount\":228,\"image\":{\"@id\":\"https:\\\/\\\/www.caudete.org\\\/ayuntamiento\\\/natalia-banon-tomara-posesion-del-acta-de-concejal-por-el-pp-en-el-proximo-pleno-municipal\\\/#primaryimage\"},\"thumbnailUrl\":\"https:\\\/\\\/www.caudete.org\\\/ayuntamiento\\\/wp-content\\\/uploads\\\/2021\\\/06\\\/natalia_concejal_caudete_digital.jpg\",\"articleSection\":[\"Ayuntamiento\"],\"inLanguage\":\"es\"},{\"@type\":\"WebPage\",\"@id\":\"https:\\\/\\\/www.caudete.org\\\/ayuntamiento\\\/natalia-banon-tomara-posesion-del-acta-de-concejal-por-el-pp-en-el-proximo-pleno-municipal\\\/\",\"url\":\"https:\\\/\\\/www.caudete.org\\\/ayuntamiento\\\/natalia-banon-tomara-posesion-del-acta-de-concejal-por-el-pp-en-el-proximo-pleno-municipal\\\/\",\"name\":\"Natalia Ba\u00f1\u00f3n tomar\u00e1 posesi\u00f3n del Acta de Concejal por el PP en el pr\u00f3ximo Pleno Municipal - MI Ayuntamiento de Caudete\",\"isPartOf\":{\"@id\":\"https:\\\/\\\/www.caudete.org\\\/ayuntamiento\\\/#website\"},\"primaryImageOfPage\":{\"@id\":\"https:\\\/\\\/www.caudete.org\\\/ayuntamiento\\\/natalia-banon-tomara-posesion-del-acta-de-concejal-por-el-pp-en-el-proximo-pleno-municipal\\\/#primaryimage\"},\"image\":{\"@id\":\"https:\\\/\\\/www.caudete.org\\\/ayuntamiento\\\/natalia-banon-tomara-posesion-del-acta-de-concejal-por-el-pp-en-el-proximo-pleno-municipal\\\/#primaryimage\"},\"thumbnailUrl\":\"https:\\\/\\\/www.caudete.org\\\/ayuntamiento\\\/wp-content\\\/uploads\\\/2021\\\/06\\\/natalia_concejal_caudete_digital.jpg\",\"datePublished\":\"2021-06-19T14:01:43+00:00\",\"author\":{\"@id\":\"https:\\\/\\\/www.caudete.org\\\/ayuntamiento\\\/#\\\/schema\\\/person\\\/cc646da9133078ee4d8dd47457947253\"},\"description\":\"P\u00e1gina Oficial del Ayuntamiento de Caudete (Albacete)\",\"breadcrumb\":{\"@id\":\"https:\\\/\\\/www.caudete.org\\\/ayuntamiento\\\/natalia-banon-tomara-posesion-del-acta-de-concejal-por-el-pp-en-el-proximo-pleno-municipal\\\/#breadcrumb\"},\"inLanguage\":\"es\",\"potentialAction\":[{\"@type\":\"ReadAction\",\"target\":[\"https:\\\/\\\/www.caudete.org\\\/ayuntamiento\\\/natalia-banon-tomara-posesion-del-acta-de-concejal-por-el-pp-en-el-proximo-pleno-municipal\\\/\"]}]},{\"@type\":\"ImageObject\",\"inLanguage\":\"es\",\"@id\":\"https:\\\/\\\/www.caudete.org\\\/ayuntamiento\\\/natalia-banon-tomara-posesion-del-acta-de-concejal-por-el-pp-en-el-proximo-pleno-municipal\\\/#primaryimage\",\"url\":\"https:\\\/\\\/www.caudete.org\\\/ayuntamiento\\\/wp-content\\\/uploads\\\/2021\\\/06\\\/natalia_concejal_caudete_digital.jpg\",\"contentUrl\":\"https:\\\/\\\/www.caudete.org\\\/ayuntamiento\\\/wp-content\\\/uploads\\\/2021\\\/06\\\/natalia_concejal_caudete_digital.jpg\",\"width\":740,\"height\":426},{\"@type\":\"BreadcrumbList\",\"@id\":\"https:\\\/\\\/www.caudete.org\\\/ayuntamiento\\\/natalia-banon-tomara-posesion-del-acta-de-concejal-por-el-pp-en-el-proximo-pleno-municipal\\\/#breadcrumb\",\"itemListElement\":[{\"@type\":\"ListItem\",\"position\":1,\"name\":\"Inicio\",\"item\":\"https:\\\/\\\/www.caudete.org\\\/ayuntamiento\\\/\"},{\"@type\":\"ListItem\",\"position\":2,\"name\":\"Natalia Ba\u00f1\u00f3n tomar\u00e1 posesi\u00f3n del Acta de Concejal por el PP en el pr\u00f3ximo Pleno Municipal\"}]},{\"@type\":\"WebSite\",\"@id\":\"https:\\\/\\\/www.caudete.org\\\/ayuntamiento\\\/#website\",\"url\":\"https:\\\/\\\/www.caudete.org\\\/ayuntamiento\\\/\",\"name\":\"MI Ayuntamiento de Caudete\",\"description\":\"P\u00e1gina Oficial del MI Ayuntamiento de Caudete\",\"potentialAction\":[{\"@type\":\"SearchAction\",\"target\":{\"@type\":\"EntryPoint\",\"urlTemplate\":\"https:\\\/\\\/www.caudete.org\\\/ayuntamiento\\\/?s={search_term_string}\"},\"query-input\":{\"@type\":\"PropertyValueSpecification\",\"valueRequired\":true,\"valueName\":\"search_term_string\"}}],\"inLanguage\":\"es\"},{\"@type\":\"Person\",\"@id\":\"https:\\\/\\\/www.caudete.org\\\/ayuntamiento\\\/#\\\/schema\\\/person\\\/cc646da9133078ee4d8dd47457947253\",\"name\":\"alcalde\",\"image\":{\"@type\":\"ImageObject\",\"inLanguage\":\"es\",\"@id\":\"https:\\\/\\\/secure.gravatar.com\\\/avatar\\\/84a817ba065b29ff08d666b215a215f5c79186a645ccb25b14a663d48a130f77?s=96&d=mm&r=g\",\"url\":\"https:\\\/\\\/secure.gravatar.com\\\/avatar\\\/84a817ba065b29ff08d666b215a215f5c79186a645ccb25b14a663d48a130f77?s=96&d=mm&r=g\",\"contentUrl\":\"https:\\\/\\\/secure.gravatar.com\\\/avatar\\\/84a817ba065b29ff08d666b215a215f5c79186a645ccb25b14a663d48a130f77?s=96&d=mm&r=g\",\"caption\":\"alcalde\"},\"url\":\"https:\\\/\\\/www.caudete.org\\\/ayuntamiento\\\/author\\\/alcalde\\\/\"}]}<\/script>\n<!-- \/ Yoast SEO plugin. -->","yoast_head_json":{"title":"Natalia Ba\u00f1\u00f3n tomar\u00e1 posesi\u00f3n del Acta de Concejal por el PP en el pr\u00f3ximo Pleno Municipal - MI Ayuntamiento de Caudete","description":"P\u00e1gina Oficial del Ayuntamiento de Caudete (Albacete)","robots":{"index":"index","follow":"follow","max-snippet":"max-snippet:-1","max-image-preview":"max-image-preview:large","max-video-preview":"max-video-preview:-1"},"canonical":"https:\/\/www.caudete.org\/ayuntamiento\/natalia-banon-tomara-posesion-del-acta-de-concejal-por-el-pp-en-el-proximo-pleno-municipal\/","og_locale":"es_ES","og_type":"article","og_title":"Natalia Ba\u00f1\u00f3n tomar\u00e1 posesi\u00f3n del Acta de Concejal por el PP en el pr\u00f3ximo Pleno Municipal - MI Ayuntamiento de Caudete","og_description":"P\u00e1gina Oficial del Ayuntamiento de Caudete (Albacete)","og_url":"https:\/\/www.caudete.org\/ayuntamiento\/natalia-banon-tomara-posesion-del-acta-de-concejal-por-el-pp-en-el-proximo-pleno-municipal\/","og_site_name":"MI Ayuntamiento de Caudete","article_publisher":"https:\/\/www.facebook.com\/ayuntamientocaudete\/","article_published_time":"2021-06-19T14:01:43+00:00","og_image":[{"width":740,"height":426,"url":"https:\/\/www.caudete.org\/ayuntamiento\/wp-content\/uploads\/2021\/06\/natalia_concejal_caudete_digital.jpg","type":"image\/jpeg"}],"author":"alcalde","twitter_card":"summary_large_image","twitter_misc":{"Escrito por":"alcalde","Tiempo de lectura":"1 minuto"},"schema":{"@context":"https:\/\/schema.org","@graph":[{"@type":"Article","@id":"https:\/\/www.caudete.org\/ayuntamiento\/natalia-banon-tomara-posesion-del-acta-de-concejal-por-el-pp-en-el-proximo-pleno-municipal\/#article","isPartOf":{"@id":"https:\/\/www.caudete.org\/ayuntamiento\/natalia-banon-tomara-posesion-del-acta-de-concejal-por-el-pp-en-el-proximo-pleno-municipal\/"},"author":{"name":"alcalde","@id":"https:\/\/www.caudete.org\/ayuntamiento\/#\/schema\/person\/cc646da9133078ee4d8dd47457947253"},"headline":"Natalia Ba\u00f1\u00f3n tomar\u00e1 posesi\u00f3n del Acta de Concejal por el PP en el pr\u00f3ximo Pleno Municipal","datePublished":"2021-06-19T14:01:43+00:00","mainEntityOfPage":{"@id":"https:\/\/www.caudete.org\/ayuntamiento\/natalia-banon-tomara-posesion-del-acta-de-concejal-por-el-pp-en-el-proximo-pleno-municipal\/"},"wordCount":228,"image":{"@id":"https:\/\/www.caudete.org\/ayuntamiento\/natalia-banon-tomara-posesion-del-acta-de-concejal-por-el-pp-en-el-proximo-pleno-municipal\/#primaryimage"},"thumbnailUrl":"https:\/\/www.caudete.org\/ayuntamiento\/wp-content\/uploads\/2021\/06\/natalia_concejal_caudete_digital.jpg","articleSection":["Ayuntamiento"],"inLanguage":"es"},{"@type":"WebPage","@id":"https:\/\/www.caudete.org\/ayuntamiento\/natalia-banon-tomara-posesion-del-acta-de-concejal-por-el-pp-en-el-proximo-pleno-municipal\/","url":"https:\/\/www.caudete.org\/ayuntamiento\/natalia-banon-tomara-posesion-del-acta-de-concejal-por-el-pp-en-el-proximo-pleno-municipal\/","name":"Natalia Ba\u00f1\u00f3n tomar\u00e1 posesi\u00f3n del Acta de Concejal por el PP en el pr\u00f3ximo Pleno Municipal - MI Ayuntamiento de Caudete","isPartOf":{"@id":"https:\/\/www.caudete.org\/ayuntamiento\/#website"},"primaryImageOfPage":{"@id":"https:\/\/www.caudete.org\/ayuntamiento\/natalia-banon-tomara-posesion-del-acta-de-concejal-por-el-pp-en-el-proximo-pleno-municipal\/#primaryimage"},"image":{"@id":"https:\/\/www.caudete.org\/ayuntamiento\/natalia-banon-tomara-posesion-del-acta-de-concejal-por-el-pp-en-el-proximo-pleno-municipal\/#primaryimage"},"thumbnailUrl":"https:\/\/www.caudete.org\/ayuntamiento\/wp-content\/uploads\/2021\/06\/natalia_concejal_caudete_digital.jpg","datePublished":"2021-06-19T14:01:43+00:00","author":{"@id":"https:\/\/www.caudete.org\/ayuntamiento\/#\/schema\/person\/cc646da9133078ee4d8dd47457947253"},"description":"P\u00e1gina Oficial del Ayuntamiento de Caudete (Albacete)","breadcrumb":{"@id":"https:\/\/www.caudete.org\/ayuntamiento\/natalia-banon-tomara-posesion-del-acta-de-concejal-por-el-pp-en-el-proximo-pleno-municipal\/#breadcrumb"},"inLanguage":"es","potentialAction":[{"@type":"ReadAction","target":["https:\/\/www.caudete.org\/ayuntamiento\/natalia-banon-tomara-posesion-del-acta-de-concejal-por-el-pp-en-el-proximo-pleno-municipal\/"]}]},{"@type":"ImageObject","inLanguage":"es","@id":"https:\/\/www.caudete.org\/ayuntamiento\/natalia-banon-tomara-posesion-del-acta-de-concejal-por-el-pp-en-el-proximo-pleno-municipal\/#primaryimage","url":"https:\/\/www.caudete.org\/ayuntamiento\/wp-content\/uploads\/2021\/06\/natalia_concejal_caudete_digital.jpg","contentUrl":"https:\/\/www.caudete.org\/ayuntamiento\/wp-content\/uploads\/2021\/06\/natalia_concejal_caudete_digital.jpg","width":740,"height":426},{"@type":"BreadcrumbList","@id":"https:\/\/www.caudete.org\/ayuntamiento\/natalia-banon-tomara-posesion-del-acta-de-concejal-por-el-pp-en-el-proximo-pleno-municipal\/#breadcrumb","itemListElement":[{"@type":"ListItem","position":1,"name":"Inicio","item":"https:\/\/www.caudete.org\/ayuntamiento\/"},{"@type":"ListItem","position":2,"name":"Natalia Ba\u00f1\u00f3n tomar\u00e1 posesi\u00f3n del Acta de Concejal por el PP en el pr\u00f3ximo Pleno Municipal"}]},{"@type":"WebSite","@id":"https:\/\/www.caudete.org\/ayuntamiento\/#website","url":"https:\/\/www.caudete.org\/ayuntamiento\/","name":"MI Ayuntamiento de Caudete","description":"P\u00e1gina Oficial del MI Ayuntamiento de Caudete","potentialAction":[{"@type":"SearchAction","target":{"@type":"EntryPoint","urlTemplate":"https:\/\/www.caudete.org\/ayuntamiento\/?s={search_term_string}"},"query-input":{"@type":"PropertyValueSpecification","valueRequired":true,"valueName":"search_term_string"}}],"inLanguage":"es"},{"@type":"Person","@id":"https:\/\/www.caudete.org\/ayuntamiento\/#\/schema\/person\/cc646da9133078ee4d8dd47457947253","name":"alcalde","image":{"@type":"ImageObject","inLanguage":"es","@id":"https:\/\/secure.gravatar.com\/avatar\/84a817ba065b29ff08d666b215a215f5c79186a645ccb25b14a663d48a130f77?s=96&d=mm&r=g","url":"https:\/\/secure.gravatar.com\/avatar\/84a817ba065b29ff08d666b215a215f5c79186a645ccb25b14a663d48a130f77?s=96&d=mm&r=g","contentUrl":"https:\/\/secure.gravatar.com\/avatar\/84a817ba065b29ff08d666b215a215f5c79186a645ccb25b14a663d48a130f77?s=96&d=mm&r=g","caption":"alcalde"},"url":"https:\/\/www.caudete.org\/ayuntamiento\/author\/alcalde\/"}]}},"_links":{"self":[{"href":"https:\/\/www.caudete.org\/ayuntamiento\/wp-json\/wp\/v2\/posts\/15068","targetHints":{"allow":["GET"]}}],"collection":[{"href":"https:\/\/www.caudete.org\/ayuntamiento\/wp-json\/wp\/v2\/posts"}],"about":[{"href":"https:\/\/www.caudete.org\/ayuntamiento\/wp-json\/wp\/v2\/types\/post"}],"author":[{"embeddable":true,"href":"https:\/\/www.caudete.org\/ayuntamiento\/wp-json\/wp\/v2\/users\/3"}],"replies":[{"embeddable":true,"href":"https:\/\/www.caudete.org\/ayuntamiento\/wp-json\/wp\/v2\/comments?post=15068"}],"version-history":[{"count":1,"href":"https:\/\/www.caudete.org\/ayuntamiento\/wp-json\/wp\/v2\/posts\/15068\/revisions"}],"predecessor-version":[{"id":15070,"href":"https:\/\/www.caudete.org\/ayuntamiento\/wp-json\/wp\/v2\/posts\/15068\/revisions\/15070"}],"wp:featuredmedia":[{"embeddable":true,"href":"https:\/\/www.caudete.org\/ayuntamiento\/wp-json\/wp\/v2\/media\/15069"}],"wp:attachment":[{"href":"https:\/\/www.caudete.org\/ayuntamiento\/wp-json\/wp\/v2\/media?parent=15068"}],"wp:term":[{"taxonomy":"category","embeddable":true,"href":"https:\/\/www.caudete.org\/ayuntamiento\/wp-json\/wp\/v2\/categories?post=15068"},{"taxonomy":"post_tag","embeddable":true,"href":"https:\/\/www.caudete.org\/ayuntamiento\/wp-json\/wp\/v2\/tags?post=15068"}],"curies":[{"name":"wp","href":"https:\/\/api.w.org\/{rel}","templated":true}]}}