{"id":15088,"date":"2021-06-21T17:33:39","date_gmt":"2021-06-21T15:33:39","guid":{"rendered":"https:\/\/www.caudete.org\/ayuntamiento\/?p=15088"},"modified":"2021-06-21T17:34:15","modified_gmt":"2021-06-21T15:34:15","slug":"convocado-pleno-extraordinario-para-el-jueves-a-las-2000h","status":"publish","type":"post","link":"https:\/\/www.caudete.org\/ayuntamiento\/convocado-pleno-extraordinario-para-el-jueves-a-las-2000h\/","title":{"rendered":"Convocado Pleno Extraordinario para el Jueves a las 20:00h"},"content":{"rendered":"<p style=\"text-align: justify;\">Hace unos momentos ha quedado convocada la Corporaci\u00f3n Municipal a la celebraci\u00f3n de sesi\u00f3n extraordinaria del Ayuntamiento Pleno, para el pr\u00f3ximo Jueves a las 20:00h. As\u00ed lo adelantaba el Alcalde el pasado s\u00e1bado, tras anunciar que ser\u00e1 en dicha sesi\u00f3n en la que Natalia Ba\u00f1\u00f3n Huesca tomar\u00e1 posesi\u00f3n del Acta de Concejal por el Grupo Municipal Popular. No obstante, el contenido de dicho Pleno ser\u00e1 m\u00e1s amplio en contenido y asuntos a tratar, para los cuales el Primer Edil ha querido priorizar y dar curso a la mayor celeridad, sin tener que esperar a la sesi\u00f3n ordinaria del mes de Julio.<\/p>\n<p style=\"text-align: justify;\">A continuaci\u00f3n, adjuntamos el contenido \u00edntegro de la Resoluci\u00f3n de Alcald\u00eda n\u00ba1200 de 21\/06\/2021 &#8220;CONVOCATORIA PLENO EXTRAORDINARIO 24-06-2021 a las 20:00 h&#8221;, en la que puede leerse tanto la motivaci\u00f3n del car\u00e1cter extraordinario, como el contenido del Orden del D\u00eda establecido.<\/p>\n<p style=\"text-align: justify;\">\u00ab\u00ab\u00ab <em><strong>D. MOIS\u00c9S L\u00d3PEZ MART\u00cdNEZ, Alcalde-Presidente del M.I. Ayuntamiento de Caudete (provincia de Albacete)<\/strong>.<\/em><\/p>\n<p style=\"text-align: justify;\"><em>La presente convocatoria de la sesi\u00f3n extraordinaria del Pleno de la Corporaci\u00f3n se motiva por una parte, en no demorar la toma de posesi\u00f3n del cargo de Concejal una vez recibida la credencial expedida por la Junta Electoral Central con fecha 9 de junio de 2021.<\/em><\/p>\n<p style=\"text-align: justify;\"><em>En segundo lugar, con el fin de agilizar la tramitaci\u00f3n de las nuevas Bases redactadas para la adjudicaci\u00f3n del P.A.U., teniendo en cuenta que las Bases aprobadas inicialmente se encuentran en per\u00edodo de informaci\u00f3n p\u00fablica y habr\u00eda que adoptar acuerdo de revocaci\u00f3n de estas Bases e iniciar otro per\u00edodo de exposici\u00f3n p\u00fablica, lo que conlleva el cumplimento de una serie de plazos, por lo que resulta preciso la adopci\u00f3n de los acuerdos preceptivos a la mayor brevedad posible.<\/em><\/p>\n<p style=\"text-align: justify;\"><em>En tercer lugar, con el fin de dar cumplimiento al Convenio de colaboraci\u00f3n para la recuperaci\u00f3n y mejora geom\u00e9trica de l\u00edneas l\u00edmite jurisdiccionales de t\u00e9rminos municipales de la Comunidad Aut\u00f3noma de Castilla-La Mancha, resulta preciso que el refrendo jur\u00eddico se materialice mediante la firma de la correspondiente Acta conjunta, la cual se reuni\u00f3 el pasado 27 de mayo de 2021, por lo que procede su ratificaci\u00f3n por el Pleno del Ayuntamiento.<\/em><\/p>\n<p style=\"text-align: justify;\"><em>En cuarto lugar, a efectos de no demorar para el pr\u00f3ximo pleno ordinario de junio, la concesi\u00f3n de una subvenci\u00f3n directa a la entidad Cruz Roja para atender a las personas y familias m\u00e1s vulnerables en sus necesidades m\u00e1s b\u00e1sicas, agravada de forma muy importante como consecuencia de la pandemia del Covid-19, y as\u00ed dar continuidad con la l\u00ednea de ayudas concedidas a esta entidad durante el pasado a\u00f1o 2020 para atender esta emergencia social, resulta preciso la adopci\u00f3n del Acuerdo plenario correspondiente.<\/em><\/p>\n<p style=\"text-align: justify;\"><em>En quinto lugar, dado el inter\u00e9s general para el municipio de Caudete de tramitar la concesi\u00f3n de subvenciones a asociaciones locales por procedimiento de concurrencia competitiva y teniendo en cuenta los plazos de tramitaci\u00f3n del expediente (publicaci\u00f3n de bases en la BDNS, plazo de presentaci\u00f3n de solicitudes, plazo de alegaciones, etc..) y visto que el plazo para justificar las subvenciones es hasta el 31 de octubre de 2021, resulta imprescindible la adopci\u00f3n del oportuno acuerdo para no dilatar su tramitaci\u00f3n.<\/em><\/p>\n<p style=\"text-align: justify;\"><em>Finalmente, habiendo surgido en el presente ejercicio la necesitad de cobertura presupuestaria que no puede demorarse al siguiente ejercicio, para atender diversos gastos de inversiones y de mantenimiento imprescindibles para la mejora y funcionamiento de los servicios municipales, m\u00e1s concretamente, entre otros, para la ejecuci\u00f3n de los planes especiales de empleo para los cuales se ha solicitado subvenci\u00f3n al SEPE, se cree necesario afrontar una serie de gastos en varios departamentos, detallados en el expediente tramitado al efecto de modificaci\u00f3n presupuestaria mediante suplemento de cr\u00e9dito S-02\/2021.<\/em><\/p>\n<p style=\"text-align: justify;\"><em>Por lo expuesto se estima necesario el tratamiento de dichos expedientes en una sesi\u00f3n plenaria de car\u00e1cter extraordinario, sin esperar a la pr\u00f3xima sesi\u00f3n ordinaria de este \u00f3rgano colegiado.<\/em><\/p>\n<p style=\"text-align: justify;\"><em>En virtud de lo dispuesto en los art\u00edculos 80 y siguientes del Reglamento de Organizaci\u00f3n, Funcionamiento y R\u00e9gimen Jur\u00eddico de las Entidades Locales, aprobado por Real Decreto 2568\/1986, de 28 de noviembre, y en el art\u00edculo 47.2 del Texto Refundido de las disposiciones legales vigentes en materia de r\u00e9gimen local aprobado por Real Decreto Legislativo 781\/1986, de 18 de abril, esta Alcald\u00eda-Presidencia,<\/em><\/p>\n<p style=\"text-align: center;\"><em><span style=\"text-decoration: underline;\"><strong>HA RESUELTO<\/strong><\/span><\/em><\/p>\n<p style=\"text-align: justify;\"><em><strong>PRIMERO<\/strong>. Convocar al Pleno en Sesi\u00f3n extraordinaria, e l jueves, 24 de junio de 2021, a las 20:00 horas, en el Sal\u00f3n de Sesiones, sito en la Primera Planta del edificio de la Casa de la Cultura de Caudete, actuando como Secretario, el Secretario del Ayuntamiento, y con el siguiente:<\/em><\/p>\n<p style=\"text-align: center;\"><em><span style=\"text-decoration: underline;\"><strong>ORDEN DEL D\u00cdA<\/strong><\/span><\/em><\/p>\n<p style=\"text-align: justify;\"><em><strong>1\u00ba.-<\/strong> Toma de posesi\u00f3n de la Concejal del grupo municipal Popular Natalia Ba\u00f1\u00f3n Huesca.<\/em><\/p>\n<p style=\"text-align: justify;\"><em><strong>2\u00ba.-<\/strong> Revocaci\u00f3n Bases para la adjudicaci\u00f3n del P.A.U. de agrupaci\u00f3n de parcelas localizadas en S.A.U. I-2 Industrial en \u201cLos Villares\u201d de Caudete, a iniciativa de Caudete Parking, S.L., aprobadas inicialmente mediante Acuerdo de Pleno de 25-03-2021, as\u00ed como aprobaci\u00f3n inicial de las mencionadas Bases modificadas.<\/em><\/p>\n<p style=\"text-align: justify;\"><em><strong>3\u00ba.-<\/strong> Ratificaci\u00f3n del Acta de la l\u00ednea l\u00edmite jurisdiccional entre los municipios de Almansa y Caudete.<\/em><\/p>\n<p style=\"text-align: justify;\"><em><strong>4\u00ba.-<\/strong> Aprobaci\u00f3n concesi\u00f3n subvenci\u00f3n directa a Cruz Roja para atender emergencia social provocada por la Covid-19.<\/em><\/p>\n<p style=\"text-align: justify;\"><em><strong>5\u00ba.-<\/strong> Expediente de concesi\u00f3n de subvenciones a asociaciones locales por procedimiento de concurrencia competitiva 2021: aprobaci\u00f3n de su convocatoria y bases reguladoras.<\/em><\/p>\n<p style=\"text-align: justify;\"><em><strong>6\u00ba.-<\/strong> Aprobaci\u00f3n inicial modificaci\u00f3n presupuestaria mediante suplemento de cr\u00e9ditos S_02\/2021.<\/em><\/p>\n<p style=\"text-align: justify;\"><em><strong>SEGUNDO.<\/strong> Notificar esta Resoluci\u00f3n a los miembros del Ayuntamiento Pleno, as\u00ed como publicarlo en el Tabl\u00f3n de Anuncios municipal.<\/em><\/p>\n<p style=\"text-align: justify;\"><em>A tenor de lo dispuesto en el Art\u00edculo 90.2 del vigente Reglamento de Organizaci\u00f3n, Funcionamiento y R\u00e9gimen Jur\u00eddico de las Corporaciones Locales, en caso de inasistencia del n\u00famero suficiente de miembros para celebrar la presente sesi\u00f3n, la misma se entender\u00e1 autom\u00e1ticamente convocada para la misma hora dos d\u00edas despu\u00e9s.<\/em> \u00bb\u00bb\u00bb<\/p>\n","protected":false},"excerpt":{"rendered":"<p>Hace unos momentos ha quedado convocada la Corporaci\u00f3n Municipal a la celebraci\u00f3n de sesi\u00f3n extraordinaria del Ayuntamiento Pleno, para el pr\u00f3ximo Jueves a las 20:00h. As\u00ed lo adelantaba el Alcalde el pasado s\u00e1bado, tras anunciar que ser\u00e1 en dicha sesi\u00f3n en la que Natalia Ba\u00f1\u00f3n Huesca tomar\u00e1 posesi\u00f3n del Acta de Concejal por el Grupo &hellip;<\/p>\n","protected":false},"author":3,"featured_media":6744,"comment_status":"closed","ping_status":"open","sticky":false,"template":"","format":"standard","meta":{"ngg_post_thumbnail":0,"footnotes":""},"categories":[20],"tags":[],"class_list":["post-15088","post","type-post","status-publish","format-standard","has-post-thumbnail","hentry","category-ayuntamiento"],"yoast_head":"<!-- This site is optimized with the Yoast SEO plugin v27.5 - https:\/\/yoast.com\/product\/yoast-seo-wordpress\/ -->\n<title>Convocado Pleno Extraordinario para el Jueves a las 20:00h - MI Ayuntamiento de Caudete<\/title>\n<meta name=\"description\" content=\"P\u00e1gina Oficial del Ayuntamiento de Caudete (Albacete)\" \/>\n<meta name=\"robots\" content=\"index, follow, max-snippet:-1, max-image-preview:large, max-video-preview:-1\" \/>\n<link rel=\"canonical\" href=\"https:\/\/www.caudete.org\/ayuntamiento\/convocado-pleno-extraordinario-para-el-jueves-a-las-2000h\/\" \/>\n<meta property=\"og:locale\" content=\"es_ES\" \/>\n<meta property=\"og:type\" content=\"article\" \/>\n<meta property=\"og:title\" content=\"Convocado Pleno Extraordinario para el Jueves a las 20:00h - MI Ayuntamiento de Caudete\" \/>\n<meta property=\"og:description\" content=\"P\u00e1gina Oficial del Ayuntamiento de Caudete (Albacete)\" \/>\n<meta property=\"og:url\" content=\"https:\/\/www.caudete.org\/ayuntamiento\/convocado-pleno-extraordinario-para-el-jueves-a-las-2000h\/\" \/>\n<meta property=\"og:site_name\" content=\"MI Ayuntamiento de Caudete\" \/>\n<meta property=\"article:publisher\" content=\"https:\/\/www.facebook.com\/ayuntamientocaudete\/\" \/>\n<meta property=\"article:published_time\" content=\"2021-06-21T15:33:39+00:00\" \/>\n<meta property=\"article:modified_time\" content=\"2021-06-21T15:34:15+00:00\" \/>\n<meta property=\"og:image\" content=\"https:\/\/www.caudete.org\/ayuntamiento\/wp-content\/uploads\/2020\/12\/pleno122020.jpg\" \/>\n\t<meta property=\"og:image:width\" content=\"800\" \/>\n\t<meta property=\"og:image:height\" content=\"450\" \/>\n\t<meta property=\"og:image:type\" content=\"image\/jpeg\" \/>\n<meta name=\"author\" content=\"alcalde\" \/>\n<meta name=\"twitter:card\" content=\"summary_large_image\" \/>\n<meta name=\"twitter:label1\" content=\"Escrito por\" \/>\n\t<meta name=\"twitter:data1\" content=\"alcalde\" \/>\n\t<meta name=\"twitter:label2\" content=\"Tiempo de lectura\" \/>\n\t<meta name=\"twitter:data2\" content=\"5 minutos\" \/>\n<script type=\"application\/ld+json\" class=\"yoast-schema-graph\">{\"@context\":\"https:\\\/\\\/schema.org\",\"@graph\":[{\"@type\":\"Article\",\"@id\":\"https:\\\/\\\/www.caudete.org\\\/ayuntamiento\\\/convocado-pleno-extraordinario-para-el-jueves-a-las-2000h\\\/#article\",\"isPartOf\":{\"@id\":\"https:\\\/\\\/www.caudete.org\\\/ayuntamiento\\\/convocado-pleno-extraordinario-para-el-jueves-a-las-2000h\\\/\"},\"author\":{\"name\":\"alcalde\",\"@id\":\"https:\\\/\\\/www.caudete.org\\\/ayuntamiento\\\/#\\\/schema\\\/person\\\/cc646da9133078ee4d8dd47457947253\"},\"headline\":\"Convocado Pleno Extraordinario para el Jueves a las 20:00h\",\"datePublished\":\"2021-06-21T15:33:39+00:00\",\"dateModified\":\"2021-06-21T15:34:15+00:00\",\"mainEntityOfPage\":{\"@id\":\"https:\\\/\\\/www.caudete.org\\\/ayuntamiento\\\/convocado-pleno-extraordinario-para-el-jueves-a-las-2000h\\\/\"},\"wordCount\":1040,\"image\":{\"@id\":\"https:\\\/\\\/www.caudete.org\\\/ayuntamiento\\\/convocado-pleno-extraordinario-para-el-jueves-a-las-2000h\\\/#primaryimage\"},\"thumbnailUrl\":\"https:\\\/\\\/www.caudete.org\\\/ayuntamiento\\\/wp-content\\\/uploads\\\/2020\\\/12\\\/pleno122020.jpg\",\"articleSection\":[\"Ayuntamiento\"],\"inLanguage\":\"es\"},{\"@type\":\"WebPage\",\"@id\":\"https:\\\/\\\/www.caudete.org\\\/ayuntamiento\\\/convocado-pleno-extraordinario-para-el-jueves-a-las-2000h\\\/\",\"url\":\"https:\\\/\\\/www.caudete.org\\\/ayuntamiento\\\/convocado-pleno-extraordinario-para-el-jueves-a-las-2000h\\\/\",\"name\":\"Convocado Pleno Extraordinario para el Jueves a las 20:00h - MI Ayuntamiento de Caudete\",\"isPartOf\":{\"@id\":\"https:\\\/\\\/www.caudete.org\\\/ayuntamiento\\\/#website\"},\"primaryImageOfPage\":{\"@id\":\"https:\\\/\\\/www.caudete.org\\\/ayuntamiento\\\/convocado-pleno-extraordinario-para-el-jueves-a-las-2000h\\\/#primaryimage\"},\"image\":{\"@id\":\"https:\\\/\\\/www.caudete.org\\\/ayuntamiento\\\/convocado-pleno-extraordinario-para-el-jueves-a-las-2000h\\\/#primaryimage\"},\"thumbnailUrl\":\"https:\\\/\\\/www.caudete.org\\\/ayuntamiento\\\/wp-content\\\/uploads\\\/2020\\\/12\\\/pleno122020.jpg\",\"datePublished\":\"2021-06-21T15:33:39+00:00\",\"dateModified\":\"2021-06-21T15:34:15+00:00\",\"author\":{\"@id\":\"https:\\\/\\\/www.caudete.org\\\/ayuntamiento\\\/#\\\/schema\\\/person\\\/cc646da9133078ee4d8dd47457947253\"},\"description\":\"P\u00e1gina Oficial del Ayuntamiento de Caudete (Albacete)\",\"breadcrumb\":{\"@id\":\"https:\\\/\\\/www.caudete.org\\\/ayuntamiento\\\/convocado-pleno-extraordinario-para-el-jueves-a-las-2000h\\\/#breadcrumb\"},\"inLanguage\":\"es\",\"potentialAction\":[{\"@type\":\"ReadAction\",\"target\":[\"https:\\\/\\\/www.caudete.org\\\/ayuntamiento\\\/convocado-pleno-extraordinario-para-el-jueves-a-las-2000h\\\/\"]}]},{\"@type\":\"ImageObject\",\"inLanguage\":\"es\",\"@id\":\"https:\\\/\\\/www.caudete.org\\\/ayuntamiento\\\/convocado-pleno-extraordinario-para-el-jueves-a-las-2000h\\\/#primaryimage\",\"url\":\"https:\\\/\\\/www.caudete.org\\\/ayuntamiento\\\/wp-content\\\/uploads\\\/2020\\\/12\\\/pleno122020.jpg\",\"contentUrl\":\"https:\\\/\\\/www.caudete.org\\\/ayuntamiento\\\/wp-content\\\/uploads\\\/2020\\\/12\\\/pleno122020.jpg\",\"width\":800,\"height\":450},{\"@type\":\"BreadcrumbList\",\"@id\":\"https:\\\/\\\/www.caudete.org\\\/ayuntamiento\\\/convocado-pleno-extraordinario-para-el-jueves-a-las-2000h\\\/#breadcrumb\",\"itemListElement\":[{\"@type\":\"ListItem\",\"position\":1,\"name\":\"Inicio\",\"item\":\"https:\\\/\\\/www.caudete.org\\\/ayuntamiento\\\/\"},{\"@type\":\"ListItem\",\"position\":2,\"name\":\"Convocado Pleno Extraordinario para el Jueves a las 20:00h\"}]},{\"@type\":\"WebSite\",\"@id\":\"https:\\\/\\\/www.caudete.org\\\/ayuntamiento\\\/#website\",\"url\":\"https:\\\/\\\/www.caudete.org\\\/ayuntamiento\\\/\",\"name\":\"MI Ayuntamiento de Caudete\",\"description\":\"P\u00e1gina Oficial del MI Ayuntamiento de Caudete\",\"potentialAction\":[{\"@type\":\"SearchAction\",\"target\":{\"@type\":\"EntryPoint\",\"urlTemplate\":\"https:\\\/\\\/www.caudete.org\\\/ayuntamiento\\\/?s={search_term_string}\"},\"query-input\":{\"@type\":\"PropertyValueSpecification\",\"valueRequired\":true,\"valueName\":\"search_term_string\"}}],\"inLanguage\":\"es\"},{\"@type\":\"Person\",\"@id\":\"https:\\\/\\\/www.caudete.org\\\/ayuntamiento\\\/#\\\/schema\\\/person\\\/cc646da9133078ee4d8dd47457947253\",\"name\":\"alcalde\",\"image\":{\"@type\":\"ImageObject\",\"inLanguage\":\"es\",\"@id\":\"https:\\\/\\\/secure.gravatar.com\\\/avatar\\\/84a817ba065b29ff08d666b215a215f5c79186a645ccb25b14a663d48a130f77?s=96&d=mm&r=g\",\"url\":\"https:\\\/\\\/secure.gravatar.com\\\/avatar\\\/84a817ba065b29ff08d666b215a215f5c79186a645ccb25b14a663d48a130f77?s=96&d=mm&r=g\",\"contentUrl\":\"https:\\\/\\\/secure.gravatar.com\\\/avatar\\\/84a817ba065b29ff08d666b215a215f5c79186a645ccb25b14a663d48a130f77?s=96&d=mm&r=g\",\"caption\":\"alcalde\"},\"url\":\"https:\\\/\\\/www.caudete.org\\\/ayuntamiento\\\/author\\\/alcalde\\\/\"}]}<\/script>\n<!-- \/ Yoast SEO plugin. -->","yoast_head_json":{"title":"Convocado Pleno Extraordinario para el Jueves a las 20:00h - MI Ayuntamiento de Caudete","description":"P\u00e1gina Oficial del Ayuntamiento de Caudete (Albacete)","robots":{"index":"index","follow":"follow","max-snippet":"max-snippet:-1","max-image-preview":"max-image-preview:large","max-video-preview":"max-video-preview:-1"},"canonical":"https:\/\/www.caudete.org\/ayuntamiento\/convocado-pleno-extraordinario-para-el-jueves-a-las-2000h\/","og_locale":"es_ES","og_type":"article","og_title":"Convocado Pleno Extraordinario para el Jueves a las 20:00h - MI Ayuntamiento de Caudete","og_description":"P\u00e1gina Oficial del Ayuntamiento de Caudete (Albacete)","og_url":"https:\/\/www.caudete.org\/ayuntamiento\/convocado-pleno-extraordinario-para-el-jueves-a-las-2000h\/","og_site_name":"MI Ayuntamiento de Caudete","article_publisher":"https:\/\/www.facebook.com\/ayuntamientocaudete\/","article_published_time":"2021-06-21T15:33:39+00:00","article_modified_time":"2021-06-21T15:34:15+00:00","og_image":[{"width":800,"height":450,"url":"https:\/\/www.caudete.org\/ayuntamiento\/wp-content\/uploads\/2020\/12\/pleno122020.jpg","type":"image\/jpeg"}],"author":"alcalde","twitter_card":"summary_large_image","twitter_misc":{"Escrito por":"alcalde","Tiempo de lectura":"5 minutos"},"schema":{"@context":"https:\/\/schema.org","@graph":[{"@type":"Article","@id":"https:\/\/www.caudete.org\/ayuntamiento\/convocado-pleno-extraordinario-para-el-jueves-a-las-2000h\/#article","isPartOf":{"@id":"https:\/\/www.caudete.org\/ayuntamiento\/convocado-pleno-extraordinario-para-el-jueves-a-las-2000h\/"},"author":{"name":"alcalde","@id":"https:\/\/www.caudete.org\/ayuntamiento\/#\/schema\/person\/cc646da9133078ee4d8dd47457947253"},"headline":"Convocado Pleno Extraordinario para el Jueves a las 20:00h","datePublished":"2021-06-21T15:33:39+00:00","dateModified":"2021-06-21T15:34:15+00:00","mainEntityOfPage":{"@id":"https:\/\/www.caudete.org\/ayuntamiento\/convocado-pleno-extraordinario-para-el-jueves-a-las-2000h\/"},"wordCount":1040,"image":{"@id":"https:\/\/www.caudete.org\/ayuntamiento\/convocado-pleno-extraordinario-para-el-jueves-a-las-2000h\/#primaryimage"},"thumbnailUrl":"https:\/\/www.caudete.org\/ayuntamiento\/wp-content\/uploads\/2020\/12\/pleno122020.jpg","articleSection":["Ayuntamiento"],"inLanguage":"es"},{"@type":"WebPage","@id":"https:\/\/www.caudete.org\/ayuntamiento\/convocado-pleno-extraordinario-para-el-jueves-a-las-2000h\/","url":"https:\/\/www.caudete.org\/ayuntamiento\/convocado-pleno-extraordinario-para-el-jueves-a-las-2000h\/","name":"Convocado Pleno Extraordinario para el Jueves a las 20:00h - MI Ayuntamiento de Caudete","isPartOf":{"@id":"https:\/\/www.caudete.org\/ayuntamiento\/#website"},"primaryImageOfPage":{"@id":"https:\/\/www.caudete.org\/ayuntamiento\/convocado-pleno-extraordinario-para-el-jueves-a-las-2000h\/#primaryimage"},"image":{"@id":"https:\/\/www.caudete.org\/ayuntamiento\/convocado-pleno-extraordinario-para-el-jueves-a-las-2000h\/#primaryimage"},"thumbnailUrl":"https:\/\/www.caudete.org\/ayuntamiento\/wp-content\/uploads\/2020\/12\/pleno122020.jpg","datePublished":"2021-06-21T15:33:39+00:00","dateModified":"2021-06-21T15:34:15+00:00","author":{"@id":"https:\/\/www.caudete.org\/ayuntamiento\/#\/schema\/person\/cc646da9133078ee4d8dd47457947253"},"description":"P\u00e1gina Oficial del Ayuntamiento de Caudete (Albacete)","breadcrumb":{"@id":"https:\/\/www.caudete.org\/ayuntamiento\/convocado-pleno-extraordinario-para-el-jueves-a-las-2000h\/#breadcrumb"},"inLanguage":"es","potentialAction":[{"@type":"ReadAction","target":["https:\/\/www.caudete.org\/ayuntamiento\/convocado-pleno-extraordinario-para-el-jueves-a-las-2000h\/"]}]},{"@type":"ImageObject","inLanguage":"es","@id":"https:\/\/www.caudete.org\/ayuntamiento\/convocado-pleno-extraordinario-para-el-jueves-a-las-2000h\/#primaryimage","url":"https:\/\/www.caudete.org\/ayuntamiento\/wp-content\/uploads\/2020\/12\/pleno122020.jpg","contentUrl":"https:\/\/www.caudete.org\/ayuntamiento\/wp-content\/uploads\/2020\/12\/pleno122020.jpg","width":800,"height":450},{"@type":"BreadcrumbList","@id":"https:\/\/www.caudete.org\/ayuntamiento\/convocado-pleno-extraordinario-para-el-jueves-a-las-2000h\/#breadcrumb","itemListElement":[{"@type":"ListItem","position":1,"name":"Inicio","item":"https:\/\/www.caudete.org\/ayuntamiento\/"},{"@type":"ListItem","position":2,"name":"Convocado Pleno Extraordinario para el Jueves a las 20:00h"}]},{"@type":"WebSite","@id":"https:\/\/www.caudete.org\/ayuntamiento\/#website","url":"https:\/\/www.caudete.org\/ayuntamiento\/","name":"MI Ayuntamiento de Caudete","description":"P\u00e1gina Oficial del MI Ayuntamiento de Caudete","potentialAction":[{"@type":"SearchAction","target":{"@type":"EntryPoint","urlTemplate":"https:\/\/www.caudete.org\/ayuntamiento\/?s={search_term_string}"},"query-input":{"@type":"PropertyValueSpecification","valueRequired":true,"valueName":"search_term_string"}}],"inLanguage":"es"},{"@type":"Person","@id":"https:\/\/www.caudete.org\/ayuntamiento\/#\/schema\/person\/cc646da9133078ee4d8dd47457947253","name":"alcalde","image":{"@type":"ImageObject","inLanguage":"es","@id":"https:\/\/secure.gravatar.com\/avatar\/84a817ba065b29ff08d666b215a215f5c79186a645ccb25b14a663d48a130f77?s=96&d=mm&r=g","url":"https:\/\/secure.gravatar.com\/avatar\/84a817ba065b29ff08d666b215a215f5c79186a645ccb25b14a663d48a130f77?s=96&d=mm&r=g","contentUrl":"https:\/\/secure.gravatar.com\/avatar\/84a817ba065b29ff08d666b215a215f5c79186a645ccb25b14a663d48a130f77?s=96&d=mm&r=g","caption":"alcalde"},"url":"https:\/\/www.caudete.org\/ayuntamiento\/author\/alcalde\/"}]}},"_links":{"self":[{"href":"https:\/\/www.caudete.org\/ayuntamiento\/wp-json\/wp\/v2\/posts\/15088","targetHints":{"allow":["GET"]}}],"collection":[{"href":"https:\/\/www.caudete.org\/ayuntamiento\/wp-json\/wp\/v2\/posts"}],"about":[{"href":"https:\/\/www.caudete.org\/ayuntamiento\/wp-json\/wp\/v2\/types\/post"}],"author":[{"embeddable":true,"href":"https:\/\/www.caudete.org\/ayuntamiento\/wp-json\/wp\/v2\/users\/3"}],"replies":[{"embeddable":true,"href":"https:\/\/www.caudete.org\/ayuntamiento\/wp-json\/wp\/v2\/comments?post=15088"}],"version-history":[{"count":3,"href":"https:\/\/www.caudete.org\/ayuntamiento\/wp-json\/wp\/v2\/posts\/15088\/revisions"}],"predecessor-version":[{"id":15091,"href":"https:\/\/www.caudete.org\/ayuntamiento\/wp-json\/wp\/v2\/posts\/15088\/revisions\/15091"}],"wp:featuredmedia":[{"embeddable":true,"href":"https:\/\/www.caudete.org\/ayuntamiento\/wp-json\/wp\/v2\/media\/6744"}],"wp:attachment":[{"href":"https:\/\/www.caudete.org\/ayuntamiento\/wp-json\/wp\/v2\/media?parent=15088"}],"wp:term":[{"taxonomy":"category","embeddable":true,"href":"https:\/\/www.caudete.org\/ayuntamiento\/wp-json\/wp\/v2\/categories?post=15088"},{"taxonomy":"post_tag","embeddable":true,"href":"https:\/\/www.caudete.org\/ayuntamiento\/wp-json\/wp\/v2\/tags?post=15088"}],"curies":[{"name":"wp","href":"https:\/\/api.w.org\/{rel}","templated":true}]}}