{"id":15102,"date":"2021-06-22T15:33:40","date_gmt":"2021-06-22T13:33:40","guid":{"rendered":"https:\/\/www.caudete.org\/ayuntamiento\/?p=15102"},"modified":"2021-06-22T16:54:25","modified_gmt":"2021-06-22T14:54:25","slug":"resueltas-las-ayudas-a-autonomos-y-microempresas-por-el-cierre-de-sus-negocios-de-diciembre-y-enero","status":"publish","type":"post","link":"https:\/\/www.caudete.org\/ayuntamiento\/resueltas-las-ayudas-a-autonomos-y-microempresas-por-el-cierre-de-sus-negocios-de-diciembre-y-enero\/","title":{"rendered":"Resueltas las ayudas a Aut\u00f3nomos y Microempresas por el cierre de sus negocios de Diciembre y Enero"},"content":{"rendered":"<p style=\"text-align: justify;\">El pasado mes de Marzo el Pleno del Ayuntamiento de Caudete aprobaba por unanimidad, y a iniciativa del Equipo de Gobierno, la concesi\u00f3n de subvenciones directas a Aut\u00f3nomos y Microempresas afectados por el Covid-19, que vieron cerrados sus negocios por las medidas sanitarias de Nivel III.<\/p>\n<p style=\"text-align: justify;\">En concreto, por las imposiciones de cierre de sus establecimientos, como Resoluci\u00f3n de 17 de diciembre de 2020, de la Delegada Provincial de Sanidad de Albacete, por la que se adoptan medidas de la Ley Org\u00e1nica 3\/1986, de 14 de abril, de Medidas Especiales en Materia de Salud P\u00fablica, para la contenci\u00f3n de la expansi\u00f3n del COVID-19 en Caudete y Resoluci\u00f3n de 6 de enero de 2021, de la Delegaci\u00f3n Provincial de Sanidad de Albacete, por la que se prorrogan las medidas adoptadas mediante Resoluci\u00f3n de 17 de Diciembre de 2020.<\/p>\n<p style=\"text-align: justify;\">El Pleno Ordinario del mes de Marzo daba luz verde a un cr\u00e9dito de 25.000&#8217;00 \u20ac con el que poder atender las solicitudes, y que ser\u00edan valoradas, seg\u00fan las Bases, en 300&#8217;00 \u20ac para aut\u00f3nomos sin asalariados, o en 500&#8217;00 \u20ac para el caso de microempresas.<\/p>\n<p style=\"text-align: justify;\">Finalizada la tramitaci\u00f3n establecida, la Junta de Gobierno Local celebrada el pasado viernes 18 de Junio, aprobaba la concesi\u00f3n de las mismas a un total de 34 solicitudes, y que suponen un montante total de 15.600&#8217;00 \u20ac, correspondiendo a 27 aut\u00f3nomos (13.500&#8217;00 \u20ac) y a 7 microempresas (2.100&#8217;00 \u20ac).<\/p>\n<p style=\"text-align: justify;\">El abono de las mismas, informa el Consistorio, se realizar\u00e1 en los pr\u00f3ximos d\u00edas, siendo diligentes en una cuesti\u00f3n que es de gran ayuda al motor econ\u00f3mico de la localidad.<\/p>\n","protected":false},"excerpt":{"rendered":"<p>El pasado mes de Marzo el Pleno del Ayuntamiento de Caudete aprobaba por unanimidad, y a iniciativa del Equipo de Gobierno, la concesi\u00f3n de subvenciones directas a Aut\u00f3nomos y Microempresas afectados por el Covid-19, que vieron cerrados sus negocios por las medidas sanitarias de Nivel III. En concreto, por las imposiciones de cierre de sus &hellip;<\/p>\n","protected":false},"author":3,"featured_media":15105,"comment_status":"closed","ping_status":"open","sticky":false,"template":"","format":"standard","meta":{"ngg_post_thumbnail":0,"footnotes":""},"categories":[28],"tags":[],"class_list":["post-15102","post","type-post","status-publish","format-standard","has-post-thumbnail","hentry","category-economia"],"yoast_head":"<!-- This site is optimized with the Yoast SEO plugin v27.5 - https:\/\/yoast.com\/product\/yoast-seo-wordpress\/ -->\n<title>Resueltas las ayudas a Aut\u00f3nomos y Microempresas por el cierre de sus negocios de Diciembre y Enero - MI Ayuntamiento de Caudete<\/title>\n<meta name=\"description\" content=\"P\u00e1gina Oficial del Ayuntamiento de Caudete (Albacete)\" \/>\n<meta name=\"robots\" content=\"index, follow, max-snippet:-1, max-image-preview:large, max-video-preview:-1\" \/>\n<link rel=\"canonical\" href=\"https:\/\/www.caudete.org\/ayuntamiento\/resueltas-las-ayudas-a-autonomos-y-microempresas-por-el-cierre-de-sus-negocios-de-diciembre-y-enero\/\" \/>\n<meta property=\"og:locale\" content=\"es_ES\" \/>\n<meta property=\"og:type\" content=\"article\" \/>\n<meta property=\"og:title\" content=\"Resueltas las ayudas a Aut\u00f3nomos y Microempresas por el cierre de sus negocios de Diciembre y Enero - MI Ayuntamiento de Caudete\" \/>\n<meta property=\"og:description\" content=\"P\u00e1gina Oficial del Ayuntamiento de Caudete (Albacete)\" \/>\n<meta property=\"og:url\" content=\"https:\/\/www.caudete.org\/ayuntamiento\/resueltas-las-ayudas-a-autonomos-y-microempresas-por-el-cierre-de-sus-negocios-de-diciembre-y-enero\/\" \/>\n<meta property=\"og:site_name\" content=\"MI Ayuntamiento de Caudete\" \/>\n<meta property=\"article:publisher\" content=\"https:\/\/www.facebook.com\/ayuntamientocaudete\/\" \/>\n<meta property=\"article:published_time\" content=\"2021-06-22T13:33:40+00:00\" \/>\n<meta property=\"article:modified_time\" content=\"2021-06-22T14:54:25+00:00\" \/>\n<meta property=\"og:image\" content=\"https:\/\/www.caudete.org\/ayuntamiento\/wp-content\/uploads\/2021\/06\/Resolucion-Ayudas-WEB-.jpg\" \/>\n\t<meta property=\"og:image:width\" content=\"864\" \/>\n\t<meta property=\"og:image:height\" content=\"380\" \/>\n\t<meta property=\"og:image:type\" content=\"image\/jpeg\" \/>\n<meta name=\"author\" content=\"alcalde\" \/>\n<meta name=\"twitter:card\" content=\"summary_large_image\" \/>\n<meta name=\"twitter:label1\" content=\"Escrito por\" \/>\n\t<meta name=\"twitter:data1\" content=\"alcalde\" \/>\n\t<meta name=\"twitter:label2\" content=\"Tiempo de lectura\" \/>\n\t<meta name=\"twitter:data2\" content=\"2 minutos\" \/>\n<script type=\"application\/ld+json\" class=\"yoast-schema-graph\">{\"@context\":\"https:\\\/\\\/schema.org\",\"@graph\":[{\"@type\":\"Article\",\"@id\":\"https:\\\/\\\/www.caudete.org\\\/ayuntamiento\\\/resueltas-las-ayudas-a-autonomos-y-microempresas-por-el-cierre-de-sus-negocios-de-diciembre-y-enero\\\/#article\",\"isPartOf\":{\"@id\":\"https:\\\/\\\/www.caudete.org\\\/ayuntamiento\\\/resueltas-las-ayudas-a-autonomos-y-microempresas-por-el-cierre-de-sus-negocios-de-diciembre-y-enero\\\/\"},\"author\":{\"name\":\"alcalde\",\"@id\":\"https:\\\/\\\/www.caudete.org\\\/ayuntamiento\\\/#\\\/schema\\\/person\\\/cc646da9133078ee4d8dd47457947253\"},\"headline\":\"Resueltas las ayudas a Aut\u00f3nomos y Microempresas por el cierre de sus negocios de Diciembre y Enero\",\"datePublished\":\"2021-06-22T13:33:40+00:00\",\"dateModified\":\"2021-06-22T14:54:25+00:00\",\"mainEntityOfPage\":{\"@id\":\"https:\\\/\\\/www.caudete.org\\\/ayuntamiento\\\/resueltas-las-ayudas-a-autonomos-y-microempresas-por-el-cierre-de-sus-negocios-de-diciembre-y-enero\\\/\"},\"wordCount\":277,\"publisher\":{\"@id\":\"https:\\\/\\\/www.caudete.org\\\/ayuntamiento\\\/#organization\"},\"image\":{\"@id\":\"https:\\\/\\\/www.caudete.org\\\/ayuntamiento\\\/resueltas-las-ayudas-a-autonomos-y-microempresas-por-el-cierre-de-sus-negocios-de-diciembre-y-enero\\\/#primaryimage\"},\"thumbnailUrl\":\"https:\\\/\\\/www.caudete.org\\\/ayuntamiento\\\/wp-content\\\/uploads\\\/2021\\\/06\\\/Resolucion-Ayudas-WEB-.jpg\",\"articleSection\":[\"Econom\u00eda\"],\"inLanguage\":\"es\"},{\"@type\":\"WebPage\",\"@id\":\"https:\\\/\\\/www.caudete.org\\\/ayuntamiento\\\/resueltas-las-ayudas-a-autonomos-y-microempresas-por-el-cierre-de-sus-negocios-de-diciembre-y-enero\\\/\",\"url\":\"https:\\\/\\\/www.caudete.org\\\/ayuntamiento\\\/resueltas-las-ayudas-a-autonomos-y-microempresas-por-el-cierre-de-sus-negocios-de-diciembre-y-enero\\\/\",\"name\":\"Resueltas las ayudas a Aut\u00f3nomos y Microempresas por el cierre de sus negocios de Diciembre y Enero - MI Ayuntamiento de Caudete\",\"isPartOf\":{\"@id\":\"https:\\\/\\\/www.caudete.org\\\/ayuntamiento\\\/#website\"},\"primaryImageOfPage\":{\"@id\":\"https:\\\/\\\/www.caudete.org\\\/ayuntamiento\\\/resueltas-las-ayudas-a-autonomos-y-microempresas-por-el-cierre-de-sus-negocios-de-diciembre-y-enero\\\/#primaryimage\"},\"image\":{\"@id\":\"https:\\\/\\\/www.caudete.org\\\/ayuntamiento\\\/resueltas-las-ayudas-a-autonomos-y-microempresas-por-el-cierre-de-sus-negocios-de-diciembre-y-enero\\\/#primaryimage\"},\"thumbnailUrl\":\"https:\\\/\\\/www.caudete.org\\\/ayuntamiento\\\/wp-content\\\/uploads\\\/2021\\\/06\\\/Resolucion-Ayudas-WEB-.jpg\",\"datePublished\":\"2021-06-22T13:33:40+00:00\",\"dateModified\":\"2021-06-22T14:54:25+00:00\",\"description\":\"P\u00e1gina Oficial del Ayuntamiento de Caudete (Albacete)\",\"breadcrumb\":{\"@id\":\"https:\\\/\\\/www.caudete.org\\\/ayuntamiento\\\/resueltas-las-ayudas-a-autonomos-y-microempresas-por-el-cierre-de-sus-negocios-de-diciembre-y-enero\\\/#breadcrumb\"},\"inLanguage\":\"es\",\"potentialAction\":[{\"@type\":\"ReadAction\",\"target\":[\"https:\\\/\\\/www.caudete.org\\\/ayuntamiento\\\/resueltas-las-ayudas-a-autonomos-y-microempresas-por-el-cierre-de-sus-negocios-de-diciembre-y-enero\\\/\"]}]},{\"@type\":\"ImageObject\",\"inLanguage\":\"es\",\"@id\":\"https:\\\/\\\/www.caudete.org\\\/ayuntamiento\\\/resueltas-las-ayudas-a-autonomos-y-microempresas-por-el-cierre-de-sus-negocios-de-diciembre-y-enero\\\/#primaryimage\",\"url\":\"https:\\\/\\\/www.caudete.org\\\/ayuntamiento\\\/wp-content\\\/uploads\\\/2021\\\/06\\\/Resolucion-Ayudas-WEB-.jpg\",\"contentUrl\":\"https:\\\/\\\/www.caudete.org\\\/ayuntamiento\\\/wp-content\\\/uploads\\\/2021\\\/06\\\/Resolucion-Ayudas-WEB-.jpg\",\"width\":864,\"height\":380},{\"@type\":\"BreadcrumbList\",\"@id\":\"https:\\\/\\\/www.caudete.org\\\/ayuntamiento\\\/resueltas-las-ayudas-a-autonomos-y-microempresas-por-el-cierre-de-sus-negocios-de-diciembre-y-enero\\\/#breadcrumb\",\"itemListElement\":[{\"@type\":\"ListItem\",\"position\":1,\"name\":\"Inicio\",\"item\":\"https:\\\/\\\/www.caudete.org\\\/ayuntamiento\\\/\"},{\"@type\":\"ListItem\",\"position\":2,\"name\":\"Resueltas las ayudas a Aut\u00f3nomos y Microempresas por el cierre de sus negocios de Diciembre y Enero\"}]},{\"@type\":\"WebSite\",\"@id\":\"https:\\\/\\\/www.caudete.org\\\/ayuntamiento\\\/#website\",\"url\":\"https:\\\/\\\/www.caudete.org\\\/ayuntamiento\\\/\",\"name\":\"MI Ayuntamiento de Caudete\",\"description\":\"P\u00e1gina Oficial del MI Ayuntamiento de Caudete\",\"publisher\":{\"@id\":\"https:\\\/\\\/www.caudete.org\\\/ayuntamiento\\\/#organization\"},\"potentialAction\":[{\"@type\":\"SearchAction\",\"target\":{\"@type\":\"EntryPoint\",\"urlTemplate\":\"https:\\\/\\\/www.caudete.org\\\/ayuntamiento\\\/?s={search_term_string}\"},\"query-input\":{\"@type\":\"PropertyValueSpecification\",\"valueRequired\":true,\"valueName\":\"search_term_string\"}}],\"inLanguage\":\"es\"},{\"@type\":\"Organization\",\"@id\":\"https:\\\/\\\/www.caudete.org\\\/ayuntamiento\\\/#organization\",\"name\":\"Ayuntamiento de Caudete\",\"url\":\"https:\\\/\\\/www.caudete.org\\\/ayuntamiento\\\/\",\"logo\":{\"@type\":\"ImageObject\",\"inLanguage\":\"es\",\"@id\":\"https:\\\/\\\/www.caudete.org\\\/ayuntamiento\\\/#\\\/schema\\\/logo\\\/image\\\/\",\"url\":\"https:\\\/\\\/www.caudete.org\\\/ayuntamiento\\\/wp-content\\\/uploads\\\/2020\\\/11\\\/logo_ayuntamiento_caudete.jpg\",\"contentUrl\":\"https:\\\/\\\/www.caudete.org\\\/ayuntamiento\\\/wp-content\\\/uploads\\\/2020\\\/11\\\/logo_ayuntamiento_caudete.jpg\",\"width\":600,\"height\":150,\"caption\":\"Ayuntamiento de Caudete\"},\"image\":{\"@id\":\"https:\\\/\\\/www.caudete.org\\\/ayuntamiento\\\/#\\\/schema\\\/logo\\\/image\\\/\"},\"sameAs\":[\"https:\\\/\\\/www.facebook.com\\\/ayuntamientocaudete\\\/\",\"https:\\\/\\\/www.youtube.com\\\/channel\\\/UC6VztHaooNsGpw-tNoBEFnQ\"]},{\"@type\":\"Person\",\"@id\":\"https:\\\/\\\/www.caudete.org\\\/ayuntamiento\\\/#\\\/schema\\\/person\\\/cc646da9133078ee4d8dd47457947253\",\"name\":\"alcalde\",\"image\":{\"@type\":\"ImageObject\",\"inLanguage\":\"es\",\"@id\":\"https:\\\/\\\/secure.gravatar.com\\\/avatar\\\/84a817ba065b29ff08d666b215a215f5c79186a645ccb25b14a663d48a130f77?s=96&d=mm&r=g\",\"url\":\"https:\\\/\\\/secure.gravatar.com\\\/avatar\\\/84a817ba065b29ff08d666b215a215f5c79186a645ccb25b14a663d48a130f77?s=96&d=mm&r=g\",\"contentUrl\":\"https:\\\/\\\/secure.gravatar.com\\\/avatar\\\/84a817ba065b29ff08d666b215a215f5c79186a645ccb25b14a663d48a130f77?s=96&d=mm&r=g\",\"caption\":\"alcalde\"},\"url\":\"https:\\\/\\\/www.caudete.org\\\/ayuntamiento\\\/author\\\/alcalde\\\/\"}]}<\/script>\n<!-- \/ Yoast SEO plugin. -->","yoast_head_json":{"title":"Resueltas las ayudas a Aut\u00f3nomos y Microempresas por el cierre de sus negocios de Diciembre y Enero - MI Ayuntamiento de Caudete","description":"P\u00e1gina Oficial del Ayuntamiento de Caudete (Albacete)","robots":{"index":"index","follow":"follow","max-snippet":"max-snippet:-1","max-image-preview":"max-image-preview:large","max-video-preview":"max-video-preview:-1"},"canonical":"https:\/\/www.caudete.org\/ayuntamiento\/resueltas-las-ayudas-a-autonomos-y-microempresas-por-el-cierre-de-sus-negocios-de-diciembre-y-enero\/","og_locale":"es_ES","og_type":"article","og_title":"Resueltas las ayudas a Aut\u00f3nomos y Microempresas por el cierre de sus negocios de Diciembre y Enero - MI Ayuntamiento de Caudete","og_description":"P\u00e1gina Oficial del Ayuntamiento de Caudete (Albacete)","og_url":"https:\/\/www.caudete.org\/ayuntamiento\/resueltas-las-ayudas-a-autonomos-y-microempresas-por-el-cierre-de-sus-negocios-de-diciembre-y-enero\/","og_site_name":"MI Ayuntamiento de Caudete","article_publisher":"https:\/\/www.facebook.com\/ayuntamientocaudete\/","article_published_time":"2021-06-22T13:33:40+00:00","article_modified_time":"2021-06-22T14:54:25+00:00","og_image":[{"width":864,"height":380,"url":"https:\/\/www.caudete.org\/ayuntamiento\/wp-content\/uploads\/2021\/06\/Resolucion-Ayudas-WEB-.jpg","type":"image\/jpeg"}],"author":"alcalde","twitter_card":"summary_large_image","twitter_misc":{"Escrito por":"alcalde","Tiempo de lectura":"2 minutos"},"schema":{"@context":"https:\/\/schema.org","@graph":[{"@type":"Article","@id":"https:\/\/www.caudete.org\/ayuntamiento\/resueltas-las-ayudas-a-autonomos-y-microempresas-por-el-cierre-de-sus-negocios-de-diciembre-y-enero\/#article","isPartOf":{"@id":"https:\/\/www.caudete.org\/ayuntamiento\/resueltas-las-ayudas-a-autonomos-y-microempresas-por-el-cierre-de-sus-negocios-de-diciembre-y-enero\/"},"author":{"name":"alcalde","@id":"https:\/\/www.caudete.org\/ayuntamiento\/#\/schema\/person\/cc646da9133078ee4d8dd47457947253"},"headline":"Resueltas las ayudas a Aut\u00f3nomos y Microempresas por el cierre de sus negocios de Diciembre y Enero","datePublished":"2021-06-22T13:33:40+00:00","dateModified":"2021-06-22T14:54:25+00:00","mainEntityOfPage":{"@id":"https:\/\/www.caudete.org\/ayuntamiento\/resueltas-las-ayudas-a-autonomos-y-microempresas-por-el-cierre-de-sus-negocios-de-diciembre-y-enero\/"},"wordCount":277,"publisher":{"@id":"https:\/\/www.caudete.org\/ayuntamiento\/#organization"},"image":{"@id":"https:\/\/www.caudete.org\/ayuntamiento\/resueltas-las-ayudas-a-autonomos-y-microempresas-por-el-cierre-de-sus-negocios-de-diciembre-y-enero\/#primaryimage"},"thumbnailUrl":"https:\/\/www.caudete.org\/ayuntamiento\/wp-content\/uploads\/2021\/06\/Resolucion-Ayudas-WEB-.jpg","articleSection":["Econom\u00eda"],"inLanguage":"es"},{"@type":"WebPage","@id":"https:\/\/www.caudete.org\/ayuntamiento\/resueltas-las-ayudas-a-autonomos-y-microempresas-por-el-cierre-de-sus-negocios-de-diciembre-y-enero\/","url":"https:\/\/www.caudete.org\/ayuntamiento\/resueltas-las-ayudas-a-autonomos-y-microempresas-por-el-cierre-de-sus-negocios-de-diciembre-y-enero\/","name":"Resueltas las ayudas a Aut\u00f3nomos y Microempresas por el cierre de sus negocios de Diciembre y Enero - MI Ayuntamiento de Caudete","isPartOf":{"@id":"https:\/\/www.caudete.org\/ayuntamiento\/#website"},"primaryImageOfPage":{"@id":"https:\/\/www.caudete.org\/ayuntamiento\/resueltas-las-ayudas-a-autonomos-y-microempresas-por-el-cierre-de-sus-negocios-de-diciembre-y-enero\/#primaryimage"},"image":{"@id":"https:\/\/www.caudete.org\/ayuntamiento\/resueltas-las-ayudas-a-autonomos-y-microempresas-por-el-cierre-de-sus-negocios-de-diciembre-y-enero\/#primaryimage"},"thumbnailUrl":"https:\/\/www.caudete.org\/ayuntamiento\/wp-content\/uploads\/2021\/06\/Resolucion-Ayudas-WEB-.jpg","datePublished":"2021-06-22T13:33:40+00:00","dateModified":"2021-06-22T14:54:25+00:00","description":"P\u00e1gina Oficial del Ayuntamiento de Caudete (Albacete)","breadcrumb":{"@id":"https:\/\/www.caudete.org\/ayuntamiento\/resueltas-las-ayudas-a-autonomos-y-microempresas-por-el-cierre-de-sus-negocios-de-diciembre-y-enero\/#breadcrumb"},"inLanguage":"es","potentialAction":[{"@type":"ReadAction","target":["https:\/\/www.caudete.org\/ayuntamiento\/resueltas-las-ayudas-a-autonomos-y-microempresas-por-el-cierre-de-sus-negocios-de-diciembre-y-enero\/"]}]},{"@type":"ImageObject","inLanguage":"es","@id":"https:\/\/www.caudete.org\/ayuntamiento\/resueltas-las-ayudas-a-autonomos-y-microempresas-por-el-cierre-de-sus-negocios-de-diciembre-y-enero\/#primaryimage","url":"https:\/\/www.caudete.org\/ayuntamiento\/wp-content\/uploads\/2021\/06\/Resolucion-Ayudas-WEB-.jpg","contentUrl":"https:\/\/www.caudete.org\/ayuntamiento\/wp-content\/uploads\/2021\/06\/Resolucion-Ayudas-WEB-.jpg","width":864,"height":380},{"@type":"BreadcrumbList","@id":"https:\/\/www.caudete.org\/ayuntamiento\/resueltas-las-ayudas-a-autonomos-y-microempresas-por-el-cierre-de-sus-negocios-de-diciembre-y-enero\/#breadcrumb","itemListElement":[{"@type":"ListItem","position":1,"name":"Inicio","item":"https:\/\/www.caudete.org\/ayuntamiento\/"},{"@type":"ListItem","position":2,"name":"Resueltas las ayudas a Aut\u00f3nomos y Microempresas por el cierre de sus negocios de Diciembre y Enero"}]},{"@type":"WebSite","@id":"https:\/\/www.caudete.org\/ayuntamiento\/#website","url":"https:\/\/www.caudete.org\/ayuntamiento\/","name":"MI Ayuntamiento de Caudete","description":"P\u00e1gina Oficial del MI Ayuntamiento de Caudete","publisher":{"@id":"https:\/\/www.caudete.org\/ayuntamiento\/#organization"},"potentialAction":[{"@type":"SearchAction","target":{"@type":"EntryPoint","urlTemplate":"https:\/\/www.caudete.org\/ayuntamiento\/?s={search_term_string}"},"query-input":{"@type":"PropertyValueSpecification","valueRequired":true,"valueName":"search_term_string"}}],"inLanguage":"es"},{"@type":"Organization","@id":"https:\/\/www.caudete.org\/ayuntamiento\/#organization","name":"Ayuntamiento de Caudete","url":"https:\/\/www.caudete.org\/ayuntamiento\/","logo":{"@type":"ImageObject","inLanguage":"es","@id":"https:\/\/www.caudete.org\/ayuntamiento\/#\/schema\/logo\/image\/","url":"https:\/\/www.caudete.org\/ayuntamiento\/wp-content\/uploads\/2020\/11\/logo_ayuntamiento_caudete.jpg","contentUrl":"https:\/\/www.caudete.org\/ayuntamiento\/wp-content\/uploads\/2020\/11\/logo_ayuntamiento_caudete.jpg","width":600,"height":150,"caption":"Ayuntamiento de Caudete"},"image":{"@id":"https:\/\/www.caudete.org\/ayuntamiento\/#\/schema\/logo\/image\/"},"sameAs":["https:\/\/www.facebook.com\/ayuntamientocaudete\/","https:\/\/www.youtube.com\/channel\/UC6VztHaooNsGpw-tNoBEFnQ"]},{"@type":"Person","@id":"https:\/\/www.caudete.org\/ayuntamiento\/#\/schema\/person\/cc646da9133078ee4d8dd47457947253","name":"alcalde","image":{"@type":"ImageObject","inLanguage":"es","@id":"https:\/\/secure.gravatar.com\/avatar\/84a817ba065b29ff08d666b215a215f5c79186a645ccb25b14a663d48a130f77?s=96&d=mm&r=g","url":"https:\/\/secure.gravatar.com\/avatar\/84a817ba065b29ff08d666b215a215f5c79186a645ccb25b14a663d48a130f77?s=96&d=mm&r=g","contentUrl":"https:\/\/secure.gravatar.com\/avatar\/84a817ba065b29ff08d666b215a215f5c79186a645ccb25b14a663d48a130f77?s=96&d=mm&r=g","caption":"alcalde"},"url":"https:\/\/www.caudete.org\/ayuntamiento\/author\/alcalde\/"}]}},"_links":{"self":[{"href":"https:\/\/www.caudete.org\/ayuntamiento\/wp-json\/wp\/v2\/posts\/15102","targetHints":{"allow":["GET"]}}],"collection":[{"href":"https:\/\/www.caudete.org\/ayuntamiento\/wp-json\/wp\/v2\/posts"}],"about":[{"href":"https:\/\/www.caudete.org\/ayuntamiento\/wp-json\/wp\/v2\/types\/post"}],"author":[{"embeddable":true,"href":"https:\/\/www.caudete.org\/ayuntamiento\/wp-json\/wp\/v2\/users\/3"}],"replies":[{"embeddable":true,"href":"https:\/\/www.caudete.org\/ayuntamiento\/wp-json\/wp\/v2\/comments?post=15102"}],"version-history":[{"count":1,"href":"https:\/\/www.caudete.org\/ayuntamiento\/wp-json\/wp\/v2\/posts\/15102\/revisions"}],"predecessor-version":[{"id":15104,"href":"https:\/\/www.caudete.org\/ayuntamiento\/wp-json\/wp\/v2\/posts\/15102\/revisions\/15104"}],"wp:featuredmedia":[{"embeddable":true,"href":"https:\/\/www.caudete.org\/ayuntamiento\/wp-json\/wp\/v2\/media\/15105"}],"wp:attachment":[{"href":"https:\/\/www.caudete.org\/ayuntamiento\/wp-json\/wp\/v2\/media?parent=15102"}],"wp:term":[{"taxonomy":"category","embeddable":true,"href":"https:\/\/www.caudete.org\/ayuntamiento\/wp-json\/wp\/v2\/categories?post=15102"},{"taxonomy":"post_tag","embeddable":true,"href":"https:\/\/www.caudete.org\/ayuntamiento\/wp-json\/wp\/v2\/tags?post=15102"}],"curies":[{"name":"wp","href":"https:\/\/api.w.org\/{rel}","templated":true}]}}