{"id":15116,"date":"2021-06-23T12:52:12","date_gmt":"2021-06-23T10:52:12","guid":{"rendered":"https:\/\/www.caudete.org\/ayuntamiento\/?p=15116"},"modified":"2021-06-23T12:52:12","modified_gmt":"2021-06-23T10:52:12","slug":"licitadas-las-obras-de-ampliacion-de-aseos-en-el-bar-municipal-la-piscina","status":"publish","type":"post","link":"https:\/\/www.caudete.org\/ayuntamiento\/licitadas-las-obras-de-ampliacion-de-aseos-en-el-bar-municipal-la-piscina\/","title":{"rendered":"Licitadas las obras de ampliaci\u00f3n de ASEOS en el Bar Municipal La Piscina"},"content":{"rendered":"<p style=\"text-align: justify;\">Las Concejal\u00edas de Deportes y Obras han procedido a licitar las obras que pretenden ampliar los aseos del Bar Municipal La Piscina, cumpliendo as\u00ed el programa de necesidades a acometer en la Ciudad Deportiva &#8220;Antonio Amor\u00f3s&#8221; que tiene como objetivo mejorar las instalaciones para el mejor uso de los caudetanos.<\/p>\n<p style=\"text-align: justify;\">Pilar Egea, Concejal de Deportes matizaba que una vez ejecutadas las obras, los aseos, que dan uso tanto a la Piscina de Verano, como al Bar, quedar\u00e1n comunicados con \u00e9ste sin necesidad de tener que salir fuera del mismo, y pudi\u00e9ndose usar igualmente tanto por los clientes del Bar como por los usuarios de la Piscina.<\/p>\n<p style=\"text-align: justify;\">La superficie a ampliar es de 12 m<sup>2<\/sup> aproximadamente, y las obras han sido valoradas en 16.783,80 \u20ac, importe de la licitaci\u00f3n, sufragado \u00edntegramente por las arcas municipales, y en concreto con cargo al Remanente del ejercicio 2020.<\/p>\n<p style=\"text-align: justify;\">Por su parte, la Concejal de Obras Marian Ballester, informaba que el contrato responde a la tipolog\u00eda de menor, y que los criterios t\u00e9cnicos de adjudicaci\u00f3n, son los siguientes:<\/p>\n<ul style=\"text-align: justify;\">\n<li>30 puntos m\u00e1ximo, al licitador que oferte una mayor reducci\u00f3n econ\u00f3mica sobre el presupuesto de licitaci\u00f3n.<\/li>\n<li>30 puntos m\u00e1ximo, a la reducci\u00f3n del plazo de ejecuci\u00f3n de las obras, hasta un m\u00e1ximo de reducci\u00f3n de 15 d\u00edas naturales, a raz\u00f3n de 2 puntos por cada d\u00eda reducido sobre el plazo previsto en proyecto de 60 d\u00edas naturales<\/li>\n<li>40 puntos m\u00e1ximo, a la oferta que ofrezca mayor cantidad econ\u00f3mica para realizar indefiniciones del proyecto.<\/li>\n<\/ul>\n<p style=\"text-align: justify;\">\n<p style=\"text-align: justify;\">Igualmente, destacaba que junto a las obras que ahora se licitan, a la finalizaci\u00f3n del verano se habr\u00e1n ejecutado importantes inversiones que redundar\u00e1n en la mejora de los servicios y calidad de las instalaciones deportivas, as\u00ed como atendidas necesidades b\u00e1sicas y propuestas de los ciudadanos, como lo son:<\/p>\n<ul>\n<li style=\"text-align: justify;\">Sustituci\u00f3n del borde de coronaci\u00f3n de los vasos grande y peque\u00f1o.<\/li>\n<li style=\"text-align: justify;\">Mejora de zona ajardinada de la Piscina, con reposici\u00f3n de vegetaci\u00f3n y arbolado.<\/li>\n<li style=\"text-align: justify;\">Implantaci\u00f3n merendero para usuarios de la Piscina.<\/li>\n<li style=\"text-align: justify;\">Reparaci\u00f3n de filtraciones y humedades en la cubierta del Bar.<\/li>\n<\/ul>\n","protected":false},"excerpt":{"rendered":"<p>Las Concejal\u00edas de Deportes y Obras han procedido a licitar las obras que pretenden ampliar los aseos del Bar Municipal La Piscina, cumpliendo as\u00ed el programa de necesidades a acometer en la Ciudad Deportiva &#8220;Antonio Amor\u00f3s&#8221; que tiene como objetivo mejorar las instalaciones para el mejor uso de los caudetanos. Pilar Egea, Concejal de Deportes &hellip;<\/p>\n","protected":false},"author":3,"featured_media":15117,"comment_status":"closed","ping_status":"open","sticky":false,"template":"","format":"standard","meta":{"ngg_post_thumbnail":0,"footnotes":""},"categories":[675],"tags":[],"class_list":["post-15116","post","type-post","status-publish","format-standard","has-post-thumbnail","hentry","category-obras"],"yoast_head":"<!-- This site is optimized with the Yoast SEO plugin v27.5 - https:\/\/yoast.com\/product\/yoast-seo-wordpress\/ -->\n<title>Licitadas las obras de ampliaci\u00f3n de ASEOS en el Bar Municipal La Piscina - MI Ayuntamiento de Caudete<\/title>\n<meta name=\"description\" content=\"P\u00e1gina Oficial del Ayuntamiento de Caudete (Albacete)\" \/>\n<meta name=\"robots\" content=\"index, follow, max-snippet:-1, max-image-preview:large, max-video-preview:-1\" \/>\n<link rel=\"canonical\" href=\"https:\/\/www.caudete.org\/ayuntamiento\/licitadas-las-obras-de-ampliacion-de-aseos-en-el-bar-municipal-la-piscina\/\" \/>\n<meta property=\"og:locale\" content=\"es_ES\" \/>\n<meta property=\"og:type\" content=\"article\" \/>\n<meta property=\"og:title\" content=\"Licitadas las obras de ampliaci\u00f3n de ASEOS en el Bar Municipal La Piscina - MI Ayuntamiento de Caudete\" \/>\n<meta property=\"og:description\" content=\"P\u00e1gina Oficial del Ayuntamiento de Caudete (Albacete)\" \/>\n<meta property=\"og:url\" content=\"https:\/\/www.caudete.org\/ayuntamiento\/licitadas-las-obras-de-ampliacion-de-aseos-en-el-bar-municipal-la-piscina\/\" \/>\n<meta property=\"og:site_name\" content=\"MI Ayuntamiento de Caudete\" \/>\n<meta property=\"article:publisher\" content=\"https:\/\/www.facebook.com\/ayuntamientocaudete\/\" \/>\n<meta property=\"article:published_time\" content=\"2021-06-23T10:52:12+00:00\" \/>\n<meta property=\"og:image\" content=\"https:\/\/www.caudete.org\/ayuntamiento\/wp-content\/uploads\/2021\/06\/WhatsApp-Image-2021-06-23-at-12.40.25.jpeg\" \/>\n\t<meta property=\"og:image:width\" content=\"1344\" \/>\n\t<meta property=\"og:image:height\" content=\"895\" \/>\n\t<meta property=\"og:image:type\" content=\"image\/jpeg\" \/>\n<meta name=\"author\" content=\"alcalde\" \/>\n<meta name=\"twitter:card\" content=\"summary_large_image\" \/>\n<meta name=\"twitter:label1\" content=\"Escrito por\" \/>\n\t<meta name=\"twitter:data1\" content=\"alcalde\" \/>\n\t<meta name=\"twitter:label2\" content=\"Tiempo de lectura\" \/>\n\t<meta name=\"twitter:data2\" content=\"2 minutos\" \/>\n<script type=\"application\/ld+json\" class=\"yoast-schema-graph\">{\"@context\":\"https:\\\/\\\/schema.org\",\"@graph\":[{\"@type\":\"Article\",\"@id\":\"https:\\\/\\\/www.caudete.org\\\/ayuntamiento\\\/licitadas-las-obras-de-ampliacion-de-aseos-en-el-bar-municipal-la-piscina\\\/#article\",\"isPartOf\":{\"@id\":\"https:\\\/\\\/www.caudete.org\\\/ayuntamiento\\\/licitadas-las-obras-de-ampliacion-de-aseos-en-el-bar-municipal-la-piscina\\\/\"},\"author\":{\"name\":\"alcalde\",\"@id\":\"https:\\\/\\\/www.caudete.org\\\/ayuntamiento\\\/#\\\/schema\\\/person\\\/cc646da9133078ee4d8dd47457947253\"},\"headline\":\"Licitadas las obras de ampliaci\u00f3n de ASEOS en el Bar Municipal La Piscina\",\"datePublished\":\"2021-06-23T10:52:12+00:00\",\"mainEntityOfPage\":{\"@id\":\"https:\\\/\\\/www.caudete.org\\\/ayuntamiento\\\/licitadas-las-obras-de-ampliacion-de-aseos-en-el-bar-municipal-la-piscina\\\/\"},\"wordCount\":373,\"image\":{\"@id\":\"https:\\\/\\\/www.caudete.org\\\/ayuntamiento\\\/licitadas-las-obras-de-ampliacion-de-aseos-en-el-bar-municipal-la-piscina\\\/#primaryimage\"},\"thumbnailUrl\":\"https:\\\/\\\/www.caudete.org\\\/ayuntamiento\\\/wp-content\\\/uploads\\\/2021\\\/06\\\/WhatsApp-Image-2021-06-23-at-12.40.25.jpeg\",\"articleSection\":[\"Obras\"],\"inLanguage\":\"es\"},{\"@type\":\"WebPage\",\"@id\":\"https:\\\/\\\/www.caudete.org\\\/ayuntamiento\\\/licitadas-las-obras-de-ampliacion-de-aseos-en-el-bar-municipal-la-piscina\\\/\",\"url\":\"https:\\\/\\\/www.caudete.org\\\/ayuntamiento\\\/licitadas-las-obras-de-ampliacion-de-aseos-en-el-bar-municipal-la-piscina\\\/\",\"name\":\"Licitadas las obras de ampliaci\u00f3n de ASEOS en el Bar Municipal La Piscina - MI Ayuntamiento de Caudete\",\"isPartOf\":{\"@id\":\"https:\\\/\\\/www.caudete.org\\\/ayuntamiento\\\/#website\"},\"primaryImageOfPage\":{\"@id\":\"https:\\\/\\\/www.caudete.org\\\/ayuntamiento\\\/licitadas-las-obras-de-ampliacion-de-aseos-en-el-bar-municipal-la-piscina\\\/#primaryimage\"},\"image\":{\"@id\":\"https:\\\/\\\/www.caudete.org\\\/ayuntamiento\\\/licitadas-las-obras-de-ampliacion-de-aseos-en-el-bar-municipal-la-piscina\\\/#primaryimage\"},\"thumbnailUrl\":\"https:\\\/\\\/www.caudete.org\\\/ayuntamiento\\\/wp-content\\\/uploads\\\/2021\\\/06\\\/WhatsApp-Image-2021-06-23-at-12.40.25.jpeg\",\"datePublished\":\"2021-06-23T10:52:12+00:00\",\"author\":{\"@id\":\"https:\\\/\\\/www.caudete.org\\\/ayuntamiento\\\/#\\\/schema\\\/person\\\/cc646da9133078ee4d8dd47457947253\"},\"description\":\"P\u00e1gina Oficial del Ayuntamiento de Caudete (Albacete)\",\"breadcrumb\":{\"@id\":\"https:\\\/\\\/www.caudete.org\\\/ayuntamiento\\\/licitadas-las-obras-de-ampliacion-de-aseos-en-el-bar-municipal-la-piscina\\\/#breadcrumb\"},\"inLanguage\":\"es\",\"potentialAction\":[{\"@type\":\"ReadAction\",\"target\":[\"https:\\\/\\\/www.caudete.org\\\/ayuntamiento\\\/licitadas-las-obras-de-ampliacion-de-aseos-en-el-bar-municipal-la-piscina\\\/\"]}]},{\"@type\":\"ImageObject\",\"inLanguage\":\"es\",\"@id\":\"https:\\\/\\\/www.caudete.org\\\/ayuntamiento\\\/licitadas-las-obras-de-ampliacion-de-aseos-en-el-bar-municipal-la-piscina\\\/#primaryimage\",\"url\":\"https:\\\/\\\/www.caudete.org\\\/ayuntamiento\\\/wp-content\\\/uploads\\\/2021\\\/06\\\/WhatsApp-Image-2021-06-23-at-12.40.25.jpeg\",\"contentUrl\":\"https:\\\/\\\/www.caudete.org\\\/ayuntamiento\\\/wp-content\\\/uploads\\\/2021\\\/06\\\/WhatsApp-Image-2021-06-23-at-12.40.25.jpeg\",\"width\":1344,\"height\":895},{\"@type\":\"BreadcrumbList\",\"@id\":\"https:\\\/\\\/www.caudete.org\\\/ayuntamiento\\\/licitadas-las-obras-de-ampliacion-de-aseos-en-el-bar-municipal-la-piscina\\\/#breadcrumb\",\"itemListElement\":[{\"@type\":\"ListItem\",\"position\":1,\"name\":\"Inicio\",\"item\":\"https:\\\/\\\/www.caudete.org\\\/ayuntamiento\\\/\"},{\"@type\":\"ListItem\",\"position\":2,\"name\":\"Licitadas las obras de ampliaci\u00f3n de ASEOS en el Bar Municipal La Piscina\"}]},{\"@type\":\"WebSite\",\"@id\":\"https:\\\/\\\/www.caudete.org\\\/ayuntamiento\\\/#website\",\"url\":\"https:\\\/\\\/www.caudete.org\\\/ayuntamiento\\\/\",\"name\":\"MI Ayuntamiento de Caudete\",\"description\":\"P\u00e1gina Oficial del MI Ayuntamiento de Caudete\",\"potentialAction\":[{\"@type\":\"SearchAction\",\"target\":{\"@type\":\"EntryPoint\",\"urlTemplate\":\"https:\\\/\\\/www.caudete.org\\\/ayuntamiento\\\/?s={search_term_string}\"},\"query-input\":{\"@type\":\"PropertyValueSpecification\",\"valueRequired\":true,\"valueName\":\"search_term_string\"}}],\"inLanguage\":\"es\"},{\"@type\":\"Person\",\"@id\":\"https:\\\/\\\/www.caudete.org\\\/ayuntamiento\\\/#\\\/schema\\\/person\\\/cc646da9133078ee4d8dd47457947253\",\"name\":\"alcalde\",\"image\":{\"@type\":\"ImageObject\",\"inLanguage\":\"es\",\"@id\":\"https:\\\/\\\/secure.gravatar.com\\\/avatar\\\/84a817ba065b29ff08d666b215a215f5c79186a645ccb25b14a663d48a130f77?s=96&d=mm&r=g\",\"url\":\"https:\\\/\\\/secure.gravatar.com\\\/avatar\\\/84a817ba065b29ff08d666b215a215f5c79186a645ccb25b14a663d48a130f77?s=96&d=mm&r=g\",\"contentUrl\":\"https:\\\/\\\/secure.gravatar.com\\\/avatar\\\/84a817ba065b29ff08d666b215a215f5c79186a645ccb25b14a663d48a130f77?s=96&d=mm&r=g\",\"caption\":\"alcalde\"},\"url\":\"https:\\\/\\\/www.caudete.org\\\/ayuntamiento\\\/author\\\/alcalde\\\/\"}]}<\/script>\n<!-- \/ Yoast SEO plugin. -->","yoast_head_json":{"title":"Licitadas las obras de ampliaci\u00f3n de ASEOS en el Bar Municipal La Piscina - MI Ayuntamiento de Caudete","description":"P\u00e1gina Oficial del Ayuntamiento de Caudete (Albacete)","robots":{"index":"index","follow":"follow","max-snippet":"max-snippet:-1","max-image-preview":"max-image-preview:large","max-video-preview":"max-video-preview:-1"},"canonical":"https:\/\/www.caudete.org\/ayuntamiento\/licitadas-las-obras-de-ampliacion-de-aseos-en-el-bar-municipal-la-piscina\/","og_locale":"es_ES","og_type":"article","og_title":"Licitadas las obras de ampliaci\u00f3n de ASEOS en el Bar Municipal La Piscina - MI Ayuntamiento de Caudete","og_description":"P\u00e1gina Oficial del Ayuntamiento de Caudete (Albacete)","og_url":"https:\/\/www.caudete.org\/ayuntamiento\/licitadas-las-obras-de-ampliacion-de-aseos-en-el-bar-municipal-la-piscina\/","og_site_name":"MI Ayuntamiento de Caudete","article_publisher":"https:\/\/www.facebook.com\/ayuntamientocaudete\/","article_published_time":"2021-06-23T10:52:12+00:00","og_image":[{"width":1344,"height":895,"url":"https:\/\/www.caudete.org\/ayuntamiento\/wp-content\/uploads\/2021\/06\/WhatsApp-Image-2021-06-23-at-12.40.25.jpeg","type":"image\/jpeg"}],"author":"alcalde","twitter_card":"summary_large_image","twitter_misc":{"Escrito por":"alcalde","Tiempo de lectura":"2 minutos"},"schema":{"@context":"https:\/\/schema.org","@graph":[{"@type":"Article","@id":"https:\/\/www.caudete.org\/ayuntamiento\/licitadas-las-obras-de-ampliacion-de-aseos-en-el-bar-municipal-la-piscina\/#article","isPartOf":{"@id":"https:\/\/www.caudete.org\/ayuntamiento\/licitadas-las-obras-de-ampliacion-de-aseos-en-el-bar-municipal-la-piscina\/"},"author":{"name":"alcalde","@id":"https:\/\/www.caudete.org\/ayuntamiento\/#\/schema\/person\/cc646da9133078ee4d8dd47457947253"},"headline":"Licitadas las obras de ampliaci\u00f3n de ASEOS en el Bar Municipal La Piscina","datePublished":"2021-06-23T10:52:12+00:00","mainEntityOfPage":{"@id":"https:\/\/www.caudete.org\/ayuntamiento\/licitadas-las-obras-de-ampliacion-de-aseos-en-el-bar-municipal-la-piscina\/"},"wordCount":373,"image":{"@id":"https:\/\/www.caudete.org\/ayuntamiento\/licitadas-las-obras-de-ampliacion-de-aseos-en-el-bar-municipal-la-piscina\/#primaryimage"},"thumbnailUrl":"https:\/\/www.caudete.org\/ayuntamiento\/wp-content\/uploads\/2021\/06\/WhatsApp-Image-2021-06-23-at-12.40.25.jpeg","articleSection":["Obras"],"inLanguage":"es"},{"@type":"WebPage","@id":"https:\/\/www.caudete.org\/ayuntamiento\/licitadas-las-obras-de-ampliacion-de-aseos-en-el-bar-municipal-la-piscina\/","url":"https:\/\/www.caudete.org\/ayuntamiento\/licitadas-las-obras-de-ampliacion-de-aseos-en-el-bar-municipal-la-piscina\/","name":"Licitadas las obras de ampliaci\u00f3n de ASEOS en el Bar Municipal La Piscina - MI Ayuntamiento de Caudete","isPartOf":{"@id":"https:\/\/www.caudete.org\/ayuntamiento\/#website"},"primaryImageOfPage":{"@id":"https:\/\/www.caudete.org\/ayuntamiento\/licitadas-las-obras-de-ampliacion-de-aseos-en-el-bar-municipal-la-piscina\/#primaryimage"},"image":{"@id":"https:\/\/www.caudete.org\/ayuntamiento\/licitadas-las-obras-de-ampliacion-de-aseos-en-el-bar-municipal-la-piscina\/#primaryimage"},"thumbnailUrl":"https:\/\/www.caudete.org\/ayuntamiento\/wp-content\/uploads\/2021\/06\/WhatsApp-Image-2021-06-23-at-12.40.25.jpeg","datePublished":"2021-06-23T10:52:12+00:00","author":{"@id":"https:\/\/www.caudete.org\/ayuntamiento\/#\/schema\/person\/cc646da9133078ee4d8dd47457947253"},"description":"P\u00e1gina Oficial del Ayuntamiento de Caudete (Albacete)","breadcrumb":{"@id":"https:\/\/www.caudete.org\/ayuntamiento\/licitadas-las-obras-de-ampliacion-de-aseos-en-el-bar-municipal-la-piscina\/#breadcrumb"},"inLanguage":"es","potentialAction":[{"@type":"ReadAction","target":["https:\/\/www.caudete.org\/ayuntamiento\/licitadas-las-obras-de-ampliacion-de-aseos-en-el-bar-municipal-la-piscina\/"]}]},{"@type":"ImageObject","inLanguage":"es","@id":"https:\/\/www.caudete.org\/ayuntamiento\/licitadas-las-obras-de-ampliacion-de-aseos-en-el-bar-municipal-la-piscina\/#primaryimage","url":"https:\/\/www.caudete.org\/ayuntamiento\/wp-content\/uploads\/2021\/06\/WhatsApp-Image-2021-06-23-at-12.40.25.jpeg","contentUrl":"https:\/\/www.caudete.org\/ayuntamiento\/wp-content\/uploads\/2021\/06\/WhatsApp-Image-2021-06-23-at-12.40.25.jpeg","width":1344,"height":895},{"@type":"BreadcrumbList","@id":"https:\/\/www.caudete.org\/ayuntamiento\/licitadas-las-obras-de-ampliacion-de-aseos-en-el-bar-municipal-la-piscina\/#breadcrumb","itemListElement":[{"@type":"ListItem","position":1,"name":"Inicio","item":"https:\/\/www.caudete.org\/ayuntamiento\/"},{"@type":"ListItem","position":2,"name":"Licitadas las obras de ampliaci\u00f3n de ASEOS en el Bar Municipal La Piscina"}]},{"@type":"WebSite","@id":"https:\/\/www.caudete.org\/ayuntamiento\/#website","url":"https:\/\/www.caudete.org\/ayuntamiento\/","name":"MI Ayuntamiento de Caudete","description":"P\u00e1gina Oficial del MI Ayuntamiento de Caudete","potentialAction":[{"@type":"SearchAction","target":{"@type":"EntryPoint","urlTemplate":"https:\/\/www.caudete.org\/ayuntamiento\/?s={search_term_string}"},"query-input":{"@type":"PropertyValueSpecification","valueRequired":true,"valueName":"search_term_string"}}],"inLanguage":"es"},{"@type":"Person","@id":"https:\/\/www.caudete.org\/ayuntamiento\/#\/schema\/person\/cc646da9133078ee4d8dd47457947253","name":"alcalde","image":{"@type":"ImageObject","inLanguage":"es","@id":"https:\/\/secure.gravatar.com\/avatar\/84a817ba065b29ff08d666b215a215f5c79186a645ccb25b14a663d48a130f77?s=96&d=mm&r=g","url":"https:\/\/secure.gravatar.com\/avatar\/84a817ba065b29ff08d666b215a215f5c79186a645ccb25b14a663d48a130f77?s=96&d=mm&r=g","contentUrl":"https:\/\/secure.gravatar.com\/avatar\/84a817ba065b29ff08d666b215a215f5c79186a645ccb25b14a663d48a130f77?s=96&d=mm&r=g","caption":"alcalde"},"url":"https:\/\/www.caudete.org\/ayuntamiento\/author\/alcalde\/"}]}},"_links":{"self":[{"href":"https:\/\/www.caudete.org\/ayuntamiento\/wp-json\/wp\/v2\/posts\/15116","targetHints":{"allow":["GET"]}}],"collection":[{"href":"https:\/\/www.caudete.org\/ayuntamiento\/wp-json\/wp\/v2\/posts"}],"about":[{"href":"https:\/\/www.caudete.org\/ayuntamiento\/wp-json\/wp\/v2\/types\/post"}],"author":[{"embeddable":true,"href":"https:\/\/www.caudete.org\/ayuntamiento\/wp-json\/wp\/v2\/users\/3"}],"replies":[{"embeddable":true,"href":"https:\/\/www.caudete.org\/ayuntamiento\/wp-json\/wp\/v2\/comments?post=15116"}],"version-history":[{"count":1,"href":"https:\/\/www.caudete.org\/ayuntamiento\/wp-json\/wp\/v2\/posts\/15116\/revisions"}],"predecessor-version":[{"id":15118,"href":"https:\/\/www.caudete.org\/ayuntamiento\/wp-json\/wp\/v2\/posts\/15116\/revisions\/15118"}],"wp:featuredmedia":[{"embeddable":true,"href":"https:\/\/www.caudete.org\/ayuntamiento\/wp-json\/wp\/v2\/media\/15117"}],"wp:attachment":[{"href":"https:\/\/www.caudete.org\/ayuntamiento\/wp-json\/wp\/v2\/media?parent=15116"}],"wp:term":[{"taxonomy":"category","embeddable":true,"href":"https:\/\/www.caudete.org\/ayuntamiento\/wp-json\/wp\/v2\/categories?post=15116"},{"taxonomy":"post_tag","embeddable":true,"href":"https:\/\/www.caudete.org\/ayuntamiento\/wp-json\/wp\/v2\/tags?post=15116"}],"curies":[{"name":"wp","href":"https:\/\/api.w.org\/{rel}","templated":true}]}}