{"id":15124,"date":"2021-06-24T18:33:56","date_gmt":"2021-06-24T16:33:56","guid":{"rendered":"https:\/\/www.caudete.org\/ayuntamiento\/?p=15124"},"modified":"2021-06-24T18:35:53","modified_gmt":"2021-06-24T16:35:53","slug":"inversion-de-10-000e-en-la-plaza-de-toros-para-reparar-el-enfoscado-interior-de-la-fachada","status":"publish","type":"post","link":"https:\/\/www.caudete.org\/ayuntamiento\/inversion-de-10-000e-en-la-plaza-de-toros-para-reparar-el-enfoscado-interior-de-la-fachada\/","title":{"rendered":"Inversi\u00f3n de 10.000\u20ac en la PLAZA DE TOROS para reparar el enfoscado interior de la fachada"},"content":{"rendered":"<p style=\"text-align: justify;\">El Ayuntamiento ha adjudicado por importe de 9.999&#8217;44\u20ac la ejecuci\u00f3n de obras de reparaci\u00f3n del enfoscado interior de la fachada para subsanar los desprendimientos puntuales existentes.<\/p>\n<p style=\"text-align: justify;\">Dicha actuaci\u00f3n, cabe destacar, forma parte del Plan Director de Intervenci\u00f3n aprobado en el a\u00f1o 2017 por el Pleno Municipal a propuesta de la Concejal\u00eda de Obras, encaminado a establecer las diferentes inversiones que precisa la Plaza de Toros, uno de los monumentos m\u00e1s queridos de la localidad.<\/p>\n<p style=\"text-align: justify;\">Los trabajos consistir\u00e1n en la retirada del enfoscado interior de las paredes de la Plaza que se encuentra en mal estado, mediante repicado, saneo y retirada del mismo, as\u00ed como de la limpieza a presi\u00f3n de los diferente pa\u00f1os que presentan desprendimientos, se est\u00e1n desprendiendo, para su posterior enfoscado con mortero de cal.<\/p>\n<p style=\"text-align: justify;\">La obra se ejecutar\u00e1 en un plazo de quince d\u00edas, por la empresa Signia Soluciones T\u00e9cnicas S.L., empresa con gran solvencia t\u00e9cnica en intervenciones sobre monumentos, actuaciones estructurales y soluciones t\u00e9cnicas.<\/p>\n","protected":false},"excerpt":{"rendered":"<p>El Ayuntamiento ha adjudicado por importe de 9.999&#8217;44\u20ac la ejecuci\u00f3n de obras de reparaci\u00f3n del enfoscado interior de la fachada para subsanar los desprendimientos puntuales existentes. Dicha actuaci\u00f3n, cabe destacar, forma parte del Plan Director de Intervenci\u00f3n aprobado en el a\u00f1o 2017 por el Pleno Municipal a propuesta de la Concejal\u00eda de Obras, encaminado a &hellip;<\/p>\n","protected":false},"author":3,"featured_media":15127,"comment_status":"closed","ping_status":"open","sticky":false,"template":"","format":"standard","meta":{"ngg_post_thumbnail":0,"footnotes":""},"categories":[675],"tags":[],"class_list":["post-15124","post","type-post","status-publish","format-standard","has-post-thumbnail","hentry","category-obras"],"yoast_head":"<!-- This site is optimized with the Yoast SEO plugin v27.5 - https:\/\/yoast.com\/product\/yoast-seo-wordpress\/ -->\n<title>Inversi\u00f3n de 10.000\u20ac en la PLAZA DE TOROS para reparar el enfoscado interior de la fachada - MI Ayuntamiento de Caudete<\/title>\n<meta name=\"description\" content=\"P\u00e1gina Oficial del Ayuntamiento de Caudete (Albacete)\" \/>\n<meta name=\"robots\" content=\"index, follow, max-snippet:-1, max-image-preview:large, max-video-preview:-1\" \/>\n<link rel=\"canonical\" href=\"https:\/\/www.caudete.org\/ayuntamiento\/inversion-de-10-000e-en-la-plaza-de-toros-para-reparar-el-enfoscado-interior-de-la-fachada\/\" \/>\n<meta property=\"og:locale\" content=\"es_ES\" \/>\n<meta property=\"og:type\" content=\"article\" \/>\n<meta property=\"og:title\" content=\"Inversi\u00f3n de 10.000\u20ac en la PLAZA DE TOROS para reparar el enfoscado interior de la fachada - MI Ayuntamiento de Caudete\" \/>\n<meta property=\"og:description\" content=\"P\u00e1gina Oficial del Ayuntamiento de Caudete (Albacete)\" \/>\n<meta property=\"og:url\" content=\"https:\/\/www.caudete.org\/ayuntamiento\/inversion-de-10-000e-en-la-plaza-de-toros-para-reparar-el-enfoscado-interior-de-la-fachada\/\" \/>\n<meta property=\"og:site_name\" content=\"MI Ayuntamiento de Caudete\" \/>\n<meta property=\"article:publisher\" content=\"https:\/\/www.facebook.com\/ayuntamientocaudete\/\" \/>\n<meta property=\"article:published_time\" content=\"2021-06-24T16:33:56+00:00\" \/>\n<meta property=\"article:modified_time\" content=\"2021-06-24T16:35:53+00:00\" \/>\n<meta property=\"og:image\" content=\"https:\/\/www.caudete.org\/ayuntamiento\/wp-content\/uploads\/2021\/06\/plaza-de-toros-caudete.jpg\" \/>\n\t<meta property=\"og:image:width\" content=\"1500\" \/>\n\t<meta property=\"og:image:height\" content=\"1125\" \/>\n\t<meta property=\"og:image:type\" content=\"image\/jpeg\" \/>\n<meta name=\"author\" content=\"alcalde\" \/>\n<meta name=\"twitter:card\" content=\"summary_large_image\" \/>\n<meta name=\"twitter:label1\" content=\"Escrito por\" \/>\n\t<meta name=\"twitter:data1\" content=\"alcalde\" \/>\n\t<meta name=\"twitter:label2\" content=\"Tiempo de lectura\" \/>\n\t<meta name=\"twitter:data2\" content=\"1 minuto\" \/>\n<script type=\"application\/ld+json\" class=\"yoast-schema-graph\">{\"@context\":\"https:\\\/\\\/schema.org\",\"@graph\":[{\"@type\":\"Article\",\"@id\":\"https:\\\/\\\/www.caudete.org\\\/ayuntamiento\\\/inversion-de-10-000e-en-la-plaza-de-toros-para-reparar-el-enfoscado-interior-de-la-fachada\\\/#article\",\"isPartOf\":{\"@id\":\"https:\\\/\\\/www.caudete.org\\\/ayuntamiento\\\/inversion-de-10-000e-en-la-plaza-de-toros-para-reparar-el-enfoscado-interior-de-la-fachada\\\/\"},\"author\":{\"name\":\"alcalde\",\"@id\":\"https:\\\/\\\/www.caudete.org\\\/ayuntamiento\\\/#\\\/schema\\\/person\\\/cc646da9133078ee4d8dd47457947253\"},\"headline\":\"Inversi\u00f3n de 10.000\u20ac en la PLAZA DE TOROS para reparar el enfoscado interior de la fachada\",\"datePublished\":\"2021-06-24T16:33:56+00:00\",\"dateModified\":\"2021-06-24T16:35:53+00:00\",\"mainEntityOfPage\":{\"@id\":\"https:\\\/\\\/www.caudete.org\\\/ayuntamiento\\\/inversion-de-10-000e-en-la-plaza-de-toros-para-reparar-el-enfoscado-interior-de-la-fachada\\\/\"},\"wordCount\":188,\"image\":{\"@id\":\"https:\\\/\\\/www.caudete.org\\\/ayuntamiento\\\/inversion-de-10-000e-en-la-plaza-de-toros-para-reparar-el-enfoscado-interior-de-la-fachada\\\/#primaryimage\"},\"thumbnailUrl\":\"https:\\\/\\\/www.caudete.org\\\/ayuntamiento\\\/wp-content\\\/uploads\\\/2021\\\/06\\\/plaza-de-toros-caudete.jpg\",\"articleSection\":[\"Obras\"],\"inLanguage\":\"es\"},{\"@type\":\"WebPage\",\"@id\":\"https:\\\/\\\/www.caudete.org\\\/ayuntamiento\\\/inversion-de-10-000e-en-la-plaza-de-toros-para-reparar-el-enfoscado-interior-de-la-fachada\\\/\",\"url\":\"https:\\\/\\\/www.caudete.org\\\/ayuntamiento\\\/inversion-de-10-000e-en-la-plaza-de-toros-para-reparar-el-enfoscado-interior-de-la-fachada\\\/\",\"name\":\"Inversi\u00f3n de 10.000\u20ac en la PLAZA DE TOROS para reparar el enfoscado interior de la fachada - MI Ayuntamiento de Caudete\",\"isPartOf\":{\"@id\":\"https:\\\/\\\/www.caudete.org\\\/ayuntamiento\\\/#website\"},\"primaryImageOfPage\":{\"@id\":\"https:\\\/\\\/www.caudete.org\\\/ayuntamiento\\\/inversion-de-10-000e-en-la-plaza-de-toros-para-reparar-el-enfoscado-interior-de-la-fachada\\\/#primaryimage\"},\"image\":{\"@id\":\"https:\\\/\\\/www.caudete.org\\\/ayuntamiento\\\/inversion-de-10-000e-en-la-plaza-de-toros-para-reparar-el-enfoscado-interior-de-la-fachada\\\/#primaryimage\"},\"thumbnailUrl\":\"https:\\\/\\\/www.caudete.org\\\/ayuntamiento\\\/wp-content\\\/uploads\\\/2021\\\/06\\\/plaza-de-toros-caudete.jpg\",\"datePublished\":\"2021-06-24T16:33:56+00:00\",\"dateModified\":\"2021-06-24T16:35:53+00:00\",\"author\":{\"@id\":\"https:\\\/\\\/www.caudete.org\\\/ayuntamiento\\\/#\\\/schema\\\/person\\\/cc646da9133078ee4d8dd47457947253\"},\"description\":\"P\u00e1gina Oficial del Ayuntamiento de Caudete (Albacete)\",\"breadcrumb\":{\"@id\":\"https:\\\/\\\/www.caudete.org\\\/ayuntamiento\\\/inversion-de-10-000e-en-la-plaza-de-toros-para-reparar-el-enfoscado-interior-de-la-fachada\\\/#breadcrumb\"},\"inLanguage\":\"es\",\"potentialAction\":[{\"@type\":\"ReadAction\",\"target\":[\"https:\\\/\\\/www.caudete.org\\\/ayuntamiento\\\/inversion-de-10-000e-en-la-plaza-de-toros-para-reparar-el-enfoscado-interior-de-la-fachada\\\/\"]}]},{\"@type\":\"ImageObject\",\"inLanguage\":\"es\",\"@id\":\"https:\\\/\\\/www.caudete.org\\\/ayuntamiento\\\/inversion-de-10-000e-en-la-plaza-de-toros-para-reparar-el-enfoscado-interior-de-la-fachada\\\/#primaryimage\",\"url\":\"https:\\\/\\\/www.caudete.org\\\/ayuntamiento\\\/wp-content\\\/uploads\\\/2021\\\/06\\\/plaza-de-toros-caudete.jpg\",\"contentUrl\":\"https:\\\/\\\/www.caudete.org\\\/ayuntamiento\\\/wp-content\\\/uploads\\\/2021\\\/06\\\/plaza-de-toros-caudete.jpg\",\"width\":1500,\"height\":1125,\"caption\":\"OLYMPUS DIGITAL CAMERA\"},{\"@type\":\"BreadcrumbList\",\"@id\":\"https:\\\/\\\/www.caudete.org\\\/ayuntamiento\\\/inversion-de-10-000e-en-la-plaza-de-toros-para-reparar-el-enfoscado-interior-de-la-fachada\\\/#breadcrumb\",\"itemListElement\":[{\"@type\":\"ListItem\",\"position\":1,\"name\":\"Inicio\",\"item\":\"https:\\\/\\\/www.caudete.org\\\/ayuntamiento\\\/\"},{\"@type\":\"ListItem\",\"position\":2,\"name\":\"Inversi\u00f3n de 10.000\u20ac en la PLAZA DE TOROS para reparar el enfoscado interior de la fachada\"}]},{\"@type\":\"WebSite\",\"@id\":\"https:\\\/\\\/www.caudete.org\\\/ayuntamiento\\\/#website\",\"url\":\"https:\\\/\\\/www.caudete.org\\\/ayuntamiento\\\/\",\"name\":\"MI Ayuntamiento de Caudete\",\"description\":\"P\u00e1gina Oficial del MI Ayuntamiento de Caudete\",\"potentialAction\":[{\"@type\":\"SearchAction\",\"target\":{\"@type\":\"EntryPoint\",\"urlTemplate\":\"https:\\\/\\\/www.caudete.org\\\/ayuntamiento\\\/?s={search_term_string}\"},\"query-input\":{\"@type\":\"PropertyValueSpecification\",\"valueRequired\":true,\"valueName\":\"search_term_string\"}}],\"inLanguage\":\"es\"},{\"@type\":\"Person\",\"@id\":\"https:\\\/\\\/www.caudete.org\\\/ayuntamiento\\\/#\\\/schema\\\/person\\\/cc646da9133078ee4d8dd47457947253\",\"name\":\"alcalde\",\"image\":{\"@type\":\"ImageObject\",\"inLanguage\":\"es\",\"@id\":\"https:\\\/\\\/secure.gravatar.com\\\/avatar\\\/84a817ba065b29ff08d666b215a215f5c79186a645ccb25b14a663d48a130f77?s=96&d=mm&r=g\",\"url\":\"https:\\\/\\\/secure.gravatar.com\\\/avatar\\\/84a817ba065b29ff08d666b215a215f5c79186a645ccb25b14a663d48a130f77?s=96&d=mm&r=g\",\"contentUrl\":\"https:\\\/\\\/secure.gravatar.com\\\/avatar\\\/84a817ba065b29ff08d666b215a215f5c79186a645ccb25b14a663d48a130f77?s=96&d=mm&r=g\",\"caption\":\"alcalde\"},\"url\":\"https:\\\/\\\/www.caudete.org\\\/ayuntamiento\\\/author\\\/alcalde\\\/\"}]}<\/script>\n<!-- \/ Yoast SEO plugin. -->","yoast_head_json":{"title":"Inversi\u00f3n de 10.000\u20ac en la PLAZA DE TOROS para reparar el enfoscado interior de la fachada - MI Ayuntamiento de Caudete","description":"P\u00e1gina Oficial del Ayuntamiento de Caudete (Albacete)","robots":{"index":"index","follow":"follow","max-snippet":"max-snippet:-1","max-image-preview":"max-image-preview:large","max-video-preview":"max-video-preview:-1"},"canonical":"https:\/\/www.caudete.org\/ayuntamiento\/inversion-de-10-000e-en-la-plaza-de-toros-para-reparar-el-enfoscado-interior-de-la-fachada\/","og_locale":"es_ES","og_type":"article","og_title":"Inversi\u00f3n de 10.000\u20ac en la PLAZA DE TOROS para reparar el enfoscado interior de la fachada - MI Ayuntamiento de Caudete","og_description":"P\u00e1gina Oficial del Ayuntamiento de Caudete (Albacete)","og_url":"https:\/\/www.caudete.org\/ayuntamiento\/inversion-de-10-000e-en-la-plaza-de-toros-para-reparar-el-enfoscado-interior-de-la-fachada\/","og_site_name":"MI Ayuntamiento de Caudete","article_publisher":"https:\/\/www.facebook.com\/ayuntamientocaudete\/","article_published_time":"2021-06-24T16:33:56+00:00","article_modified_time":"2021-06-24T16:35:53+00:00","og_image":[{"width":1500,"height":1125,"url":"https:\/\/www.caudete.org\/ayuntamiento\/wp-content\/uploads\/2021\/06\/plaza-de-toros-caudete.jpg","type":"image\/jpeg"}],"author":"alcalde","twitter_card":"summary_large_image","twitter_misc":{"Escrito por":"alcalde","Tiempo de lectura":"1 minuto"},"schema":{"@context":"https:\/\/schema.org","@graph":[{"@type":"Article","@id":"https:\/\/www.caudete.org\/ayuntamiento\/inversion-de-10-000e-en-la-plaza-de-toros-para-reparar-el-enfoscado-interior-de-la-fachada\/#article","isPartOf":{"@id":"https:\/\/www.caudete.org\/ayuntamiento\/inversion-de-10-000e-en-la-plaza-de-toros-para-reparar-el-enfoscado-interior-de-la-fachada\/"},"author":{"name":"alcalde","@id":"https:\/\/www.caudete.org\/ayuntamiento\/#\/schema\/person\/cc646da9133078ee4d8dd47457947253"},"headline":"Inversi\u00f3n de 10.000\u20ac en la PLAZA DE TOROS para reparar el enfoscado interior de la fachada","datePublished":"2021-06-24T16:33:56+00:00","dateModified":"2021-06-24T16:35:53+00:00","mainEntityOfPage":{"@id":"https:\/\/www.caudete.org\/ayuntamiento\/inversion-de-10-000e-en-la-plaza-de-toros-para-reparar-el-enfoscado-interior-de-la-fachada\/"},"wordCount":188,"image":{"@id":"https:\/\/www.caudete.org\/ayuntamiento\/inversion-de-10-000e-en-la-plaza-de-toros-para-reparar-el-enfoscado-interior-de-la-fachada\/#primaryimage"},"thumbnailUrl":"https:\/\/www.caudete.org\/ayuntamiento\/wp-content\/uploads\/2021\/06\/plaza-de-toros-caudete.jpg","articleSection":["Obras"],"inLanguage":"es"},{"@type":"WebPage","@id":"https:\/\/www.caudete.org\/ayuntamiento\/inversion-de-10-000e-en-la-plaza-de-toros-para-reparar-el-enfoscado-interior-de-la-fachada\/","url":"https:\/\/www.caudete.org\/ayuntamiento\/inversion-de-10-000e-en-la-plaza-de-toros-para-reparar-el-enfoscado-interior-de-la-fachada\/","name":"Inversi\u00f3n de 10.000\u20ac en la PLAZA DE TOROS para reparar el enfoscado interior de la fachada - MI Ayuntamiento de Caudete","isPartOf":{"@id":"https:\/\/www.caudete.org\/ayuntamiento\/#website"},"primaryImageOfPage":{"@id":"https:\/\/www.caudete.org\/ayuntamiento\/inversion-de-10-000e-en-la-plaza-de-toros-para-reparar-el-enfoscado-interior-de-la-fachada\/#primaryimage"},"image":{"@id":"https:\/\/www.caudete.org\/ayuntamiento\/inversion-de-10-000e-en-la-plaza-de-toros-para-reparar-el-enfoscado-interior-de-la-fachada\/#primaryimage"},"thumbnailUrl":"https:\/\/www.caudete.org\/ayuntamiento\/wp-content\/uploads\/2021\/06\/plaza-de-toros-caudete.jpg","datePublished":"2021-06-24T16:33:56+00:00","dateModified":"2021-06-24T16:35:53+00:00","author":{"@id":"https:\/\/www.caudete.org\/ayuntamiento\/#\/schema\/person\/cc646da9133078ee4d8dd47457947253"},"description":"P\u00e1gina Oficial del Ayuntamiento de Caudete (Albacete)","breadcrumb":{"@id":"https:\/\/www.caudete.org\/ayuntamiento\/inversion-de-10-000e-en-la-plaza-de-toros-para-reparar-el-enfoscado-interior-de-la-fachada\/#breadcrumb"},"inLanguage":"es","potentialAction":[{"@type":"ReadAction","target":["https:\/\/www.caudete.org\/ayuntamiento\/inversion-de-10-000e-en-la-plaza-de-toros-para-reparar-el-enfoscado-interior-de-la-fachada\/"]}]},{"@type":"ImageObject","inLanguage":"es","@id":"https:\/\/www.caudete.org\/ayuntamiento\/inversion-de-10-000e-en-la-plaza-de-toros-para-reparar-el-enfoscado-interior-de-la-fachada\/#primaryimage","url":"https:\/\/www.caudete.org\/ayuntamiento\/wp-content\/uploads\/2021\/06\/plaza-de-toros-caudete.jpg","contentUrl":"https:\/\/www.caudete.org\/ayuntamiento\/wp-content\/uploads\/2021\/06\/plaza-de-toros-caudete.jpg","width":1500,"height":1125,"caption":"OLYMPUS DIGITAL CAMERA"},{"@type":"BreadcrumbList","@id":"https:\/\/www.caudete.org\/ayuntamiento\/inversion-de-10-000e-en-la-plaza-de-toros-para-reparar-el-enfoscado-interior-de-la-fachada\/#breadcrumb","itemListElement":[{"@type":"ListItem","position":1,"name":"Inicio","item":"https:\/\/www.caudete.org\/ayuntamiento\/"},{"@type":"ListItem","position":2,"name":"Inversi\u00f3n de 10.000\u20ac en la PLAZA DE TOROS para reparar el enfoscado interior de la fachada"}]},{"@type":"WebSite","@id":"https:\/\/www.caudete.org\/ayuntamiento\/#website","url":"https:\/\/www.caudete.org\/ayuntamiento\/","name":"MI Ayuntamiento de Caudete","description":"P\u00e1gina Oficial del MI Ayuntamiento de Caudete","potentialAction":[{"@type":"SearchAction","target":{"@type":"EntryPoint","urlTemplate":"https:\/\/www.caudete.org\/ayuntamiento\/?s={search_term_string}"},"query-input":{"@type":"PropertyValueSpecification","valueRequired":true,"valueName":"search_term_string"}}],"inLanguage":"es"},{"@type":"Person","@id":"https:\/\/www.caudete.org\/ayuntamiento\/#\/schema\/person\/cc646da9133078ee4d8dd47457947253","name":"alcalde","image":{"@type":"ImageObject","inLanguage":"es","@id":"https:\/\/secure.gravatar.com\/avatar\/84a817ba065b29ff08d666b215a215f5c79186a645ccb25b14a663d48a130f77?s=96&d=mm&r=g","url":"https:\/\/secure.gravatar.com\/avatar\/84a817ba065b29ff08d666b215a215f5c79186a645ccb25b14a663d48a130f77?s=96&d=mm&r=g","contentUrl":"https:\/\/secure.gravatar.com\/avatar\/84a817ba065b29ff08d666b215a215f5c79186a645ccb25b14a663d48a130f77?s=96&d=mm&r=g","caption":"alcalde"},"url":"https:\/\/www.caudete.org\/ayuntamiento\/author\/alcalde\/"}]}},"_links":{"self":[{"href":"https:\/\/www.caudete.org\/ayuntamiento\/wp-json\/wp\/v2\/posts\/15124","targetHints":{"allow":["GET"]}}],"collection":[{"href":"https:\/\/www.caudete.org\/ayuntamiento\/wp-json\/wp\/v2\/posts"}],"about":[{"href":"https:\/\/www.caudete.org\/ayuntamiento\/wp-json\/wp\/v2\/types\/post"}],"author":[{"embeddable":true,"href":"https:\/\/www.caudete.org\/ayuntamiento\/wp-json\/wp\/v2\/users\/3"}],"replies":[{"embeddable":true,"href":"https:\/\/www.caudete.org\/ayuntamiento\/wp-json\/wp\/v2\/comments?post=15124"}],"version-history":[{"count":1,"href":"https:\/\/www.caudete.org\/ayuntamiento\/wp-json\/wp\/v2\/posts\/15124\/revisions"}],"predecessor-version":[{"id":15126,"href":"https:\/\/www.caudete.org\/ayuntamiento\/wp-json\/wp\/v2\/posts\/15124\/revisions\/15126"}],"wp:featuredmedia":[{"embeddable":true,"href":"https:\/\/www.caudete.org\/ayuntamiento\/wp-json\/wp\/v2\/media\/15127"}],"wp:attachment":[{"href":"https:\/\/www.caudete.org\/ayuntamiento\/wp-json\/wp\/v2\/media?parent=15124"}],"wp:term":[{"taxonomy":"category","embeddable":true,"href":"https:\/\/www.caudete.org\/ayuntamiento\/wp-json\/wp\/v2\/categories?post=15124"},{"taxonomy":"post_tag","embeddable":true,"href":"https:\/\/www.caudete.org\/ayuntamiento\/wp-json\/wp\/v2\/tags?post=15124"}],"curies":[{"name":"wp","href":"https:\/\/api.w.org\/{rel}","templated":true}]}}