{"id":15128,"date":"2021-06-24T21:15:18","date_gmt":"2021-06-24T19:15:18","guid":{"rendered":"https:\/\/www.caudete.org\/ayuntamiento\/?p=15128"},"modified":"2021-06-24T20:43:44","modified_gmt":"2021-06-24T18:43:44","slug":"natalia-banon-nueva-concejal-de-la-corporacion-en-el-grupo-popular","status":"publish","type":"post","link":"https:\/\/www.caudete.org\/ayuntamiento\/natalia-banon-nueva-concejal-de-la-corporacion-en-el-grupo-popular\/","title":{"rendered":"Natalia Ba\u00f1\u00f3n, nueva Concejal de la Corporaci\u00f3n en el Grupo Popular"},"content":{"rendered":"<p style=\"text-align: justify;\">Hace unos momentos finalizaba la sesi\u00f3n plenaria de car\u00e1cter extraordinario que celebraba la Corporaci\u00f3n Municipal, en el que Natalia Ba\u00f1\u00f3n Huesca abr\u00eda el Orden del D\u00eda para aceptar el Acta de Concejal, dentro del Grupo Municipal Popular.<\/p>\n<p style=\"text-align: justify;\">Tras efectuar el juramento ante la Constituci\u00f3n, el Alcalde le ha impuesto la insignia municipal, y ya ocupados los asientos, le ha felicitado en nombre del Equipo de Gobierno en particular, y en general de la Corporaci\u00f3n en su conjunto, por la nueva etapa que se abre ante ella, dese\u00e1ndole \u00e9xito y acierto en sus gestiones dentro del Gobierno Municipal, y ante las delegaciones y competencias que le ser\u00e1n delegadas en d\u00edas pr\u00f3ximos, donde la mejora de los servicios y condiciones de vida de los caudetanos ha de ser su m\u00e1xima.<\/p>\n<p style=\"text-align: justify;\">Igualmente, ha recibido la felicitaci\u00f3n del Grupo Municipal Socialista por la decisi\u00f3n valiente de a mitad de legislatura sumarse a un proyecto com\u00fan para Caudete, quienes igualmente le han deseado \u00e9xito, ya que los mismos ser\u00e1n en beneficio de los caudetanos.<\/p>\n<p>&nbsp;<\/p>\n","protected":false},"excerpt":{"rendered":"<p>Hace unos momentos finalizaba la sesi\u00f3n plenaria de car\u00e1cter extraordinario que celebraba la Corporaci\u00f3n Municipal, en el que Natalia Ba\u00f1\u00f3n Huesca abr\u00eda el Orden del D\u00eda para aceptar el Acta de Concejal, dentro del Grupo Municipal Popular. Tras efectuar el juramento ante la Constituci\u00f3n, el Alcalde le ha impuesto la insignia municipal, y ya ocupados &hellip;<\/p>\n","protected":false},"author":3,"featured_media":15129,"comment_status":"closed","ping_status":"open","sticky":false,"template":"","format":"standard","meta":{"ngg_post_thumbnail":0,"footnotes":""},"categories":[20],"tags":[],"class_list":["post-15128","post","type-post","status-publish","format-standard","has-post-thumbnail","hentry","category-ayuntamiento"],"yoast_head":"<!-- This site is optimized with the Yoast SEO plugin v27.5 - https:\/\/yoast.com\/product\/yoast-seo-wordpress\/ -->\n<title>Natalia Ba\u00f1\u00f3n, nueva Concejal de la Corporaci\u00f3n en el Grupo Popular - MI Ayuntamiento de Caudete<\/title>\n<meta name=\"description\" content=\"P\u00e1gina Oficial del Ayuntamiento de Caudete (Albacete)\" \/>\n<meta name=\"robots\" content=\"index, follow, max-snippet:-1, max-image-preview:large, max-video-preview:-1\" \/>\n<link rel=\"canonical\" href=\"https:\/\/www.caudete.org\/ayuntamiento\/natalia-banon-nueva-concejal-de-la-corporacion-en-el-grupo-popular\/\" \/>\n<meta property=\"og:locale\" content=\"es_ES\" \/>\n<meta property=\"og:type\" content=\"article\" \/>\n<meta property=\"og:title\" content=\"Natalia Ba\u00f1\u00f3n, nueva Concejal de la Corporaci\u00f3n en el Grupo Popular - MI Ayuntamiento de Caudete\" \/>\n<meta property=\"og:description\" content=\"P\u00e1gina Oficial del Ayuntamiento de Caudete (Albacete)\" \/>\n<meta property=\"og:url\" content=\"https:\/\/www.caudete.org\/ayuntamiento\/natalia-banon-nueva-concejal-de-la-corporacion-en-el-grupo-popular\/\" \/>\n<meta property=\"og:site_name\" content=\"MI Ayuntamiento de Caudete\" \/>\n<meta property=\"article:publisher\" content=\"https:\/\/www.facebook.com\/ayuntamientocaudete\/\" \/>\n<meta property=\"article:published_time\" content=\"2021-06-24T19:15:18+00:00\" \/>\n<meta property=\"og:image\" content=\"https:\/\/www.caudete.org\/ayuntamiento\/wp-content\/uploads\/2021\/06\/WhatsApp-Image-2021-06-24-at-20.14.58.jpeg\" \/>\n\t<meta property=\"og:image:width\" content=\"2048\" \/>\n\t<meta property=\"og:image:height\" content=\"1537\" \/>\n\t<meta property=\"og:image:type\" content=\"image\/jpeg\" \/>\n<meta name=\"author\" content=\"alcalde\" \/>\n<meta name=\"twitter:card\" content=\"summary_large_image\" \/>\n<meta name=\"twitter:label1\" content=\"Escrito por\" \/>\n\t<meta name=\"twitter:data1\" content=\"alcalde\" \/>\n\t<meta name=\"twitter:label2\" content=\"Tiempo de lectura\" \/>\n\t<meta name=\"twitter:data2\" content=\"1 minuto\" \/>\n<script type=\"application\/ld+json\" class=\"yoast-schema-graph\">{\"@context\":\"https:\\\/\\\/schema.org\",\"@graph\":[{\"@type\":\"Article\",\"@id\":\"https:\\\/\\\/www.caudete.org\\\/ayuntamiento\\\/natalia-banon-nueva-concejal-de-la-corporacion-en-el-grupo-popular\\\/#article\",\"isPartOf\":{\"@id\":\"https:\\\/\\\/www.caudete.org\\\/ayuntamiento\\\/natalia-banon-nueva-concejal-de-la-corporacion-en-el-grupo-popular\\\/\"},\"author\":{\"name\":\"alcalde\",\"@id\":\"https:\\\/\\\/www.caudete.org\\\/ayuntamiento\\\/#\\\/schema\\\/person\\\/cc646da9133078ee4d8dd47457947253\"},\"headline\":\"Natalia Ba\u00f1\u00f3n, nueva Concejal de la Corporaci\u00f3n en el Grupo Popular\",\"datePublished\":\"2021-06-24T19:15:18+00:00\",\"mainEntityOfPage\":{\"@id\":\"https:\\\/\\\/www.caudete.org\\\/ayuntamiento\\\/natalia-banon-nueva-concejal-de-la-corporacion-en-el-grupo-popular\\\/\"},\"wordCount\":200,\"image\":{\"@id\":\"https:\\\/\\\/www.caudete.org\\\/ayuntamiento\\\/natalia-banon-nueva-concejal-de-la-corporacion-en-el-grupo-popular\\\/#primaryimage\"},\"thumbnailUrl\":\"https:\\\/\\\/www.caudete.org\\\/ayuntamiento\\\/wp-content\\\/uploads\\\/2021\\\/06\\\/WhatsApp-Image-2021-06-24-at-20.14.58.jpeg\",\"articleSection\":[\"Ayuntamiento\"],\"inLanguage\":\"es\"},{\"@type\":\"WebPage\",\"@id\":\"https:\\\/\\\/www.caudete.org\\\/ayuntamiento\\\/natalia-banon-nueva-concejal-de-la-corporacion-en-el-grupo-popular\\\/\",\"url\":\"https:\\\/\\\/www.caudete.org\\\/ayuntamiento\\\/natalia-banon-nueva-concejal-de-la-corporacion-en-el-grupo-popular\\\/\",\"name\":\"Natalia Ba\u00f1\u00f3n, nueva Concejal de la Corporaci\u00f3n en el Grupo Popular - MI Ayuntamiento de Caudete\",\"isPartOf\":{\"@id\":\"https:\\\/\\\/www.caudete.org\\\/ayuntamiento\\\/#website\"},\"primaryImageOfPage\":{\"@id\":\"https:\\\/\\\/www.caudete.org\\\/ayuntamiento\\\/natalia-banon-nueva-concejal-de-la-corporacion-en-el-grupo-popular\\\/#primaryimage\"},\"image\":{\"@id\":\"https:\\\/\\\/www.caudete.org\\\/ayuntamiento\\\/natalia-banon-nueva-concejal-de-la-corporacion-en-el-grupo-popular\\\/#primaryimage\"},\"thumbnailUrl\":\"https:\\\/\\\/www.caudete.org\\\/ayuntamiento\\\/wp-content\\\/uploads\\\/2021\\\/06\\\/WhatsApp-Image-2021-06-24-at-20.14.58.jpeg\",\"datePublished\":\"2021-06-24T19:15:18+00:00\",\"author\":{\"@id\":\"https:\\\/\\\/www.caudete.org\\\/ayuntamiento\\\/#\\\/schema\\\/person\\\/cc646da9133078ee4d8dd47457947253\"},\"description\":\"P\u00e1gina Oficial del Ayuntamiento de Caudete (Albacete)\",\"breadcrumb\":{\"@id\":\"https:\\\/\\\/www.caudete.org\\\/ayuntamiento\\\/natalia-banon-nueva-concejal-de-la-corporacion-en-el-grupo-popular\\\/#breadcrumb\"},\"inLanguage\":\"es\",\"potentialAction\":[{\"@type\":\"ReadAction\",\"target\":[\"https:\\\/\\\/www.caudete.org\\\/ayuntamiento\\\/natalia-banon-nueva-concejal-de-la-corporacion-en-el-grupo-popular\\\/\"]}]},{\"@type\":\"ImageObject\",\"inLanguage\":\"es\",\"@id\":\"https:\\\/\\\/www.caudete.org\\\/ayuntamiento\\\/natalia-banon-nueva-concejal-de-la-corporacion-en-el-grupo-popular\\\/#primaryimage\",\"url\":\"https:\\\/\\\/www.caudete.org\\\/ayuntamiento\\\/wp-content\\\/uploads\\\/2021\\\/06\\\/WhatsApp-Image-2021-06-24-at-20.14.58.jpeg\",\"contentUrl\":\"https:\\\/\\\/www.caudete.org\\\/ayuntamiento\\\/wp-content\\\/uploads\\\/2021\\\/06\\\/WhatsApp-Image-2021-06-24-at-20.14.58.jpeg\",\"width\":2048,\"height\":1537},{\"@type\":\"BreadcrumbList\",\"@id\":\"https:\\\/\\\/www.caudete.org\\\/ayuntamiento\\\/natalia-banon-nueva-concejal-de-la-corporacion-en-el-grupo-popular\\\/#breadcrumb\",\"itemListElement\":[{\"@type\":\"ListItem\",\"position\":1,\"name\":\"Inicio\",\"item\":\"https:\\\/\\\/www.caudete.org\\\/ayuntamiento\\\/\"},{\"@type\":\"ListItem\",\"position\":2,\"name\":\"Natalia Ba\u00f1\u00f3n, nueva Concejal de la Corporaci\u00f3n en el Grupo Popular\"}]},{\"@type\":\"WebSite\",\"@id\":\"https:\\\/\\\/www.caudete.org\\\/ayuntamiento\\\/#website\",\"url\":\"https:\\\/\\\/www.caudete.org\\\/ayuntamiento\\\/\",\"name\":\"MI Ayuntamiento de Caudete\",\"description\":\"P\u00e1gina Oficial del MI Ayuntamiento de Caudete\",\"potentialAction\":[{\"@type\":\"SearchAction\",\"target\":{\"@type\":\"EntryPoint\",\"urlTemplate\":\"https:\\\/\\\/www.caudete.org\\\/ayuntamiento\\\/?s={search_term_string}\"},\"query-input\":{\"@type\":\"PropertyValueSpecification\",\"valueRequired\":true,\"valueName\":\"search_term_string\"}}],\"inLanguage\":\"es\"},{\"@type\":\"Person\",\"@id\":\"https:\\\/\\\/www.caudete.org\\\/ayuntamiento\\\/#\\\/schema\\\/person\\\/cc646da9133078ee4d8dd47457947253\",\"name\":\"alcalde\",\"image\":{\"@type\":\"ImageObject\",\"inLanguage\":\"es\",\"@id\":\"https:\\\/\\\/secure.gravatar.com\\\/avatar\\\/84a817ba065b29ff08d666b215a215f5c79186a645ccb25b14a663d48a130f77?s=96&d=mm&r=g\",\"url\":\"https:\\\/\\\/secure.gravatar.com\\\/avatar\\\/84a817ba065b29ff08d666b215a215f5c79186a645ccb25b14a663d48a130f77?s=96&d=mm&r=g\",\"contentUrl\":\"https:\\\/\\\/secure.gravatar.com\\\/avatar\\\/84a817ba065b29ff08d666b215a215f5c79186a645ccb25b14a663d48a130f77?s=96&d=mm&r=g\",\"caption\":\"alcalde\"},\"url\":\"https:\\\/\\\/www.caudete.org\\\/ayuntamiento\\\/author\\\/alcalde\\\/\"}]}<\/script>\n<!-- \/ Yoast SEO plugin. -->","yoast_head_json":{"title":"Natalia Ba\u00f1\u00f3n, nueva Concejal de la Corporaci\u00f3n en el Grupo Popular - MI Ayuntamiento de Caudete","description":"P\u00e1gina Oficial del Ayuntamiento de Caudete (Albacete)","robots":{"index":"index","follow":"follow","max-snippet":"max-snippet:-1","max-image-preview":"max-image-preview:large","max-video-preview":"max-video-preview:-1"},"canonical":"https:\/\/www.caudete.org\/ayuntamiento\/natalia-banon-nueva-concejal-de-la-corporacion-en-el-grupo-popular\/","og_locale":"es_ES","og_type":"article","og_title":"Natalia Ba\u00f1\u00f3n, nueva Concejal de la Corporaci\u00f3n en el Grupo Popular - MI Ayuntamiento de Caudete","og_description":"P\u00e1gina Oficial del Ayuntamiento de Caudete (Albacete)","og_url":"https:\/\/www.caudete.org\/ayuntamiento\/natalia-banon-nueva-concejal-de-la-corporacion-en-el-grupo-popular\/","og_site_name":"MI Ayuntamiento de Caudete","article_publisher":"https:\/\/www.facebook.com\/ayuntamientocaudete\/","article_published_time":"2021-06-24T19:15:18+00:00","og_image":[{"width":2048,"height":1537,"url":"https:\/\/www.caudete.org\/ayuntamiento\/wp-content\/uploads\/2021\/06\/WhatsApp-Image-2021-06-24-at-20.14.58.jpeg","type":"image\/jpeg"}],"author":"alcalde","twitter_card":"summary_large_image","twitter_misc":{"Escrito por":"alcalde","Tiempo de lectura":"1 minuto"},"schema":{"@context":"https:\/\/schema.org","@graph":[{"@type":"Article","@id":"https:\/\/www.caudete.org\/ayuntamiento\/natalia-banon-nueva-concejal-de-la-corporacion-en-el-grupo-popular\/#article","isPartOf":{"@id":"https:\/\/www.caudete.org\/ayuntamiento\/natalia-banon-nueva-concejal-de-la-corporacion-en-el-grupo-popular\/"},"author":{"name":"alcalde","@id":"https:\/\/www.caudete.org\/ayuntamiento\/#\/schema\/person\/cc646da9133078ee4d8dd47457947253"},"headline":"Natalia Ba\u00f1\u00f3n, nueva Concejal de la Corporaci\u00f3n en el Grupo Popular","datePublished":"2021-06-24T19:15:18+00:00","mainEntityOfPage":{"@id":"https:\/\/www.caudete.org\/ayuntamiento\/natalia-banon-nueva-concejal-de-la-corporacion-en-el-grupo-popular\/"},"wordCount":200,"image":{"@id":"https:\/\/www.caudete.org\/ayuntamiento\/natalia-banon-nueva-concejal-de-la-corporacion-en-el-grupo-popular\/#primaryimage"},"thumbnailUrl":"https:\/\/www.caudete.org\/ayuntamiento\/wp-content\/uploads\/2021\/06\/WhatsApp-Image-2021-06-24-at-20.14.58.jpeg","articleSection":["Ayuntamiento"],"inLanguage":"es"},{"@type":"WebPage","@id":"https:\/\/www.caudete.org\/ayuntamiento\/natalia-banon-nueva-concejal-de-la-corporacion-en-el-grupo-popular\/","url":"https:\/\/www.caudete.org\/ayuntamiento\/natalia-banon-nueva-concejal-de-la-corporacion-en-el-grupo-popular\/","name":"Natalia Ba\u00f1\u00f3n, nueva Concejal de la Corporaci\u00f3n en el Grupo Popular - MI Ayuntamiento de Caudete","isPartOf":{"@id":"https:\/\/www.caudete.org\/ayuntamiento\/#website"},"primaryImageOfPage":{"@id":"https:\/\/www.caudete.org\/ayuntamiento\/natalia-banon-nueva-concejal-de-la-corporacion-en-el-grupo-popular\/#primaryimage"},"image":{"@id":"https:\/\/www.caudete.org\/ayuntamiento\/natalia-banon-nueva-concejal-de-la-corporacion-en-el-grupo-popular\/#primaryimage"},"thumbnailUrl":"https:\/\/www.caudete.org\/ayuntamiento\/wp-content\/uploads\/2021\/06\/WhatsApp-Image-2021-06-24-at-20.14.58.jpeg","datePublished":"2021-06-24T19:15:18+00:00","author":{"@id":"https:\/\/www.caudete.org\/ayuntamiento\/#\/schema\/person\/cc646da9133078ee4d8dd47457947253"},"description":"P\u00e1gina Oficial del Ayuntamiento de Caudete (Albacete)","breadcrumb":{"@id":"https:\/\/www.caudete.org\/ayuntamiento\/natalia-banon-nueva-concejal-de-la-corporacion-en-el-grupo-popular\/#breadcrumb"},"inLanguage":"es","potentialAction":[{"@type":"ReadAction","target":["https:\/\/www.caudete.org\/ayuntamiento\/natalia-banon-nueva-concejal-de-la-corporacion-en-el-grupo-popular\/"]}]},{"@type":"ImageObject","inLanguage":"es","@id":"https:\/\/www.caudete.org\/ayuntamiento\/natalia-banon-nueva-concejal-de-la-corporacion-en-el-grupo-popular\/#primaryimage","url":"https:\/\/www.caudete.org\/ayuntamiento\/wp-content\/uploads\/2021\/06\/WhatsApp-Image-2021-06-24-at-20.14.58.jpeg","contentUrl":"https:\/\/www.caudete.org\/ayuntamiento\/wp-content\/uploads\/2021\/06\/WhatsApp-Image-2021-06-24-at-20.14.58.jpeg","width":2048,"height":1537},{"@type":"BreadcrumbList","@id":"https:\/\/www.caudete.org\/ayuntamiento\/natalia-banon-nueva-concejal-de-la-corporacion-en-el-grupo-popular\/#breadcrumb","itemListElement":[{"@type":"ListItem","position":1,"name":"Inicio","item":"https:\/\/www.caudete.org\/ayuntamiento\/"},{"@type":"ListItem","position":2,"name":"Natalia Ba\u00f1\u00f3n, nueva Concejal de la Corporaci\u00f3n en el Grupo Popular"}]},{"@type":"WebSite","@id":"https:\/\/www.caudete.org\/ayuntamiento\/#website","url":"https:\/\/www.caudete.org\/ayuntamiento\/","name":"MI Ayuntamiento de Caudete","description":"P\u00e1gina Oficial del MI Ayuntamiento de Caudete","potentialAction":[{"@type":"SearchAction","target":{"@type":"EntryPoint","urlTemplate":"https:\/\/www.caudete.org\/ayuntamiento\/?s={search_term_string}"},"query-input":{"@type":"PropertyValueSpecification","valueRequired":true,"valueName":"search_term_string"}}],"inLanguage":"es"},{"@type":"Person","@id":"https:\/\/www.caudete.org\/ayuntamiento\/#\/schema\/person\/cc646da9133078ee4d8dd47457947253","name":"alcalde","image":{"@type":"ImageObject","inLanguage":"es","@id":"https:\/\/secure.gravatar.com\/avatar\/84a817ba065b29ff08d666b215a215f5c79186a645ccb25b14a663d48a130f77?s=96&d=mm&r=g","url":"https:\/\/secure.gravatar.com\/avatar\/84a817ba065b29ff08d666b215a215f5c79186a645ccb25b14a663d48a130f77?s=96&d=mm&r=g","contentUrl":"https:\/\/secure.gravatar.com\/avatar\/84a817ba065b29ff08d666b215a215f5c79186a645ccb25b14a663d48a130f77?s=96&d=mm&r=g","caption":"alcalde"},"url":"https:\/\/www.caudete.org\/ayuntamiento\/author\/alcalde\/"}]}},"_links":{"self":[{"href":"https:\/\/www.caudete.org\/ayuntamiento\/wp-json\/wp\/v2\/posts\/15128","targetHints":{"allow":["GET"]}}],"collection":[{"href":"https:\/\/www.caudete.org\/ayuntamiento\/wp-json\/wp\/v2\/posts"}],"about":[{"href":"https:\/\/www.caudete.org\/ayuntamiento\/wp-json\/wp\/v2\/types\/post"}],"author":[{"embeddable":true,"href":"https:\/\/www.caudete.org\/ayuntamiento\/wp-json\/wp\/v2\/users\/3"}],"replies":[{"embeddable":true,"href":"https:\/\/www.caudete.org\/ayuntamiento\/wp-json\/wp\/v2\/comments?post=15128"}],"version-history":[{"count":1,"href":"https:\/\/www.caudete.org\/ayuntamiento\/wp-json\/wp\/v2\/posts\/15128\/revisions"}],"predecessor-version":[{"id":15130,"href":"https:\/\/www.caudete.org\/ayuntamiento\/wp-json\/wp\/v2\/posts\/15128\/revisions\/15130"}],"wp:featuredmedia":[{"embeddable":true,"href":"https:\/\/www.caudete.org\/ayuntamiento\/wp-json\/wp\/v2\/media\/15129"}],"wp:attachment":[{"href":"https:\/\/www.caudete.org\/ayuntamiento\/wp-json\/wp\/v2\/media?parent=15128"}],"wp:term":[{"taxonomy":"category","embeddable":true,"href":"https:\/\/www.caudete.org\/ayuntamiento\/wp-json\/wp\/v2\/categories?post=15128"},{"taxonomy":"post_tag","embeddable":true,"href":"https:\/\/www.caudete.org\/ayuntamiento\/wp-json\/wp\/v2\/tags?post=15128"}],"curies":[{"name":"wp","href":"https:\/\/api.w.org\/{rel}","templated":true}]}}