{"id":15131,"date":"2021-06-24T21:16:48","date_gmt":"2021-06-24T19:16:48","guid":{"rendered":"https:\/\/www.caudete.org\/ayuntamiento\/?p=15131"},"modified":"2021-06-24T21:12:43","modified_gmt":"2021-06-24T19:12:43","slug":"la-corporacion-municipal-rinde-homenaje-a-la-memoria-de-jose-camarasa-albertos","status":"publish","type":"post","link":"https:\/\/www.caudete.org\/ayuntamiento\/la-corporacion-municipal-rinde-homenaje-a-la-memoria-de-jose-camarasa-albertos\/","title":{"rendered":"La Corporaci\u00f3n Municipal rinde homenaje a la memoria de Jos\u00e9 Camarasa Albertos"},"content":{"rendered":"<p style=\"text-align: justify;\"><span style=\"font-family: Helvetica, Arial, sans-serif;\">Al inicio de la sesi\u00f3n Plenaria de hoy, el Alcalde ha querido en nombre de toda la Corporaci\u00f3n Municipal, manifestar la tristeza por el fallecimiento de Jos\u00e9 Camarasa Albertos, a la vez que unas palabras de reconocimiento y recuerdo a quien fuera Concejal en las primeras legislaturas de la Democracia, y posteriormente Diputado en las Cortes Valencianas, territorio donde resid\u00eda.<\/span><\/p>\n<p style=\"text-align: justify;\"><span style=\"font-family: Helvetica, Arial, sans-serif;\"> Pepe, como se le conoc\u00eda en el pueblo, fue un caudetano ejemplar que supo aprovechar su trayectoria profesional para ayudar a quienes le rodeaban, especialmente si se trataba de echar una mano a cualquiera de sus paisanos.<\/span><\/p>\n<p style=\"text-align: justify;\"><span style=\"font-family: Helvetica, Arial, sans-serif;\">Luchador incansable, dedic\u00f3 la mayor parte de su vida a defender con ah\u00ednco sus ideas desde dentro de la actividad pol\u00edtica, \u00e1mbito donde cosech\u00f3 grandes amistades aun dentro de sus adversarios.<\/span><\/p>\n<p style=\"text-align: justify;\"><span style=\"font-family: helvetica, arial, sans-serif;\">Ha informado igualmente que en nombre de la Corporaci\u00f3n Municipal, y de todos los caudetanos ha trasladado personalmente las condolencias a viuda e hijos durante la Capilla Ardiente, adem\u00e1s de haber arriostrado las banderas durante todo el d\u00eda de hoy, que permanecer\u00e1n a media asta hasta la medianoche, en memoria y recuerdo de Camarasa, adem\u00e1s de enviar un detalle floral a su sepelio.<\/span><\/p>\n<p style=\"text-align: justify;\"><span style=\"font-family: Helvetica, Arial, sans-serif;\">Descanse en paz.<\/span><\/p>\n","protected":false},"excerpt":{"rendered":"<p>Al inicio de la sesi\u00f3n Plenaria de hoy, el Alcalde ha querido en nombre de toda la Corporaci\u00f3n Municipal, manifestar la tristeza por el fallecimiento de Jos\u00e9 Camarasa Albertos, a la vez que unas palabras de reconocimiento y recuerdo a quien fuera Concejal en las primeras legislaturas de la Democracia, y posteriormente Diputado en las &hellip;<\/p>\n","protected":false},"author":3,"featured_media":15132,"comment_status":"closed","ping_status":"open","sticky":false,"template":"","format":"standard","meta":{"ngg_post_thumbnail":0,"footnotes":""},"categories":[20],"tags":[],"class_list":["post-15131","post","type-post","status-publish","format-standard","has-post-thumbnail","hentry","category-ayuntamiento"],"yoast_head":"<!-- This site is optimized with the Yoast SEO plugin v27.5 - https:\/\/yoast.com\/product\/yoast-seo-wordpress\/ -->\n<title>La Corporaci\u00f3n Municipal rinde homenaje a la memoria de Jos\u00e9 Camarasa Albertos - MI Ayuntamiento de Caudete<\/title>\n<meta name=\"description\" content=\"P\u00e1gina Oficial del Ayuntamiento de Caudete (Albacete)\" \/>\n<meta name=\"robots\" content=\"index, follow, max-snippet:-1, max-image-preview:large, max-video-preview:-1\" \/>\n<link rel=\"canonical\" href=\"https:\/\/www.caudete.org\/ayuntamiento\/la-corporacion-municipal-rinde-homenaje-a-la-memoria-de-jose-camarasa-albertos\/\" \/>\n<meta property=\"og:locale\" content=\"es_ES\" \/>\n<meta property=\"og:type\" content=\"article\" \/>\n<meta property=\"og:title\" content=\"La Corporaci\u00f3n Municipal rinde homenaje a la memoria de Jos\u00e9 Camarasa Albertos - MI Ayuntamiento de Caudete\" \/>\n<meta property=\"og:description\" content=\"P\u00e1gina Oficial del Ayuntamiento de Caudete (Albacete)\" \/>\n<meta property=\"og:url\" content=\"https:\/\/www.caudete.org\/ayuntamiento\/la-corporacion-municipal-rinde-homenaje-a-la-memoria-de-jose-camarasa-albertos\/\" \/>\n<meta property=\"og:site_name\" content=\"MI Ayuntamiento de Caudete\" \/>\n<meta property=\"article:publisher\" content=\"https:\/\/www.facebook.com\/ayuntamientocaudete\/\" \/>\n<meta property=\"article:published_time\" content=\"2021-06-24T19:16:48+00:00\" \/>\n<meta property=\"og:image\" content=\"https:\/\/www.caudete.org\/ayuntamiento\/wp-content\/uploads\/2021\/06\/WhatsApp-Image-2021-06-24-at-21.01.59.jpeg\" \/>\n\t<meta property=\"og:image:width\" content=\"845\" \/>\n\t<meta property=\"og:image:height\" content=\"540\" \/>\n\t<meta property=\"og:image:type\" content=\"image\/jpeg\" \/>\n<meta name=\"author\" content=\"alcalde\" \/>\n<meta name=\"twitter:card\" content=\"summary_large_image\" \/>\n<meta name=\"twitter:label1\" content=\"Escrito por\" \/>\n\t<meta name=\"twitter:data1\" content=\"alcalde\" \/>\n\t<meta name=\"twitter:label2\" content=\"Tiempo de lectura\" \/>\n\t<meta name=\"twitter:data2\" content=\"1 minuto\" \/>\n<script type=\"application\/ld+json\" class=\"yoast-schema-graph\">{\"@context\":\"https:\\\/\\\/schema.org\",\"@graph\":[{\"@type\":\"Article\",\"@id\":\"https:\\\/\\\/www.caudete.org\\\/ayuntamiento\\\/la-corporacion-municipal-rinde-homenaje-a-la-memoria-de-jose-camarasa-albertos\\\/#article\",\"isPartOf\":{\"@id\":\"https:\\\/\\\/www.caudete.org\\\/ayuntamiento\\\/la-corporacion-municipal-rinde-homenaje-a-la-memoria-de-jose-camarasa-albertos\\\/\"},\"author\":{\"name\":\"alcalde\",\"@id\":\"https:\\\/\\\/www.caudete.org\\\/ayuntamiento\\\/#\\\/schema\\\/person\\\/cc646da9133078ee4d8dd47457947253\"},\"headline\":\"La Corporaci\u00f3n Municipal rinde homenaje a la memoria de Jos\u00e9 Camarasa Albertos\",\"datePublished\":\"2021-06-24T19:16:48+00:00\",\"mainEntityOfPage\":{\"@id\":\"https:\\\/\\\/www.caudete.org\\\/ayuntamiento\\\/la-corporacion-municipal-rinde-homenaje-a-la-memoria-de-jose-camarasa-albertos\\\/\"},\"wordCount\":218,\"image\":{\"@id\":\"https:\\\/\\\/www.caudete.org\\\/ayuntamiento\\\/la-corporacion-municipal-rinde-homenaje-a-la-memoria-de-jose-camarasa-albertos\\\/#primaryimage\"},\"thumbnailUrl\":\"https:\\\/\\\/www.caudete.org\\\/ayuntamiento\\\/wp-content\\\/uploads\\\/2021\\\/06\\\/WhatsApp-Image-2021-06-24-at-21.01.59.jpeg\",\"articleSection\":[\"Ayuntamiento\"],\"inLanguage\":\"es\"},{\"@type\":\"WebPage\",\"@id\":\"https:\\\/\\\/www.caudete.org\\\/ayuntamiento\\\/la-corporacion-municipal-rinde-homenaje-a-la-memoria-de-jose-camarasa-albertos\\\/\",\"url\":\"https:\\\/\\\/www.caudete.org\\\/ayuntamiento\\\/la-corporacion-municipal-rinde-homenaje-a-la-memoria-de-jose-camarasa-albertos\\\/\",\"name\":\"La Corporaci\u00f3n Municipal rinde homenaje a la memoria de Jos\u00e9 Camarasa Albertos - MI Ayuntamiento de Caudete\",\"isPartOf\":{\"@id\":\"https:\\\/\\\/www.caudete.org\\\/ayuntamiento\\\/#website\"},\"primaryImageOfPage\":{\"@id\":\"https:\\\/\\\/www.caudete.org\\\/ayuntamiento\\\/la-corporacion-municipal-rinde-homenaje-a-la-memoria-de-jose-camarasa-albertos\\\/#primaryimage\"},\"image\":{\"@id\":\"https:\\\/\\\/www.caudete.org\\\/ayuntamiento\\\/la-corporacion-municipal-rinde-homenaje-a-la-memoria-de-jose-camarasa-albertos\\\/#primaryimage\"},\"thumbnailUrl\":\"https:\\\/\\\/www.caudete.org\\\/ayuntamiento\\\/wp-content\\\/uploads\\\/2021\\\/06\\\/WhatsApp-Image-2021-06-24-at-21.01.59.jpeg\",\"datePublished\":\"2021-06-24T19:16:48+00:00\",\"author\":{\"@id\":\"https:\\\/\\\/www.caudete.org\\\/ayuntamiento\\\/#\\\/schema\\\/person\\\/cc646da9133078ee4d8dd47457947253\"},\"description\":\"P\u00e1gina Oficial del Ayuntamiento de Caudete (Albacete)\",\"breadcrumb\":{\"@id\":\"https:\\\/\\\/www.caudete.org\\\/ayuntamiento\\\/la-corporacion-municipal-rinde-homenaje-a-la-memoria-de-jose-camarasa-albertos\\\/#breadcrumb\"},\"inLanguage\":\"es\",\"potentialAction\":[{\"@type\":\"ReadAction\",\"target\":[\"https:\\\/\\\/www.caudete.org\\\/ayuntamiento\\\/la-corporacion-municipal-rinde-homenaje-a-la-memoria-de-jose-camarasa-albertos\\\/\"]}]},{\"@type\":\"ImageObject\",\"inLanguage\":\"es\",\"@id\":\"https:\\\/\\\/www.caudete.org\\\/ayuntamiento\\\/la-corporacion-municipal-rinde-homenaje-a-la-memoria-de-jose-camarasa-albertos\\\/#primaryimage\",\"url\":\"https:\\\/\\\/www.caudete.org\\\/ayuntamiento\\\/wp-content\\\/uploads\\\/2021\\\/06\\\/WhatsApp-Image-2021-06-24-at-21.01.59.jpeg\",\"contentUrl\":\"https:\\\/\\\/www.caudete.org\\\/ayuntamiento\\\/wp-content\\\/uploads\\\/2021\\\/06\\\/WhatsApp-Image-2021-06-24-at-21.01.59.jpeg\",\"width\":845,\"height\":540},{\"@type\":\"BreadcrumbList\",\"@id\":\"https:\\\/\\\/www.caudete.org\\\/ayuntamiento\\\/la-corporacion-municipal-rinde-homenaje-a-la-memoria-de-jose-camarasa-albertos\\\/#breadcrumb\",\"itemListElement\":[{\"@type\":\"ListItem\",\"position\":1,\"name\":\"Inicio\",\"item\":\"https:\\\/\\\/www.caudete.org\\\/ayuntamiento\\\/\"},{\"@type\":\"ListItem\",\"position\":2,\"name\":\"La Corporaci\u00f3n Municipal rinde homenaje a la memoria de Jos\u00e9 Camarasa Albertos\"}]},{\"@type\":\"WebSite\",\"@id\":\"https:\\\/\\\/www.caudete.org\\\/ayuntamiento\\\/#website\",\"url\":\"https:\\\/\\\/www.caudete.org\\\/ayuntamiento\\\/\",\"name\":\"MI Ayuntamiento de Caudete\",\"description\":\"P\u00e1gina Oficial del MI Ayuntamiento de Caudete\",\"potentialAction\":[{\"@type\":\"SearchAction\",\"target\":{\"@type\":\"EntryPoint\",\"urlTemplate\":\"https:\\\/\\\/www.caudete.org\\\/ayuntamiento\\\/?s={search_term_string}\"},\"query-input\":{\"@type\":\"PropertyValueSpecification\",\"valueRequired\":true,\"valueName\":\"search_term_string\"}}],\"inLanguage\":\"es\"},{\"@type\":\"Person\",\"@id\":\"https:\\\/\\\/www.caudete.org\\\/ayuntamiento\\\/#\\\/schema\\\/person\\\/cc646da9133078ee4d8dd47457947253\",\"name\":\"alcalde\",\"image\":{\"@type\":\"ImageObject\",\"inLanguage\":\"es\",\"@id\":\"https:\\\/\\\/secure.gravatar.com\\\/avatar\\\/84a817ba065b29ff08d666b215a215f5c79186a645ccb25b14a663d48a130f77?s=96&d=mm&r=g\",\"url\":\"https:\\\/\\\/secure.gravatar.com\\\/avatar\\\/84a817ba065b29ff08d666b215a215f5c79186a645ccb25b14a663d48a130f77?s=96&d=mm&r=g\",\"contentUrl\":\"https:\\\/\\\/secure.gravatar.com\\\/avatar\\\/84a817ba065b29ff08d666b215a215f5c79186a645ccb25b14a663d48a130f77?s=96&d=mm&r=g\",\"caption\":\"alcalde\"},\"url\":\"https:\\\/\\\/www.caudete.org\\\/ayuntamiento\\\/author\\\/alcalde\\\/\"}]}<\/script>\n<!-- \/ Yoast SEO plugin. -->","yoast_head_json":{"title":"La Corporaci\u00f3n Municipal rinde homenaje a la memoria de Jos\u00e9 Camarasa Albertos - MI Ayuntamiento de Caudete","description":"P\u00e1gina Oficial del Ayuntamiento de Caudete (Albacete)","robots":{"index":"index","follow":"follow","max-snippet":"max-snippet:-1","max-image-preview":"max-image-preview:large","max-video-preview":"max-video-preview:-1"},"canonical":"https:\/\/www.caudete.org\/ayuntamiento\/la-corporacion-municipal-rinde-homenaje-a-la-memoria-de-jose-camarasa-albertos\/","og_locale":"es_ES","og_type":"article","og_title":"La Corporaci\u00f3n Municipal rinde homenaje a la memoria de Jos\u00e9 Camarasa Albertos - MI Ayuntamiento de Caudete","og_description":"P\u00e1gina Oficial del Ayuntamiento de Caudete (Albacete)","og_url":"https:\/\/www.caudete.org\/ayuntamiento\/la-corporacion-municipal-rinde-homenaje-a-la-memoria-de-jose-camarasa-albertos\/","og_site_name":"MI Ayuntamiento de Caudete","article_publisher":"https:\/\/www.facebook.com\/ayuntamientocaudete\/","article_published_time":"2021-06-24T19:16:48+00:00","og_image":[{"width":845,"height":540,"url":"https:\/\/www.caudete.org\/ayuntamiento\/wp-content\/uploads\/2021\/06\/WhatsApp-Image-2021-06-24-at-21.01.59.jpeg","type":"image\/jpeg"}],"author":"alcalde","twitter_card":"summary_large_image","twitter_misc":{"Escrito por":"alcalde","Tiempo de lectura":"1 minuto"},"schema":{"@context":"https:\/\/schema.org","@graph":[{"@type":"Article","@id":"https:\/\/www.caudete.org\/ayuntamiento\/la-corporacion-municipal-rinde-homenaje-a-la-memoria-de-jose-camarasa-albertos\/#article","isPartOf":{"@id":"https:\/\/www.caudete.org\/ayuntamiento\/la-corporacion-municipal-rinde-homenaje-a-la-memoria-de-jose-camarasa-albertos\/"},"author":{"name":"alcalde","@id":"https:\/\/www.caudete.org\/ayuntamiento\/#\/schema\/person\/cc646da9133078ee4d8dd47457947253"},"headline":"La Corporaci\u00f3n Municipal rinde homenaje a la memoria de Jos\u00e9 Camarasa Albertos","datePublished":"2021-06-24T19:16:48+00:00","mainEntityOfPage":{"@id":"https:\/\/www.caudete.org\/ayuntamiento\/la-corporacion-municipal-rinde-homenaje-a-la-memoria-de-jose-camarasa-albertos\/"},"wordCount":218,"image":{"@id":"https:\/\/www.caudete.org\/ayuntamiento\/la-corporacion-municipal-rinde-homenaje-a-la-memoria-de-jose-camarasa-albertos\/#primaryimage"},"thumbnailUrl":"https:\/\/www.caudete.org\/ayuntamiento\/wp-content\/uploads\/2021\/06\/WhatsApp-Image-2021-06-24-at-21.01.59.jpeg","articleSection":["Ayuntamiento"],"inLanguage":"es"},{"@type":"WebPage","@id":"https:\/\/www.caudete.org\/ayuntamiento\/la-corporacion-municipal-rinde-homenaje-a-la-memoria-de-jose-camarasa-albertos\/","url":"https:\/\/www.caudete.org\/ayuntamiento\/la-corporacion-municipal-rinde-homenaje-a-la-memoria-de-jose-camarasa-albertos\/","name":"La Corporaci\u00f3n Municipal rinde homenaje a la memoria de Jos\u00e9 Camarasa Albertos - MI Ayuntamiento de Caudete","isPartOf":{"@id":"https:\/\/www.caudete.org\/ayuntamiento\/#website"},"primaryImageOfPage":{"@id":"https:\/\/www.caudete.org\/ayuntamiento\/la-corporacion-municipal-rinde-homenaje-a-la-memoria-de-jose-camarasa-albertos\/#primaryimage"},"image":{"@id":"https:\/\/www.caudete.org\/ayuntamiento\/la-corporacion-municipal-rinde-homenaje-a-la-memoria-de-jose-camarasa-albertos\/#primaryimage"},"thumbnailUrl":"https:\/\/www.caudete.org\/ayuntamiento\/wp-content\/uploads\/2021\/06\/WhatsApp-Image-2021-06-24-at-21.01.59.jpeg","datePublished":"2021-06-24T19:16:48+00:00","author":{"@id":"https:\/\/www.caudete.org\/ayuntamiento\/#\/schema\/person\/cc646da9133078ee4d8dd47457947253"},"description":"P\u00e1gina Oficial del Ayuntamiento de Caudete (Albacete)","breadcrumb":{"@id":"https:\/\/www.caudete.org\/ayuntamiento\/la-corporacion-municipal-rinde-homenaje-a-la-memoria-de-jose-camarasa-albertos\/#breadcrumb"},"inLanguage":"es","potentialAction":[{"@type":"ReadAction","target":["https:\/\/www.caudete.org\/ayuntamiento\/la-corporacion-municipal-rinde-homenaje-a-la-memoria-de-jose-camarasa-albertos\/"]}]},{"@type":"ImageObject","inLanguage":"es","@id":"https:\/\/www.caudete.org\/ayuntamiento\/la-corporacion-municipal-rinde-homenaje-a-la-memoria-de-jose-camarasa-albertos\/#primaryimage","url":"https:\/\/www.caudete.org\/ayuntamiento\/wp-content\/uploads\/2021\/06\/WhatsApp-Image-2021-06-24-at-21.01.59.jpeg","contentUrl":"https:\/\/www.caudete.org\/ayuntamiento\/wp-content\/uploads\/2021\/06\/WhatsApp-Image-2021-06-24-at-21.01.59.jpeg","width":845,"height":540},{"@type":"BreadcrumbList","@id":"https:\/\/www.caudete.org\/ayuntamiento\/la-corporacion-municipal-rinde-homenaje-a-la-memoria-de-jose-camarasa-albertos\/#breadcrumb","itemListElement":[{"@type":"ListItem","position":1,"name":"Inicio","item":"https:\/\/www.caudete.org\/ayuntamiento\/"},{"@type":"ListItem","position":2,"name":"La Corporaci\u00f3n Municipal rinde homenaje a la memoria de Jos\u00e9 Camarasa Albertos"}]},{"@type":"WebSite","@id":"https:\/\/www.caudete.org\/ayuntamiento\/#website","url":"https:\/\/www.caudete.org\/ayuntamiento\/","name":"MI Ayuntamiento de Caudete","description":"P\u00e1gina Oficial del MI Ayuntamiento de Caudete","potentialAction":[{"@type":"SearchAction","target":{"@type":"EntryPoint","urlTemplate":"https:\/\/www.caudete.org\/ayuntamiento\/?s={search_term_string}"},"query-input":{"@type":"PropertyValueSpecification","valueRequired":true,"valueName":"search_term_string"}}],"inLanguage":"es"},{"@type":"Person","@id":"https:\/\/www.caudete.org\/ayuntamiento\/#\/schema\/person\/cc646da9133078ee4d8dd47457947253","name":"alcalde","image":{"@type":"ImageObject","inLanguage":"es","@id":"https:\/\/secure.gravatar.com\/avatar\/84a817ba065b29ff08d666b215a215f5c79186a645ccb25b14a663d48a130f77?s=96&d=mm&r=g","url":"https:\/\/secure.gravatar.com\/avatar\/84a817ba065b29ff08d666b215a215f5c79186a645ccb25b14a663d48a130f77?s=96&d=mm&r=g","contentUrl":"https:\/\/secure.gravatar.com\/avatar\/84a817ba065b29ff08d666b215a215f5c79186a645ccb25b14a663d48a130f77?s=96&d=mm&r=g","caption":"alcalde"},"url":"https:\/\/www.caudete.org\/ayuntamiento\/author\/alcalde\/"}]}},"_links":{"self":[{"href":"https:\/\/www.caudete.org\/ayuntamiento\/wp-json\/wp\/v2\/posts\/15131","targetHints":{"allow":["GET"]}}],"collection":[{"href":"https:\/\/www.caudete.org\/ayuntamiento\/wp-json\/wp\/v2\/posts"}],"about":[{"href":"https:\/\/www.caudete.org\/ayuntamiento\/wp-json\/wp\/v2\/types\/post"}],"author":[{"embeddable":true,"href":"https:\/\/www.caudete.org\/ayuntamiento\/wp-json\/wp\/v2\/users\/3"}],"replies":[{"embeddable":true,"href":"https:\/\/www.caudete.org\/ayuntamiento\/wp-json\/wp\/v2\/comments?post=15131"}],"version-history":[{"count":1,"href":"https:\/\/www.caudete.org\/ayuntamiento\/wp-json\/wp\/v2\/posts\/15131\/revisions"}],"predecessor-version":[{"id":15133,"href":"https:\/\/www.caudete.org\/ayuntamiento\/wp-json\/wp\/v2\/posts\/15131\/revisions\/15133"}],"wp:featuredmedia":[{"embeddable":true,"href":"https:\/\/www.caudete.org\/ayuntamiento\/wp-json\/wp\/v2\/media\/15132"}],"wp:attachment":[{"href":"https:\/\/www.caudete.org\/ayuntamiento\/wp-json\/wp\/v2\/media?parent=15131"}],"wp:term":[{"taxonomy":"category","embeddable":true,"href":"https:\/\/www.caudete.org\/ayuntamiento\/wp-json\/wp\/v2\/categories?post=15131"},{"taxonomy":"post_tag","embeddable":true,"href":"https:\/\/www.caudete.org\/ayuntamiento\/wp-json\/wp\/v2\/tags?post=15131"}],"curies":[{"name":"wp","href":"https:\/\/api.w.org\/{rel}","templated":true}]}}