{"id":15134,"date":"2021-06-25T02:44:16","date_gmt":"2021-06-25T00:44:16","guid":{"rendered":"https:\/\/www.caudete.org\/ayuntamiento\/?p=15134"},"modified":"2021-06-25T02:44:16","modified_gmt":"2021-06-25T00:44:16","slug":"el-pleno-ratifica-el-acta-de-deslinde-sin-acuerdo-entre-las-partes-desde-1872","status":"publish","type":"post","link":"https:\/\/www.caudete.org\/ayuntamiento\/el-pleno-ratifica-el-acta-de-deslinde-sin-acuerdo-entre-las-partes-desde-1872\/","title":{"rendered":"El Pleno ratifica el Acta de Deslinde, sin acuerdo entre las partes desde 1872"},"content":{"rendered":"<p style=\"text-align: justify;\">El segundo punto del orden del d\u00eda del Pleno celebrado anoche por la Corporaci\u00f3n Municipal, trataba de ratificar el Acta de la l\u00ednea l\u00edmite jurisdiccional entre los municipios de Caudete y Almansa. Todo ello, tras ejecutarse entre febrero y junio de 2020, por el Centro Nacional de Informaci\u00f3n Geogr\u00e1fica (CNIG)\u00a0 los trabajos topogr\u00e1ficos de replanteo sobre el terreno de esta l\u00ednea l\u00edmite, dentro del proyecto para la recuperaci\u00f3n y mejora geom\u00e9trica de las l\u00edneas l\u00edmite jurisdiccionales de t\u00e9rminos municipales de la Comunidad Aut\u00f3noma de Castilla-La Mancha en el periodo 2017-2020.<\/p>\n<p style=\"text-align: justify;\">As\u00ed pues, se trat\u00f3 el refrendo jur\u00eddico del resultado de los trabajos de replanteo, que las Comisiones de Caudete y Almansa, junto a los t\u00e9cnicos del IGN abordaron en la sesi\u00f3n telem\u00e1tica del pasado 27 de Mayo de 2021, comisi\u00f3n que en el caso de Caudete bajo la Presidencia del Alcalde (PP) contaba con los Concejales Marian Ballester (PP), Julen S\u00e1nchez (PSOE) y M\u00aa Jos\u00e9 Serrano (CCD), asistidos del T\u00e9cnico Municipal de Catastro, del Secretario Municipal y del vecino y ge\u00f3grafo \u00c1lvaro Ponce.<\/p>\n<p style=\"text-align: justify;\">De un total de 20 mojones que definen la l\u00ednea l\u00edmite jurisdiccional, tan solo quedaron definidos y reconocidos por ambas comisiones el primero y el \u00faltimo, inamovibles, al ser tambi\u00e9n mojones coincidentes con t\u00e9rminos municipales de Comunidades Aut\u00f3nomas diferentes a la castellanomanchega.<\/p>\n<p style=\"text-align: justify;\">La Comisi\u00f3n caudetana, tal y como explic\u00f3 el Alcalde durante su intervenci\u00f3n en el Pleno de anoche, se mantuvo unida y firme en la defensa de la l\u00ednea que desde 1872 Caudete intenta que le sea reconocida, y que en ning\u00fan momento ha conseguido sea oficializada. No obstante, y siguiendo el hilo del resto de miembros de la Comisi\u00f3n, inst\u00f3 a \u00e9stos a seguir trabajando en un tema sensible, de justicia y cuesti\u00f3n hist\u00f3rica para Caudete, no permitiendo que duerma sin soluci\u00f3n, y por tanto, emprendiendo las acciones que se consideren tras el Acta de Divergencias, para su resoluci\u00f3n por el \u00f3rgano competente.<\/p>\n<p style=\"text-align: justify;\">Seg\u00fan ha ampliado el Alcalde, como Presidente de la Comisi\u00f3n local, est\u00e1 en juego una gran cantidad de terreno, donde a partir de la mojonera de las Casas del Agua Verde, y seg\u00fan documentaci\u00f3n antigua y estudios realizados al respecto, la l\u00ednea l\u00edmite se adentra tras la umbr\u00eda de Santa B\u00e1rbara desde el &#8220;<em>Alto del Puntal de los Chotos<\/em>&#8221; hasta abrazar y quedar dentro la &#8220;<em>Casa Cirote<\/em>&#8220;, entre otros puntos, puntos que a d\u00eda de hoy no solo quedan fuera de la actual l\u00ednea, sino rechazada por Almansa, a pesar de quedar recogidos en la documentaci\u00f3n del S.XIX<\/p>\n<p style=\"text-align: justify;\">Tras el acuerdo un\u00e1nime de anoche por parte de la Corporaci\u00f3n Municipal de Caudete, la documentaci\u00f3n ser\u00e1 remitida a la Viceconsejer\u00eda de Administraci\u00f3n Local y Coordinaci\u00f3n Administrativa de la Junta de Comunidades de Castilla-La Mancha, y al Instituto Geogr\u00e1fico Nacional para la actualizaci\u00f3n de la inscripci\u00f3n de la l\u00ednea en el Registro Central de Cartograf\u00eda, y al Registro de Entidades Locales del Ministerio de Pol\u00edtica Territorial y Funci\u00f3n P\u00fablica.<\/p>\n<p style=\"text-align: justify;\">\n","protected":false},"excerpt":{"rendered":"<p>El segundo punto del orden del d\u00eda del Pleno celebrado anoche por la Corporaci\u00f3n Municipal, trataba de ratificar el Acta de la l\u00ednea l\u00edmite jurisdiccional entre los municipios de Caudete y Almansa. Todo ello, tras ejecutarse entre febrero y junio de 2020, por el Centro Nacional de Informaci\u00f3n Geogr\u00e1fica (CNIG)\u00a0 los trabajos topogr\u00e1ficos de replanteo &hellip;<\/p>\n","protected":false},"author":3,"featured_media":15135,"comment_status":"closed","ping_status":"open","sticky":false,"template":"","format":"standard","meta":{"ngg_post_thumbnail":0,"footnotes":""},"categories":[20],"tags":[],"class_list":["post-15134","post","type-post","status-publish","format-standard","has-post-thumbnail","hentry","category-ayuntamiento"],"yoast_head":"<!-- This site is optimized with the Yoast SEO plugin v27.5 - https:\/\/yoast.com\/product\/yoast-seo-wordpress\/ -->\n<title>El Pleno ratifica el Acta de Deslinde, sin acuerdo entre las partes desde 1872 - MI Ayuntamiento de Caudete<\/title>\n<meta name=\"description\" content=\"P\u00e1gina Oficial del Ayuntamiento de Caudete (Albacete)\" \/>\n<meta name=\"robots\" content=\"index, follow, max-snippet:-1, max-image-preview:large, max-video-preview:-1\" \/>\n<link rel=\"canonical\" href=\"https:\/\/www.caudete.org\/ayuntamiento\/el-pleno-ratifica-el-acta-de-deslinde-sin-acuerdo-entre-las-partes-desde-1872\/\" \/>\n<meta property=\"og:locale\" content=\"es_ES\" \/>\n<meta property=\"og:type\" content=\"article\" \/>\n<meta property=\"og:title\" content=\"El Pleno ratifica el Acta de Deslinde, sin acuerdo entre las partes desde 1872 - MI Ayuntamiento de Caudete\" \/>\n<meta property=\"og:description\" content=\"P\u00e1gina Oficial del Ayuntamiento de Caudete (Albacete)\" \/>\n<meta property=\"og:url\" content=\"https:\/\/www.caudete.org\/ayuntamiento\/el-pleno-ratifica-el-acta-de-deslinde-sin-acuerdo-entre-las-partes-desde-1872\/\" \/>\n<meta property=\"og:site_name\" content=\"MI Ayuntamiento de Caudete\" \/>\n<meta property=\"article:publisher\" content=\"https:\/\/www.facebook.com\/ayuntamientocaudete\/\" \/>\n<meta property=\"article:published_time\" content=\"2021-06-25T00:44:16+00:00\" \/>\n<meta property=\"og:image\" content=\"https:\/\/www.caudete.org\/ayuntamiento\/wp-content\/uploads\/2021\/06\/IMG-20200929-WA0002.jpg\" \/>\n\t<meta property=\"og:image:width\" content=\"737\" \/>\n\t<meta property=\"og:image:height\" content=\"359\" \/>\n\t<meta property=\"og:image:type\" content=\"image\/jpeg\" \/>\n<meta name=\"author\" content=\"alcalde\" \/>\n<meta name=\"twitter:card\" content=\"summary_large_image\" \/>\n<meta name=\"twitter:label1\" content=\"Escrito por\" \/>\n\t<meta name=\"twitter:data1\" content=\"alcalde\" \/>\n\t<meta name=\"twitter:label2\" content=\"Tiempo de lectura\" \/>\n\t<meta name=\"twitter:data2\" content=\"3 minutos\" \/>\n<script type=\"application\/ld+json\" class=\"yoast-schema-graph\">{\"@context\":\"https:\\\/\\\/schema.org\",\"@graph\":[{\"@type\":\"Article\",\"@id\":\"https:\\\/\\\/www.caudete.org\\\/ayuntamiento\\\/el-pleno-ratifica-el-acta-de-deslinde-sin-acuerdo-entre-las-partes-desde-1872\\\/#article\",\"isPartOf\":{\"@id\":\"https:\\\/\\\/www.caudete.org\\\/ayuntamiento\\\/el-pleno-ratifica-el-acta-de-deslinde-sin-acuerdo-entre-las-partes-desde-1872\\\/\"},\"author\":{\"name\":\"alcalde\",\"@id\":\"https:\\\/\\\/www.caudete.org\\\/ayuntamiento\\\/#\\\/schema\\\/person\\\/cc646da9133078ee4d8dd47457947253\"},\"headline\":\"El Pleno ratifica el Acta de Deslinde, sin acuerdo entre las partes desde 1872\",\"datePublished\":\"2021-06-25T00:44:16+00:00\",\"mainEntityOfPage\":{\"@id\":\"https:\\\/\\\/www.caudete.org\\\/ayuntamiento\\\/el-pleno-ratifica-el-acta-de-deslinde-sin-acuerdo-entre-las-partes-desde-1872\\\/\"},\"wordCount\":556,\"image\":{\"@id\":\"https:\\\/\\\/www.caudete.org\\\/ayuntamiento\\\/el-pleno-ratifica-el-acta-de-deslinde-sin-acuerdo-entre-las-partes-desde-1872\\\/#primaryimage\"},\"thumbnailUrl\":\"https:\\\/\\\/www.caudete.org\\\/ayuntamiento\\\/wp-content\\\/uploads\\\/2021\\\/06\\\/IMG-20200929-WA0002.jpg\",\"articleSection\":[\"Ayuntamiento\"],\"inLanguage\":\"es\"},{\"@type\":\"WebPage\",\"@id\":\"https:\\\/\\\/www.caudete.org\\\/ayuntamiento\\\/el-pleno-ratifica-el-acta-de-deslinde-sin-acuerdo-entre-las-partes-desde-1872\\\/\",\"url\":\"https:\\\/\\\/www.caudete.org\\\/ayuntamiento\\\/el-pleno-ratifica-el-acta-de-deslinde-sin-acuerdo-entre-las-partes-desde-1872\\\/\",\"name\":\"El Pleno ratifica el Acta de Deslinde, sin acuerdo entre las partes desde 1872 - MI Ayuntamiento de Caudete\",\"isPartOf\":{\"@id\":\"https:\\\/\\\/www.caudete.org\\\/ayuntamiento\\\/#website\"},\"primaryImageOfPage\":{\"@id\":\"https:\\\/\\\/www.caudete.org\\\/ayuntamiento\\\/el-pleno-ratifica-el-acta-de-deslinde-sin-acuerdo-entre-las-partes-desde-1872\\\/#primaryimage\"},\"image\":{\"@id\":\"https:\\\/\\\/www.caudete.org\\\/ayuntamiento\\\/el-pleno-ratifica-el-acta-de-deslinde-sin-acuerdo-entre-las-partes-desde-1872\\\/#primaryimage\"},\"thumbnailUrl\":\"https:\\\/\\\/www.caudete.org\\\/ayuntamiento\\\/wp-content\\\/uploads\\\/2021\\\/06\\\/IMG-20200929-WA0002.jpg\",\"datePublished\":\"2021-06-25T00:44:16+00:00\",\"author\":{\"@id\":\"https:\\\/\\\/www.caudete.org\\\/ayuntamiento\\\/#\\\/schema\\\/person\\\/cc646da9133078ee4d8dd47457947253\"},\"description\":\"P\u00e1gina Oficial del Ayuntamiento de Caudete (Albacete)\",\"breadcrumb\":{\"@id\":\"https:\\\/\\\/www.caudete.org\\\/ayuntamiento\\\/el-pleno-ratifica-el-acta-de-deslinde-sin-acuerdo-entre-las-partes-desde-1872\\\/#breadcrumb\"},\"inLanguage\":\"es\",\"potentialAction\":[{\"@type\":\"ReadAction\",\"target\":[\"https:\\\/\\\/www.caudete.org\\\/ayuntamiento\\\/el-pleno-ratifica-el-acta-de-deslinde-sin-acuerdo-entre-las-partes-desde-1872\\\/\"]}]},{\"@type\":\"ImageObject\",\"inLanguage\":\"es\",\"@id\":\"https:\\\/\\\/www.caudete.org\\\/ayuntamiento\\\/el-pleno-ratifica-el-acta-de-deslinde-sin-acuerdo-entre-las-partes-desde-1872\\\/#primaryimage\",\"url\":\"https:\\\/\\\/www.caudete.org\\\/ayuntamiento\\\/wp-content\\\/uploads\\\/2021\\\/06\\\/IMG-20200929-WA0002.jpg\",\"contentUrl\":\"https:\\\/\\\/www.caudete.org\\\/ayuntamiento\\\/wp-content\\\/uploads\\\/2021\\\/06\\\/IMG-20200929-WA0002.jpg\",\"width\":737,\"height\":359},{\"@type\":\"BreadcrumbList\",\"@id\":\"https:\\\/\\\/www.caudete.org\\\/ayuntamiento\\\/el-pleno-ratifica-el-acta-de-deslinde-sin-acuerdo-entre-las-partes-desde-1872\\\/#breadcrumb\",\"itemListElement\":[{\"@type\":\"ListItem\",\"position\":1,\"name\":\"Inicio\",\"item\":\"https:\\\/\\\/www.caudete.org\\\/ayuntamiento\\\/\"},{\"@type\":\"ListItem\",\"position\":2,\"name\":\"El Pleno ratifica el Acta de Deslinde, sin acuerdo entre las partes desde 1872\"}]},{\"@type\":\"WebSite\",\"@id\":\"https:\\\/\\\/www.caudete.org\\\/ayuntamiento\\\/#website\",\"url\":\"https:\\\/\\\/www.caudete.org\\\/ayuntamiento\\\/\",\"name\":\"MI Ayuntamiento de Caudete\",\"description\":\"P\u00e1gina Oficial del MI Ayuntamiento de Caudete\",\"potentialAction\":[{\"@type\":\"SearchAction\",\"target\":{\"@type\":\"EntryPoint\",\"urlTemplate\":\"https:\\\/\\\/www.caudete.org\\\/ayuntamiento\\\/?s={search_term_string}\"},\"query-input\":{\"@type\":\"PropertyValueSpecification\",\"valueRequired\":true,\"valueName\":\"search_term_string\"}}],\"inLanguage\":\"es\"},{\"@type\":\"Person\",\"@id\":\"https:\\\/\\\/www.caudete.org\\\/ayuntamiento\\\/#\\\/schema\\\/person\\\/cc646da9133078ee4d8dd47457947253\",\"name\":\"alcalde\",\"image\":{\"@type\":\"ImageObject\",\"inLanguage\":\"es\",\"@id\":\"https:\\\/\\\/secure.gravatar.com\\\/avatar\\\/84a817ba065b29ff08d666b215a215f5c79186a645ccb25b14a663d48a130f77?s=96&d=mm&r=g\",\"url\":\"https:\\\/\\\/secure.gravatar.com\\\/avatar\\\/84a817ba065b29ff08d666b215a215f5c79186a645ccb25b14a663d48a130f77?s=96&d=mm&r=g\",\"contentUrl\":\"https:\\\/\\\/secure.gravatar.com\\\/avatar\\\/84a817ba065b29ff08d666b215a215f5c79186a645ccb25b14a663d48a130f77?s=96&d=mm&r=g\",\"caption\":\"alcalde\"},\"url\":\"https:\\\/\\\/www.caudete.org\\\/ayuntamiento\\\/author\\\/alcalde\\\/\"}]}<\/script>\n<!-- \/ Yoast SEO plugin. -->","yoast_head_json":{"title":"El Pleno ratifica el Acta de Deslinde, sin acuerdo entre las partes desde 1872 - MI Ayuntamiento de Caudete","description":"P\u00e1gina Oficial del Ayuntamiento de Caudete (Albacete)","robots":{"index":"index","follow":"follow","max-snippet":"max-snippet:-1","max-image-preview":"max-image-preview:large","max-video-preview":"max-video-preview:-1"},"canonical":"https:\/\/www.caudete.org\/ayuntamiento\/el-pleno-ratifica-el-acta-de-deslinde-sin-acuerdo-entre-las-partes-desde-1872\/","og_locale":"es_ES","og_type":"article","og_title":"El Pleno ratifica el Acta de Deslinde, sin acuerdo entre las partes desde 1872 - MI Ayuntamiento de Caudete","og_description":"P\u00e1gina Oficial del Ayuntamiento de Caudete (Albacete)","og_url":"https:\/\/www.caudete.org\/ayuntamiento\/el-pleno-ratifica-el-acta-de-deslinde-sin-acuerdo-entre-las-partes-desde-1872\/","og_site_name":"MI Ayuntamiento de Caudete","article_publisher":"https:\/\/www.facebook.com\/ayuntamientocaudete\/","article_published_time":"2021-06-25T00:44:16+00:00","og_image":[{"width":737,"height":359,"url":"https:\/\/www.caudete.org\/ayuntamiento\/wp-content\/uploads\/2021\/06\/IMG-20200929-WA0002.jpg","type":"image\/jpeg"}],"author":"alcalde","twitter_card":"summary_large_image","twitter_misc":{"Escrito por":"alcalde","Tiempo de lectura":"3 minutos"},"schema":{"@context":"https:\/\/schema.org","@graph":[{"@type":"Article","@id":"https:\/\/www.caudete.org\/ayuntamiento\/el-pleno-ratifica-el-acta-de-deslinde-sin-acuerdo-entre-las-partes-desde-1872\/#article","isPartOf":{"@id":"https:\/\/www.caudete.org\/ayuntamiento\/el-pleno-ratifica-el-acta-de-deslinde-sin-acuerdo-entre-las-partes-desde-1872\/"},"author":{"name":"alcalde","@id":"https:\/\/www.caudete.org\/ayuntamiento\/#\/schema\/person\/cc646da9133078ee4d8dd47457947253"},"headline":"El Pleno ratifica el Acta de Deslinde, sin acuerdo entre las partes desde 1872","datePublished":"2021-06-25T00:44:16+00:00","mainEntityOfPage":{"@id":"https:\/\/www.caudete.org\/ayuntamiento\/el-pleno-ratifica-el-acta-de-deslinde-sin-acuerdo-entre-las-partes-desde-1872\/"},"wordCount":556,"image":{"@id":"https:\/\/www.caudete.org\/ayuntamiento\/el-pleno-ratifica-el-acta-de-deslinde-sin-acuerdo-entre-las-partes-desde-1872\/#primaryimage"},"thumbnailUrl":"https:\/\/www.caudete.org\/ayuntamiento\/wp-content\/uploads\/2021\/06\/IMG-20200929-WA0002.jpg","articleSection":["Ayuntamiento"],"inLanguage":"es"},{"@type":"WebPage","@id":"https:\/\/www.caudete.org\/ayuntamiento\/el-pleno-ratifica-el-acta-de-deslinde-sin-acuerdo-entre-las-partes-desde-1872\/","url":"https:\/\/www.caudete.org\/ayuntamiento\/el-pleno-ratifica-el-acta-de-deslinde-sin-acuerdo-entre-las-partes-desde-1872\/","name":"El Pleno ratifica el Acta de Deslinde, sin acuerdo entre las partes desde 1872 - MI Ayuntamiento de Caudete","isPartOf":{"@id":"https:\/\/www.caudete.org\/ayuntamiento\/#website"},"primaryImageOfPage":{"@id":"https:\/\/www.caudete.org\/ayuntamiento\/el-pleno-ratifica-el-acta-de-deslinde-sin-acuerdo-entre-las-partes-desde-1872\/#primaryimage"},"image":{"@id":"https:\/\/www.caudete.org\/ayuntamiento\/el-pleno-ratifica-el-acta-de-deslinde-sin-acuerdo-entre-las-partes-desde-1872\/#primaryimage"},"thumbnailUrl":"https:\/\/www.caudete.org\/ayuntamiento\/wp-content\/uploads\/2021\/06\/IMG-20200929-WA0002.jpg","datePublished":"2021-06-25T00:44:16+00:00","author":{"@id":"https:\/\/www.caudete.org\/ayuntamiento\/#\/schema\/person\/cc646da9133078ee4d8dd47457947253"},"description":"P\u00e1gina Oficial del Ayuntamiento de Caudete (Albacete)","breadcrumb":{"@id":"https:\/\/www.caudete.org\/ayuntamiento\/el-pleno-ratifica-el-acta-de-deslinde-sin-acuerdo-entre-las-partes-desde-1872\/#breadcrumb"},"inLanguage":"es","potentialAction":[{"@type":"ReadAction","target":["https:\/\/www.caudete.org\/ayuntamiento\/el-pleno-ratifica-el-acta-de-deslinde-sin-acuerdo-entre-las-partes-desde-1872\/"]}]},{"@type":"ImageObject","inLanguage":"es","@id":"https:\/\/www.caudete.org\/ayuntamiento\/el-pleno-ratifica-el-acta-de-deslinde-sin-acuerdo-entre-las-partes-desde-1872\/#primaryimage","url":"https:\/\/www.caudete.org\/ayuntamiento\/wp-content\/uploads\/2021\/06\/IMG-20200929-WA0002.jpg","contentUrl":"https:\/\/www.caudete.org\/ayuntamiento\/wp-content\/uploads\/2021\/06\/IMG-20200929-WA0002.jpg","width":737,"height":359},{"@type":"BreadcrumbList","@id":"https:\/\/www.caudete.org\/ayuntamiento\/el-pleno-ratifica-el-acta-de-deslinde-sin-acuerdo-entre-las-partes-desde-1872\/#breadcrumb","itemListElement":[{"@type":"ListItem","position":1,"name":"Inicio","item":"https:\/\/www.caudete.org\/ayuntamiento\/"},{"@type":"ListItem","position":2,"name":"El Pleno ratifica el Acta de Deslinde, sin acuerdo entre las partes desde 1872"}]},{"@type":"WebSite","@id":"https:\/\/www.caudete.org\/ayuntamiento\/#website","url":"https:\/\/www.caudete.org\/ayuntamiento\/","name":"MI Ayuntamiento de Caudete","description":"P\u00e1gina Oficial del MI Ayuntamiento de Caudete","potentialAction":[{"@type":"SearchAction","target":{"@type":"EntryPoint","urlTemplate":"https:\/\/www.caudete.org\/ayuntamiento\/?s={search_term_string}"},"query-input":{"@type":"PropertyValueSpecification","valueRequired":true,"valueName":"search_term_string"}}],"inLanguage":"es"},{"@type":"Person","@id":"https:\/\/www.caudete.org\/ayuntamiento\/#\/schema\/person\/cc646da9133078ee4d8dd47457947253","name":"alcalde","image":{"@type":"ImageObject","inLanguage":"es","@id":"https:\/\/secure.gravatar.com\/avatar\/84a817ba065b29ff08d666b215a215f5c79186a645ccb25b14a663d48a130f77?s=96&d=mm&r=g","url":"https:\/\/secure.gravatar.com\/avatar\/84a817ba065b29ff08d666b215a215f5c79186a645ccb25b14a663d48a130f77?s=96&d=mm&r=g","contentUrl":"https:\/\/secure.gravatar.com\/avatar\/84a817ba065b29ff08d666b215a215f5c79186a645ccb25b14a663d48a130f77?s=96&d=mm&r=g","caption":"alcalde"},"url":"https:\/\/www.caudete.org\/ayuntamiento\/author\/alcalde\/"}]}},"_links":{"self":[{"href":"https:\/\/www.caudete.org\/ayuntamiento\/wp-json\/wp\/v2\/posts\/15134","targetHints":{"allow":["GET"]}}],"collection":[{"href":"https:\/\/www.caudete.org\/ayuntamiento\/wp-json\/wp\/v2\/posts"}],"about":[{"href":"https:\/\/www.caudete.org\/ayuntamiento\/wp-json\/wp\/v2\/types\/post"}],"author":[{"embeddable":true,"href":"https:\/\/www.caudete.org\/ayuntamiento\/wp-json\/wp\/v2\/users\/3"}],"replies":[{"embeddable":true,"href":"https:\/\/www.caudete.org\/ayuntamiento\/wp-json\/wp\/v2\/comments?post=15134"}],"version-history":[{"count":1,"href":"https:\/\/www.caudete.org\/ayuntamiento\/wp-json\/wp\/v2\/posts\/15134\/revisions"}],"predecessor-version":[{"id":15136,"href":"https:\/\/www.caudete.org\/ayuntamiento\/wp-json\/wp\/v2\/posts\/15134\/revisions\/15136"}],"wp:featuredmedia":[{"embeddable":true,"href":"https:\/\/www.caudete.org\/ayuntamiento\/wp-json\/wp\/v2\/media\/15135"}],"wp:attachment":[{"href":"https:\/\/www.caudete.org\/ayuntamiento\/wp-json\/wp\/v2\/media?parent=15134"}],"wp:term":[{"taxonomy":"category","embeddable":true,"href":"https:\/\/www.caudete.org\/ayuntamiento\/wp-json\/wp\/v2\/categories?post=15134"},{"taxonomy":"post_tag","embeddable":true,"href":"https:\/\/www.caudete.org\/ayuntamiento\/wp-json\/wp\/v2\/tags?post=15134"}],"curies":[{"name":"wp","href":"https:\/\/api.w.org\/{rel}","templated":true}]}}