{"id":15141,"date":"2021-06-25T16:00:50","date_gmt":"2021-06-25T14:00:50","guid":{"rendered":"https:\/\/www.caudete.org\/ayuntamiento\/?p=15141"},"modified":"2021-06-28T22:10:31","modified_gmt":"2021-06-28T20:10:31","slug":"suspendidas-las-fiestas-patronales-de-moros-y-cristianos-2021","status":"publish","type":"post","link":"https:\/\/www.caudete.org\/ayuntamiento\/suspendidas-las-fiestas-patronales-de-moros-y-cristianos-2021\/","title":{"rendered":"SUSPENDIDAS las Fiestas Patronales de Moros y Cristianos 2021"},"content":{"rendered":"<p style=\"text-align: center;\"><strong>COMUNICADO<\/strong><\/p>\n<p style=\"text-align: center;\"><strong>Sobre la celebraci\u00f3n de las <\/strong><\/p>\n<p style=\"text-align: center;\"><strong>FIESTAS PATRONALES DE MOROS Y CRISTIANOS 2021<\/strong><\/p>\n<p>&nbsp;<\/p>\n<p style=\"text-align: justify;\">Reunidos en el Sal\u00f3n de Plenos Municipal en el d\u00eda de hoy 25 de Junio, el M. I. Ayuntamiento de Caudete representado por el Alcalde y la Concejal de Fiestas, la M. I. Mayordom\u00eda y Cofrad\u00eda de Ntra. Sra. de Gracia, P\u00e1rroco, Asociaci\u00f3n de Comparsas y Presidentes de las 5 Comparsas:<\/p>\n<p style=\"text-align: justify;\">Analizada la situaci\u00f3n\u00a0 sanitaria general, se ha acordado por unanimidad,\u00a0 en aras del inter\u00e9s general de la ciudadan\u00eda, la SUSPENSI\u00d3N de las Fiestas Patronales de Moros y Cristianos\u00a0 2021,\u00a0 en Honor a Ntra. Sra. La Virgen de Gracia.<\/p>\n<p style=\"text-align: justify;\">No obstante, permanecer\u00e1 como festivo local el d\u00eda 8 de Septiembre, festividad de Nuestra Patrona.<\/p>\n<p style=\"text-align: justify;\">Caudete, 25 de Junio de 2021<\/p>\n<p style=\"text-align: center;\">Mois\u00e9s L\u00f3pez Mart\u00ednez<\/p>\n<p style=\"text-align: center;\"><strong>EL ALCALDE<\/strong><\/p>\n","protected":false},"excerpt":{"rendered":"<p>COMUNICADO Sobre la celebraci\u00f3n de las FIESTAS PATRONALES DE MOROS Y CRISTIANOS 2021 &nbsp; Reunidos en el Sal\u00f3n de Plenos Municipal en el d\u00eda de hoy 25 de Junio, el M. I. Ayuntamiento de Caudete representado por el Alcalde y la Concejal de Fiestas, la M. I. Mayordom\u00eda y Cofrad\u00eda de Ntra. Sra. de Gracia, &hellip;<\/p>\n","protected":false},"author":3,"featured_media":15214,"comment_status":"closed","ping_status":"open","sticky":false,"template":"","format":"standard","meta":{"ngg_post_thumbnail":0,"footnotes":""},"categories":[31],"tags":[],"class_list":["post-15141","post","type-post","status-publish","format-standard","has-post-thumbnail","hentry","category-fiestas"],"yoast_head":"<!-- This site is optimized with the Yoast SEO plugin v27.5 - https:\/\/yoast.com\/product\/yoast-seo-wordpress\/ -->\n<title>SUSPENDIDAS las Fiestas Patronales de Moros y Cristianos 2021 - MI Ayuntamiento de Caudete<\/title>\n<meta name=\"description\" content=\"P\u00e1gina Oficial del Ayuntamiento de Caudete (Albacete)\" \/>\n<meta name=\"robots\" content=\"index, follow, max-snippet:-1, max-image-preview:large, max-video-preview:-1\" \/>\n<link rel=\"canonical\" href=\"https:\/\/www.caudete.org\/ayuntamiento\/suspendidas-las-fiestas-patronales-de-moros-y-cristianos-2021\/\" \/>\n<meta property=\"og:locale\" content=\"es_ES\" \/>\n<meta property=\"og:type\" content=\"article\" \/>\n<meta property=\"og:title\" content=\"SUSPENDIDAS las Fiestas Patronales de Moros y Cristianos 2021 - MI Ayuntamiento de Caudete\" \/>\n<meta property=\"og:description\" content=\"P\u00e1gina Oficial del Ayuntamiento de Caudete (Albacete)\" \/>\n<meta property=\"og:url\" content=\"https:\/\/www.caudete.org\/ayuntamiento\/suspendidas-las-fiestas-patronales-de-moros-y-cristianos-2021\/\" \/>\n<meta property=\"og:site_name\" content=\"MI Ayuntamiento de Caudete\" \/>\n<meta property=\"article:publisher\" content=\"https:\/\/www.facebook.com\/ayuntamientocaudete\/\" \/>\n<meta property=\"article:published_time\" content=\"2021-06-25T14:00:50+00:00\" \/>\n<meta property=\"article:modified_time\" content=\"2021-06-28T20:10:31+00:00\" \/>\n<meta property=\"og:image\" content=\"https:\/\/www.caudete.org\/ayuntamiento\/wp-content\/uploads\/2021\/06\/Tres-Logos-WEB-2-1-1.jpg\" \/>\n\t<meta property=\"og:image:width\" content=\"864\" \/>\n\t<meta property=\"og:image:height\" content=\"380\" \/>\n\t<meta property=\"og:image:type\" content=\"image\/jpeg\" \/>\n<meta name=\"author\" content=\"alcalde\" \/>\n<meta name=\"twitter:card\" content=\"summary_large_image\" \/>\n<meta name=\"twitter:label1\" content=\"Escrito por\" \/>\n\t<meta name=\"twitter:data1\" content=\"alcalde\" \/>\n\t<meta name=\"twitter:label2\" content=\"Tiempo de lectura\" \/>\n\t<meta name=\"twitter:data2\" content=\"1 minuto\" \/>\n<script type=\"application\/ld+json\" class=\"yoast-schema-graph\">{\"@context\":\"https:\\\/\\\/schema.org\",\"@graph\":[{\"@type\":\"Article\",\"@id\":\"https:\\\/\\\/www.caudete.org\\\/ayuntamiento\\\/suspendidas-las-fiestas-patronales-de-moros-y-cristianos-2021\\\/#article\",\"isPartOf\":{\"@id\":\"https:\\\/\\\/www.caudete.org\\\/ayuntamiento\\\/suspendidas-las-fiestas-patronales-de-moros-y-cristianos-2021\\\/\"},\"author\":{\"name\":\"alcalde\",\"@id\":\"https:\\\/\\\/www.caudete.org\\\/ayuntamiento\\\/#\\\/schema\\\/person\\\/cc646da9133078ee4d8dd47457947253\"},\"headline\":\"SUSPENDIDAS las Fiestas Patronales de Moros y Cristianos 2021\",\"datePublished\":\"2021-06-25T14:00:50+00:00\",\"dateModified\":\"2021-06-28T20:10:31+00:00\",\"mainEntityOfPage\":{\"@id\":\"https:\\\/\\\/www.caudete.org\\\/ayuntamiento\\\/suspendidas-las-fiestas-patronales-de-moros-y-cristianos-2021\\\/\"},\"wordCount\":145,\"image\":{\"@id\":\"https:\\\/\\\/www.caudete.org\\\/ayuntamiento\\\/suspendidas-las-fiestas-patronales-de-moros-y-cristianos-2021\\\/#primaryimage\"},\"thumbnailUrl\":\"https:\\\/\\\/www.caudete.org\\\/ayuntamiento\\\/wp-content\\\/uploads\\\/2021\\\/06\\\/Tres-Logos-WEB-2-1-1.jpg\",\"articleSection\":[\"Fiestas\"],\"inLanguage\":\"es\"},{\"@type\":\"WebPage\",\"@id\":\"https:\\\/\\\/www.caudete.org\\\/ayuntamiento\\\/suspendidas-las-fiestas-patronales-de-moros-y-cristianos-2021\\\/\",\"url\":\"https:\\\/\\\/www.caudete.org\\\/ayuntamiento\\\/suspendidas-las-fiestas-patronales-de-moros-y-cristianos-2021\\\/\",\"name\":\"SUSPENDIDAS las Fiestas Patronales de Moros y Cristianos 2021 - MI Ayuntamiento de Caudete\",\"isPartOf\":{\"@id\":\"https:\\\/\\\/www.caudete.org\\\/ayuntamiento\\\/#website\"},\"primaryImageOfPage\":{\"@id\":\"https:\\\/\\\/www.caudete.org\\\/ayuntamiento\\\/suspendidas-las-fiestas-patronales-de-moros-y-cristianos-2021\\\/#primaryimage\"},\"image\":{\"@id\":\"https:\\\/\\\/www.caudete.org\\\/ayuntamiento\\\/suspendidas-las-fiestas-patronales-de-moros-y-cristianos-2021\\\/#primaryimage\"},\"thumbnailUrl\":\"https:\\\/\\\/www.caudete.org\\\/ayuntamiento\\\/wp-content\\\/uploads\\\/2021\\\/06\\\/Tres-Logos-WEB-2-1-1.jpg\",\"datePublished\":\"2021-06-25T14:00:50+00:00\",\"dateModified\":\"2021-06-28T20:10:31+00:00\",\"author\":{\"@id\":\"https:\\\/\\\/www.caudete.org\\\/ayuntamiento\\\/#\\\/schema\\\/person\\\/cc646da9133078ee4d8dd47457947253\"},\"description\":\"P\u00e1gina Oficial del Ayuntamiento de Caudete (Albacete)\",\"breadcrumb\":{\"@id\":\"https:\\\/\\\/www.caudete.org\\\/ayuntamiento\\\/suspendidas-las-fiestas-patronales-de-moros-y-cristianos-2021\\\/#breadcrumb\"},\"inLanguage\":\"es\",\"potentialAction\":[{\"@type\":\"ReadAction\",\"target\":[\"https:\\\/\\\/www.caudete.org\\\/ayuntamiento\\\/suspendidas-las-fiestas-patronales-de-moros-y-cristianos-2021\\\/\"]}]},{\"@type\":\"ImageObject\",\"inLanguage\":\"es\",\"@id\":\"https:\\\/\\\/www.caudete.org\\\/ayuntamiento\\\/suspendidas-las-fiestas-patronales-de-moros-y-cristianos-2021\\\/#primaryimage\",\"url\":\"https:\\\/\\\/www.caudete.org\\\/ayuntamiento\\\/wp-content\\\/uploads\\\/2021\\\/06\\\/Tres-Logos-WEB-2-1-1.jpg\",\"contentUrl\":\"https:\\\/\\\/www.caudete.org\\\/ayuntamiento\\\/wp-content\\\/uploads\\\/2021\\\/06\\\/Tres-Logos-WEB-2-1-1.jpg\",\"width\":864,\"height\":380},{\"@type\":\"BreadcrumbList\",\"@id\":\"https:\\\/\\\/www.caudete.org\\\/ayuntamiento\\\/suspendidas-las-fiestas-patronales-de-moros-y-cristianos-2021\\\/#breadcrumb\",\"itemListElement\":[{\"@type\":\"ListItem\",\"position\":1,\"name\":\"Inicio\",\"item\":\"https:\\\/\\\/www.caudete.org\\\/ayuntamiento\\\/\"},{\"@type\":\"ListItem\",\"position\":2,\"name\":\"SUSPENDIDAS las Fiestas Patronales de Moros y Cristianos 2021\"}]},{\"@type\":\"WebSite\",\"@id\":\"https:\\\/\\\/www.caudete.org\\\/ayuntamiento\\\/#website\",\"url\":\"https:\\\/\\\/www.caudete.org\\\/ayuntamiento\\\/\",\"name\":\"MI Ayuntamiento de Caudete\",\"description\":\"P\u00e1gina Oficial del MI Ayuntamiento de Caudete\",\"potentialAction\":[{\"@type\":\"SearchAction\",\"target\":{\"@type\":\"EntryPoint\",\"urlTemplate\":\"https:\\\/\\\/www.caudete.org\\\/ayuntamiento\\\/?s={search_term_string}\"},\"query-input\":{\"@type\":\"PropertyValueSpecification\",\"valueRequired\":true,\"valueName\":\"search_term_string\"}}],\"inLanguage\":\"es\"},{\"@type\":\"Person\",\"@id\":\"https:\\\/\\\/www.caudete.org\\\/ayuntamiento\\\/#\\\/schema\\\/person\\\/cc646da9133078ee4d8dd47457947253\",\"name\":\"alcalde\",\"image\":{\"@type\":\"ImageObject\",\"inLanguage\":\"es\",\"@id\":\"https:\\\/\\\/secure.gravatar.com\\\/avatar\\\/84a817ba065b29ff08d666b215a215f5c79186a645ccb25b14a663d48a130f77?s=96&d=mm&r=g\",\"url\":\"https:\\\/\\\/secure.gravatar.com\\\/avatar\\\/84a817ba065b29ff08d666b215a215f5c79186a645ccb25b14a663d48a130f77?s=96&d=mm&r=g\",\"contentUrl\":\"https:\\\/\\\/secure.gravatar.com\\\/avatar\\\/84a817ba065b29ff08d666b215a215f5c79186a645ccb25b14a663d48a130f77?s=96&d=mm&r=g\",\"caption\":\"alcalde\"},\"url\":\"https:\\\/\\\/www.caudete.org\\\/ayuntamiento\\\/author\\\/alcalde\\\/\"}]}<\/script>\n<!-- \/ Yoast SEO plugin. -->","yoast_head_json":{"title":"SUSPENDIDAS las Fiestas Patronales de Moros y Cristianos 2021 - MI Ayuntamiento de Caudete","description":"P\u00e1gina Oficial del Ayuntamiento de Caudete (Albacete)","robots":{"index":"index","follow":"follow","max-snippet":"max-snippet:-1","max-image-preview":"max-image-preview:large","max-video-preview":"max-video-preview:-1"},"canonical":"https:\/\/www.caudete.org\/ayuntamiento\/suspendidas-las-fiestas-patronales-de-moros-y-cristianos-2021\/","og_locale":"es_ES","og_type":"article","og_title":"SUSPENDIDAS las Fiestas Patronales de Moros y Cristianos 2021 - MI Ayuntamiento de Caudete","og_description":"P\u00e1gina Oficial del Ayuntamiento de Caudete (Albacete)","og_url":"https:\/\/www.caudete.org\/ayuntamiento\/suspendidas-las-fiestas-patronales-de-moros-y-cristianos-2021\/","og_site_name":"MI Ayuntamiento de Caudete","article_publisher":"https:\/\/www.facebook.com\/ayuntamientocaudete\/","article_published_time":"2021-06-25T14:00:50+00:00","article_modified_time":"2021-06-28T20:10:31+00:00","og_image":[{"width":864,"height":380,"url":"https:\/\/www.caudete.org\/ayuntamiento\/wp-content\/uploads\/2021\/06\/Tres-Logos-WEB-2-1-1.jpg","type":"image\/jpeg"}],"author":"alcalde","twitter_card":"summary_large_image","twitter_misc":{"Escrito por":"alcalde","Tiempo de lectura":"1 minuto"},"schema":{"@context":"https:\/\/schema.org","@graph":[{"@type":"Article","@id":"https:\/\/www.caudete.org\/ayuntamiento\/suspendidas-las-fiestas-patronales-de-moros-y-cristianos-2021\/#article","isPartOf":{"@id":"https:\/\/www.caudete.org\/ayuntamiento\/suspendidas-las-fiestas-patronales-de-moros-y-cristianos-2021\/"},"author":{"name":"alcalde","@id":"https:\/\/www.caudete.org\/ayuntamiento\/#\/schema\/person\/cc646da9133078ee4d8dd47457947253"},"headline":"SUSPENDIDAS las Fiestas Patronales de Moros y Cristianos 2021","datePublished":"2021-06-25T14:00:50+00:00","dateModified":"2021-06-28T20:10:31+00:00","mainEntityOfPage":{"@id":"https:\/\/www.caudete.org\/ayuntamiento\/suspendidas-las-fiestas-patronales-de-moros-y-cristianos-2021\/"},"wordCount":145,"image":{"@id":"https:\/\/www.caudete.org\/ayuntamiento\/suspendidas-las-fiestas-patronales-de-moros-y-cristianos-2021\/#primaryimage"},"thumbnailUrl":"https:\/\/www.caudete.org\/ayuntamiento\/wp-content\/uploads\/2021\/06\/Tres-Logos-WEB-2-1-1.jpg","articleSection":["Fiestas"],"inLanguage":"es"},{"@type":"WebPage","@id":"https:\/\/www.caudete.org\/ayuntamiento\/suspendidas-las-fiestas-patronales-de-moros-y-cristianos-2021\/","url":"https:\/\/www.caudete.org\/ayuntamiento\/suspendidas-las-fiestas-patronales-de-moros-y-cristianos-2021\/","name":"SUSPENDIDAS las Fiestas Patronales de Moros y Cristianos 2021 - MI Ayuntamiento de Caudete","isPartOf":{"@id":"https:\/\/www.caudete.org\/ayuntamiento\/#website"},"primaryImageOfPage":{"@id":"https:\/\/www.caudete.org\/ayuntamiento\/suspendidas-las-fiestas-patronales-de-moros-y-cristianos-2021\/#primaryimage"},"image":{"@id":"https:\/\/www.caudete.org\/ayuntamiento\/suspendidas-las-fiestas-patronales-de-moros-y-cristianos-2021\/#primaryimage"},"thumbnailUrl":"https:\/\/www.caudete.org\/ayuntamiento\/wp-content\/uploads\/2021\/06\/Tres-Logos-WEB-2-1-1.jpg","datePublished":"2021-06-25T14:00:50+00:00","dateModified":"2021-06-28T20:10:31+00:00","author":{"@id":"https:\/\/www.caudete.org\/ayuntamiento\/#\/schema\/person\/cc646da9133078ee4d8dd47457947253"},"description":"P\u00e1gina Oficial del Ayuntamiento de Caudete (Albacete)","breadcrumb":{"@id":"https:\/\/www.caudete.org\/ayuntamiento\/suspendidas-las-fiestas-patronales-de-moros-y-cristianos-2021\/#breadcrumb"},"inLanguage":"es","potentialAction":[{"@type":"ReadAction","target":["https:\/\/www.caudete.org\/ayuntamiento\/suspendidas-las-fiestas-patronales-de-moros-y-cristianos-2021\/"]}]},{"@type":"ImageObject","inLanguage":"es","@id":"https:\/\/www.caudete.org\/ayuntamiento\/suspendidas-las-fiestas-patronales-de-moros-y-cristianos-2021\/#primaryimage","url":"https:\/\/www.caudete.org\/ayuntamiento\/wp-content\/uploads\/2021\/06\/Tres-Logos-WEB-2-1-1.jpg","contentUrl":"https:\/\/www.caudete.org\/ayuntamiento\/wp-content\/uploads\/2021\/06\/Tres-Logos-WEB-2-1-1.jpg","width":864,"height":380},{"@type":"BreadcrumbList","@id":"https:\/\/www.caudete.org\/ayuntamiento\/suspendidas-las-fiestas-patronales-de-moros-y-cristianos-2021\/#breadcrumb","itemListElement":[{"@type":"ListItem","position":1,"name":"Inicio","item":"https:\/\/www.caudete.org\/ayuntamiento\/"},{"@type":"ListItem","position":2,"name":"SUSPENDIDAS las Fiestas Patronales de Moros y Cristianos 2021"}]},{"@type":"WebSite","@id":"https:\/\/www.caudete.org\/ayuntamiento\/#website","url":"https:\/\/www.caudete.org\/ayuntamiento\/","name":"MI Ayuntamiento de Caudete","description":"P\u00e1gina Oficial del MI Ayuntamiento de Caudete","potentialAction":[{"@type":"SearchAction","target":{"@type":"EntryPoint","urlTemplate":"https:\/\/www.caudete.org\/ayuntamiento\/?s={search_term_string}"},"query-input":{"@type":"PropertyValueSpecification","valueRequired":true,"valueName":"search_term_string"}}],"inLanguage":"es"},{"@type":"Person","@id":"https:\/\/www.caudete.org\/ayuntamiento\/#\/schema\/person\/cc646da9133078ee4d8dd47457947253","name":"alcalde","image":{"@type":"ImageObject","inLanguage":"es","@id":"https:\/\/secure.gravatar.com\/avatar\/84a817ba065b29ff08d666b215a215f5c79186a645ccb25b14a663d48a130f77?s=96&d=mm&r=g","url":"https:\/\/secure.gravatar.com\/avatar\/84a817ba065b29ff08d666b215a215f5c79186a645ccb25b14a663d48a130f77?s=96&d=mm&r=g","contentUrl":"https:\/\/secure.gravatar.com\/avatar\/84a817ba065b29ff08d666b215a215f5c79186a645ccb25b14a663d48a130f77?s=96&d=mm&r=g","caption":"alcalde"},"url":"https:\/\/www.caudete.org\/ayuntamiento\/author\/alcalde\/"}]}},"_links":{"self":[{"href":"https:\/\/www.caudete.org\/ayuntamiento\/wp-json\/wp\/v2\/posts\/15141","targetHints":{"allow":["GET"]}}],"collection":[{"href":"https:\/\/www.caudete.org\/ayuntamiento\/wp-json\/wp\/v2\/posts"}],"about":[{"href":"https:\/\/www.caudete.org\/ayuntamiento\/wp-json\/wp\/v2\/types\/post"}],"author":[{"embeddable":true,"href":"https:\/\/www.caudete.org\/ayuntamiento\/wp-json\/wp\/v2\/users\/3"}],"replies":[{"embeddable":true,"href":"https:\/\/www.caudete.org\/ayuntamiento\/wp-json\/wp\/v2\/comments?post=15141"}],"version-history":[{"count":2,"href":"https:\/\/www.caudete.org\/ayuntamiento\/wp-json\/wp\/v2\/posts\/15141\/revisions"}],"predecessor-version":[{"id":15145,"href":"https:\/\/www.caudete.org\/ayuntamiento\/wp-json\/wp\/v2\/posts\/15141\/revisions\/15145"}],"wp:featuredmedia":[{"embeddable":true,"href":"https:\/\/www.caudete.org\/ayuntamiento\/wp-json\/wp\/v2\/media\/15214"}],"wp:attachment":[{"href":"https:\/\/www.caudete.org\/ayuntamiento\/wp-json\/wp\/v2\/media?parent=15141"}],"wp:term":[{"taxonomy":"category","embeddable":true,"href":"https:\/\/www.caudete.org\/ayuntamiento\/wp-json\/wp\/v2\/categories?post=15141"},{"taxonomy":"post_tag","embeddable":true,"href":"https:\/\/www.caudete.org\/ayuntamiento\/wp-json\/wp\/v2\/tags?post=15141"}],"curies":[{"name":"wp","href":"https:\/\/api.w.org\/{rel}","templated":true}]}}