{"id":15147,"date":"2021-06-28T10:34:42","date_gmt":"2021-06-28T08:34:42","guid":{"rendered":"https:\/\/www.caudete.org\/ayuntamiento\/?p=15147"},"modified":"2021-06-28T14:20:19","modified_gmt":"2021-06-28T12:20:19","slug":"alta-participacion-en-el-xi-certamen-de-pintura-al-aire-libre-villa-de-caudete","status":"publish","type":"post","link":"https:\/\/www.caudete.org\/ayuntamiento\/alta-participacion-en-el-xi-certamen-de-pintura-al-aire-libre-villa-de-caudete\/","title":{"rendered":"Alta participaci\u00f3n en el XI Certamen de Pintura al Aire Libre &#8220;Villa de Caudete&#8221;"},"content":{"rendered":"<p style=\"text-align: justify;\"><span style=\"color: #000000; font-size: 14pt; font-family: georgia, palatino, serif;\">El pasado s\u00e1bado 26 de junio se celebr\u00f3 el <strong>XI Certamen de Pintura al Aire Libre \u201cVilla de Caudete\u201d<\/strong>, cuyo objetivo es fomentar las artes pl\u00e1sticas y la creaci\u00f3n art\u00edstica. La convocatoria, que reuni\u00f3 a unos 25 pintores, reflejaron partes hist\u00f3ricas de Caudete en sus obras de una forma magistral.<\/span><\/p>\n<p style=\"text-align: justify;\"><span style=\"color: #000000; font-size: 14pt; font-family: georgia, palatino, serif;\">Los participantes sellaron sus lienzos entre 08:30 y 09:30 horas de la ma\u00f1ana en el Paseo Luis Golf , para despu\u00e9s proceder a pintar sus obras, a lo largo de la ma\u00f1ana, y con t\u00e9cnica libre, entregando sus obras a las 16:30 horas en el lugar del sellado.<\/span><\/p>\n<p><a href=\"https:\/\/www.caudete.org\/ayuntamiento\/wp-content\/uploads\/2021\/06\/207852522_4089579381095949_8497481133963466869_n.jpg\" rel='prettyPhoto'><img fetchpriority=\"high\" decoding=\"async\" class=\"aligncenter wp-image-15155 size-medium\" src=\"https:\/\/www.caudete.org\/ayuntamiento\/wp-content\/uploads\/2021\/06\/207852522_4089579381095949_8497481133963466869_n-225x300.jpg\" alt=\"\" width=\"225\" height=\"300\" srcset=\"https:\/\/www.caudete.org\/ayuntamiento\/wp-content\/uploads\/2021\/06\/207852522_4089579381095949_8497481133963466869_n-225x300.jpg 225w, https:\/\/www.caudete.org\/ayuntamiento\/wp-content\/uploads\/2021\/06\/207852522_4089579381095949_8497481133963466869_n.jpg 720w\" sizes=\"(max-width: 225px) 100vw, 225px\" \/><\/a><\/p>\n<p style=\"text-align: justify;\"><span style=\"color: #000000; font-size: 14pt; font-family: georgia, palatino, serif;\">El Certamen conclu\u00eda con el acto de Entrega de Premios a las 18:00 horas, en el Paseo Luis Golf, y una exposici\u00f3n de todas las obras participantes.<\/span><\/p>\n<p style=\"text-align: justify;\"><span style=\"color: #000000; font-size: 14pt; font-family: georgia, palatino, serif;\">Los premios para los ganadores fueron:<\/span><\/p>\n<p style=\"text-align: center;\"><span style=\"text-decoration: underline;\"><span style=\"font-size: 14pt; font-family: georgia, palatino, serif;\"><span style=\"color: #000000;\"><b><strong>CATEGOR\u00cdA INFANTIL<\/strong><\/b><\/span><\/span><\/span><\/p>\n<p style=\"text-align: justify;\"><span style=\"font-size: 14pt;\"><span style=\"text-decoration: underline;\"><b style=\"color: #000000; font-family: georgia, palatino, serif; text-decoration: underline;\">Primer premio:<\/b><\/span><span style=\"color: #000000; font-family: georgia, palatino, serif;\"> 40 \u20ac en material escolar y diploma, donados por <\/span><em><span style=\"color: #000000; font-family: georgia, palatino, serif;\">Librer\u00eda\u00a0L\u00e1piz y Papel<\/span><\/em><span style=\"color: #000000; font-family: georgia, palatino, serif;\">, para DARIO HERN\u00c1NDEZ CARRI\u00d3N , de la localidad de Caudete.<\/span><\/span><\/p>\n<p><a href=\"https:\/\/www.caudete.org\/ayuntamiento\/wp-content\/uploads\/2021\/06\/1o-premio-infantil.jpeg\" rel='prettyPhoto'><img decoding=\"async\" class=\"aligncenter wp-image-15150 size-medium\" src=\"https:\/\/www.caudete.org\/ayuntamiento\/wp-content\/uploads\/2021\/06\/1o-premio-infantil-300x211.jpeg\" alt=\"\" width=\"300\" height=\"211\" srcset=\"https:\/\/www.caudete.org\/ayuntamiento\/wp-content\/uploads\/2021\/06\/1o-premio-infantil-300x211.jpeg 300w, https:\/\/www.caudete.org\/ayuntamiento\/wp-content\/uploads\/2021\/06\/1o-premio-infantil-1024x721.jpeg 1024w, https:\/\/www.caudete.org\/ayuntamiento\/wp-content\/uploads\/2021\/06\/1o-premio-infantil-768x541.jpeg 768w, https:\/\/www.caudete.org\/ayuntamiento\/wp-content\/uploads\/2021\/06\/1o-premio-infantil-1536x1082.jpeg 1536w, https:\/\/www.caudete.org\/ayuntamiento\/wp-content\/uploads\/2021\/06\/1o-premio-infantil.jpeg 1865w\" sizes=\"(max-width: 300px) 100vw, 300px\" \/><\/a><\/p>\n<p style=\"text-align: justify;\"><span style=\"color: #000000; font-size: 14pt; font-family: georgia, palatino, serif;\">Quedando el 2\u00ba y 3 \u00ba premio desierto<\/span><\/p>\n<p style=\"text-align: center;\"><span style=\"text-decoration: underline;\"><span style=\"font-size: 14pt; font-family: georgia, palatino, serif;\"><span style=\"color: #000000;\"><b><strong>CATEGOR\u00cdA ADULTOS<\/strong><\/b><\/span><\/span><\/span><\/p>\n<p style=\"text-align: justify;\"><span style=\"font-family: georgia, palatino, serif; font-size: 14pt;\"><span style=\"color: #000000;\"><span style=\"text-decoration: underline;\"><b>1\u00ba Premio:<\/b><\/span> patrocinado por la <em>Concejal\u00eda de Juventud<\/em>, dotado con 600 \u20ac, botella de aceite donada por Agull\u00f3 y un lote de vino de la tierra donado por la Cooperativa del Campo San Isidro y diploma, fue para FRANCISCO P\u00c9REZ NAVARRO de Ribarroja del Turia (Valencia) .<\/span><span style=\"color: #000000;\"><b><br \/>\n<\/b><\/span><\/span><\/p>\n<p><a href=\"https:\/\/www.caudete.org\/ayuntamiento\/wp-content\/uploads\/2021\/06\/1o-premio.jpeg\" rel='prettyPhoto'><img decoding=\"async\" class=\"aligncenter wp-image-15153 size-medium\" src=\"https:\/\/www.caudete.org\/ayuntamiento\/wp-content\/uploads\/2021\/06\/1o-premio-300x267.jpeg\" alt=\"\" width=\"300\" height=\"267\" srcset=\"https:\/\/www.caudete.org\/ayuntamiento\/wp-content\/uploads\/2021\/06\/1o-premio-300x267.jpeg 300w, https:\/\/www.caudete.org\/ayuntamiento\/wp-content\/uploads\/2021\/06\/1o-premio-1024x912.jpeg 1024w, https:\/\/www.caudete.org\/ayuntamiento\/wp-content\/uploads\/2021\/06\/1o-premio-768x684.jpeg 768w, https:\/\/www.caudete.org\/ayuntamiento\/wp-content\/uploads\/2021\/06\/1o-premio-1536x1368.jpeg 1536w, https:\/\/www.caudete.org\/ayuntamiento\/wp-content\/uploads\/2021\/06\/1o-premio.jpeg 1564w\" sizes=\"(max-width: 300px) 100vw, 300px\" \/><\/a><\/p>\n<p style=\"text-align: justify;\"><span style=\"font-family: georgia, palatino, serif; font-size: 14pt;\"><span style=\"color: #000000;\"><span style=\"text-decoration: underline;\"><b>2\u00ba Premio<\/b>:<\/span> patrocinado por la <em>Concejal\u00eda de Cultura<\/em>, dotado de de 400 \u20ac, botella de aceite donada por Agull\u00f3 y un lote de vino de la tierra donado por la Cooperativa del Campo San Isidro y diploma , fue para JOSE ANTONIO CAMPOS MART\u00cdN de Vilamarxant (Valencia) .<\/span><span style=\"color: #000000;\"><b><br \/>\n<\/b><\/span><\/span><\/p>\n<p><a href=\"https:\/\/www.caudete.org\/ayuntamiento\/wp-content\/uploads\/2021\/06\/2o-premio.jpeg\" rel='prettyPhoto'><img loading=\"lazy\" decoding=\"async\" class=\"aligncenter wp-image-15152 size-medium\" src=\"https:\/\/www.caudete.org\/ayuntamiento\/wp-content\/uploads\/2021\/06\/2o-premio-300x248.jpeg\" alt=\"\" width=\"300\" height=\"248\" srcset=\"https:\/\/www.caudete.org\/ayuntamiento\/wp-content\/uploads\/2021\/06\/2o-premio-300x248.jpeg 300w, https:\/\/www.caudete.org\/ayuntamiento\/wp-content\/uploads\/2021\/06\/2o-premio-1024x848.jpeg 1024w, https:\/\/www.caudete.org\/ayuntamiento\/wp-content\/uploads\/2021\/06\/2o-premio-768x636.jpeg 768w, https:\/\/www.caudete.org\/ayuntamiento\/wp-content\/uploads\/2021\/06\/2o-premio-1536x1272.jpeg 1536w, https:\/\/www.caudete.org\/ayuntamiento\/wp-content\/uploads\/2021\/06\/2o-premio.jpeg 1811w\" sizes=\"(max-width: 300px) 100vw, 300px\" \/><\/a><\/p>\n<p style=\"text-align: justify;\"><span style=\"color: #000000; font-size: 14pt; font-family: georgia, palatino, serif;\"><span style=\"text-decoration: underline;\"><b>3\u00ba Premio:<\/b> <\/span>patrocinado por <em>Cruz Roja Juventud<\/em> dotado de 200 \u20ac, botella de aceite donada por Agull\u00f3 y un lote de vino de la tierra donado por la Cooperativa del Campo San Isidro y diploma fue para SALVADOR RIBES VILLALBA Salvador Ribes Villalba, de la localidad de Guadassuar (Valencia).<\/span><\/p>\n<p><a href=\"https:\/\/www.caudete.org\/ayuntamiento\/wp-content\/uploads\/2021\/06\/3o-premio.jpeg\" rel='prettyPhoto'><img loading=\"lazy\" decoding=\"async\" class=\"aligncenter wp-image-15154 size-medium\" src=\"https:\/\/www.caudete.org\/ayuntamiento\/wp-content\/uploads\/2021\/06\/3o-premio-300x160.jpeg\" alt=\"\" width=\"300\" height=\"160\" srcset=\"https:\/\/www.caudete.org\/ayuntamiento\/wp-content\/uploads\/2021\/06\/3o-premio-300x160.jpeg 300w, https:\/\/www.caudete.org\/ayuntamiento\/wp-content\/uploads\/2021\/06\/3o-premio-1024x545.jpeg 1024w, https:\/\/www.caudete.org\/ayuntamiento\/wp-content\/uploads\/2021\/06\/3o-premio-768x409.jpeg 768w, https:\/\/www.caudete.org\/ayuntamiento\/wp-content\/uploads\/2021\/06\/3o-premio-1536x818.jpeg 1536w, https:\/\/www.caudete.org\/ayuntamiento\/wp-content\/uploads\/2021\/06\/3o-premio.jpeg 1801w\" sizes=\"(max-width: 300px) 100vw, 300px\" \/><\/a><\/p>\n<p style=\"text-align: justify;\"><span style=\"font-size: 14pt; font-family: georgia, palatino, serif;\"><span style=\"color: #000000;\"><span style=\"text-decoration: underline;\"><b>4\u00ba Premio: <\/b><\/span>patrocinado por <em>Su Salud en Casa<\/em> dotado de 150 \u20ac, botella de aceite donada por Agull\u00f3 y un lote de vino de la tierra donado por la Cooperativa del Campo San Isidro y diploma fue para MIGUEL ANGEL SAN PEDRO DIAZ de Roquetas de Mar (Almer\u00eda).<\/span><\/span><\/p>\n<p><a href=\"https:\/\/www.caudete.org\/ayuntamiento\/wp-content\/uploads\/2021\/06\/4o-premio.jpeg\" rel='prettyPhoto'><img loading=\"lazy\" decoding=\"async\" class=\"aligncenter wp-image-15151 size-medium\" src=\"https:\/\/www.caudete.org\/ayuntamiento\/wp-content\/uploads\/2021\/06\/4o-premio-300x249.jpeg\" alt=\"\" width=\"300\" height=\"249\" srcset=\"https:\/\/www.caudete.org\/ayuntamiento\/wp-content\/uploads\/2021\/06\/4o-premio-300x249.jpeg 300w, https:\/\/www.caudete.org\/ayuntamiento\/wp-content\/uploads\/2021\/06\/4o-premio-1024x849.jpeg 1024w, https:\/\/www.caudete.org\/ayuntamiento\/wp-content\/uploads\/2021\/06\/4o-premio-768x637.jpeg 768w, https:\/\/www.caudete.org\/ayuntamiento\/wp-content\/uploads\/2021\/06\/4o-premio-1536x1274.jpeg 1536w, https:\/\/www.caudete.org\/ayuntamiento\/wp-content\/uploads\/2021\/06\/4o-premio.jpeg 1757w\" sizes=\"(max-width: 300px) 100vw, 300px\" \/><\/a><\/p>\n<p style=\"text-align: justify;\"><span style=\"color: #000000; font-size: 14pt; font-family: georgia, palatino, serif;\">La Concejal\u00eda de Juventud del M.I. Ayuntamiento de Caudete agradece a todos los participantes su asistencia a este XI Certamen, as\u00ed como tambi\u00e9n el apoyo de los diferentes patrocinadores y la colaboraci\u00f3n del jurado.<\/span><\/p>\n","protected":false},"excerpt":{"rendered":"<p>El pasado s\u00e1bado 26 de junio se celebr\u00f3 el XI Certamen de Pintura al Aire Libre \u201cVilla de Caudete\u201d, cuyo objetivo es fomentar las artes pl\u00e1sticas y la creaci\u00f3n art\u00edstica. La convocatoria, que reuni\u00f3 a unos 25 pintores, reflejaron partes hist\u00f3ricas de Caudete en sus obras de una forma magistral. Los participantes sellaron sus lienzos &hellip;<\/p>\n","protected":false},"author":3,"featured_media":15148,"comment_status":"closed","ping_status":"open","sticky":false,"template":"","format":"standard","meta":{"ngg_post_thumbnail":0,"footnotes":""},"categories":[121],"tags":[],"class_list":["post-15147","post","type-post","status-publish","format-standard","has-post-thumbnail","hentry","category-juventud-2"],"yoast_head":"<!-- This site is optimized with the Yoast SEO plugin v27.5 - https:\/\/yoast.com\/product\/yoast-seo-wordpress\/ -->\n<title>Alta participaci\u00f3n en el XI Certamen de Pintura al Aire Libre &quot;Villa de Caudete&quot; - MI Ayuntamiento de Caudete<\/title>\n<meta name=\"description\" content=\"P\u00e1gina Oficial del Ayuntamiento de Caudete (Albacete)\" \/>\n<meta name=\"robots\" content=\"index, follow, max-snippet:-1, max-image-preview:large, max-video-preview:-1\" \/>\n<link rel=\"canonical\" href=\"https:\/\/www.caudete.org\/ayuntamiento\/alta-participacion-en-el-xi-certamen-de-pintura-al-aire-libre-villa-de-caudete\/\" \/>\n<meta property=\"og:locale\" content=\"es_ES\" \/>\n<meta property=\"og:type\" content=\"article\" \/>\n<meta property=\"og:title\" content=\"Alta participaci\u00f3n en el XI Certamen de Pintura al Aire Libre &quot;Villa de Caudete&quot; - MI Ayuntamiento de Caudete\" \/>\n<meta property=\"og:description\" content=\"P\u00e1gina Oficial del Ayuntamiento de Caudete (Albacete)\" \/>\n<meta property=\"og:url\" content=\"https:\/\/www.caudete.org\/ayuntamiento\/alta-participacion-en-el-xi-certamen-de-pintura-al-aire-libre-villa-de-caudete\/\" \/>\n<meta property=\"og:site_name\" content=\"MI Ayuntamiento de Caudete\" \/>\n<meta property=\"article:publisher\" content=\"https:\/\/www.facebook.com\/ayuntamientocaudete\/\" \/>\n<meta property=\"article:published_time\" content=\"2021-06-28T08:34:42+00:00\" \/>\n<meta property=\"article:modified_time\" content=\"2021-06-28T12:20:19+00:00\" \/>\n<meta property=\"og:image\" content=\"https:\/\/www.caudete.org\/ayuntamiento\/wp-content\/uploads\/2021\/06\/WhatsApp-Image-2021-06-28-at-09.46.23.jpeg\" \/>\n\t<meta property=\"og:image:width\" content=\"2000\" \/>\n\t<meta property=\"og:image:height\" content=\"1500\" \/>\n\t<meta property=\"og:image:type\" content=\"image\/jpeg\" \/>\n<meta name=\"author\" content=\"alcalde\" \/>\n<meta name=\"twitter:card\" content=\"summary_large_image\" \/>\n<meta name=\"twitter:label1\" content=\"Escrito por\" \/>\n\t<meta name=\"twitter:data1\" content=\"alcalde\" \/>\n\t<meta name=\"twitter:label2\" content=\"Tiempo de lectura\" \/>\n\t<meta name=\"twitter:data2\" content=\"3 minutos\" \/>\n<script type=\"application\/ld+json\" class=\"yoast-schema-graph\">{\"@context\":\"https:\\\/\\\/schema.org\",\"@graph\":[{\"@type\":\"Article\",\"@id\":\"https:\\\/\\\/www.caudete.org\\\/ayuntamiento\\\/alta-participacion-en-el-xi-certamen-de-pintura-al-aire-libre-villa-de-caudete\\\/#article\",\"isPartOf\":{\"@id\":\"https:\\\/\\\/www.caudete.org\\\/ayuntamiento\\\/alta-participacion-en-el-xi-certamen-de-pintura-al-aire-libre-villa-de-caudete\\\/\"},\"author\":{\"name\":\"alcalde\",\"@id\":\"https:\\\/\\\/www.caudete.org\\\/ayuntamiento\\\/#\\\/schema\\\/person\\\/cc646da9133078ee4d8dd47457947253\"},\"headline\":\"Alta participaci\u00f3n en el XI Certamen de Pintura al Aire Libre &#8220;Villa de Caudete&#8221;\",\"datePublished\":\"2021-06-28T08:34:42+00:00\",\"dateModified\":\"2021-06-28T12:20:19+00:00\",\"mainEntityOfPage\":{\"@id\":\"https:\\\/\\\/www.caudete.org\\\/ayuntamiento\\\/alta-participacion-en-el-xi-certamen-de-pintura-al-aire-libre-villa-de-caudete\\\/\"},\"wordCount\":407,\"publisher\":{\"@id\":\"https:\\\/\\\/www.caudete.org\\\/ayuntamiento\\\/#organization\"},\"image\":{\"@id\":\"https:\\\/\\\/www.caudete.org\\\/ayuntamiento\\\/alta-participacion-en-el-xi-certamen-de-pintura-al-aire-libre-villa-de-caudete\\\/#primaryimage\"},\"thumbnailUrl\":\"https:\\\/\\\/www.caudete.org\\\/ayuntamiento\\\/wp-content\\\/uploads\\\/2021\\\/06\\\/WhatsApp-Image-2021-06-28-at-09.46.23.jpeg\",\"articleSection\":[\"Juventud\"],\"inLanguage\":\"es\"},{\"@type\":\"WebPage\",\"@id\":\"https:\\\/\\\/www.caudete.org\\\/ayuntamiento\\\/alta-participacion-en-el-xi-certamen-de-pintura-al-aire-libre-villa-de-caudete\\\/\",\"url\":\"https:\\\/\\\/www.caudete.org\\\/ayuntamiento\\\/alta-participacion-en-el-xi-certamen-de-pintura-al-aire-libre-villa-de-caudete\\\/\",\"name\":\"Alta participaci\u00f3n en el XI Certamen de Pintura al Aire Libre \\\"Villa de Caudete\\\" - MI Ayuntamiento de Caudete\",\"isPartOf\":{\"@id\":\"https:\\\/\\\/www.caudete.org\\\/ayuntamiento\\\/#website\"},\"primaryImageOfPage\":{\"@id\":\"https:\\\/\\\/www.caudete.org\\\/ayuntamiento\\\/alta-participacion-en-el-xi-certamen-de-pintura-al-aire-libre-villa-de-caudete\\\/#primaryimage\"},\"image\":{\"@id\":\"https:\\\/\\\/www.caudete.org\\\/ayuntamiento\\\/alta-participacion-en-el-xi-certamen-de-pintura-al-aire-libre-villa-de-caudete\\\/#primaryimage\"},\"thumbnailUrl\":\"https:\\\/\\\/www.caudete.org\\\/ayuntamiento\\\/wp-content\\\/uploads\\\/2021\\\/06\\\/WhatsApp-Image-2021-06-28-at-09.46.23.jpeg\",\"datePublished\":\"2021-06-28T08:34:42+00:00\",\"dateModified\":\"2021-06-28T12:20:19+00:00\",\"description\":\"P\u00e1gina Oficial del Ayuntamiento de Caudete (Albacete)\",\"breadcrumb\":{\"@id\":\"https:\\\/\\\/www.caudete.org\\\/ayuntamiento\\\/alta-participacion-en-el-xi-certamen-de-pintura-al-aire-libre-villa-de-caudete\\\/#breadcrumb\"},\"inLanguage\":\"es\",\"potentialAction\":[{\"@type\":\"ReadAction\",\"target\":[\"https:\\\/\\\/www.caudete.org\\\/ayuntamiento\\\/alta-participacion-en-el-xi-certamen-de-pintura-al-aire-libre-villa-de-caudete\\\/\"]}]},{\"@type\":\"ImageObject\",\"inLanguage\":\"es\",\"@id\":\"https:\\\/\\\/www.caudete.org\\\/ayuntamiento\\\/alta-participacion-en-el-xi-certamen-de-pintura-al-aire-libre-villa-de-caudete\\\/#primaryimage\",\"url\":\"https:\\\/\\\/www.caudete.org\\\/ayuntamiento\\\/wp-content\\\/uploads\\\/2021\\\/06\\\/WhatsApp-Image-2021-06-28-at-09.46.23.jpeg\",\"contentUrl\":\"https:\\\/\\\/www.caudete.org\\\/ayuntamiento\\\/wp-content\\\/uploads\\\/2021\\\/06\\\/WhatsApp-Image-2021-06-28-at-09.46.23.jpeg\",\"width\":2000,\"height\":1500},{\"@type\":\"BreadcrumbList\",\"@id\":\"https:\\\/\\\/www.caudete.org\\\/ayuntamiento\\\/alta-participacion-en-el-xi-certamen-de-pintura-al-aire-libre-villa-de-caudete\\\/#breadcrumb\",\"itemListElement\":[{\"@type\":\"ListItem\",\"position\":1,\"name\":\"Inicio\",\"item\":\"https:\\\/\\\/www.caudete.org\\\/ayuntamiento\\\/\"},{\"@type\":\"ListItem\",\"position\":2,\"name\":\"Alta participaci\u00f3n en el XI Certamen de Pintura al Aire Libre &#8220;Villa de Caudete&#8221;\"}]},{\"@type\":\"WebSite\",\"@id\":\"https:\\\/\\\/www.caudete.org\\\/ayuntamiento\\\/#website\",\"url\":\"https:\\\/\\\/www.caudete.org\\\/ayuntamiento\\\/\",\"name\":\"MI Ayuntamiento de Caudete\",\"description\":\"P\u00e1gina Oficial del MI Ayuntamiento de Caudete\",\"publisher\":{\"@id\":\"https:\\\/\\\/www.caudete.org\\\/ayuntamiento\\\/#organization\"},\"potentialAction\":[{\"@type\":\"SearchAction\",\"target\":{\"@type\":\"EntryPoint\",\"urlTemplate\":\"https:\\\/\\\/www.caudete.org\\\/ayuntamiento\\\/?s={search_term_string}\"},\"query-input\":{\"@type\":\"PropertyValueSpecification\",\"valueRequired\":true,\"valueName\":\"search_term_string\"}}],\"inLanguage\":\"es\"},{\"@type\":\"Organization\",\"@id\":\"https:\\\/\\\/www.caudete.org\\\/ayuntamiento\\\/#organization\",\"name\":\"Ayuntamiento de Caudete\",\"url\":\"https:\\\/\\\/www.caudete.org\\\/ayuntamiento\\\/\",\"logo\":{\"@type\":\"ImageObject\",\"inLanguage\":\"es\",\"@id\":\"https:\\\/\\\/www.caudete.org\\\/ayuntamiento\\\/#\\\/schema\\\/logo\\\/image\\\/\",\"url\":\"https:\\\/\\\/www.caudete.org\\\/ayuntamiento\\\/wp-content\\\/uploads\\\/2020\\\/11\\\/logo_ayuntamiento_caudete.jpg\",\"contentUrl\":\"https:\\\/\\\/www.caudete.org\\\/ayuntamiento\\\/wp-content\\\/uploads\\\/2020\\\/11\\\/logo_ayuntamiento_caudete.jpg\",\"width\":600,\"height\":150,\"caption\":\"Ayuntamiento de Caudete\"},\"image\":{\"@id\":\"https:\\\/\\\/www.caudete.org\\\/ayuntamiento\\\/#\\\/schema\\\/logo\\\/image\\\/\"},\"sameAs\":[\"https:\\\/\\\/www.facebook.com\\\/ayuntamientocaudete\\\/\",\"https:\\\/\\\/www.youtube.com\\\/channel\\\/UC6VztHaooNsGpw-tNoBEFnQ\"]},{\"@type\":\"Person\",\"@id\":\"https:\\\/\\\/www.caudete.org\\\/ayuntamiento\\\/#\\\/schema\\\/person\\\/cc646da9133078ee4d8dd47457947253\",\"name\":\"alcalde\",\"image\":{\"@type\":\"ImageObject\",\"inLanguage\":\"es\",\"@id\":\"https:\\\/\\\/secure.gravatar.com\\\/avatar\\\/84a817ba065b29ff08d666b215a215f5c79186a645ccb25b14a663d48a130f77?s=96&d=mm&r=g\",\"url\":\"https:\\\/\\\/secure.gravatar.com\\\/avatar\\\/84a817ba065b29ff08d666b215a215f5c79186a645ccb25b14a663d48a130f77?s=96&d=mm&r=g\",\"contentUrl\":\"https:\\\/\\\/secure.gravatar.com\\\/avatar\\\/84a817ba065b29ff08d666b215a215f5c79186a645ccb25b14a663d48a130f77?s=96&d=mm&r=g\",\"caption\":\"alcalde\"},\"url\":\"https:\\\/\\\/www.caudete.org\\\/ayuntamiento\\\/author\\\/alcalde\\\/\"}]}<\/script>\n<!-- \/ Yoast SEO plugin. -->","yoast_head_json":{"title":"Alta participaci\u00f3n en el XI Certamen de Pintura al Aire Libre \"Villa de Caudete\" - MI Ayuntamiento de Caudete","description":"P\u00e1gina Oficial del Ayuntamiento de Caudete (Albacete)","robots":{"index":"index","follow":"follow","max-snippet":"max-snippet:-1","max-image-preview":"max-image-preview:large","max-video-preview":"max-video-preview:-1"},"canonical":"https:\/\/www.caudete.org\/ayuntamiento\/alta-participacion-en-el-xi-certamen-de-pintura-al-aire-libre-villa-de-caudete\/","og_locale":"es_ES","og_type":"article","og_title":"Alta participaci\u00f3n en el XI Certamen de Pintura al Aire Libre \"Villa de Caudete\" - MI Ayuntamiento de Caudete","og_description":"P\u00e1gina Oficial del Ayuntamiento de Caudete (Albacete)","og_url":"https:\/\/www.caudete.org\/ayuntamiento\/alta-participacion-en-el-xi-certamen-de-pintura-al-aire-libre-villa-de-caudete\/","og_site_name":"MI Ayuntamiento de Caudete","article_publisher":"https:\/\/www.facebook.com\/ayuntamientocaudete\/","article_published_time":"2021-06-28T08:34:42+00:00","article_modified_time":"2021-06-28T12:20:19+00:00","og_image":[{"width":2000,"height":1500,"url":"https:\/\/www.caudete.org\/ayuntamiento\/wp-content\/uploads\/2021\/06\/WhatsApp-Image-2021-06-28-at-09.46.23.jpeg","type":"image\/jpeg"}],"author":"alcalde","twitter_card":"summary_large_image","twitter_misc":{"Escrito por":"alcalde","Tiempo de lectura":"3 minutos"},"schema":{"@context":"https:\/\/schema.org","@graph":[{"@type":"Article","@id":"https:\/\/www.caudete.org\/ayuntamiento\/alta-participacion-en-el-xi-certamen-de-pintura-al-aire-libre-villa-de-caudete\/#article","isPartOf":{"@id":"https:\/\/www.caudete.org\/ayuntamiento\/alta-participacion-en-el-xi-certamen-de-pintura-al-aire-libre-villa-de-caudete\/"},"author":{"name":"alcalde","@id":"https:\/\/www.caudete.org\/ayuntamiento\/#\/schema\/person\/cc646da9133078ee4d8dd47457947253"},"headline":"Alta participaci\u00f3n en el XI Certamen de Pintura al Aire Libre &#8220;Villa de Caudete&#8221;","datePublished":"2021-06-28T08:34:42+00:00","dateModified":"2021-06-28T12:20:19+00:00","mainEntityOfPage":{"@id":"https:\/\/www.caudete.org\/ayuntamiento\/alta-participacion-en-el-xi-certamen-de-pintura-al-aire-libre-villa-de-caudete\/"},"wordCount":407,"publisher":{"@id":"https:\/\/www.caudete.org\/ayuntamiento\/#organization"},"image":{"@id":"https:\/\/www.caudete.org\/ayuntamiento\/alta-participacion-en-el-xi-certamen-de-pintura-al-aire-libre-villa-de-caudete\/#primaryimage"},"thumbnailUrl":"https:\/\/www.caudete.org\/ayuntamiento\/wp-content\/uploads\/2021\/06\/WhatsApp-Image-2021-06-28-at-09.46.23.jpeg","articleSection":["Juventud"],"inLanguage":"es"},{"@type":"WebPage","@id":"https:\/\/www.caudete.org\/ayuntamiento\/alta-participacion-en-el-xi-certamen-de-pintura-al-aire-libre-villa-de-caudete\/","url":"https:\/\/www.caudete.org\/ayuntamiento\/alta-participacion-en-el-xi-certamen-de-pintura-al-aire-libre-villa-de-caudete\/","name":"Alta participaci\u00f3n en el XI Certamen de Pintura al Aire Libre \"Villa de Caudete\" - MI Ayuntamiento de Caudete","isPartOf":{"@id":"https:\/\/www.caudete.org\/ayuntamiento\/#website"},"primaryImageOfPage":{"@id":"https:\/\/www.caudete.org\/ayuntamiento\/alta-participacion-en-el-xi-certamen-de-pintura-al-aire-libre-villa-de-caudete\/#primaryimage"},"image":{"@id":"https:\/\/www.caudete.org\/ayuntamiento\/alta-participacion-en-el-xi-certamen-de-pintura-al-aire-libre-villa-de-caudete\/#primaryimage"},"thumbnailUrl":"https:\/\/www.caudete.org\/ayuntamiento\/wp-content\/uploads\/2021\/06\/WhatsApp-Image-2021-06-28-at-09.46.23.jpeg","datePublished":"2021-06-28T08:34:42+00:00","dateModified":"2021-06-28T12:20:19+00:00","description":"P\u00e1gina Oficial del Ayuntamiento de Caudete (Albacete)","breadcrumb":{"@id":"https:\/\/www.caudete.org\/ayuntamiento\/alta-participacion-en-el-xi-certamen-de-pintura-al-aire-libre-villa-de-caudete\/#breadcrumb"},"inLanguage":"es","potentialAction":[{"@type":"ReadAction","target":["https:\/\/www.caudete.org\/ayuntamiento\/alta-participacion-en-el-xi-certamen-de-pintura-al-aire-libre-villa-de-caudete\/"]}]},{"@type":"ImageObject","inLanguage":"es","@id":"https:\/\/www.caudete.org\/ayuntamiento\/alta-participacion-en-el-xi-certamen-de-pintura-al-aire-libre-villa-de-caudete\/#primaryimage","url":"https:\/\/www.caudete.org\/ayuntamiento\/wp-content\/uploads\/2021\/06\/WhatsApp-Image-2021-06-28-at-09.46.23.jpeg","contentUrl":"https:\/\/www.caudete.org\/ayuntamiento\/wp-content\/uploads\/2021\/06\/WhatsApp-Image-2021-06-28-at-09.46.23.jpeg","width":2000,"height":1500},{"@type":"BreadcrumbList","@id":"https:\/\/www.caudete.org\/ayuntamiento\/alta-participacion-en-el-xi-certamen-de-pintura-al-aire-libre-villa-de-caudete\/#breadcrumb","itemListElement":[{"@type":"ListItem","position":1,"name":"Inicio","item":"https:\/\/www.caudete.org\/ayuntamiento\/"},{"@type":"ListItem","position":2,"name":"Alta participaci\u00f3n en el XI Certamen de Pintura al Aire Libre &#8220;Villa de Caudete&#8221;"}]},{"@type":"WebSite","@id":"https:\/\/www.caudete.org\/ayuntamiento\/#website","url":"https:\/\/www.caudete.org\/ayuntamiento\/","name":"MI Ayuntamiento de Caudete","description":"P\u00e1gina Oficial del MI Ayuntamiento de Caudete","publisher":{"@id":"https:\/\/www.caudete.org\/ayuntamiento\/#organization"},"potentialAction":[{"@type":"SearchAction","target":{"@type":"EntryPoint","urlTemplate":"https:\/\/www.caudete.org\/ayuntamiento\/?s={search_term_string}"},"query-input":{"@type":"PropertyValueSpecification","valueRequired":true,"valueName":"search_term_string"}}],"inLanguage":"es"},{"@type":"Organization","@id":"https:\/\/www.caudete.org\/ayuntamiento\/#organization","name":"Ayuntamiento de Caudete","url":"https:\/\/www.caudete.org\/ayuntamiento\/","logo":{"@type":"ImageObject","inLanguage":"es","@id":"https:\/\/www.caudete.org\/ayuntamiento\/#\/schema\/logo\/image\/","url":"https:\/\/www.caudete.org\/ayuntamiento\/wp-content\/uploads\/2020\/11\/logo_ayuntamiento_caudete.jpg","contentUrl":"https:\/\/www.caudete.org\/ayuntamiento\/wp-content\/uploads\/2020\/11\/logo_ayuntamiento_caudete.jpg","width":600,"height":150,"caption":"Ayuntamiento de Caudete"},"image":{"@id":"https:\/\/www.caudete.org\/ayuntamiento\/#\/schema\/logo\/image\/"},"sameAs":["https:\/\/www.facebook.com\/ayuntamientocaudete\/","https:\/\/www.youtube.com\/channel\/UC6VztHaooNsGpw-tNoBEFnQ"]},{"@type":"Person","@id":"https:\/\/www.caudete.org\/ayuntamiento\/#\/schema\/person\/cc646da9133078ee4d8dd47457947253","name":"alcalde","image":{"@type":"ImageObject","inLanguage":"es","@id":"https:\/\/secure.gravatar.com\/avatar\/84a817ba065b29ff08d666b215a215f5c79186a645ccb25b14a663d48a130f77?s=96&d=mm&r=g","url":"https:\/\/secure.gravatar.com\/avatar\/84a817ba065b29ff08d666b215a215f5c79186a645ccb25b14a663d48a130f77?s=96&d=mm&r=g","contentUrl":"https:\/\/secure.gravatar.com\/avatar\/84a817ba065b29ff08d666b215a215f5c79186a645ccb25b14a663d48a130f77?s=96&d=mm&r=g","caption":"alcalde"},"url":"https:\/\/www.caudete.org\/ayuntamiento\/author\/alcalde\/"}]}},"_links":{"self":[{"href":"https:\/\/www.caudete.org\/ayuntamiento\/wp-json\/wp\/v2\/posts\/15147","targetHints":{"allow":["GET"]}}],"collection":[{"href":"https:\/\/www.caudete.org\/ayuntamiento\/wp-json\/wp\/v2\/posts"}],"about":[{"href":"https:\/\/www.caudete.org\/ayuntamiento\/wp-json\/wp\/v2\/types\/post"}],"author":[{"embeddable":true,"href":"https:\/\/www.caudete.org\/ayuntamiento\/wp-json\/wp\/v2\/users\/3"}],"replies":[{"embeddable":true,"href":"https:\/\/www.caudete.org\/ayuntamiento\/wp-json\/wp\/v2\/comments?post=15147"}],"version-history":[{"count":2,"href":"https:\/\/www.caudete.org\/ayuntamiento\/wp-json\/wp\/v2\/posts\/15147\/revisions"}],"predecessor-version":[{"id":15189,"href":"https:\/\/www.caudete.org\/ayuntamiento\/wp-json\/wp\/v2\/posts\/15147\/revisions\/15189"}],"wp:featuredmedia":[{"embeddable":true,"href":"https:\/\/www.caudete.org\/ayuntamiento\/wp-json\/wp\/v2\/media\/15148"}],"wp:attachment":[{"href":"https:\/\/www.caudete.org\/ayuntamiento\/wp-json\/wp\/v2\/media?parent=15147"}],"wp:term":[{"taxonomy":"category","embeddable":true,"href":"https:\/\/www.caudete.org\/ayuntamiento\/wp-json\/wp\/v2\/categories?post=15147"},{"taxonomy":"post_tag","embeddable":true,"href":"https:\/\/www.caudete.org\/ayuntamiento\/wp-json\/wp\/v2\/tags?post=15147"}],"curies":[{"name":"wp","href":"https:\/\/api.w.org\/{rel}","templated":true}]}}