{"id":15191,"date":"2021-06-28T15:31:04","date_gmt":"2021-06-28T13:31:04","guid":{"rendered":"https:\/\/www.caudete.org\/ayuntamiento\/?p=15191"},"modified":"2021-06-28T16:51:39","modified_gmt":"2021-06-28T14:51:39","slug":"aprobado-el-plan-anual-normativo-2021","status":"publish","type":"post","link":"https:\/\/www.caudete.org\/ayuntamiento\/aprobado-el-plan-anual-normativo-2021\/","title":{"rendered":"Aprobado el Plan Anual Normativo 2021"},"content":{"rendered":"<p style=\"text-align: justify;\"><span style=\"font-family: helvetica, arial, sans-serif;\">Esta ma\u00f1ana quedaba ratificado mediante la Resoluci\u00f3n de Alcald\u00eda n\u00ba 483.425 el Plan Anual Normativo que el art.132 de la LPAC establece para las Administraciones P\u00fablicas, en el que obliga a \u00e9stas a fijar aquellas iniciativas legales o reglamentarias que vayan a ser elevadas para su aprobaci\u00f3n, donde se incluyen tanto las modificaciones como los nuevos textos de Ordenanzas.<\/span><\/p>\n<p style=\"text-align: justify;\"><span style=\"font-family: helvetica, arial, sans-serif;\">La propuesta de Alcald\u00eda inicial tiene fecha de 18 de Febrero, ampliada en 11 de Junio con el visto bueno de la Junta de Gobierno Local. De hecho, sobre este Plan Normativo ya se ha avanzado en su ejecuci\u00f3n, puesto que algunos de los textos fijados ya han pasado por el Pleno Municipal, mientras que otras han sido ya anunciados a consulta p\u00fablica previa por parte de la Concejal\u00eda de Participaci\u00f3n Ciudadana.<\/span><\/p>\n<p style=\"text-align: justify;\"><span style=\"font-size: 8pt; font-family: helvetica, arial, sans-serif;\">(Extracto de la R.A. n\u00ba 483.425 de 28\/06\/2021):<\/span><\/p>\n<p>&nbsp;<\/p>\n<p style=\"text-align: center;\"><span style=\"font-family: helvetica, arial, sans-serif;\"><em>\u00ab\u00ab\u00ab <strong>HA RESUELTO<\/strong><\/em><\/span><\/p>\n<p style=\"text-align: justify;\"><span style=\"font-family: helvetica, arial, sans-serif;\"><em><strong>PRIMERO.-<\/strong> Aprobar el Plan Anual Normativo de este Ayuntamiento para 2021, comprensivo de las siguientes actuaciones:<\/em><\/span><\/p>\n<p style=\"text-align: justify;\"><span style=\"font-family: helvetica, arial, sans-serif;\"><em><span style=\"text-decoration: underline;\">1\u00ba. Proponer la derogaci\u00f3n de las siguientes ordenanzas fiscales y reguladoras y posterior elaboraci\u00f3n \u201cex novo\u201d de las citadas ordenanzas:<\/span><\/em><\/span><br \/>\n<span style=\"font-family: helvetica, arial, sans-serif;\"><em>\u2022 Ordenanza fiscal n.\u00ba 02. Reguladora del impuesto sobre veh\u00edculos de tracci\u00f3n mec\u00e1nica de 2007.<\/em><\/span><br \/>\n<span style=\"font-family: helvetica, arial, sans-serif;\"><em>\u2022 Ordenanza n.\u00ba 17. Contribuciones Especiales de 1989.<\/em><\/span><br \/>\n<span style=\"font-family: helvetica, arial, sans-serif;\"><em>\u2022 Ordenanza fiscal n.\u00ba 18. Reguladora de la tasa entradas de veh\u00edculos a trav\u00e9s de las aceras y reservas de v\u00eda p\u00fablica para aparcamiento exclusivo, prohibici\u00f3n de estacionamiento, y carga y descarga de mercanc\u00edas de cualquier clase.<\/em><\/span><br \/>\n<span style=\"font-family: helvetica, arial, sans-serif;\"><em>\u2022 Ordenanza fiscal n.\u00ba 24. Reguladora de la tasa por tendidos, tuber\u00edas y galer\u00edas para las conducciones de energ\u00eda el\u00e9ctrica, agua, gas o cualquier otro fluido incluidos los postes para l\u00edneas, cables, palomillas, cajas de amarre, de distribuci\u00f3n o de registro, trasformadores, rieles, b\u00e1sculas, aparato para venta autom\u00e1tica y otros an\u00e1logos que establezcan sobre v\u00edas p\u00fablicas y otros terrenos de dominio p\u00fablico local o vuelen los mismos.<\/em><\/span><br \/>\n<span style=\"font-family: helvetica, arial, sans-serif;\"><em>\u2022 Ordenanza fiscal n.\u00ba 26. Reguladora de la tasa por prestaci\u00f3n del servicio de recogida de animales dom\u00e9sticos, transporte al centro de acogida, mantenimiento y cuidados veterinarios de 2007.<\/em><\/span><\/p>\n<p style=\"text-align: justify;\"><span style=\"font-family: helvetica, arial, sans-serif;\"><em><span style=\"text-decoration: underline;\">2\u00ba. Proponer la actualizaci\u00f3n mediante su modificaci\u00f3n de las siguientes Ordenanzas Reguladoras:<\/span><\/em><\/span><br \/>\n<span style=\"font-family: helvetica, arial, sans-serif;\"><em>\u2022 Ordenanza municipal sobre prevenci\u00f3n de la contaminaci\u00f3n ac\u00fastica.<\/em><\/span><br \/>\n<span style=\"font-family: helvetica, arial, sans-serif;\"><em>\u2022 Ordenanza reguladora del Cementerio Municipal de Caudete.<\/em><\/span><br \/>\n<span style=\"font-family: helvetica, arial, sans-serif;\"><em>\u2022 Ordenanza reguladora del Pr\u00e9stamo de Material Municipal.<\/em><\/span><br \/>\n<span style=\"font-family: helvetica, arial, sans-serif;\"><em>\u2022 Ordenanza n.\u00ba 16 reguladora por ocupaci\u00f3n de terrenos de uso p\u00fablico local con mercanc\u00edas, materiales de construcci\u00f3n, escombros, vallas, puntales, anillas, andamios y otras instalaciones.<\/em><\/span><\/p>\n<p style=\"text-align: justify;\"><span style=\"font-family: helvetica, arial, sans-serif;\"><em><span style=\"text-decoration: underline;\">3\u00ba. Proponer la elaboraci\u00f3n de las siguientes nuevas Ordenanzas:<\/span><\/em><\/span><br \/>\n<span style=\"font-family: helvetica, arial, sans-serif;\"><em>\u2022 Ordenanza de Tr\u00e1fico.<\/em><\/span><br \/>\n<span style=\"font-family: helvetica, arial, sans-serif;\"><em>\u2022 Ordenanza sobre Publicidad, Patrocinio y Mecenazgo.<\/em><\/span><br \/>\n<span style=\"font-family: helvetica, arial, sans-serif;\"><em>\u2022 Ordenanza sobre limpieza, mantenimiento y vallado de Solares.<\/em><\/span><br \/>\n<span style=\"font-family: helvetica, arial, sans-serif;\"><em>\u2022 Ordenanza sobre uso de Albergues y Refugios Municipales.<\/em><\/span><br \/>\n<span style=\"font-family: helvetica, arial, sans-serif;\"><em>\u2022 Ordenanza de ocupaci\u00f3n de v\u00eda p\u00fablica.<\/em><\/span><br \/>\n<span style=\"font-family: helvetica, arial, sans-serif;\"><em>\u2022 Ordenanza fiscal reguladora por Expedici\u00f3n de Documentos.<\/em><\/span><br \/>\n<span style=\"font-family: helvetica, arial, sans-serif;\"><em>\u2022 Ordenanza fiscal reguladora de la Tasa por Derechos de Examen.<\/em><\/span><br \/>\n<span style=\"font-family: helvetica, arial, sans-serif;\"><em>\u2022 Ordenanza reguladora del consumo de bebida alcoh\u00f3licas en la v\u00eda p\u00fablica.<\/em><\/span><\/p>\n<p style=\"text-align: justify;\"><span style=\"font-family: helvetica, arial, sans-serif;\"><em><span style=\"text-decoration: underline;\">4\u00ba. Proponer la elaboraci\u00f3n de los siguientes Reglamentos:<\/span><\/em><\/span><br \/>\n<span style=\"font-family: helvetica, arial, sans-serif;\"><em>\u2022 Reglamento sobre Protocolo, Honores y Distinciones.<\/em><\/span><br \/>\n<span style=\"font-family: helvetica, arial, sans-serif;\"><em>\u2022 Reglamento sobre funcionamiento y uso de \u201cLa Sala\u201d. \u00bb\u00bb\u00bb<\/em><\/span><\/p>\n","protected":false},"excerpt":{"rendered":"<p>Esta ma\u00f1ana quedaba ratificado mediante la Resoluci\u00f3n de Alcald\u00eda n\u00ba 483.425 el Plan Anual Normativo que el art.132 de la LPAC establece para las Administraciones P\u00fablicas, en el que obliga a \u00e9stas a fijar aquellas iniciativas legales o reglamentarias que vayan a ser elevadas para su aprobaci\u00f3n, donde se incluyen tanto las modificaciones como los &hellip;<\/p>\n","protected":false},"author":3,"featured_media":15194,"comment_status":"closed","ping_status":"open","sticky":false,"template":"","format":"standard","meta":{"ngg_post_thumbnail":0,"footnotes":""},"categories":[20],"tags":[],"class_list":["post-15191","post","type-post","status-publish","format-standard","has-post-thumbnail","hentry","category-ayuntamiento"],"yoast_head":"<!-- This site is optimized with the Yoast SEO plugin v27.5 - https:\/\/yoast.com\/product\/yoast-seo-wordpress\/ -->\n<title>Aprobado el Plan Anual Normativo 2021 - MI Ayuntamiento de Caudete<\/title>\n<meta name=\"description\" content=\"P\u00e1gina Oficial del Ayuntamiento de Caudete (Albacete)\" \/>\n<meta name=\"robots\" content=\"index, follow, max-snippet:-1, max-image-preview:large, max-video-preview:-1\" \/>\n<link rel=\"canonical\" href=\"https:\/\/www.caudete.org\/ayuntamiento\/aprobado-el-plan-anual-normativo-2021\/\" \/>\n<meta property=\"og:locale\" content=\"es_ES\" \/>\n<meta property=\"og:type\" content=\"article\" \/>\n<meta property=\"og:title\" content=\"Aprobado el Plan Anual Normativo 2021 - MI Ayuntamiento de Caudete\" \/>\n<meta property=\"og:description\" content=\"P\u00e1gina Oficial del Ayuntamiento de Caudete (Albacete)\" \/>\n<meta property=\"og:url\" content=\"https:\/\/www.caudete.org\/ayuntamiento\/aprobado-el-plan-anual-normativo-2021\/\" \/>\n<meta property=\"og:site_name\" content=\"MI Ayuntamiento de Caudete\" \/>\n<meta property=\"article:publisher\" content=\"https:\/\/www.facebook.com\/ayuntamientocaudete\/\" \/>\n<meta property=\"article:published_time\" content=\"2021-06-28T13:31:04+00:00\" \/>\n<meta property=\"article:modified_time\" content=\"2021-06-28T14:51:39+00:00\" \/>\n<meta property=\"og:image\" content=\"https:\/\/www.caudete.org\/ayuntamiento\/wp-content\/uploads\/2021\/06\/Ordenanzas-Municipales-WEB.jpg\" \/>\n\t<meta property=\"og:image:width\" content=\"864\" \/>\n\t<meta property=\"og:image:height\" content=\"380\" \/>\n\t<meta property=\"og:image:type\" content=\"image\/jpeg\" \/>\n<meta name=\"author\" content=\"alcalde\" \/>\n<meta name=\"twitter:card\" content=\"summary_large_image\" \/>\n<meta name=\"twitter:label1\" content=\"Escrito por\" \/>\n\t<meta name=\"twitter:data1\" content=\"alcalde\" \/>\n\t<meta name=\"twitter:label2\" content=\"Tiempo de lectura\" \/>\n\t<meta name=\"twitter:data2\" content=\"3 minutos\" \/>\n<script type=\"application\/ld+json\" class=\"yoast-schema-graph\">{\"@context\":\"https:\\\/\\\/schema.org\",\"@graph\":[{\"@type\":\"Article\",\"@id\":\"https:\\\/\\\/www.caudete.org\\\/ayuntamiento\\\/aprobado-el-plan-anual-normativo-2021\\\/#article\",\"isPartOf\":{\"@id\":\"https:\\\/\\\/www.caudete.org\\\/ayuntamiento\\\/aprobado-el-plan-anual-normativo-2021\\\/\"},\"author\":{\"name\":\"alcalde\",\"@id\":\"https:\\\/\\\/www.caudete.org\\\/ayuntamiento\\\/#\\\/schema\\\/person\\\/cc646da9133078ee4d8dd47457947253\"},\"headline\":\"Aprobado el Plan Anual Normativo 2021\",\"datePublished\":\"2021-06-28T13:31:04+00:00\",\"dateModified\":\"2021-06-28T14:51:39+00:00\",\"mainEntityOfPage\":{\"@id\":\"https:\\\/\\\/www.caudete.org\\\/ayuntamiento\\\/aprobado-el-plan-anual-normativo-2021\\\/\"},\"wordCount\":521,\"image\":{\"@id\":\"https:\\\/\\\/www.caudete.org\\\/ayuntamiento\\\/aprobado-el-plan-anual-normativo-2021\\\/#primaryimage\"},\"thumbnailUrl\":\"https:\\\/\\\/www.caudete.org\\\/ayuntamiento\\\/wp-content\\\/uploads\\\/2021\\\/06\\\/Ordenanzas-Municipales-WEB.jpg\",\"articleSection\":[\"Ayuntamiento\"],\"inLanguage\":\"es\"},{\"@type\":\"WebPage\",\"@id\":\"https:\\\/\\\/www.caudete.org\\\/ayuntamiento\\\/aprobado-el-plan-anual-normativo-2021\\\/\",\"url\":\"https:\\\/\\\/www.caudete.org\\\/ayuntamiento\\\/aprobado-el-plan-anual-normativo-2021\\\/\",\"name\":\"Aprobado el Plan Anual Normativo 2021 - MI Ayuntamiento de Caudete\",\"isPartOf\":{\"@id\":\"https:\\\/\\\/www.caudete.org\\\/ayuntamiento\\\/#website\"},\"primaryImageOfPage\":{\"@id\":\"https:\\\/\\\/www.caudete.org\\\/ayuntamiento\\\/aprobado-el-plan-anual-normativo-2021\\\/#primaryimage\"},\"image\":{\"@id\":\"https:\\\/\\\/www.caudete.org\\\/ayuntamiento\\\/aprobado-el-plan-anual-normativo-2021\\\/#primaryimage\"},\"thumbnailUrl\":\"https:\\\/\\\/www.caudete.org\\\/ayuntamiento\\\/wp-content\\\/uploads\\\/2021\\\/06\\\/Ordenanzas-Municipales-WEB.jpg\",\"datePublished\":\"2021-06-28T13:31:04+00:00\",\"dateModified\":\"2021-06-28T14:51:39+00:00\",\"author\":{\"@id\":\"https:\\\/\\\/www.caudete.org\\\/ayuntamiento\\\/#\\\/schema\\\/person\\\/cc646da9133078ee4d8dd47457947253\"},\"description\":\"P\u00e1gina Oficial del Ayuntamiento de Caudete (Albacete)\",\"breadcrumb\":{\"@id\":\"https:\\\/\\\/www.caudete.org\\\/ayuntamiento\\\/aprobado-el-plan-anual-normativo-2021\\\/#breadcrumb\"},\"inLanguage\":\"es\",\"potentialAction\":[{\"@type\":\"ReadAction\",\"target\":[\"https:\\\/\\\/www.caudete.org\\\/ayuntamiento\\\/aprobado-el-plan-anual-normativo-2021\\\/\"]}]},{\"@type\":\"ImageObject\",\"inLanguage\":\"es\",\"@id\":\"https:\\\/\\\/www.caudete.org\\\/ayuntamiento\\\/aprobado-el-plan-anual-normativo-2021\\\/#primaryimage\",\"url\":\"https:\\\/\\\/www.caudete.org\\\/ayuntamiento\\\/wp-content\\\/uploads\\\/2021\\\/06\\\/Ordenanzas-Municipales-WEB.jpg\",\"contentUrl\":\"https:\\\/\\\/www.caudete.org\\\/ayuntamiento\\\/wp-content\\\/uploads\\\/2021\\\/06\\\/Ordenanzas-Municipales-WEB.jpg\",\"width\":864,\"height\":380},{\"@type\":\"BreadcrumbList\",\"@id\":\"https:\\\/\\\/www.caudete.org\\\/ayuntamiento\\\/aprobado-el-plan-anual-normativo-2021\\\/#breadcrumb\",\"itemListElement\":[{\"@type\":\"ListItem\",\"position\":1,\"name\":\"Inicio\",\"item\":\"https:\\\/\\\/www.caudete.org\\\/ayuntamiento\\\/\"},{\"@type\":\"ListItem\",\"position\":2,\"name\":\"Aprobado el Plan Anual Normativo 2021\"}]},{\"@type\":\"WebSite\",\"@id\":\"https:\\\/\\\/www.caudete.org\\\/ayuntamiento\\\/#website\",\"url\":\"https:\\\/\\\/www.caudete.org\\\/ayuntamiento\\\/\",\"name\":\"MI Ayuntamiento de Caudete\",\"description\":\"P\u00e1gina Oficial del MI Ayuntamiento de Caudete\",\"potentialAction\":[{\"@type\":\"SearchAction\",\"target\":{\"@type\":\"EntryPoint\",\"urlTemplate\":\"https:\\\/\\\/www.caudete.org\\\/ayuntamiento\\\/?s={search_term_string}\"},\"query-input\":{\"@type\":\"PropertyValueSpecification\",\"valueRequired\":true,\"valueName\":\"search_term_string\"}}],\"inLanguage\":\"es\"},{\"@type\":\"Person\",\"@id\":\"https:\\\/\\\/www.caudete.org\\\/ayuntamiento\\\/#\\\/schema\\\/person\\\/cc646da9133078ee4d8dd47457947253\",\"name\":\"alcalde\",\"image\":{\"@type\":\"ImageObject\",\"inLanguage\":\"es\",\"@id\":\"https:\\\/\\\/secure.gravatar.com\\\/avatar\\\/84a817ba065b29ff08d666b215a215f5c79186a645ccb25b14a663d48a130f77?s=96&d=mm&r=g\",\"url\":\"https:\\\/\\\/secure.gravatar.com\\\/avatar\\\/84a817ba065b29ff08d666b215a215f5c79186a645ccb25b14a663d48a130f77?s=96&d=mm&r=g\",\"contentUrl\":\"https:\\\/\\\/secure.gravatar.com\\\/avatar\\\/84a817ba065b29ff08d666b215a215f5c79186a645ccb25b14a663d48a130f77?s=96&d=mm&r=g\",\"caption\":\"alcalde\"},\"url\":\"https:\\\/\\\/www.caudete.org\\\/ayuntamiento\\\/author\\\/alcalde\\\/\"}]}<\/script>\n<!-- \/ Yoast SEO plugin. -->","yoast_head_json":{"title":"Aprobado el Plan Anual Normativo 2021 - MI Ayuntamiento de Caudete","description":"P\u00e1gina Oficial del Ayuntamiento de Caudete (Albacete)","robots":{"index":"index","follow":"follow","max-snippet":"max-snippet:-1","max-image-preview":"max-image-preview:large","max-video-preview":"max-video-preview:-1"},"canonical":"https:\/\/www.caudete.org\/ayuntamiento\/aprobado-el-plan-anual-normativo-2021\/","og_locale":"es_ES","og_type":"article","og_title":"Aprobado el Plan Anual Normativo 2021 - MI Ayuntamiento de Caudete","og_description":"P\u00e1gina Oficial del Ayuntamiento de Caudete (Albacete)","og_url":"https:\/\/www.caudete.org\/ayuntamiento\/aprobado-el-plan-anual-normativo-2021\/","og_site_name":"MI Ayuntamiento de Caudete","article_publisher":"https:\/\/www.facebook.com\/ayuntamientocaudete\/","article_published_time":"2021-06-28T13:31:04+00:00","article_modified_time":"2021-06-28T14:51:39+00:00","og_image":[{"width":864,"height":380,"url":"https:\/\/www.caudete.org\/ayuntamiento\/wp-content\/uploads\/2021\/06\/Ordenanzas-Municipales-WEB.jpg","type":"image\/jpeg"}],"author":"alcalde","twitter_card":"summary_large_image","twitter_misc":{"Escrito por":"alcalde","Tiempo de lectura":"3 minutos"},"schema":{"@context":"https:\/\/schema.org","@graph":[{"@type":"Article","@id":"https:\/\/www.caudete.org\/ayuntamiento\/aprobado-el-plan-anual-normativo-2021\/#article","isPartOf":{"@id":"https:\/\/www.caudete.org\/ayuntamiento\/aprobado-el-plan-anual-normativo-2021\/"},"author":{"name":"alcalde","@id":"https:\/\/www.caudete.org\/ayuntamiento\/#\/schema\/person\/cc646da9133078ee4d8dd47457947253"},"headline":"Aprobado el Plan Anual Normativo 2021","datePublished":"2021-06-28T13:31:04+00:00","dateModified":"2021-06-28T14:51:39+00:00","mainEntityOfPage":{"@id":"https:\/\/www.caudete.org\/ayuntamiento\/aprobado-el-plan-anual-normativo-2021\/"},"wordCount":521,"image":{"@id":"https:\/\/www.caudete.org\/ayuntamiento\/aprobado-el-plan-anual-normativo-2021\/#primaryimage"},"thumbnailUrl":"https:\/\/www.caudete.org\/ayuntamiento\/wp-content\/uploads\/2021\/06\/Ordenanzas-Municipales-WEB.jpg","articleSection":["Ayuntamiento"],"inLanguage":"es"},{"@type":"WebPage","@id":"https:\/\/www.caudete.org\/ayuntamiento\/aprobado-el-plan-anual-normativo-2021\/","url":"https:\/\/www.caudete.org\/ayuntamiento\/aprobado-el-plan-anual-normativo-2021\/","name":"Aprobado el Plan Anual Normativo 2021 - MI Ayuntamiento de Caudete","isPartOf":{"@id":"https:\/\/www.caudete.org\/ayuntamiento\/#website"},"primaryImageOfPage":{"@id":"https:\/\/www.caudete.org\/ayuntamiento\/aprobado-el-plan-anual-normativo-2021\/#primaryimage"},"image":{"@id":"https:\/\/www.caudete.org\/ayuntamiento\/aprobado-el-plan-anual-normativo-2021\/#primaryimage"},"thumbnailUrl":"https:\/\/www.caudete.org\/ayuntamiento\/wp-content\/uploads\/2021\/06\/Ordenanzas-Municipales-WEB.jpg","datePublished":"2021-06-28T13:31:04+00:00","dateModified":"2021-06-28T14:51:39+00:00","author":{"@id":"https:\/\/www.caudete.org\/ayuntamiento\/#\/schema\/person\/cc646da9133078ee4d8dd47457947253"},"description":"P\u00e1gina Oficial del Ayuntamiento de Caudete (Albacete)","breadcrumb":{"@id":"https:\/\/www.caudete.org\/ayuntamiento\/aprobado-el-plan-anual-normativo-2021\/#breadcrumb"},"inLanguage":"es","potentialAction":[{"@type":"ReadAction","target":["https:\/\/www.caudete.org\/ayuntamiento\/aprobado-el-plan-anual-normativo-2021\/"]}]},{"@type":"ImageObject","inLanguage":"es","@id":"https:\/\/www.caudete.org\/ayuntamiento\/aprobado-el-plan-anual-normativo-2021\/#primaryimage","url":"https:\/\/www.caudete.org\/ayuntamiento\/wp-content\/uploads\/2021\/06\/Ordenanzas-Municipales-WEB.jpg","contentUrl":"https:\/\/www.caudete.org\/ayuntamiento\/wp-content\/uploads\/2021\/06\/Ordenanzas-Municipales-WEB.jpg","width":864,"height":380},{"@type":"BreadcrumbList","@id":"https:\/\/www.caudete.org\/ayuntamiento\/aprobado-el-plan-anual-normativo-2021\/#breadcrumb","itemListElement":[{"@type":"ListItem","position":1,"name":"Inicio","item":"https:\/\/www.caudete.org\/ayuntamiento\/"},{"@type":"ListItem","position":2,"name":"Aprobado el Plan Anual Normativo 2021"}]},{"@type":"WebSite","@id":"https:\/\/www.caudete.org\/ayuntamiento\/#website","url":"https:\/\/www.caudete.org\/ayuntamiento\/","name":"MI Ayuntamiento de Caudete","description":"P\u00e1gina Oficial del MI Ayuntamiento de Caudete","potentialAction":[{"@type":"SearchAction","target":{"@type":"EntryPoint","urlTemplate":"https:\/\/www.caudete.org\/ayuntamiento\/?s={search_term_string}"},"query-input":{"@type":"PropertyValueSpecification","valueRequired":true,"valueName":"search_term_string"}}],"inLanguage":"es"},{"@type":"Person","@id":"https:\/\/www.caudete.org\/ayuntamiento\/#\/schema\/person\/cc646da9133078ee4d8dd47457947253","name":"alcalde","image":{"@type":"ImageObject","inLanguage":"es","@id":"https:\/\/secure.gravatar.com\/avatar\/84a817ba065b29ff08d666b215a215f5c79186a645ccb25b14a663d48a130f77?s=96&d=mm&r=g","url":"https:\/\/secure.gravatar.com\/avatar\/84a817ba065b29ff08d666b215a215f5c79186a645ccb25b14a663d48a130f77?s=96&d=mm&r=g","contentUrl":"https:\/\/secure.gravatar.com\/avatar\/84a817ba065b29ff08d666b215a215f5c79186a645ccb25b14a663d48a130f77?s=96&d=mm&r=g","caption":"alcalde"},"url":"https:\/\/www.caudete.org\/ayuntamiento\/author\/alcalde\/"}]}},"_links":{"self":[{"href":"https:\/\/www.caudete.org\/ayuntamiento\/wp-json\/wp\/v2\/posts\/15191","targetHints":{"allow":["GET"]}}],"collection":[{"href":"https:\/\/www.caudete.org\/ayuntamiento\/wp-json\/wp\/v2\/posts"}],"about":[{"href":"https:\/\/www.caudete.org\/ayuntamiento\/wp-json\/wp\/v2\/types\/post"}],"author":[{"embeddable":true,"href":"https:\/\/www.caudete.org\/ayuntamiento\/wp-json\/wp\/v2\/users\/3"}],"replies":[{"embeddable":true,"href":"https:\/\/www.caudete.org\/ayuntamiento\/wp-json\/wp\/v2\/comments?post=15191"}],"version-history":[{"count":2,"href":"https:\/\/www.caudete.org\/ayuntamiento\/wp-json\/wp\/v2\/posts\/15191\/revisions"}],"predecessor-version":[{"id":15195,"href":"https:\/\/www.caudete.org\/ayuntamiento\/wp-json\/wp\/v2\/posts\/15191\/revisions\/15195"}],"wp:featuredmedia":[{"embeddable":true,"href":"https:\/\/www.caudete.org\/ayuntamiento\/wp-json\/wp\/v2\/media\/15194"}],"wp:attachment":[{"href":"https:\/\/www.caudete.org\/ayuntamiento\/wp-json\/wp\/v2\/media?parent=15191"}],"wp:term":[{"taxonomy":"category","embeddable":true,"href":"https:\/\/www.caudete.org\/ayuntamiento\/wp-json\/wp\/v2\/categories?post=15191"},{"taxonomy":"post_tag","embeddable":true,"href":"https:\/\/www.caudete.org\/ayuntamiento\/wp-json\/wp\/v2\/tags?post=15191"}],"curies":[{"name":"wp","href":"https:\/\/api.w.org\/{rel}","templated":true}]}}