{"id":15215,"date":"2021-06-29T10:56:33","date_gmt":"2021-06-29T08:56:33","guid":{"rendered":"https:\/\/www.caudete.org\/ayuntamiento\/?p=15215"},"modified":"2021-06-29T10:58:01","modified_gmt":"2021-06-29T08:58:01","slug":"el-ayuntamiento-colabora-con-manos-unidas-en-uganda","status":"publish","type":"post","link":"https:\/\/www.caudete.org\/ayuntamiento\/el-ayuntamiento-colabora-con-manos-unidas-en-uganda\/","title":{"rendered":"El Ayuntamiento colabora con Manos Unidas en UGANDA"},"content":{"rendered":"<p style=\"text-align: justify;\">Manos Unidas fue recibida en Alcald\u00eda el pasado viernes para llevar a cabo la firma del Convenio de Colaboraci\u00f3n gracias al cual, el Ayuntamiento colabora econ\u00f3micamente con dicha organizaci\u00f3n para la consecuci\u00f3n de sus proyectos. Acto al que asistieron Feli Marco y Lourdes Pozo en representaci\u00f3n del grupo local.<\/p>\n<p style=\"text-align: justify;\">En este a\u00f1o 2021, Manos Unidas solicitaba la subvenci\u00f3n nominativa de 1.000\u20ac que el Presupuesto Municipal reflejaba, siendo aprobada por la Junta de Gobierno Local en fechas recientes. Dicha ayuda se suma al esfuerzo de otros Ayuntamientos y Diputaciones para llevar a cabo en Uganda un proyecto de cooperaci\u00f3n al desarrollo, con la construcci\u00f3n de 2 Colegios y que beneficiar\u00e1 directamente a 1104 personas e indirectamente a 5520.<\/p>\n<p style=\"text-align: justify;\">El proyecto presentado y subvencionado se titula \u201cMEJORA DE LA EDUCACI\u00d3N PRIMARIA, NUTRICI\u00d3N E HIGIENE DE LAS NI\u00d1AS Y NI\u00d1OS DE ZONAS RURALES DE LUGAZI. UGANDA. FASE 3\u201d, fijando como objetivo Garantizar una educaci\u00f3n de calidad a alumnos\/as de primaria de las 2 escuelas, mediante la construcci\u00f3n y equipamiento de una infraestructura educativa accesible, letrinas, tanques y pozo de agua potable y contribuir al derecho a la alimentaci\u00f3n y a la salud a trav\u00e9s de huertos escolares e implantaci\u00f3n de protocolos de prevenci\u00f3n del Covid-19, as\u00ed como de la concienciaci\u00f3n de la poblaci\u00f3n local en temas de derechos a la educaci\u00f3n y salud.<\/p>\n<p style=\"text-align: justify;\">El conjunto de las actividades programadas con dicho proyecto son:<\/p>\n<ul style=\"text-align: justify;\">\n<li>Construcci\u00f3n de 2 escuelas de educaci\u00f3n primaria accesibles.<\/li>\n<li>Equipamiento de las escuelas de educaci\u00f3n primaria.<\/li>\n<li>Dotaci\u00f3n de material escolar y material did\u00e1ctico para los 80 alumnos\/as m\u00e1s vulnerables de cada una de las dos escuelas (160 alumnos en total).<\/li>\n<li>Construcci\u00f3n de un bloque de letrinas VIP (con ventilaci\u00f3n y vaciables) con seis estancias y dos aseos en cada una de las escuelas.<\/li>\n<li>Instalaci\u00f3n de 4 tanques de captaci\u00f3n de agua por escuela.<\/li>\n<li>Perforaci\u00f3n de un pozo de agua con bomba manual en cada escuela (2 pozos).<\/li>\n<li>Implantaci\u00f3n de protocolos de prevenci\u00f3n del Covid-19 y campa\u00f1a de sensibilizaci\u00f3n para dar a conocer los mecanismos de transmisi\u00f3n del Covid-19 y las recomendaciones para prevenir contagios.<\/li>\n<li>Organizaci\u00f3n de una campa\u00f1a de sensibilizaci\u00f3n sobre la promoci\u00f3n de pr\u00e1cticas de higiene y saneamiento.<\/li>\n<li>Implementaci\u00f3n de un huerto escolar.<\/li>\n<li>Plantaci\u00f3n de \u00e1rboles frutales (mango, guayaba, naranja, granado, jambula) y de \u00e1rboles de sombra alrededor de las escuelas.<\/li>\n<\/ul>\n<p style=\"text-align: justify;\">Adem\u00e1s de Caudete, colaboran econ\u00f3micamente Onda, Morella, Vall d&#8217;Ux\u00f3, L&#8217;Ampolla, Palam\u00edn, Zalamea la Real, Mungia, Zafra e Illescas, y las Diputaciones de Badajoz y Palencia.<\/p>\n","protected":false},"excerpt":{"rendered":"<p>Manos Unidas fue recibida en Alcald\u00eda el pasado viernes para llevar a cabo la firma del Convenio de Colaboraci\u00f3n gracias al cual, el Ayuntamiento colabora econ\u00f3micamente con dicha organizaci\u00f3n para la consecuci\u00f3n de sus proyectos. Acto al que asistieron Feli Marco y Lourdes Pozo en representaci\u00f3n del grupo local. En este a\u00f1o 2021, Manos Unidas &hellip;<\/p>\n","protected":false},"author":3,"featured_media":15216,"comment_status":"closed","ping_status":"open","sticky":false,"template":"","format":"standard","meta":{"ngg_post_thumbnail":0,"footnotes":""},"categories":[60],"tags":[],"class_list":["post-15215","post","type-post","status-publish","format-standard","has-post-thumbnail","hentry","category-asociaciones"],"yoast_head":"<!-- This site is optimized with the Yoast SEO plugin v27.5 - https:\/\/yoast.com\/product\/yoast-seo-wordpress\/ -->\n<title>El Ayuntamiento colabora con Manos Unidas en UGANDA - MI Ayuntamiento de Caudete<\/title>\n<meta name=\"description\" content=\"P\u00e1gina Oficial del Ayuntamiento de Caudete (Albacete)\" \/>\n<meta name=\"robots\" content=\"index, follow, max-snippet:-1, max-image-preview:large, max-video-preview:-1\" \/>\n<link rel=\"canonical\" href=\"https:\/\/www.caudete.org\/ayuntamiento\/el-ayuntamiento-colabora-con-manos-unidas-en-uganda\/\" \/>\n<meta property=\"og:locale\" content=\"es_ES\" \/>\n<meta property=\"og:type\" content=\"article\" \/>\n<meta property=\"og:title\" content=\"El Ayuntamiento colabora con Manos Unidas en UGANDA - MI Ayuntamiento de Caudete\" \/>\n<meta property=\"og:description\" content=\"P\u00e1gina Oficial del Ayuntamiento de Caudete (Albacete)\" \/>\n<meta property=\"og:url\" content=\"https:\/\/www.caudete.org\/ayuntamiento\/el-ayuntamiento-colabora-con-manos-unidas-en-uganda\/\" \/>\n<meta property=\"og:site_name\" content=\"MI Ayuntamiento de Caudete\" \/>\n<meta property=\"article:publisher\" content=\"https:\/\/www.facebook.com\/ayuntamientocaudete\/\" \/>\n<meta property=\"article:published_time\" content=\"2021-06-29T08:56:33+00:00\" \/>\n<meta property=\"article:modified_time\" content=\"2021-06-29T08:58:01+00:00\" \/>\n<meta property=\"og:image\" content=\"https:\/\/www.caudete.org\/ayuntamiento\/wp-content\/uploads\/2021\/06\/WhatsApp-Image-2021-06-25-at-12.41.35.jpeg\" \/>\n\t<meta property=\"og:image:width\" content=\"2048\" \/>\n\t<meta property=\"og:image:height\" content=\"1536\" \/>\n\t<meta property=\"og:image:type\" content=\"image\/jpeg\" \/>\n<meta name=\"author\" content=\"alcalde\" \/>\n<meta name=\"twitter:card\" content=\"summary_large_image\" \/>\n<meta name=\"twitter:label1\" content=\"Escrito por\" \/>\n\t<meta name=\"twitter:data1\" content=\"alcalde\" \/>\n\t<meta name=\"twitter:label2\" content=\"Tiempo de lectura\" \/>\n\t<meta name=\"twitter:data2\" content=\"2 minutos\" \/>\n<script type=\"application\/ld+json\" class=\"yoast-schema-graph\">{\"@context\":\"https:\\\/\\\/schema.org\",\"@graph\":[{\"@type\":\"Article\",\"@id\":\"https:\\\/\\\/www.caudete.org\\\/ayuntamiento\\\/el-ayuntamiento-colabora-con-manos-unidas-en-uganda\\\/#article\",\"isPartOf\":{\"@id\":\"https:\\\/\\\/www.caudete.org\\\/ayuntamiento\\\/el-ayuntamiento-colabora-con-manos-unidas-en-uganda\\\/\"},\"author\":{\"name\":\"alcalde\",\"@id\":\"https:\\\/\\\/www.caudete.org\\\/ayuntamiento\\\/#\\\/schema\\\/person\\\/cc646da9133078ee4d8dd47457947253\"},\"headline\":\"El Ayuntamiento colabora con Manos Unidas en UGANDA\",\"datePublished\":\"2021-06-29T08:56:33+00:00\",\"dateModified\":\"2021-06-29T08:58:01+00:00\",\"mainEntityOfPage\":{\"@id\":\"https:\\\/\\\/www.caudete.org\\\/ayuntamiento\\\/el-ayuntamiento-colabora-con-manos-unidas-en-uganda\\\/\"},\"wordCount\":455,\"image\":{\"@id\":\"https:\\\/\\\/www.caudete.org\\\/ayuntamiento\\\/el-ayuntamiento-colabora-con-manos-unidas-en-uganda\\\/#primaryimage\"},\"thumbnailUrl\":\"https:\\\/\\\/www.caudete.org\\\/ayuntamiento\\\/wp-content\\\/uploads\\\/2021\\\/06\\\/WhatsApp-Image-2021-06-25-at-12.41.35.jpeg\",\"articleSection\":[\"Asociaciones\"],\"inLanguage\":\"es\"},{\"@type\":\"WebPage\",\"@id\":\"https:\\\/\\\/www.caudete.org\\\/ayuntamiento\\\/el-ayuntamiento-colabora-con-manos-unidas-en-uganda\\\/\",\"url\":\"https:\\\/\\\/www.caudete.org\\\/ayuntamiento\\\/el-ayuntamiento-colabora-con-manos-unidas-en-uganda\\\/\",\"name\":\"El Ayuntamiento colabora con Manos Unidas en UGANDA - MI Ayuntamiento de Caudete\",\"isPartOf\":{\"@id\":\"https:\\\/\\\/www.caudete.org\\\/ayuntamiento\\\/#website\"},\"primaryImageOfPage\":{\"@id\":\"https:\\\/\\\/www.caudete.org\\\/ayuntamiento\\\/el-ayuntamiento-colabora-con-manos-unidas-en-uganda\\\/#primaryimage\"},\"image\":{\"@id\":\"https:\\\/\\\/www.caudete.org\\\/ayuntamiento\\\/el-ayuntamiento-colabora-con-manos-unidas-en-uganda\\\/#primaryimage\"},\"thumbnailUrl\":\"https:\\\/\\\/www.caudete.org\\\/ayuntamiento\\\/wp-content\\\/uploads\\\/2021\\\/06\\\/WhatsApp-Image-2021-06-25-at-12.41.35.jpeg\",\"datePublished\":\"2021-06-29T08:56:33+00:00\",\"dateModified\":\"2021-06-29T08:58:01+00:00\",\"author\":{\"@id\":\"https:\\\/\\\/www.caudete.org\\\/ayuntamiento\\\/#\\\/schema\\\/person\\\/cc646da9133078ee4d8dd47457947253\"},\"description\":\"P\u00e1gina Oficial del Ayuntamiento de Caudete (Albacete)\",\"breadcrumb\":{\"@id\":\"https:\\\/\\\/www.caudete.org\\\/ayuntamiento\\\/el-ayuntamiento-colabora-con-manos-unidas-en-uganda\\\/#breadcrumb\"},\"inLanguage\":\"es\",\"potentialAction\":[{\"@type\":\"ReadAction\",\"target\":[\"https:\\\/\\\/www.caudete.org\\\/ayuntamiento\\\/el-ayuntamiento-colabora-con-manos-unidas-en-uganda\\\/\"]}]},{\"@type\":\"ImageObject\",\"inLanguage\":\"es\",\"@id\":\"https:\\\/\\\/www.caudete.org\\\/ayuntamiento\\\/el-ayuntamiento-colabora-con-manos-unidas-en-uganda\\\/#primaryimage\",\"url\":\"https:\\\/\\\/www.caudete.org\\\/ayuntamiento\\\/wp-content\\\/uploads\\\/2021\\\/06\\\/WhatsApp-Image-2021-06-25-at-12.41.35.jpeg\",\"contentUrl\":\"https:\\\/\\\/www.caudete.org\\\/ayuntamiento\\\/wp-content\\\/uploads\\\/2021\\\/06\\\/WhatsApp-Image-2021-06-25-at-12.41.35.jpeg\",\"width\":2048,\"height\":1536},{\"@type\":\"BreadcrumbList\",\"@id\":\"https:\\\/\\\/www.caudete.org\\\/ayuntamiento\\\/el-ayuntamiento-colabora-con-manos-unidas-en-uganda\\\/#breadcrumb\",\"itemListElement\":[{\"@type\":\"ListItem\",\"position\":1,\"name\":\"Inicio\",\"item\":\"https:\\\/\\\/www.caudete.org\\\/ayuntamiento\\\/\"},{\"@type\":\"ListItem\",\"position\":2,\"name\":\"El Ayuntamiento colabora con Manos Unidas en UGANDA\"}]},{\"@type\":\"WebSite\",\"@id\":\"https:\\\/\\\/www.caudete.org\\\/ayuntamiento\\\/#website\",\"url\":\"https:\\\/\\\/www.caudete.org\\\/ayuntamiento\\\/\",\"name\":\"MI Ayuntamiento de Caudete\",\"description\":\"P\u00e1gina Oficial del MI Ayuntamiento de Caudete\",\"potentialAction\":[{\"@type\":\"SearchAction\",\"target\":{\"@type\":\"EntryPoint\",\"urlTemplate\":\"https:\\\/\\\/www.caudete.org\\\/ayuntamiento\\\/?s={search_term_string}\"},\"query-input\":{\"@type\":\"PropertyValueSpecification\",\"valueRequired\":true,\"valueName\":\"search_term_string\"}}],\"inLanguage\":\"es\"},{\"@type\":\"Person\",\"@id\":\"https:\\\/\\\/www.caudete.org\\\/ayuntamiento\\\/#\\\/schema\\\/person\\\/cc646da9133078ee4d8dd47457947253\",\"name\":\"alcalde\",\"image\":{\"@type\":\"ImageObject\",\"inLanguage\":\"es\",\"@id\":\"https:\\\/\\\/secure.gravatar.com\\\/avatar\\\/84a817ba065b29ff08d666b215a215f5c79186a645ccb25b14a663d48a130f77?s=96&d=mm&r=g\",\"url\":\"https:\\\/\\\/secure.gravatar.com\\\/avatar\\\/84a817ba065b29ff08d666b215a215f5c79186a645ccb25b14a663d48a130f77?s=96&d=mm&r=g\",\"contentUrl\":\"https:\\\/\\\/secure.gravatar.com\\\/avatar\\\/84a817ba065b29ff08d666b215a215f5c79186a645ccb25b14a663d48a130f77?s=96&d=mm&r=g\",\"caption\":\"alcalde\"},\"url\":\"https:\\\/\\\/www.caudete.org\\\/ayuntamiento\\\/author\\\/alcalde\\\/\"}]}<\/script>\n<!-- \/ Yoast SEO plugin. -->","yoast_head_json":{"title":"El Ayuntamiento colabora con Manos Unidas en UGANDA - MI Ayuntamiento de Caudete","description":"P\u00e1gina Oficial del Ayuntamiento de Caudete (Albacete)","robots":{"index":"index","follow":"follow","max-snippet":"max-snippet:-1","max-image-preview":"max-image-preview:large","max-video-preview":"max-video-preview:-1"},"canonical":"https:\/\/www.caudete.org\/ayuntamiento\/el-ayuntamiento-colabora-con-manos-unidas-en-uganda\/","og_locale":"es_ES","og_type":"article","og_title":"El Ayuntamiento colabora con Manos Unidas en UGANDA - MI Ayuntamiento de Caudete","og_description":"P\u00e1gina Oficial del Ayuntamiento de Caudete (Albacete)","og_url":"https:\/\/www.caudete.org\/ayuntamiento\/el-ayuntamiento-colabora-con-manos-unidas-en-uganda\/","og_site_name":"MI Ayuntamiento de Caudete","article_publisher":"https:\/\/www.facebook.com\/ayuntamientocaudete\/","article_published_time":"2021-06-29T08:56:33+00:00","article_modified_time":"2021-06-29T08:58:01+00:00","og_image":[{"width":2048,"height":1536,"url":"https:\/\/www.caudete.org\/ayuntamiento\/wp-content\/uploads\/2021\/06\/WhatsApp-Image-2021-06-25-at-12.41.35.jpeg","type":"image\/jpeg"}],"author":"alcalde","twitter_card":"summary_large_image","twitter_misc":{"Escrito por":"alcalde","Tiempo de lectura":"2 minutos"},"schema":{"@context":"https:\/\/schema.org","@graph":[{"@type":"Article","@id":"https:\/\/www.caudete.org\/ayuntamiento\/el-ayuntamiento-colabora-con-manos-unidas-en-uganda\/#article","isPartOf":{"@id":"https:\/\/www.caudete.org\/ayuntamiento\/el-ayuntamiento-colabora-con-manos-unidas-en-uganda\/"},"author":{"name":"alcalde","@id":"https:\/\/www.caudete.org\/ayuntamiento\/#\/schema\/person\/cc646da9133078ee4d8dd47457947253"},"headline":"El Ayuntamiento colabora con Manos Unidas en UGANDA","datePublished":"2021-06-29T08:56:33+00:00","dateModified":"2021-06-29T08:58:01+00:00","mainEntityOfPage":{"@id":"https:\/\/www.caudete.org\/ayuntamiento\/el-ayuntamiento-colabora-con-manos-unidas-en-uganda\/"},"wordCount":455,"image":{"@id":"https:\/\/www.caudete.org\/ayuntamiento\/el-ayuntamiento-colabora-con-manos-unidas-en-uganda\/#primaryimage"},"thumbnailUrl":"https:\/\/www.caudete.org\/ayuntamiento\/wp-content\/uploads\/2021\/06\/WhatsApp-Image-2021-06-25-at-12.41.35.jpeg","articleSection":["Asociaciones"],"inLanguage":"es"},{"@type":"WebPage","@id":"https:\/\/www.caudete.org\/ayuntamiento\/el-ayuntamiento-colabora-con-manos-unidas-en-uganda\/","url":"https:\/\/www.caudete.org\/ayuntamiento\/el-ayuntamiento-colabora-con-manos-unidas-en-uganda\/","name":"El Ayuntamiento colabora con Manos Unidas en UGANDA - MI Ayuntamiento de Caudete","isPartOf":{"@id":"https:\/\/www.caudete.org\/ayuntamiento\/#website"},"primaryImageOfPage":{"@id":"https:\/\/www.caudete.org\/ayuntamiento\/el-ayuntamiento-colabora-con-manos-unidas-en-uganda\/#primaryimage"},"image":{"@id":"https:\/\/www.caudete.org\/ayuntamiento\/el-ayuntamiento-colabora-con-manos-unidas-en-uganda\/#primaryimage"},"thumbnailUrl":"https:\/\/www.caudete.org\/ayuntamiento\/wp-content\/uploads\/2021\/06\/WhatsApp-Image-2021-06-25-at-12.41.35.jpeg","datePublished":"2021-06-29T08:56:33+00:00","dateModified":"2021-06-29T08:58:01+00:00","author":{"@id":"https:\/\/www.caudete.org\/ayuntamiento\/#\/schema\/person\/cc646da9133078ee4d8dd47457947253"},"description":"P\u00e1gina Oficial del Ayuntamiento de Caudete (Albacete)","breadcrumb":{"@id":"https:\/\/www.caudete.org\/ayuntamiento\/el-ayuntamiento-colabora-con-manos-unidas-en-uganda\/#breadcrumb"},"inLanguage":"es","potentialAction":[{"@type":"ReadAction","target":["https:\/\/www.caudete.org\/ayuntamiento\/el-ayuntamiento-colabora-con-manos-unidas-en-uganda\/"]}]},{"@type":"ImageObject","inLanguage":"es","@id":"https:\/\/www.caudete.org\/ayuntamiento\/el-ayuntamiento-colabora-con-manos-unidas-en-uganda\/#primaryimage","url":"https:\/\/www.caudete.org\/ayuntamiento\/wp-content\/uploads\/2021\/06\/WhatsApp-Image-2021-06-25-at-12.41.35.jpeg","contentUrl":"https:\/\/www.caudete.org\/ayuntamiento\/wp-content\/uploads\/2021\/06\/WhatsApp-Image-2021-06-25-at-12.41.35.jpeg","width":2048,"height":1536},{"@type":"BreadcrumbList","@id":"https:\/\/www.caudete.org\/ayuntamiento\/el-ayuntamiento-colabora-con-manos-unidas-en-uganda\/#breadcrumb","itemListElement":[{"@type":"ListItem","position":1,"name":"Inicio","item":"https:\/\/www.caudete.org\/ayuntamiento\/"},{"@type":"ListItem","position":2,"name":"El Ayuntamiento colabora con Manos Unidas en UGANDA"}]},{"@type":"WebSite","@id":"https:\/\/www.caudete.org\/ayuntamiento\/#website","url":"https:\/\/www.caudete.org\/ayuntamiento\/","name":"MI Ayuntamiento de Caudete","description":"P\u00e1gina Oficial del MI Ayuntamiento de Caudete","potentialAction":[{"@type":"SearchAction","target":{"@type":"EntryPoint","urlTemplate":"https:\/\/www.caudete.org\/ayuntamiento\/?s={search_term_string}"},"query-input":{"@type":"PropertyValueSpecification","valueRequired":true,"valueName":"search_term_string"}}],"inLanguage":"es"},{"@type":"Person","@id":"https:\/\/www.caudete.org\/ayuntamiento\/#\/schema\/person\/cc646da9133078ee4d8dd47457947253","name":"alcalde","image":{"@type":"ImageObject","inLanguage":"es","@id":"https:\/\/secure.gravatar.com\/avatar\/84a817ba065b29ff08d666b215a215f5c79186a645ccb25b14a663d48a130f77?s=96&d=mm&r=g","url":"https:\/\/secure.gravatar.com\/avatar\/84a817ba065b29ff08d666b215a215f5c79186a645ccb25b14a663d48a130f77?s=96&d=mm&r=g","contentUrl":"https:\/\/secure.gravatar.com\/avatar\/84a817ba065b29ff08d666b215a215f5c79186a645ccb25b14a663d48a130f77?s=96&d=mm&r=g","caption":"alcalde"},"url":"https:\/\/www.caudete.org\/ayuntamiento\/author\/alcalde\/"}]}},"_links":{"self":[{"href":"https:\/\/www.caudete.org\/ayuntamiento\/wp-json\/wp\/v2\/posts\/15215","targetHints":{"allow":["GET"]}}],"collection":[{"href":"https:\/\/www.caudete.org\/ayuntamiento\/wp-json\/wp\/v2\/posts"}],"about":[{"href":"https:\/\/www.caudete.org\/ayuntamiento\/wp-json\/wp\/v2\/types\/post"}],"author":[{"embeddable":true,"href":"https:\/\/www.caudete.org\/ayuntamiento\/wp-json\/wp\/v2\/users\/3"}],"replies":[{"embeddable":true,"href":"https:\/\/www.caudete.org\/ayuntamiento\/wp-json\/wp\/v2\/comments?post=15215"}],"version-history":[{"count":1,"href":"https:\/\/www.caudete.org\/ayuntamiento\/wp-json\/wp\/v2\/posts\/15215\/revisions"}],"predecessor-version":[{"id":15217,"href":"https:\/\/www.caudete.org\/ayuntamiento\/wp-json\/wp\/v2\/posts\/15215\/revisions\/15217"}],"wp:featuredmedia":[{"embeddable":true,"href":"https:\/\/www.caudete.org\/ayuntamiento\/wp-json\/wp\/v2\/media\/15216"}],"wp:attachment":[{"href":"https:\/\/www.caudete.org\/ayuntamiento\/wp-json\/wp\/v2\/media?parent=15215"}],"wp:term":[{"taxonomy":"category","embeddable":true,"href":"https:\/\/www.caudete.org\/ayuntamiento\/wp-json\/wp\/v2\/categories?post=15215"},{"taxonomy":"post_tag","embeddable":true,"href":"https:\/\/www.caudete.org\/ayuntamiento\/wp-json\/wp\/v2\/tags?post=15215"}],"curies":[{"name":"wp","href":"https:\/\/api.w.org\/{rel}","templated":true}]}}