{"id":15218,"date":"2021-06-29T13:30:40","date_gmt":"2021-06-29T11:30:40","guid":{"rendered":"https:\/\/www.caudete.org\/ayuntamiento\/?p=15218"},"modified":"2021-06-29T13:45:34","modified_gmt":"2021-06-29T11:45:34","slug":"las-concejalias-de-educacion-y-juventud-delegadas-a-favor-de-natalia-banon","status":"publish","type":"post","link":"https:\/\/www.caudete.org\/ayuntamiento\/las-concejalias-de-educacion-y-juventud-delegadas-a-favor-de-natalia-banon\/","title":{"rendered":"Las Concejal\u00edas de Educaci\u00f3n y Juventud, delegadas a favor de Natalia Ba\u00f1\u00f3n"},"content":{"rendered":"<p style=\"text-align: justify;\">Mediante la Resoluci\u00f3n de Alcald\u00eda n\u00ba1244 de fecha 28\/06\/2021, la Concejal Natalia Ba\u00f1\u00f3n Huesca, quien tomara posesi\u00f3n del Acta de Concejal por el Grupo Popular el pasado jueves en el Pleno, asume las competencias, con car\u00e1cter gen\u00e9rico, de Juventud y Educaci\u00f3n, que comprende la direcci\u00f3n interna y la gesti\u00f3n de los servicios y asuntos de este M.I. Ayuntamiento.<\/p>\n<p style=\"text-align: justify;\">El \u00e1rea de Educaci\u00f3n ha estado desde el inicio de la legislatura sin delegar, de forma que era el propio Alcalde quien asum\u00eda la direcci\u00f3n de la misma, compartiendo con las Concejal\u00edas de Obras y de Servicios las cuestiones propias del mantenimiento de instalaciones, y zonas verdes, respectivamente.<\/p>\n<p style=\"text-align: justify;\">El \u00e1rea de Juventud que ahora asume Natalia, ha estado gestionado por quien le ha dado paso a ser Concejal, su compa\u00f1era de candidatura Montse Albertos, quien adem\u00e1s gestion\u00f3 el \u00e1rea de Cementerio.<\/p>\n","protected":false},"excerpt":{"rendered":"<p>Mediante la Resoluci\u00f3n de Alcald\u00eda n\u00ba1244 de fecha 28\/06\/2021, la Concejal Natalia Ba\u00f1\u00f3n Huesca, quien tomara posesi\u00f3n del Acta de Concejal por el Grupo Popular el pasado jueves en el Pleno, asume las competencias, con car\u00e1cter gen\u00e9rico, de Juventud y Educaci\u00f3n, que comprende la direcci\u00f3n interna y la gesti\u00f3n de los servicios y asuntos de &hellip;<\/p>\n","protected":false},"author":3,"featured_media":15223,"comment_status":"closed","ping_status":"open","sticky":false,"template":"","format":"standard","meta":{"ngg_post_thumbnail":0,"footnotes":""},"categories":[20],"tags":[],"class_list":["post-15218","post","type-post","status-publish","format-standard","has-post-thumbnail","hentry","category-ayuntamiento"],"yoast_head":"<!-- This site is optimized with the Yoast SEO plugin v27.5 - https:\/\/yoast.com\/product\/yoast-seo-wordpress\/ -->\n<title>Las Concejal\u00edas de Educaci\u00f3n y Juventud, delegadas a favor de Natalia Ba\u00f1\u00f3n - MI Ayuntamiento de Caudete<\/title>\n<meta name=\"description\" content=\"P\u00e1gina Oficial del Ayuntamiento de Caudete (Albacete)\" \/>\n<meta name=\"robots\" content=\"index, follow, max-snippet:-1, max-image-preview:large, max-video-preview:-1\" \/>\n<link rel=\"canonical\" href=\"https:\/\/www.caudete.org\/ayuntamiento\/las-concejalias-de-educacion-y-juventud-delegadas-a-favor-de-natalia-banon\/\" \/>\n<meta property=\"og:locale\" content=\"es_ES\" \/>\n<meta property=\"og:type\" content=\"article\" \/>\n<meta property=\"og:title\" content=\"Las Concejal\u00edas de Educaci\u00f3n y Juventud, delegadas a favor de Natalia Ba\u00f1\u00f3n - MI Ayuntamiento de Caudete\" \/>\n<meta property=\"og:description\" content=\"P\u00e1gina Oficial del Ayuntamiento de Caudete (Albacete)\" \/>\n<meta property=\"og:url\" content=\"https:\/\/www.caudete.org\/ayuntamiento\/las-concejalias-de-educacion-y-juventud-delegadas-a-favor-de-natalia-banon\/\" \/>\n<meta property=\"og:site_name\" content=\"MI Ayuntamiento de Caudete\" \/>\n<meta property=\"article:publisher\" content=\"https:\/\/www.facebook.com\/ayuntamientocaudete\/\" \/>\n<meta property=\"article:published_time\" content=\"2021-06-29T11:30:40+00:00\" \/>\n<meta property=\"article:modified_time\" content=\"2021-06-29T11:45:34+00:00\" \/>\n<meta property=\"og:image\" content=\"https:\/\/www.caudete.org\/ayuntamiento\/wp-content\/uploads\/2021\/06\/Natalia-WEB-.jpg\" \/>\n\t<meta property=\"og:image:width\" content=\"864\" \/>\n\t<meta property=\"og:image:height\" content=\"380\" \/>\n\t<meta property=\"og:image:type\" content=\"image\/jpeg\" \/>\n<meta name=\"author\" content=\"alcalde\" \/>\n<meta name=\"twitter:card\" content=\"summary_large_image\" \/>\n<meta name=\"twitter:label1\" content=\"Escrito por\" \/>\n\t<meta name=\"twitter:data1\" content=\"alcalde\" \/>\n\t<meta name=\"twitter:label2\" content=\"Tiempo de lectura\" \/>\n\t<meta name=\"twitter:data2\" content=\"1 minuto\" \/>\n<script type=\"application\/ld+json\" class=\"yoast-schema-graph\">{\"@context\":\"https:\\\/\\\/schema.org\",\"@graph\":[{\"@type\":\"Article\",\"@id\":\"https:\\\/\\\/www.caudete.org\\\/ayuntamiento\\\/las-concejalias-de-educacion-y-juventud-delegadas-a-favor-de-natalia-banon\\\/#article\",\"isPartOf\":{\"@id\":\"https:\\\/\\\/www.caudete.org\\\/ayuntamiento\\\/las-concejalias-de-educacion-y-juventud-delegadas-a-favor-de-natalia-banon\\\/\"},\"author\":{\"name\":\"alcalde\",\"@id\":\"https:\\\/\\\/www.caudete.org\\\/ayuntamiento\\\/#\\\/schema\\\/person\\\/cc646da9133078ee4d8dd47457947253\"},\"headline\":\"Las Concejal\u00edas de Educaci\u00f3n y Juventud, delegadas a favor de Natalia Ba\u00f1\u00f3n\",\"datePublished\":\"2021-06-29T11:30:40+00:00\",\"dateModified\":\"2021-06-29T11:45:34+00:00\",\"mainEntityOfPage\":{\"@id\":\"https:\\\/\\\/www.caudete.org\\\/ayuntamiento\\\/las-concejalias-de-educacion-y-juventud-delegadas-a-favor-de-natalia-banon\\\/\"},\"wordCount\":169,\"image\":{\"@id\":\"https:\\\/\\\/www.caudete.org\\\/ayuntamiento\\\/las-concejalias-de-educacion-y-juventud-delegadas-a-favor-de-natalia-banon\\\/#primaryimage\"},\"thumbnailUrl\":\"https:\\\/\\\/www.caudete.org\\\/ayuntamiento\\\/wp-content\\\/uploads\\\/2021\\\/06\\\/Natalia-WEB-.jpg\",\"articleSection\":[\"Ayuntamiento\"],\"inLanguage\":\"es\"},{\"@type\":\"WebPage\",\"@id\":\"https:\\\/\\\/www.caudete.org\\\/ayuntamiento\\\/las-concejalias-de-educacion-y-juventud-delegadas-a-favor-de-natalia-banon\\\/\",\"url\":\"https:\\\/\\\/www.caudete.org\\\/ayuntamiento\\\/las-concejalias-de-educacion-y-juventud-delegadas-a-favor-de-natalia-banon\\\/\",\"name\":\"Las Concejal\u00edas de Educaci\u00f3n y Juventud, delegadas a favor de Natalia Ba\u00f1\u00f3n - MI Ayuntamiento de Caudete\",\"isPartOf\":{\"@id\":\"https:\\\/\\\/www.caudete.org\\\/ayuntamiento\\\/#website\"},\"primaryImageOfPage\":{\"@id\":\"https:\\\/\\\/www.caudete.org\\\/ayuntamiento\\\/las-concejalias-de-educacion-y-juventud-delegadas-a-favor-de-natalia-banon\\\/#primaryimage\"},\"image\":{\"@id\":\"https:\\\/\\\/www.caudete.org\\\/ayuntamiento\\\/las-concejalias-de-educacion-y-juventud-delegadas-a-favor-de-natalia-banon\\\/#primaryimage\"},\"thumbnailUrl\":\"https:\\\/\\\/www.caudete.org\\\/ayuntamiento\\\/wp-content\\\/uploads\\\/2021\\\/06\\\/Natalia-WEB-.jpg\",\"datePublished\":\"2021-06-29T11:30:40+00:00\",\"dateModified\":\"2021-06-29T11:45:34+00:00\",\"author\":{\"@id\":\"https:\\\/\\\/www.caudete.org\\\/ayuntamiento\\\/#\\\/schema\\\/person\\\/cc646da9133078ee4d8dd47457947253\"},\"description\":\"P\u00e1gina Oficial del Ayuntamiento de Caudete (Albacete)\",\"breadcrumb\":{\"@id\":\"https:\\\/\\\/www.caudete.org\\\/ayuntamiento\\\/las-concejalias-de-educacion-y-juventud-delegadas-a-favor-de-natalia-banon\\\/#breadcrumb\"},\"inLanguage\":\"es\",\"potentialAction\":[{\"@type\":\"ReadAction\",\"target\":[\"https:\\\/\\\/www.caudete.org\\\/ayuntamiento\\\/las-concejalias-de-educacion-y-juventud-delegadas-a-favor-de-natalia-banon\\\/\"]}]},{\"@type\":\"ImageObject\",\"inLanguage\":\"es\",\"@id\":\"https:\\\/\\\/www.caudete.org\\\/ayuntamiento\\\/las-concejalias-de-educacion-y-juventud-delegadas-a-favor-de-natalia-banon\\\/#primaryimage\",\"url\":\"https:\\\/\\\/www.caudete.org\\\/ayuntamiento\\\/wp-content\\\/uploads\\\/2021\\\/06\\\/Natalia-WEB-.jpg\",\"contentUrl\":\"https:\\\/\\\/www.caudete.org\\\/ayuntamiento\\\/wp-content\\\/uploads\\\/2021\\\/06\\\/Natalia-WEB-.jpg\",\"width\":864,\"height\":380},{\"@type\":\"BreadcrumbList\",\"@id\":\"https:\\\/\\\/www.caudete.org\\\/ayuntamiento\\\/las-concejalias-de-educacion-y-juventud-delegadas-a-favor-de-natalia-banon\\\/#breadcrumb\",\"itemListElement\":[{\"@type\":\"ListItem\",\"position\":1,\"name\":\"Inicio\",\"item\":\"https:\\\/\\\/www.caudete.org\\\/ayuntamiento\\\/\"},{\"@type\":\"ListItem\",\"position\":2,\"name\":\"Las Concejal\u00edas de Educaci\u00f3n y Juventud, delegadas a favor de Natalia Ba\u00f1\u00f3n\"}]},{\"@type\":\"WebSite\",\"@id\":\"https:\\\/\\\/www.caudete.org\\\/ayuntamiento\\\/#website\",\"url\":\"https:\\\/\\\/www.caudete.org\\\/ayuntamiento\\\/\",\"name\":\"MI Ayuntamiento de Caudete\",\"description\":\"P\u00e1gina Oficial del MI Ayuntamiento de Caudete\",\"potentialAction\":[{\"@type\":\"SearchAction\",\"target\":{\"@type\":\"EntryPoint\",\"urlTemplate\":\"https:\\\/\\\/www.caudete.org\\\/ayuntamiento\\\/?s={search_term_string}\"},\"query-input\":{\"@type\":\"PropertyValueSpecification\",\"valueRequired\":true,\"valueName\":\"search_term_string\"}}],\"inLanguage\":\"es\"},{\"@type\":\"Person\",\"@id\":\"https:\\\/\\\/www.caudete.org\\\/ayuntamiento\\\/#\\\/schema\\\/person\\\/cc646da9133078ee4d8dd47457947253\",\"name\":\"alcalde\",\"image\":{\"@type\":\"ImageObject\",\"inLanguage\":\"es\",\"@id\":\"https:\\\/\\\/secure.gravatar.com\\\/avatar\\\/84a817ba065b29ff08d666b215a215f5c79186a645ccb25b14a663d48a130f77?s=96&d=mm&r=g\",\"url\":\"https:\\\/\\\/secure.gravatar.com\\\/avatar\\\/84a817ba065b29ff08d666b215a215f5c79186a645ccb25b14a663d48a130f77?s=96&d=mm&r=g\",\"contentUrl\":\"https:\\\/\\\/secure.gravatar.com\\\/avatar\\\/84a817ba065b29ff08d666b215a215f5c79186a645ccb25b14a663d48a130f77?s=96&d=mm&r=g\",\"caption\":\"alcalde\"},\"url\":\"https:\\\/\\\/www.caudete.org\\\/ayuntamiento\\\/author\\\/alcalde\\\/\"}]}<\/script>\n<!-- \/ Yoast SEO plugin. -->","yoast_head_json":{"title":"Las Concejal\u00edas de Educaci\u00f3n y Juventud, delegadas a favor de Natalia Ba\u00f1\u00f3n - MI Ayuntamiento de Caudete","description":"P\u00e1gina Oficial del Ayuntamiento de Caudete (Albacete)","robots":{"index":"index","follow":"follow","max-snippet":"max-snippet:-1","max-image-preview":"max-image-preview:large","max-video-preview":"max-video-preview:-1"},"canonical":"https:\/\/www.caudete.org\/ayuntamiento\/las-concejalias-de-educacion-y-juventud-delegadas-a-favor-de-natalia-banon\/","og_locale":"es_ES","og_type":"article","og_title":"Las Concejal\u00edas de Educaci\u00f3n y Juventud, delegadas a favor de Natalia Ba\u00f1\u00f3n - MI Ayuntamiento de Caudete","og_description":"P\u00e1gina Oficial del Ayuntamiento de Caudete (Albacete)","og_url":"https:\/\/www.caudete.org\/ayuntamiento\/las-concejalias-de-educacion-y-juventud-delegadas-a-favor-de-natalia-banon\/","og_site_name":"MI Ayuntamiento de Caudete","article_publisher":"https:\/\/www.facebook.com\/ayuntamientocaudete\/","article_published_time":"2021-06-29T11:30:40+00:00","article_modified_time":"2021-06-29T11:45:34+00:00","og_image":[{"width":864,"height":380,"url":"https:\/\/www.caudete.org\/ayuntamiento\/wp-content\/uploads\/2021\/06\/Natalia-WEB-.jpg","type":"image\/jpeg"}],"author":"alcalde","twitter_card":"summary_large_image","twitter_misc":{"Escrito por":"alcalde","Tiempo de lectura":"1 minuto"},"schema":{"@context":"https:\/\/schema.org","@graph":[{"@type":"Article","@id":"https:\/\/www.caudete.org\/ayuntamiento\/las-concejalias-de-educacion-y-juventud-delegadas-a-favor-de-natalia-banon\/#article","isPartOf":{"@id":"https:\/\/www.caudete.org\/ayuntamiento\/las-concejalias-de-educacion-y-juventud-delegadas-a-favor-de-natalia-banon\/"},"author":{"name":"alcalde","@id":"https:\/\/www.caudete.org\/ayuntamiento\/#\/schema\/person\/cc646da9133078ee4d8dd47457947253"},"headline":"Las Concejal\u00edas de Educaci\u00f3n y Juventud, delegadas a favor de Natalia Ba\u00f1\u00f3n","datePublished":"2021-06-29T11:30:40+00:00","dateModified":"2021-06-29T11:45:34+00:00","mainEntityOfPage":{"@id":"https:\/\/www.caudete.org\/ayuntamiento\/las-concejalias-de-educacion-y-juventud-delegadas-a-favor-de-natalia-banon\/"},"wordCount":169,"image":{"@id":"https:\/\/www.caudete.org\/ayuntamiento\/las-concejalias-de-educacion-y-juventud-delegadas-a-favor-de-natalia-banon\/#primaryimage"},"thumbnailUrl":"https:\/\/www.caudete.org\/ayuntamiento\/wp-content\/uploads\/2021\/06\/Natalia-WEB-.jpg","articleSection":["Ayuntamiento"],"inLanguage":"es"},{"@type":"WebPage","@id":"https:\/\/www.caudete.org\/ayuntamiento\/las-concejalias-de-educacion-y-juventud-delegadas-a-favor-de-natalia-banon\/","url":"https:\/\/www.caudete.org\/ayuntamiento\/las-concejalias-de-educacion-y-juventud-delegadas-a-favor-de-natalia-banon\/","name":"Las Concejal\u00edas de Educaci\u00f3n y Juventud, delegadas a favor de Natalia Ba\u00f1\u00f3n - MI Ayuntamiento de Caudete","isPartOf":{"@id":"https:\/\/www.caudete.org\/ayuntamiento\/#website"},"primaryImageOfPage":{"@id":"https:\/\/www.caudete.org\/ayuntamiento\/las-concejalias-de-educacion-y-juventud-delegadas-a-favor-de-natalia-banon\/#primaryimage"},"image":{"@id":"https:\/\/www.caudete.org\/ayuntamiento\/las-concejalias-de-educacion-y-juventud-delegadas-a-favor-de-natalia-banon\/#primaryimage"},"thumbnailUrl":"https:\/\/www.caudete.org\/ayuntamiento\/wp-content\/uploads\/2021\/06\/Natalia-WEB-.jpg","datePublished":"2021-06-29T11:30:40+00:00","dateModified":"2021-06-29T11:45:34+00:00","author":{"@id":"https:\/\/www.caudete.org\/ayuntamiento\/#\/schema\/person\/cc646da9133078ee4d8dd47457947253"},"description":"P\u00e1gina Oficial del Ayuntamiento de Caudete (Albacete)","breadcrumb":{"@id":"https:\/\/www.caudete.org\/ayuntamiento\/las-concejalias-de-educacion-y-juventud-delegadas-a-favor-de-natalia-banon\/#breadcrumb"},"inLanguage":"es","potentialAction":[{"@type":"ReadAction","target":["https:\/\/www.caudete.org\/ayuntamiento\/las-concejalias-de-educacion-y-juventud-delegadas-a-favor-de-natalia-banon\/"]}]},{"@type":"ImageObject","inLanguage":"es","@id":"https:\/\/www.caudete.org\/ayuntamiento\/las-concejalias-de-educacion-y-juventud-delegadas-a-favor-de-natalia-banon\/#primaryimage","url":"https:\/\/www.caudete.org\/ayuntamiento\/wp-content\/uploads\/2021\/06\/Natalia-WEB-.jpg","contentUrl":"https:\/\/www.caudete.org\/ayuntamiento\/wp-content\/uploads\/2021\/06\/Natalia-WEB-.jpg","width":864,"height":380},{"@type":"BreadcrumbList","@id":"https:\/\/www.caudete.org\/ayuntamiento\/las-concejalias-de-educacion-y-juventud-delegadas-a-favor-de-natalia-banon\/#breadcrumb","itemListElement":[{"@type":"ListItem","position":1,"name":"Inicio","item":"https:\/\/www.caudete.org\/ayuntamiento\/"},{"@type":"ListItem","position":2,"name":"Las Concejal\u00edas de Educaci\u00f3n y Juventud, delegadas a favor de Natalia Ba\u00f1\u00f3n"}]},{"@type":"WebSite","@id":"https:\/\/www.caudete.org\/ayuntamiento\/#website","url":"https:\/\/www.caudete.org\/ayuntamiento\/","name":"MI Ayuntamiento de Caudete","description":"P\u00e1gina Oficial del MI Ayuntamiento de Caudete","potentialAction":[{"@type":"SearchAction","target":{"@type":"EntryPoint","urlTemplate":"https:\/\/www.caudete.org\/ayuntamiento\/?s={search_term_string}"},"query-input":{"@type":"PropertyValueSpecification","valueRequired":true,"valueName":"search_term_string"}}],"inLanguage":"es"},{"@type":"Person","@id":"https:\/\/www.caudete.org\/ayuntamiento\/#\/schema\/person\/cc646da9133078ee4d8dd47457947253","name":"alcalde","image":{"@type":"ImageObject","inLanguage":"es","@id":"https:\/\/secure.gravatar.com\/avatar\/84a817ba065b29ff08d666b215a215f5c79186a645ccb25b14a663d48a130f77?s=96&d=mm&r=g","url":"https:\/\/secure.gravatar.com\/avatar\/84a817ba065b29ff08d666b215a215f5c79186a645ccb25b14a663d48a130f77?s=96&d=mm&r=g","contentUrl":"https:\/\/secure.gravatar.com\/avatar\/84a817ba065b29ff08d666b215a215f5c79186a645ccb25b14a663d48a130f77?s=96&d=mm&r=g","caption":"alcalde"},"url":"https:\/\/www.caudete.org\/ayuntamiento\/author\/alcalde\/"}]}},"_links":{"self":[{"href":"https:\/\/www.caudete.org\/ayuntamiento\/wp-json\/wp\/v2\/posts\/15218","targetHints":{"allow":["GET"]}}],"collection":[{"href":"https:\/\/www.caudete.org\/ayuntamiento\/wp-json\/wp\/v2\/posts"}],"about":[{"href":"https:\/\/www.caudete.org\/ayuntamiento\/wp-json\/wp\/v2\/types\/post"}],"author":[{"embeddable":true,"href":"https:\/\/www.caudete.org\/ayuntamiento\/wp-json\/wp\/v2\/users\/3"}],"replies":[{"embeddable":true,"href":"https:\/\/www.caudete.org\/ayuntamiento\/wp-json\/wp\/v2\/comments?post=15218"}],"version-history":[{"count":2,"href":"https:\/\/www.caudete.org\/ayuntamiento\/wp-json\/wp\/v2\/posts\/15218\/revisions"}],"predecessor-version":[{"id":15221,"href":"https:\/\/www.caudete.org\/ayuntamiento\/wp-json\/wp\/v2\/posts\/15218\/revisions\/15221"}],"wp:featuredmedia":[{"embeddable":true,"href":"https:\/\/www.caudete.org\/ayuntamiento\/wp-json\/wp\/v2\/media\/15223"}],"wp:attachment":[{"href":"https:\/\/www.caudete.org\/ayuntamiento\/wp-json\/wp\/v2\/media?parent=15218"}],"wp:term":[{"taxonomy":"category","embeddable":true,"href":"https:\/\/www.caudete.org\/ayuntamiento\/wp-json\/wp\/v2\/categories?post=15218"},{"taxonomy":"post_tag","embeddable":true,"href":"https:\/\/www.caudete.org\/ayuntamiento\/wp-json\/wp\/v2\/tags?post=15218"}],"curies":[{"name":"wp","href":"https:\/\/api.w.org\/{rel}","templated":true}]}}