{"id":15232,"date":"2021-06-30T09:18:32","date_gmt":"2021-06-30T07:18:32","guid":{"rendered":"https:\/\/www.caudete.org\/ayuntamiento\/?p=15232"},"modified":"2021-06-30T09:18:32","modified_gmt":"2021-06-30T07:18:32","slug":"la-comision-de-movilidad-urbana-estudiara-el-trafico-en-varias-calles","status":"publish","type":"post","link":"https:\/\/www.caudete.org\/ayuntamiento\/la-comision-de-movilidad-urbana-estudiara-el-trafico-en-varias-calles\/","title":{"rendered":"La Comisi\u00f3n de Movilidad Urbana estudiar\u00e1 el tr\u00e1fico en varias calles"},"content":{"rendered":"<p style=\"text-align: justify;\">La Comisi\u00f3n Informativa de Movilidad Urbana fue convocada en el d\u00eda de ayer por el Alcalde como Presidente nato de la misma, al objeto de Dictaminar y dar cuenta de diferentes expedientes en los que el Gobierno Municipal, y en concreto la Concejal\u00eda de Movilidad, viene desarrollando al respecto.<\/p>\n<p style=\"text-align: justify;\">Ser\u00e1 el pr\u00f3ximo viernes, a las 13.00h cuando se den cita los miembros de dicha Comisi\u00f3n, bajo el Orden del D\u00eda siguiente:<\/p>\n<p style=\"text-align: justify;\">\n<p style=\"text-align: justify;\">1\u00ba.- DECLARAR CONSTITUIDA LA COMISI\u00d3N INFORMATIVA DE MOVILIDAD URBANA.<\/p>\n<p style=\"text-align: justify;\">Punto de tr\u00e1mite, al ser la primera vez que se convoca dicho \u00f3rgano, tras ser aprobado por el Pleno Municipal.<\/p>\n<p style=\"text-align: justify;\">\n2\u00ba.- PROPUESTA DE DELEGACI\u00d3N DE LA PRESIDENCIA DE LA COMISI\u00d3N.<\/p>\n<p style=\"text-align: justify;\">El Alcalde propondr\u00e1 a la Comisi\u00f3n delegar la Presidencia de la misma a favor del Concejal Delegado del \u00e1rea, Joaqu\u00edn Pag\u00e1n, siguiendo as\u00ed la hoja de ruta de la presente legislatura a nivel de gobierno.<\/p>\n<p style=\"text-align: justify;\">\n3\u00ba.- DICTAMEN SOBRE CAMBIO SENTIDO DE CIRCULACI\u00d3N EN UN TRAMO DE C\/ LA HUERTA.<\/p>\n<p style=\"text-align: justify;\">La Comisi\u00f3n Dictaminar\u00e1 favorable o desfavorable la propuesta de cambio de sentido de circulaci\u00f3n del tramo de C\/Huerta comprendido entre C\/El Molino y C\/Jos\u00e9 Ruiz Ruiz. Dicho expediente cuenta con los informes preceptivos.<\/p>\n<p style=\"text-align: justify;\">\n4\u00ba.- DACI\u00d3N DE CUENTA EXPTE. REORDENACI\u00d3N DEL TR\u00c1FICO, ACCESO Y SE\u00d1ALIZACI\u00d3N EN AVDA. VIRGEN DE GRACIA.<\/p>\n<p style=\"text-align: justify;\">La Comisi\u00f3n quedar\u00e1 enterada del presente expediente, de la l\u00ednea de trabajo marcado, problem\u00e1tica que presenta la v\u00eda, y alternativas posibles de soluci\u00f3n. No obstante, ser\u00e1 objeto de Dictamen, como en el caso anterior, una vez est\u00e9 completo el expediente.<\/p>\n<p style=\"text-align: justify;\">\n5\u00ba.- DACI\u00d3N DE CUENTA EXPTE. MEJORA DE SE\u00d1ALIZACI\u00d3N Y REORDENACI\u00d3N EN CALLES EL MOTO, SAN JOS\u00c9, MANUEL DE FALLA Y SAN SEBASTI\u00c1N.<\/p>\n<p style=\"text-align: justify;\">La Comisi\u00f3n quedar\u00e1 enterada del presente expediente, de la l\u00ednea de trabajo marcado, problem\u00e1tica que presenta la v\u00eda, y alternativas posibles de soluci\u00f3n. No obstante, ser\u00e1 objeto de Dictamen, como en el caso anterior, una vez est\u00e9 completo el expediente.<\/p>\n<p style=\"text-align: justify;\">\n6\u00ba.- DACI\u00d3N DE CUENTA EXPTE. REORDENACI\u00d3N Y ESTACIONAMIENTO EN C\/LA CRUZ.<\/p>\n<p style=\"text-align: justify;\">La Comisi\u00f3n quedar\u00e1 enterada del presente expediente, de la l\u00ednea de trabajo marcado, problem\u00e1tica que presenta la v\u00eda, y alternativas posibles de soluci\u00f3n. No obstante, ser\u00e1 objeto de Dictamen, como en el caso anterior, una vez est\u00e9 completo el expediente.<\/p>\n<p style=\"text-align: justify;\">7\u00ba.- RUEGOS Y PREGUNTAS<\/p>\n","protected":false},"excerpt":{"rendered":"<p>La Comisi\u00f3n Informativa de Movilidad Urbana fue convocada en el d\u00eda de ayer por el Alcalde como Presidente nato de la misma, al objeto de Dictaminar y dar cuenta de diferentes expedientes en los que el Gobierno Municipal, y en concreto la Concejal\u00eda de Movilidad, viene desarrollando al respecto. Ser\u00e1 el pr\u00f3ximo viernes, a las &hellip;<\/p>\n","protected":false},"author":3,"featured_media":15233,"comment_status":"closed","ping_status":"open","sticky":false,"template":"","format":"standard","meta":{"ngg_post_thumbnail":0,"footnotes":""},"categories":[46],"tags":[],"class_list":["post-15232","post","type-post","status-publish","format-standard","has-post-thumbnail","hentry","category-movilidad-urbana"],"yoast_head":"<!-- This site is optimized with the Yoast SEO plugin v27.5 - https:\/\/yoast.com\/product\/yoast-seo-wordpress\/ -->\n<title>La Comisi\u00f3n de Movilidad Urbana estudiar\u00e1 el tr\u00e1fico en varias calles - MI Ayuntamiento de Caudete<\/title>\n<meta name=\"description\" content=\"P\u00e1gina Oficial del Ayuntamiento de Caudete (Albacete)\" \/>\n<meta name=\"robots\" content=\"index, follow, max-snippet:-1, max-image-preview:large, max-video-preview:-1\" \/>\n<link rel=\"canonical\" href=\"https:\/\/www.caudete.org\/ayuntamiento\/la-comision-de-movilidad-urbana-estudiara-el-trafico-en-varias-calles\/\" \/>\n<meta property=\"og:locale\" content=\"es_ES\" \/>\n<meta property=\"og:type\" content=\"article\" \/>\n<meta property=\"og:title\" content=\"La Comisi\u00f3n de Movilidad Urbana estudiar\u00e1 el tr\u00e1fico en varias calles - MI Ayuntamiento de Caudete\" \/>\n<meta property=\"og:description\" content=\"P\u00e1gina Oficial del Ayuntamiento de Caudete (Albacete)\" \/>\n<meta property=\"og:url\" content=\"https:\/\/www.caudete.org\/ayuntamiento\/la-comision-de-movilidad-urbana-estudiara-el-trafico-en-varias-calles\/\" \/>\n<meta property=\"og:site_name\" content=\"MI Ayuntamiento de Caudete\" \/>\n<meta property=\"article:publisher\" content=\"https:\/\/www.facebook.com\/ayuntamientocaudete\/\" \/>\n<meta property=\"article:published_time\" content=\"2021-06-30T07:18:32+00:00\" \/>\n<meta property=\"og:image\" content=\"https:\/\/www.caudete.org\/ayuntamiento\/wp-content\/uploads\/2021\/06\/WhatsApp-Image-2021-06-30-at-09.02.56.jpeg\" \/>\n\t<meta property=\"og:image:width\" content=\"845\" \/>\n\t<meta property=\"og:image:height\" content=\"583\" \/>\n\t<meta property=\"og:image:type\" content=\"image\/jpeg\" \/>\n<meta name=\"author\" content=\"alcalde\" \/>\n<meta name=\"twitter:card\" content=\"summary_large_image\" \/>\n<meta name=\"twitter:label1\" content=\"Escrito por\" \/>\n\t<meta name=\"twitter:data1\" content=\"alcalde\" \/>\n\t<meta name=\"twitter:label2\" content=\"Tiempo de lectura\" \/>\n\t<meta name=\"twitter:data2\" content=\"2 minutos\" \/>\n<script type=\"application\/ld+json\" class=\"yoast-schema-graph\">{\"@context\":\"https:\\\/\\\/schema.org\",\"@graph\":[{\"@type\":\"Article\",\"@id\":\"https:\\\/\\\/www.caudete.org\\\/ayuntamiento\\\/la-comision-de-movilidad-urbana-estudiara-el-trafico-en-varias-calles\\\/#article\",\"isPartOf\":{\"@id\":\"https:\\\/\\\/www.caudete.org\\\/ayuntamiento\\\/la-comision-de-movilidad-urbana-estudiara-el-trafico-en-varias-calles\\\/\"},\"author\":{\"name\":\"alcalde\",\"@id\":\"https:\\\/\\\/www.caudete.org\\\/ayuntamiento\\\/#\\\/schema\\\/person\\\/cc646da9133078ee4d8dd47457947253\"},\"headline\":\"La Comisi\u00f3n de Movilidad Urbana estudiar\u00e1 el tr\u00e1fico en varias calles\",\"datePublished\":\"2021-06-30T07:18:32+00:00\",\"mainEntityOfPage\":{\"@id\":\"https:\\\/\\\/www.caudete.org\\\/ayuntamiento\\\/la-comision-de-movilidad-urbana-estudiara-el-trafico-en-varias-calles\\\/\"},\"wordCount\":425,\"image\":{\"@id\":\"https:\\\/\\\/www.caudete.org\\\/ayuntamiento\\\/la-comision-de-movilidad-urbana-estudiara-el-trafico-en-varias-calles\\\/#primaryimage\"},\"thumbnailUrl\":\"https:\\\/\\\/www.caudete.org\\\/ayuntamiento\\\/wp-content\\\/uploads\\\/2021\\\/06\\\/WhatsApp-Image-2021-06-30-at-09.02.56.jpeg\",\"articleSection\":[\"Movilidad Urbana\"],\"inLanguage\":\"es\"},{\"@type\":\"WebPage\",\"@id\":\"https:\\\/\\\/www.caudete.org\\\/ayuntamiento\\\/la-comision-de-movilidad-urbana-estudiara-el-trafico-en-varias-calles\\\/\",\"url\":\"https:\\\/\\\/www.caudete.org\\\/ayuntamiento\\\/la-comision-de-movilidad-urbana-estudiara-el-trafico-en-varias-calles\\\/\",\"name\":\"La Comisi\u00f3n de Movilidad Urbana estudiar\u00e1 el tr\u00e1fico en varias calles - MI Ayuntamiento de Caudete\",\"isPartOf\":{\"@id\":\"https:\\\/\\\/www.caudete.org\\\/ayuntamiento\\\/#website\"},\"primaryImageOfPage\":{\"@id\":\"https:\\\/\\\/www.caudete.org\\\/ayuntamiento\\\/la-comision-de-movilidad-urbana-estudiara-el-trafico-en-varias-calles\\\/#primaryimage\"},\"image\":{\"@id\":\"https:\\\/\\\/www.caudete.org\\\/ayuntamiento\\\/la-comision-de-movilidad-urbana-estudiara-el-trafico-en-varias-calles\\\/#primaryimage\"},\"thumbnailUrl\":\"https:\\\/\\\/www.caudete.org\\\/ayuntamiento\\\/wp-content\\\/uploads\\\/2021\\\/06\\\/WhatsApp-Image-2021-06-30-at-09.02.56.jpeg\",\"datePublished\":\"2021-06-30T07:18:32+00:00\",\"author\":{\"@id\":\"https:\\\/\\\/www.caudete.org\\\/ayuntamiento\\\/#\\\/schema\\\/person\\\/cc646da9133078ee4d8dd47457947253\"},\"description\":\"P\u00e1gina Oficial del Ayuntamiento de Caudete (Albacete)\",\"breadcrumb\":{\"@id\":\"https:\\\/\\\/www.caudete.org\\\/ayuntamiento\\\/la-comision-de-movilidad-urbana-estudiara-el-trafico-en-varias-calles\\\/#breadcrumb\"},\"inLanguage\":\"es\",\"potentialAction\":[{\"@type\":\"ReadAction\",\"target\":[\"https:\\\/\\\/www.caudete.org\\\/ayuntamiento\\\/la-comision-de-movilidad-urbana-estudiara-el-trafico-en-varias-calles\\\/\"]}]},{\"@type\":\"ImageObject\",\"inLanguage\":\"es\",\"@id\":\"https:\\\/\\\/www.caudete.org\\\/ayuntamiento\\\/la-comision-de-movilidad-urbana-estudiara-el-trafico-en-varias-calles\\\/#primaryimage\",\"url\":\"https:\\\/\\\/www.caudete.org\\\/ayuntamiento\\\/wp-content\\\/uploads\\\/2021\\\/06\\\/WhatsApp-Image-2021-06-30-at-09.02.56.jpeg\",\"contentUrl\":\"https:\\\/\\\/www.caudete.org\\\/ayuntamiento\\\/wp-content\\\/uploads\\\/2021\\\/06\\\/WhatsApp-Image-2021-06-30-at-09.02.56.jpeg\",\"width\":845,\"height\":583},{\"@type\":\"BreadcrumbList\",\"@id\":\"https:\\\/\\\/www.caudete.org\\\/ayuntamiento\\\/la-comision-de-movilidad-urbana-estudiara-el-trafico-en-varias-calles\\\/#breadcrumb\",\"itemListElement\":[{\"@type\":\"ListItem\",\"position\":1,\"name\":\"Inicio\",\"item\":\"https:\\\/\\\/www.caudete.org\\\/ayuntamiento\\\/\"},{\"@type\":\"ListItem\",\"position\":2,\"name\":\"La Comisi\u00f3n de Movilidad Urbana estudiar\u00e1 el tr\u00e1fico en varias calles\"}]},{\"@type\":\"WebSite\",\"@id\":\"https:\\\/\\\/www.caudete.org\\\/ayuntamiento\\\/#website\",\"url\":\"https:\\\/\\\/www.caudete.org\\\/ayuntamiento\\\/\",\"name\":\"MI Ayuntamiento de Caudete\",\"description\":\"P\u00e1gina Oficial del MI Ayuntamiento de Caudete\",\"potentialAction\":[{\"@type\":\"SearchAction\",\"target\":{\"@type\":\"EntryPoint\",\"urlTemplate\":\"https:\\\/\\\/www.caudete.org\\\/ayuntamiento\\\/?s={search_term_string}\"},\"query-input\":{\"@type\":\"PropertyValueSpecification\",\"valueRequired\":true,\"valueName\":\"search_term_string\"}}],\"inLanguage\":\"es\"},{\"@type\":\"Person\",\"@id\":\"https:\\\/\\\/www.caudete.org\\\/ayuntamiento\\\/#\\\/schema\\\/person\\\/cc646da9133078ee4d8dd47457947253\",\"name\":\"alcalde\",\"image\":{\"@type\":\"ImageObject\",\"inLanguage\":\"es\",\"@id\":\"https:\\\/\\\/secure.gravatar.com\\\/avatar\\\/84a817ba065b29ff08d666b215a215f5c79186a645ccb25b14a663d48a130f77?s=96&d=mm&r=g\",\"url\":\"https:\\\/\\\/secure.gravatar.com\\\/avatar\\\/84a817ba065b29ff08d666b215a215f5c79186a645ccb25b14a663d48a130f77?s=96&d=mm&r=g\",\"contentUrl\":\"https:\\\/\\\/secure.gravatar.com\\\/avatar\\\/84a817ba065b29ff08d666b215a215f5c79186a645ccb25b14a663d48a130f77?s=96&d=mm&r=g\",\"caption\":\"alcalde\"},\"url\":\"https:\\\/\\\/www.caudete.org\\\/ayuntamiento\\\/author\\\/alcalde\\\/\"}]}<\/script>\n<!-- \/ Yoast SEO plugin. -->","yoast_head_json":{"title":"La Comisi\u00f3n de Movilidad Urbana estudiar\u00e1 el tr\u00e1fico en varias calles - MI Ayuntamiento de Caudete","description":"P\u00e1gina Oficial del Ayuntamiento de Caudete (Albacete)","robots":{"index":"index","follow":"follow","max-snippet":"max-snippet:-1","max-image-preview":"max-image-preview:large","max-video-preview":"max-video-preview:-1"},"canonical":"https:\/\/www.caudete.org\/ayuntamiento\/la-comision-de-movilidad-urbana-estudiara-el-trafico-en-varias-calles\/","og_locale":"es_ES","og_type":"article","og_title":"La Comisi\u00f3n de Movilidad Urbana estudiar\u00e1 el tr\u00e1fico en varias calles - MI Ayuntamiento de Caudete","og_description":"P\u00e1gina Oficial del Ayuntamiento de Caudete (Albacete)","og_url":"https:\/\/www.caudete.org\/ayuntamiento\/la-comision-de-movilidad-urbana-estudiara-el-trafico-en-varias-calles\/","og_site_name":"MI Ayuntamiento de Caudete","article_publisher":"https:\/\/www.facebook.com\/ayuntamientocaudete\/","article_published_time":"2021-06-30T07:18:32+00:00","og_image":[{"width":845,"height":583,"url":"https:\/\/www.caudete.org\/ayuntamiento\/wp-content\/uploads\/2021\/06\/WhatsApp-Image-2021-06-30-at-09.02.56.jpeg","type":"image\/jpeg"}],"author":"alcalde","twitter_card":"summary_large_image","twitter_misc":{"Escrito por":"alcalde","Tiempo de lectura":"2 minutos"},"schema":{"@context":"https:\/\/schema.org","@graph":[{"@type":"Article","@id":"https:\/\/www.caudete.org\/ayuntamiento\/la-comision-de-movilidad-urbana-estudiara-el-trafico-en-varias-calles\/#article","isPartOf":{"@id":"https:\/\/www.caudete.org\/ayuntamiento\/la-comision-de-movilidad-urbana-estudiara-el-trafico-en-varias-calles\/"},"author":{"name":"alcalde","@id":"https:\/\/www.caudete.org\/ayuntamiento\/#\/schema\/person\/cc646da9133078ee4d8dd47457947253"},"headline":"La Comisi\u00f3n de Movilidad Urbana estudiar\u00e1 el tr\u00e1fico en varias calles","datePublished":"2021-06-30T07:18:32+00:00","mainEntityOfPage":{"@id":"https:\/\/www.caudete.org\/ayuntamiento\/la-comision-de-movilidad-urbana-estudiara-el-trafico-en-varias-calles\/"},"wordCount":425,"image":{"@id":"https:\/\/www.caudete.org\/ayuntamiento\/la-comision-de-movilidad-urbana-estudiara-el-trafico-en-varias-calles\/#primaryimage"},"thumbnailUrl":"https:\/\/www.caudete.org\/ayuntamiento\/wp-content\/uploads\/2021\/06\/WhatsApp-Image-2021-06-30-at-09.02.56.jpeg","articleSection":["Movilidad Urbana"],"inLanguage":"es"},{"@type":"WebPage","@id":"https:\/\/www.caudete.org\/ayuntamiento\/la-comision-de-movilidad-urbana-estudiara-el-trafico-en-varias-calles\/","url":"https:\/\/www.caudete.org\/ayuntamiento\/la-comision-de-movilidad-urbana-estudiara-el-trafico-en-varias-calles\/","name":"La Comisi\u00f3n de Movilidad Urbana estudiar\u00e1 el tr\u00e1fico en varias calles - MI Ayuntamiento de Caudete","isPartOf":{"@id":"https:\/\/www.caudete.org\/ayuntamiento\/#website"},"primaryImageOfPage":{"@id":"https:\/\/www.caudete.org\/ayuntamiento\/la-comision-de-movilidad-urbana-estudiara-el-trafico-en-varias-calles\/#primaryimage"},"image":{"@id":"https:\/\/www.caudete.org\/ayuntamiento\/la-comision-de-movilidad-urbana-estudiara-el-trafico-en-varias-calles\/#primaryimage"},"thumbnailUrl":"https:\/\/www.caudete.org\/ayuntamiento\/wp-content\/uploads\/2021\/06\/WhatsApp-Image-2021-06-30-at-09.02.56.jpeg","datePublished":"2021-06-30T07:18:32+00:00","author":{"@id":"https:\/\/www.caudete.org\/ayuntamiento\/#\/schema\/person\/cc646da9133078ee4d8dd47457947253"},"description":"P\u00e1gina Oficial del Ayuntamiento de Caudete (Albacete)","breadcrumb":{"@id":"https:\/\/www.caudete.org\/ayuntamiento\/la-comision-de-movilidad-urbana-estudiara-el-trafico-en-varias-calles\/#breadcrumb"},"inLanguage":"es","potentialAction":[{"@type":"ReadAction","target":["https:\/\/www.caudete.org\/ayuntamiento\/la-comision-de-movilidad-urbana-estudiara-el-trafico-en-varias-calles\/"]}]},{"@type":"ImageObject","inLanguage":"es","@id":"https:\/\/www.caudete.org\/ayuntamiento\/la-comision-de-movilidad-urbana-estudiara-el-trafico-en-varias-calles\/#primaryimage","url":"https:\/\/www.caudete.org\/ayuntamiento\/wp-content\/uploads\/2021\/06\/WhatsApp-Image-2021-06-30-at-09.02.56.jpeg","contentUrl":"https:\/\/www.caudete.org\/ayuntamiento\/wp-content\/uploads\/2021\/06\/WhatsApp-Image-2021-06-30-at-09.02.56.jpeg","width":845,"height":583},{"@type":"BreadcrumbList","@id":"https:\/\/www.caudete.org\/ayuntamiento\/la-comision-de-movilidad-urbana-estudiara-el-trafico-en-varias-calles\/#breadcrumb","itemListElement":[{"@type":"ListItem","position":1,"name":"Inicio","item":"https:\/\/www.caudete.org\/ayuntamiento\/"},{"@type":"ListItem","position":2,"name":"La Comisi\u00f3n de Movilidad Urbana estudiar\u00e1 el tr\u00e1fico en varias calles"}]},{"@type":"WebSite","@id":"https:\/\/www.caudete.org\/ayuntamiento\/#website","url":"https:\/\/www.caudete.org\/ayuntamiento\/","name":"MI Ayuntamiento de Caudete","description":"P\u00e1gina Oficial del MI Ayuntamiento de Caudete","potentialAction":[{"@type":"SearchAction","target":{"@type":"EntryPoint","urlTemplate":"https:\/\/www.caudete.org\/ayuntamiento\/?s={search_term_string}"},"query-input":{"@type":"PropertyValueSpecification","valueRequired":true,"valueName":"search_term_string"}}],"inLanguage":"es"},{"@type":"Person","@id":"https:\/\/www.caudete.org\/ayuntamiento\/#\/schema\/person\/cc646da9133078ee4d8dd47457947253","name":"alcalde","image":{"@type":"ImageObject","inLanguage":"es","@id":"https:\/\/secure.gravatar.com\/avatar\/84a817ba065b29ff08d666b215a215f5c79186a645ccb25b14a663d48a130f77?s=96&d=mm&r=g","url":"https:\/\/secure.gravatar.com\/avatar\/84a817ba065b29ff08d666b215a215f5c79186a645ccb25b14a663d48a130f77?s=96&d=mm&r=g","contentUrl":"https:\/\/secure.gravatar.com\/avatar\/84a817ba065b29ff08d666b215a215f5c79186a645ccb25b14a663d48a130f77?s=96&d=mm&r=g","caption":"alcalde"},"url":"https:\/\/www.caudete.org\/ayuntamiento\/author\/alcalde\/"}]}},"_links":{"self":[{"href":"https:\/\/www.caudete.org\/ayuntamiento\/wp-json\/wp\/v2\/posts\/15232","targetHints":{"allow":["GET"]}}],"collection":[{"href":"https:\/\/www.caudete.org\/ayuntamiento\/wp-json\/wp\/v2\/posts"}],"about":[{"href":"https:\/\/www.caudete.org\/ayuntamiento\/wp-json\/wp\/v2\/types\/post"}],"author":[{"embeddable":true,"href":"https:\/\/www.caudete.org\/ayuntamiento\/wp-json\/wp\/v2\/users\/3"}],"replies":[{"embeddable":true,"href":"https:\/\/www.caudete.org\/ayuntamiento\/wp-json\/wp\/v2\/comments?post=15232"}],"version-history":[{"count":1,"href":"https:\/\/www.caudete.org\/ayuntamiento\/wp-json\/wp\/v2\/posts\/15232\/revisions"}],"predecessor-version":[{"id":15234,"href":"https:\/\/www.caudete.org\/ayuntamiento\/wp-json\/wp\/v2\/posts\/15232\/revisions\/15234"}],"wp:featuredmedia":[{"embeddable":true,"href":"https:\/\/www.caudete.org\/ayuntamiento\/wp-json\/wp\/v2\/media\/15233"}],"wp:attachment":[{"href":"https:\/\/www.caudete.org\/ayuntamiento\/wp-json\/wp\/v2\/media?parent=15232"}],"wp:term":[{"taxonomy":"category","embeddable":true,"href":"https:\/\/www.caudete.org\/ayuntamiento\/wp-json\/wp\/v2\/categories?post=15232"},{"taxonomy":"post_tag","embeddable":true,"href":"https:\/\/www.caudete.org\/ayuntamiento\/wp-json\/wp\/v2\/tags?post=15232"}],"curies":[{"name":"wp","href":"https:\/\/api.w.org\/{rel}","templated":true}]}}