{"id":15247,"date":"2021-07-01T12:04:08","date_gmt":"2021-07-01T10:04:08","guid":{"rendered":"https:\/\/www.caudete.org\/ayuntamiento\/?p=15247"},"modified":"2021-07-01T12:04:08","modified_gmt":"2021-07-01T10:04:08","slug":"susurros-en-la-noche-hoy-1-julio-a-las-2230h-en-el-patio-del-colegio-del-paseo","status":"publish","type":"post","link":"https:\/\/www.caudete.org\/ayuntamiento\/susurros-en-la-noche-hoy-1-julio-a-las-2230h-en-el-patio-del-colegio-del-paseo\/","title":{"rendered":"SUSURROS EN LA NOCHE, hoy 1 julio a las 22:30h en el Patio del Colegio del Paseo"},"content":{"rendered":"<p>El programa cultural y de ocio <strong>X LAS LUNAS<\/strong>, organizado por las Concejal\u00edas de Cultura y Juventud del Ayuntamiento de Caudete, presenta para este <strong>jueves 1 de julio a las 22:30 h \u201cSusurros en la Noche\u201d.<\/strong><\/p>\n<p>Una actividad en la que se unen historias, cuentos y leyendas populares interpretadas por el <strong>grupo de teatro de la asociaci\u00f3n de mujeres Santa B\u00e1rbara, integrantes del Club de lectura \u201c 27 de marzo\u201d y el actor caudetano Jose M\u00aa Ba\u00f1\u00f3n<\/strong>.<\/p>\n<p>Esta propuesta <strong>busca promover la narraci\u00f3n oral y el arte de contar cuentos<\/strong>, y a su vez, aportar conocimientos que permitan llevar adelante el oficio del relator de historias reencontr\u00e1ndonos con el placentero recuerdo de escuchar cuentos como cuando \u00e9ramos ni\u00f1os y no ten\u00edamos ninguna preocupaci\u00f3n.<\/p>\n<p>Este a\u00f1o debido a las medidas adoptadas por la pandemia se ha cambiado la ubicaci\u00f3n y los Susurros se van a desarrollar en un \u00fanico escenario el patio del colegio del Paseo y el aforo tambi\u00e9n se ha limitado, <strong>para asistir es necesario recoger las invitaciones en la Casa de Cultura de 9:00 a 14:00. Ya est\u00e1n disponibles.<\/strong><\/p>\n<p><a href=\"https:\/\/www.caudete.org\/ayuntamiento\/wp-content\/uploads\/2021\/07\/DSCF5509-scaled.jpg\" rel='prettyPhoto'><img fetchpriority=\"high\" decoding=\"async\" class=\"aligncenter wp-image-15249 size-medium\" src=\"https:\/\/www.caudete.org\/ayuntamiento\/wp-content\/uploads\/2021\/07\/DSCF5509-300x169.jpg\" alt=\"\" width=\"300\" height=\"169\" srcset=\"https:\/\/www.caudete.org\/ayuntamiento\/wp-content\/uploads\/2021\/07\/DSCF5509-300x169.jpg 300w, https:\/\/www.caudete.org\/ayuntamiento\/wp-content\/uploads\/2021\/07\/DSCF5509-1024x576.jpg 1024w, https:\/\/www.caudete.org\/ayuntamiento\/wp-content\/uploads\/2021\/07\/DSCF5509-768x432.jpg 768w, https:\/\/www.caudete.org\/ayuntamiento\/wp-content\/uploads\/2021\/07\/DSCF5509-1536x864.jpg 1536w, https:\/\/www.caudete.org\/ayuntamiento\/wp-content\/uploads\/2021\/07\/DSCF5509-2048x1152.jpg 2048w\" sizes=\"(max-width: 300px) 100vw, 300px\" \/><\/a><\/p>\n","protected":false},"excerpt":{"rendered":"<p>El programa cultural y de ocio X LAS LUNAS, organizado por las Concejal\u00edas de Cultura y Juventud del Ayuntamiento de Caudete, presenta para este jueves 1 de julio a las 22:30 h \u201cSusurros en la Noche\u201d. Una actividad en la que se unen historias, cuentos y leyendas populares interpretadas por el grupo de teatro de &hellip;<\/p>\n","protected":false},"author":2,"featured_media":15250,"comment_status":"closed","ping_status":"open","sticky":false,"template":"","format":"standard","meta":{"ngg_post_thumbnail":0,"footnotes":""},"categories":[14,121],"tags":[],"class_list":["post-15247","post","type-post","status-publish","format-standard","has-post-thumbnail","hentry","category-cultura","category-juventud-2"],"yoast_head":"<!-- This site is optimized with the Yoast SEO plugin v27.5 - https:\/\/yoast.com\/product\/yoast-seo-wordpress\/ -->\n<title>SUSURROS EN LA NOCHE, hoy 1 julio a las 22:30h en el Patio del Colegio del Paseo - MI Ayuntamiento de Caudete<\/title>\n<meta name=\"description\" content=\"P\u00e1gina Oficial del Ayuntamiento de Caudete (Albacete)\" \/>\n<meta name=\"robots\" content=\"index, follow, max-snippet:-1, max-image-preview:large, max-video-preview:-1\" \/>\n<link rel=\"canonical\" href=\"https:\/\/www.caudete.org\/ayuntamiento\/susurros-en-la-noche-hoy-1-julio-a-las-2230h-en-el-patio-del-colegio-del-paseo\/\" \/>\n<meta property=\"og:locale\" content=\"es_ES\" \/>\n<meta property=\"og:type\" content=\"article\" \/>\n<meta property=\"og:title\" content=\"SUSURROS EN LA NOCHE, hoy 1 julio a las 22:30h en el Patio del Colegio del Paseo - MI Ayuntamiento de Caudete\" \/>\n<meta property=\"og:description\" content=\"P\u00e1gina Oficial del Ayuntamiento de Caudete (Albacete)\" \/>\n<meta property=\"og:url\" content=\"https:\/\/www.caudete.org\/ayuntamiento\/susurros-en-la-noche-hoy-1-julio-a-las-2230h-en-el-patio-del-colegio-del-paseo\/\" \/>\n<meta property=\"og:site_name\" content=\"MI Ayuntamiento de Caudete\" \/>\n<meta property=\"article:publisher\" content=\"https:\/\/www.facebook.com\/ayuntamientocaudete\/\" \/>\n<meta property=\"article:published_time\" content=\"2021-07-01T10:04:08+00:00\" \/>\n<meta property=\"og:image\" content=\"https:\/\/www.caudete.org\/ayuntamiento\/wp-content\/uploads\/2021\/07\/Susurros-en-la-noche-WEB.jpg\" \/>\n\t<meta property=\"og:image:width\" content=\"864\" \/>\n\t<meta property=\"og:image:height\" content=\"380\" \/>\n\t<meta property=\"og:image:type\" content=\"image\/jpeg\" \/>\n<meta name=\"author\" content=\"Juan\" \/>\n<meta name=\"twitter:card\" content=\"summary_large_image\" \/>\n<meta name=\"twitter:label1\" content=\"Escrito por\" \/>\n\t<meta name=\"twitter:data1\" content=\"Juan\" \/>\n\t<meta name=\"twitter:label2\" content=\"Tiempo de lectura\" \/>\n\t<meta name=\"twitter:data2\" content=\"1 minuto\" \/>\n<script type=\"application\/ld+json\" class=\"yoast-schema-graph\">{\"@context\":\"https:\\\/\\\/schema.org\",\"@graph\":[{\"@type\":\"Article\",\"@id\":\"https:\\\/\\\/www.caudete.org\\\/ayuntamiento\\\/susurros-en-la-noche-hoy-1-julio-a-las-2230h-en-el-patio-del-colegio-del-paseo\\\/#article\",\"isPartOf\":{\"@id\":\"https:\\\/\\\/www.caudete.org\\\/ayuntamiento\\\/susurros-en-la-noche-hoy-1-julio-a-las-2230h-en-el-patio-del-colegio-del-paseo\\\/\"},\"author\":{\"name\":\"Juan\",\"@id\":\"https:\\\/\\\/www.caudete.org\\\/ayuntamiento\\\/#\\\/schema\\\/person\\\/7656a5bb58fca95b9814e940de0fda63\"},\"headline\":\"SUSURROS EN LA NOCHE, hoy 1 julio a las 22:30h en el Patio del Colegio del Paseo\",\"datePublished\":\"2021-07-01T10:04:08+00:00\",\"mainEntityOfPage\":{\"@id\":\"https:\\\/\\\/www.caudete.org\\\/ayuntamiento\\\/susurros-en-la-noche-hoy-1-julio-a-las-2230h-en-el-patio-del-colegio-del-paseo\\\/\"},\"wordCount\":204,\"publisher\":{\"@id\":\"https:\\\/\\\/www.caudete.org\\\/ayuntamiento\\\/#organization\"},\"image\":{\"@id\":\"https:\\\/\\\/www.caudete.org\\\/ayuntamiento\\\/susurros-en-la-noche-hoy-1-julio-a-las-2230h-en-el-patio-del-colegio-del-paseo\\\/#primaryimage\"},\"thumbnailUrl\":\"https:\\\/\\\/www.caudete.org\\\/ayuntamiento\\\/wp-content\\\/uploads\\\/2021\\\/07\\\/Susurros-en-la-noche-WEB.jpg\",\"articleSection\":[\"Cultura\",\"Juventud\"],\"inLanguage\":\"es\"},{\"@type\":\"WebPage\",\"@id\":\"https:\\\/\\\/www.caudete.org\\\/ayuntamiento\\\/susurros-en-la-noche-hoy-1-julio-a-las-2230h-en-el-patio-del-colegio-del-paseo\\\/\",\"url\":\"https:\\\/\\\/www.caudete.org\\\/ayuntamiento\\\/susurros-en-la-noche-hoy-1-julio-a-las-2230h-en-el-patio-del-colegio-del-paseo\\\/\",\"name\":\"SUSURROS EN LA NOCHE, hoy 1 julio a las 22:30h en el Patio del Colegio del Paseo - MI Ayuntamiento de Caudete\",\"isPartOf\":{\"@id\":\"https:\\\/\\\/www.caudete.org\\\/ayuntamiento\\\/#website\"},\"primaryImageOfPage\":{\"@id\":\"https:\\\/\\\/www.caudete.org\\\/ayuntamiento\\\/susurros-en-la-noche-hoy-1-julio-a-las-2230h-en-el-patio-del-colegio-del-paseo\\\/#primaryimage\"},\"image\":{\"@id\":\"https:\\\/\\\/www.caudete.org\\\/ayuntamiento\\\/susurros-en-la-noche-hoy-1-julio-a-las-2230h-en-el-patio-del-colegio-del-paseo\\\/#primaryimage\"},\"thumbnailUrl\":\"https:\\\/\\\/www.caudete.org\\\/ayuntamiento\\\/wp-content\\\/uploads\\\/2021\\\/07\\\/Susurros-en-la-noche-WEB.jpg\",\"datePublished\":\"2021-07-01T10:04:08+00:00\",\"description\":\"P\u00e1gina Oficial del Ayuntamiento de Caudete (Albacete)\",\"breadcrumb\":{\"@id\":\"https:\\\/\\\/www.caudete.org\\\/ayuntamiento\\\/susurros-en-la-noche-hoy-1-julio-a-las-2230h-en-el-patio-del-colegio-del-paseo\\\/#breadcrumb\"},\"inLanguage\":\"es\",\"potentialAction\":[{\"@type\":\"ReadAction\",\"target\":[\"https:\\\/\\\/www.caudete.org\\\/ayuntamiento\\\/susurros-en-la-noche-hoy-1-julio-a-las-2230h-en-el-patio-del-colegio-del-paseo\\\/\"]}]},{\"@type\":\"ImageObject\",\"inLanguage\":\"es\",\"@id\":\"https:\\\/\\\/www.caudete.org\\\/ayuntamiento\\\/susurros-en-la-noche-hoy-1-julio-a-las-2230h-en-el-patio-del-colegio-del-paseo\\\/#primaryimage\",\"url\":\"https:\\\/\\\/www.caudete.org\\\/ayuntamiento\\\/wp-content\\\/uploads\\\/2021\\\/07\\\/Susurros-en-la-noche-WEB.jpg\",\"contentUrl\":\"https:\\\/\\\/www.caudete.org\\\/ayuntamiento\\\/wp-content\\\/uploads\\\/2021\\\/07\\\/Susurros-en-la-noche-WEB.jpg\",\"width\":864,\"height\":380},{\"@type\":\"BreadcrumbList\",\"@id\":\"https:\\\/\\\/www.caudete.org\\\/ayuntamiento\\\/susurros-en-la-noche-hoy-1-julio-a-las-2230h-en-el-patio-del-colegio-del-paseo\\\/#breadcrumb\",\"itemListElement\":[{\"@type\":\"ListItem\",\"position\":1,\"name\":\"Inicio\",\"item\":\"https:\\\/\\\/www.caudete.org\\\/ayuntamiento\\\/\"},{\"@type\":\"ListItem\",\"position\":2,\"name\":\"SUSURROS EN LA NOCHE, hoy 1 julio a las 22:30h en el Patio del Colegio del Paseo\"}]},{\"@type\":\"WebSite\",\"@id\":\"https:\\\/\\\/www.caudete.org\\\/ayuntamiento\\\/#website\",\"url\":\"https:\\\/\\\/www.caudete.org\\\/ayuntamiento\\\/\",\"name\":\"MI Ayuntamiento de Caudete\",\"description\":\"P\u00e1gina Oficial del MI Ayuntamiento de Caudete\",\"publisher\":{\"@id\":\"https:\\\/\\\/www.caudete.org\\\/ayuntamiento\\\/#organization\"},\"potentialAction\":[{\"@type\":\"SearchAction\",\"target\":{\"@type\":\"EntryPoint\",\"urlTemplate\":\"https:\\\/\\\/www.caudete.org\\\/ayuntamiento\\\/?s={search_term_string}\"},\"query-input\":{\"@type\":\"PropertyValueSpecification\",\"valueRequired\":true,\"valueName\":\"search_term_string\"}}],\"inLanguage\":\"es\"},{\"@type\":\"Organization\",\"@id\":\"https:\\\/\\\/www.caudete.org\\\/ayuntamiento\\\/#organization\",\"name\":\"Ayuntamiento de Caudete\",\"url\":\"https:\\\/\\\/www.caudete.org\\\/ayuntamiento\\\/\",\"logo\":{\"@type\":\"ImageObject\",\"inLanguage\":\"es\",\"@id\":\"https:\\\/\\\/www.caudete.org\\\/ayuntamiento\\\/#\\\/schema\\\/logo\\\/image\\\/\",\"url\":\"https:\\\/\\\/www.caudete.org\\\/ayuntamiento\\\/wp-content\\\/uploads\\\/2020\\\/11\\\/logo_ayuntamiento_caudete.jpg\",\"contentUrl\":\"https:\\\/\\\/www.caudete.org\\\/ayuntamiento\\\/wp-content\\\/uploads\\\/2020\\\/11\\\/logo_ayuntamiento_caudete.jpg\",\"width\":600,\"height\":150,\"caption\":\"Ayuntamiento de Caudete\"},\"image\":{\"@id\":\"https:\\\/\\\/www.caudete.org\\\/ayuntamiento\\\/#\\\/schema\\\/logo\\\/image\\\/\"},\"sameAs\":[\"https:\\\/\\\/www.facebook.com\\\/ayuntamientocaudete\\\/\",\"https:\\\/\\\/www.youtube.com\\\/channel\\\/UC6VztHaooNsGpw-tNoBEFnQ\"]},{\"@type\":\"Person\",\"@id\":\"https:\\\/\\\/www.caudete.org\\\/ayuntamiento\\\/#\\\/schema\\\/person\\\/7656a5bb58fca95b9814e940de0fda63\",\"name\":\"Juan\",\"image\":{\"@type\":\"ImageObject\",\"inLanguage\":\"es\",\"@id\":\"https:\\\/\\\/secure.gravatar.com\\\/avatar\\\/dd53e51c0cd6ab23f52d4f3e4f1c59730240727763de3dbbf26750b079a2c292?s=96&d=mm&r=g\",\"url\":\"https:\\\/\\\/secure.gravatar.com\\\/avatar\\\/dd53e51c0cd6ab23f52d4f3e4f1c59730240727763de3dbbf26750b079a2c292?s=96&d=mm&r=g\",\"contentUrl\":\"https:\\\/\\\/secure.gravatar.com\\\/avatar\\\/dd53e51c0cd6ab23f52d4f3e4f1c59730240727763de3dbbf26750b079a2c292?s=96&d=mm&r=g\",\"caption\":\"Juan\"},\"url\":\"https:\\\/\\\/www.caudete.org\\\/ayuntamiento\\\/author\\\/centrodeinternet\\\/\"}]}<\/script>\n<!-- \/ Yoast SEO plugin. -->","yoast_head_json":{"title":"SUSURROS EN LA NOCHE, hoy 1 julio a las 22:30h en el Patio del Colegio del Paseo - MI Ayuntamiento de Caudete","description":"P\u00e1gina Oficial del Ayuntamiento de Caudete (Albacete)","robots":{"index":"index","follow":"follow","max-snippet":"max-snippet:-1","max-image-preview":"max-image-preview:large","max-video-preview":"max-video-preview:-1"},"canonical":"https:\/\/www.caudete.org\/ayuntamiento\/susurros-en-la-noche-hoy-1-julio-a-las-2230h-en-el-patio-del-colegio-del-paseo\/","og_locale":"es_ES","og_type":"article","og_title":"SUSURROS EN LA NOCHE, hoy 1 julio a las 22:30h en el Patio del Colegio del Paseo - MI Ayuntamiento de Caudete","og_description":"P\u00e1gina Oficial del Ayuntamiento de Caudete (Albacete)","og_url":"https:\/\/www.caudete.org\/ayuntamiento\/susurros-en-la-noche-hoy-1-julio-a-las-2230h-en-el-patio-del-colegio-del-paseo\/","og_site_name":"MI Ayuntamiento de Caudete","article_publisher":"https:\/\/www.facebook.com\/ayuntamientocaudete\/","article_published_time":"2021-07-01T10:04:08+00:00","og_image":[{"width":864,"height":380,"url":"https:\/\/www.caudete.org\/ayuntamiento\/wp-content\/uploads\/2021\/07\/Susurros-en-la-noche-WEB.jpg","type":"image\/jpeg"}],"author":"Juan","twitter_card":"summary_large_image","twitter_misc":{"Escrito por":"Juan","Tiempo de lectura":"1 minuto"},"schema":{"@context":"https:\/\/schema.org","@graph":[{"@type":"Article","@id":"https:\/\/www.caudete.org\/ayuntamiento\/susurros-en-la-noche-hoy-1-julio-a-las-2230h-en-el-patio-del-colegio-del-paseo\/#article","isPartOf":{"@id":"https:\/\/www.caudete.org\/ayuntamiento\/susurros-en-la-noche-hoy-1-julio-a-las-2230h-en-el-patio-del-colegio-del-paseo\/"},"author":{"name":"Juan","@id":"https:\/\/www.caudete.org\/ayuntamiento\/#\/schema\/person\/7656a5bb58fca95b9814e940de0fda63"},"headline":"SUSURROS EN LA NOCHE, hoy 1 julio a las 22:30h en el Patio del Colegio del Paseo","datePublished":"2021-07-01T10:04:08+00:00","mainEntityOfPage":{"@id":"https:\/\/www.caudete.org\/ayuntamiento\/susurros-en-la-noche-hoy-1-julio-a-las-2230h-en-el-patio-del-colegio-del-paseo\/"},"wordCount":204,"publisher":{"@id":"https:\/\/www.caudete.org\/ayuntamiento\/#organization"},"image":{"@id":"https:\/\/www.caudete.org\/ayuntamiento\/susurros-en-la-noche-hoy-1-julio-a-las-2230h-en-el-patio-del-colegio-del-paseo\/#primaryimage"},"thumbnailUrl":"https:\/\/www.caudete.org\/ayuntamiento\/wp-content\/uploads\/2021\/07\/Susurros-en-la-noche-WEB.jpg","articleSection":["Cultura","Juventud"],"inLanguage":"es"},{"@type":"WebPage","@id":"https:\/\/www.caudete.org\/ayuntamiento\/susurros-en-la-noche-hoy-1-julio-a-las-2230h-en-el-patio-del-colegio-del-paseo\/","url":"https:\/\/www.caudete.org\/ayuntamiento\/susurros-en-la-noche-hoy-1-julio-a-las-2230h-en-el-patio-del-colegio-del-paseo\/","name":"SUSURROS EN LA NOCHE, hoy 1 julio a las 22:30h en el Patio del Colegio del Paseo - MI Ayuntamiento de Caudete","isPartOf":{"@id":"https:\/\/www.caudete.org\/ayuntamiento\/#website"},"primaryImageOfPage":{"@id":"https:\/\/www.caudete.org\/ayuntamiento\/susurros-en-la-noche-hoy-1-julio-a-las-2230h-en-el-patio-del-colegio-del-paseo\/#primaryimage"},"image":{"@id":"https:\/\/www.caudete.org\/ayuntamiento\/susurros-en-la-noche-hoy-1-julio-a-las-2230h-en-el-patio-del-colegio-del-paseo\/#primaryimage"},"thumbnailUrl":"https:\/\/www.caudete.org\/ayuntamiento\/wp-content\/uploads\/2021\/07\/Susurros-en-la-noche-WEB.jpg","datePublished":"2021-07-01T10:04:08+00:00","description":"P\u00e1gina Oficial del Ayuntamiento de Caudete (Albacete)","breadcrumb":{"@id":"https:\/\/www.caudete.org\/ayuntamiento\/susurros-en-la-noche-hoy-1-julio-a-las-2230h-en-el-patio-del-colegio-del-paseo\/#breadcrumb"},"inLanguage":"es","potentialAction":[{"@type":"ReadAction","target":["https:\/\/www.caudete.org\/ayuntamiento\/susurros-en-la-noche-hoy-1-julio-a-las-2230h-en-el-patio-del-colegio-del-paseo\/"]}]},{"@type":"ImageObject","inLanguage":"es","@id":"https:\/\/www.caudete.org\/ayuntamiento\/susurros-en-la-noche-hoy-1-julio-a-las-2230h-en-el-patio-del-colegio-del-paseo\/#primaryimage","url":"https:\/\/www.caudete.org\/ayuntamiento\/wp-content\/uploads\/2021\/07\/Susurros-en-la-noche-WEB.jpg","contentUrl":"https:\/\/www.caudete.org\/ayuntamiento\/wp-content\/uploads\/2021\/07\/Susurros-en-la-noche-WEB.jpg","width":864,"height":380},{"@type":"BreadcrumbList","@id":"https:\/\/www.caudete.org\/ayuntamiento\/susurros-en-la-noche-hoy-1-julio-a-las-2230h-en-el-patio-del-colegio-del-paseo\/#breadcrumb","itemListElement":[{"@type":"ListItem","position":1,"name":"Inicio","item":"https:\/\/www.caudete.org\/ayuntamiento\/"},{"@type":"ListItem","position":2,"name":"SUSURROS EN LA NOCHE, hoy 1 julio a las 22:30h en el Patio del Colegio del Paseo"}]},{"@type":"WebSite","@id":"https:\/\/www.caudete.org\/ayuntamiento\/#website","url":"https:\/\/www.caudete.org\/ayuntamiento\/","name":"MI Ayuntamiento de Caudete","description":"P\u00e1gina Oficial del MI Ayuntamiento de Caudete","publisher":{"@id":"https:\/\/www.caudete.org\/ayuntamiento\/#organization"},"potentialAction":[{"@type":"SearchAction","target":{"@type":"EntryPoint","urlTemplate":"https:\/\/www.caudete.org\/ayuntamiento\/?s={search_term_string}"},"query-input":{"@type":"PropertyValueSpecification","valueRequired":true,"valueName":"search_term_string"}}],"inLanguage":"es"},{"@type":"Organization","@id":"https:\/\/www.caudete.org\/ayuntamiento\/#organization","name":"Ayuntamiento de Caudete","url":"https:\/\/www.caudete.org\/ayuntamiento\/","logo":{"@type":"ImageObject","inLanguage":"es","@id":"https:\/\/www.caudete.org\/ayuntamiento\/#\/schema\/logo\/image\/","url":"https:\/\/www.caudete.org\/ayuntamiento\/wp-content\/uploads\/2020\/11\/logo_ayuntamiento_caudete.jpg","contentUrl":"https:\/\/www.caudete.org\/ayuntamiento\/wp-content\/uploads\/2020\/11\/logo_ayuntamiento_caudete.jpg","width":600,"height":150,"caption":"Ayuntamiento de Caudete"},"image":{"@id":"https:\/\/www.caudete.org\/ayuntamiento\/#\/schema\/logo\/image\/"},"sameAs":["https:\/\/www.facebook.com\/ayuntamientocaudete\/","https:\/\/www.youtube.com\/channel\/UC6VztHaooNsGpw-tNoBEFnQ"]},{"@type":"Person","@id":"https:\/\/www.caudete.org\/ayuntamiento\/#\/schema\/person\/7656a5bb58fca95b9814e940de0fda63","name":"Juan","image":{"@type":"ImageObject","inLanguage":"es","@id":"https:\/\/secure.gravatar.com\/avatar\/dd53e51c0cd6ab23f52d4f3e4f1c59730240727763de3dbbf26750b079a2c292?s=96&d=mm&r=g","url":"https:\/\/secure.gravatar.com\/avatar\/dd53e51c0cd6ab23f52d4f3e4f1c59730240727763de3dbbf26750b079a2c292?s=96&d=mm&r=g","contentUrl":"https:\/\/secure.gravatar.com\/avatar\/dd53e51c0cd6ab23f52d4f3e4f1c59730240727763de3dbbf26750b079a2c292?s=96&d=mm&r=g","caption":"Juan"},"url":"https:\/\/www.caudete.org\/ayuntamiento\/author\/centrodeinternet\/"}]}},"_links":{"self":[{"href":"https:\/\/www.caudete.org\/ayuntamiento\/wp-json\/wp\/v2\/posts\/15247","targetHints":{"allow":["GET"]}}],"collection":[{"href":"https:\/\/www.caudete.org\/ayuntamiento\/wp-json\/wp\/v2\/posts"}],"about":[{"href":"https:\/\/www.caudete.org\/ayuntamiento\/wp-json\/wp\/v2\/types\/post"}],"author":[{"embeddable":true,"href":"https:\/\/www.caudete.org\/ayuntamiento\/wp-json\/wp\/v2\/users\/2"}],"replies":[{"embeddable":true,"href":"https:\/\/www.caudete.org\/ayuntamiento\/wp-json\/wp\/v2\/comments?post=15247"}],"version-history":[{"count":4,"href":"https:\/\/www.caudete.org\/ayuntamiento\/wp-json\/wp\/v2\/posts\/15247\/revisions"}],"predecessor-version":[{"id":15253,"href":"https:\/\/www.caudete.org\/ayuntamiento\/wp-json\/wp\/v2\/posts\/15247\/revisions\/15253"}],"wp:featuredmedia":[{"embeddable":true,"href":"https:\/\/www.caudete.org\/ayuntamiento\/wp-json\/wp\/v2\/media\/15250"}],"wp:attachment":[{"href":"https:\/\/www.caudete.org\/ayuntamiento\/wp-json\/wp\/v2\/media?parent=15247"}],"wp:term":[{"taxonomy":"category","embeddable":true,"href":"https:\/\/www.caudete.org\/ayuntamiento\/wp-json\/wp\/v2\/categories?post=15247"},{"taxonomy":"post_tag","embeddable":true,"href":"https:\/\/www.caudete.org\/ayuntamiento\/wp-json\/wp\/v2\/tags?post=15247"}],"curies":[{"name":"wp","href":"https:\/\/api.w.org\/{rel}","templated":true}]}}