{"id":15267,"date":"2021-07-05T11:30:18","date_gmt":"2021-07-05T09:30:18","guid":{"rendered":"https:\/\/www.caudete.org\/ayuntamiento\/?p=15267"},"modified":"2021-07-05T03:20:07","modified_gmt":"2021-07-05T01:20:07","slug":"abierta-a-consulta-publica-la-ordenanza-del-consumo-de-bebidas-alcoholicas-en-la-via-publica","status":"publish","type":"post","link":"https:\/\/www.caudete.org\/ayuntamiento\/abierta-a-consulta-publica-la-ordenanza-del-consumo-de-bebidas-alcoholicas-en-la-via-publica\/","title":{"rendered":"Abierta a consulta p\u00fablica la Ordenanza del consumo de Bebidas Alcoh\u00f3licas en la v\u00eda p\u00fablica"},"content":{"rendered":"<p style=\"text-align: justify;\">Pilar Egea, Concejal de Participaci\u00f3n Ciudadana, traslada a los caudetanos la apertura del proceso de consulta p\u00fablica de la <em>Ordenanza reguladora del consumo de bebida alcoh\u00f3licas en la v\u00eda p\u00fablica<\/em><em>,<\/em> tras ser incluida en el Plan Anual Normativo 2021 ratificado hace unas semanas por la Junta de Gobierno Local.<\/p>\n<p style=\"text-align: justify;\">La redacci\u00f3n de esta nueva Ordenanza busca la regulaci\u00f3n del consumo y venta de bebidas de cualquier tipo, as\u00ed como la prevenci\u00f3n de inc\u00edvicas actuaciones perturbadoras de la convivencia ciudadana en el \u00e1mbito de las competencias que puedan corresponder al Ayuntamiento de acuerdo con la legislaci\u00f3n en materia de actividades de ocio en los espacios abiertos, entendiendo como ocio toda distracci\u00f3n que consista en la permanencia y concentraci\u00f3n de personas en espacios abiertos del t\u00e9rmino municipal, que se re\u00fanan para mantener relaciones sociales entre ellas, mediante el consumo de bebidas de cualquier tipo.<\/p>\n<p style=\"text-align: justify;\">De hecho, muchos vecinos sienten una enorme irritaci\u00f3n por las molestias que el ruido y la suciedad, principalmente, d\u00e1ndose por tanto\u00a0 dos problemas: las molestias para los vecinos y el consumo excesivo de alcohol a edades cada vez mas tempranas. As\u00ed pues, esta Ordenanza tratar\u00e1 de plantear soluciones a una demanda ciudadana: acabar con las molestias que la ocupaci\u00f3n del espacio urbano por ocasionan al resto de los ciudadanos cuando se comportan inc\u00edvica e irresponsablemente, dise\u00f1ando una formula de intervenci\u00f3n mediante medidas legales correctoras.<\/p>\n<p>Ser\u00e1 por tanto la primera vez que el Consistorio caudetano desarrolle un documento que busque dar soluci\u00f3n a esta problem\u00e1tica y los efectos que generan este tipo de actos. No obstante, numerosos ayuntamientos de Espa\u00f1a, y unos cuantos de la provincia y la comarca ya disponen de este tipo de reglamentaci\u00f3n y su aplicaci\u00f3n es muy positiva.<\/p>\n<p style=\"text-align: justify;\">Pilar Egea remarcaba que \u201c<em>se abre as\u00ed un proceso que pretende mejorar la participaci\u00f3n de los ciudadanos en el procedimiento de elaboraci\u00f3n de las normas municipales, donde su opini\u00f3n es importante para conseguir una norma que aporte diferentes puntos de vista, que sea dise\u00f1ada por todos, y que sea por tanto participativa<\/em>\u201c.\u00a0<a href=\"https:\/\/www.caudete.org\/ayuntamiento\/consulta-publica-preaprobacion\/\">https:\/\/www.caudete.org\/ayuntamiento\/consulta-publica-preaprobacion\/<\/a><\/p>\n<p style=\"text-align: justify;\">Todo ello, atendiendo a la Ley 39\/2015, de 1 de octubre, del Procedimiento Administrativo Com\u00fan de las Administraciones P\u00fablicas, en base a la cual \u201c<em>todos los ciudadanos, organizaciones y asociaciones que as\u00ed lo consideren pueden hacer llegar sus opiniones\u201d <\/em>y aportaciones al respecto<em>, <\/em>present\u00e1ndolas por escrito en el Registro General de Entrada del M.I. Ayuntamiento de Caudete, tal y como manifestaba la Edil, siendo el plazo habilitado hasta el 18 de Julio.<\/p>\n<p style=\"text-align: justify;\">Finalizado el plazo, se analizar\u00e1n por los T\u00e9cnicos Municipales, incluy\u00e9ndose, en caso que as\u00ed se considere, en la propuesta de Ordenanza respectiva, que se elevar\u00e1 a Comisi\u00f3n Informativa para su Dictamen, y a Pleno para la adopci\u00f3n del acuerdo oportuno, dando posteriormente tr\u00e1mite al resto del procedimiento de aprobaci\u00f3n.<\/p>\n","protected":false},"excerpt":{"rendered":"<p>Pilar Egea, Concejal de Participaci\u00f3n Ciudadana, traslada a los caudetanos la apertura del proceso de consulta p\u00fablica de la Ordenanza reguladora del consumo de bebida alcoh\u00f3licas en la v\u00eda p\u00fablica, tras ser incluida en el Plan Anual Normativo 2021 ratificado hace unas semanas por la Junta de Gobierno Local. La redacci\u00f3n de esta nueva Ordenanza &hellip;<\/p>\n","protected":false},"author":3,"featured_media":14146,"comment_status":"closed","ping_status":"open","sticky":false,"template":"","format":"standard","meta":{"ngg_post_thumbnail":0,"footnotes":""},"categories":[38],"tags":[],"class_list":["post-15267","post","type-post","status-publish","format-standard","has-post-thumbnail","hentry","category-participacion-ciudadana"],"yoast_head":"<!-- This site is optimized with the Yoast SEO plugin v27.5 - https:\/\/yoast.com\/product\/yoast-seo-wordpress\/ -->\n<title>Abierta a consulta p\u00fablica la Ordenanza del consumo de Bebidas Alcoh\u00f3licas en la v\u00eda p\u00fablica - MI Ayuntamiento de Caudete<\/title>\n<meta name=\"description\" content=\"P\u00e1gina Oficial del Ayuntamiento de Caudete (Albacete)\" \/>\n<meta name=\"robots\" content=\"index, follow, max-snippet:-1, max-image-preview:large, max-video-preview:-1\" \/>\n<link rel=\"canonical\" href=\"https:\/\/www.caudete.org\/ayuntamiento\/abierta-a-consulta-publica-la-ordenanza-del-consumo-de-bebidas-alcoholicas-en-la-via-publica\/\" \/>\n<meta property=\"og:locale\" content=\"es_ES\" \/>\n<meta property=\"og:type\" content=\"article\" \/>\n<meta property=\"og:title\" content=\"Abierta a consulta p\u00fablica la Ordenanza del consumo de Bebidas Alcoh\u00f3licas en la v\u00eda p\u00fablica - MI Ayuntamiento de Caudete\" \/>\n<meta property=\"og:description\" content=\"P\u00e1gina Oficial del Ayuntamiento de Caudete (Albacete)\" \/>\n<meta property=\"og:url\" content=\"https:\/\/www.caudete.org\/ayuntamiento\/abierta-a-consulta-publica-la-ordenanza-del-consumo-de-bebidas-alcoholicas-en-la-via-publica\/\" \/>\n<meta property=\"og:site_name\" content=\"MI Ayuntamiento de Caudete\" \/>\n<meta property=\"article:publisher\" content=\"https:\/\/www.facebook.com\/ayuntamientocaudete\/\" \/>\n<meta property=\"article:published_time\" content=\"2021-07-05T09:30:18+00:00\" \/>\n<meta property=\"og:image\" content=\"https:\/\/www.caudete.org\/ayuntamiento\/wp-content\/uploads\/2021\/05\/IMG_0275.jpg\" \/>\n\t<meta property=\"og:image:width\" content=\"1600\" \/>\n\t<meta property=\"og:image:height\" content=\"1067\" \/>\n\t<meta property=\"og:image:type\" content=\"image\/jpeg\" \/>\n<meta name=\"author\" content=\"alcalde\" \/>\n<meta name=\"twitter:card\" content=\"summary_large_image\" \/>\n<meta name=\"twitter:label1\" content=\"Escrito por\" \/>\n\t<meta name=\"twitter:data1\" content=\"alcalde\" \/>\n\t<meta name=\"twitter:label2\" content=\"Tiempo de lectura\" \/>\n\t<meta name=\"twitter:data2\" content=\"3 minutos\" \/>\n<script type=\"application\/ld+json\" class=\"yoast-schema-graph\">{\"@context\":\"https:\\\/\\\/schema.org\",\"@graph\":[{\"@type\":\"Article\",\"@id\":\"https:\\\/\\\/www.caudete.org\\\/ayuntamiento\\\/abierta-a-consulta-publica-la-ordenanza-del-consumo-de-bebidas-alcoholicas-en-la-via-publica\\\/#article\",\"isPartOf\":{\"@id\":\"https:\\\/\\\/www.caudete.org\\\/ayuntamiento\\\/abierta-a-consulta-publica-la-ordenanza-del-consumo-de-bebidas-alcoholicas-en-la-via-publica\\\/\"},\"author\":{\"name\":\"alcalde\",\"@id\":\"https:\\\/\\\/www.caudete.org\\\/ayuntamiento\\\/#\\\/schema\\\/person\\\/cc646da9133078ee4d8dd47457947253\"},\"headline\":\"Abierta a consulta p\u00fablica la Ordenanza del consumo de Bebidas Alcoh\u00f3licas en la v\u00eda p\u00fablica\",\"datePublished\":\"2021-07-05T09:30:18+00:00\",\"mainEntityOfPage\":{\"@id\":\"https:\\\/\\\/www.caudete.org\\\/ayuntamiento\\\/abierta-a-consulta-publica-la-ordenanza-del-consumo-de-bebidas-alcoholicas-en-la-via-publica\\\/\"},\"wordCount\":517,\"image\":{\"@id\":\"https:\\\/\\\/www.caudete.org\\\/ayuntamiento\\\/abierta-a-consulta-publica-la-ordenanza-del-consumo-de-bebidas-alcoholicas-en-la-via-publica\\\/#primaryimage\"},\"thumbnailUrl\":\"https:\\\/\\\/www.caudete.org\\\/ayuntamiento\\\/wp-content\\\/uploads\\\/2021\\\/05\\\/IMG_0275.jpg\",\"articleSection\":[\"Participaci\u00f3n Ciudadana\"],\"inLanguage\":\"es\"},{\"@type\":\"WebPage\",\"@id\":\"https:\\\/\\\/www.caudete.org\\\/ayuntamiento\\\/abierta-a-consulta-publica-la-ordenanza-del-consumo-de-bebidas-alcoholicas-en-la-via-publica\\\/\",\"url\":\"https:\\\/\\\/www.caudete.org\\\/ayuntamiento\\\/abierta-a-consulta-publica-la-ordenanza-del-consumo-de-bebidas-alcoholicas-en-la-via-publica\\\/\",\"name\":\"Abierta a consulta p\u00fablica la Ordenanza del consumo de Bebidas Alcoh\u00f3licas en la v\u00eda p\u00fablica - MI Ayuntamiento de Caudete\",\"isPartOf\":{\"@id\":\"https:\\\/\\\/www.caudete.org\\\/ayuntamiento\\\/#website\"},\"primaryImageOfPage\":{\"@id\":\"https:\\\/\\\/www.caudete.org\\\/ayuntamiento\\\/abierta-a-consulta-publica-la-ordenanza-del-consumo-de-bebidas-alcoholicas-en-la-via-publica\\\/#primaryimage\"},\"image\":{\"@id\":\"https:\\\/\\\/www.caudete.org\\\/ayuntamiento\\\/abierta-a-consulta-publica-la-ordenanza-del-consumo-de-bebidas-alcoholicas-en-la-via-publica\\\/#primaryimage\"},\"thumbnailUrl\":\"https:\\\/\\\/www.caudete.org\\\/ayuntamiento\\\/wp-content\\\/uploads\\\/2021\\\/05\\\/IMG_0275.jpg\",\"datePublished\":\"2021-07-05T09:30:18+00:00\",\"author\":{\"@id\":\"https:\\\/\\\/www.caudete.org\\\/ayuntamiento\\\/#\\\/schema\\\/person\\\/cc646da9133078ee4d8dd47457947253\"},\"description\":\"P\u00e1gina Oficial del Ayuntamiento de Caudete (Albacete)\",\"breadcrumb\":{\"@id\":\"https:\\\/\\\/www.caudete.org\\\/ayuntamiento\\\/abierta-a-consulta-publica-la-ordenanza-del-consumo-de-bebidas-alcoholicas-en-la-via-publica\\\/#breadcrumb\"},\"inLanguage\":\"es\",\"potentialAction\":[{\"@type\":\"ReadAction\",\"target\":[\"https:\\\/\\\/www.caudete.org\\\/ayuntamiento\\\/abierta-a-consulta-publica-la-ordenanza-del-consumo-de-bebidas-alcoholicas-en-la-via-publica\\\/\"]}]},{\"@type\":\"ImageObject\",\"inLanguage\":\"es\",\"@id\":\"https:\\\/\\\/www.caudete.org\\\/ayuntamiento\\\/abierta-a-consulta-publica-la-ordenanza-del-consumo-de-bebidas-alcoholicas-en-la-via-publica\\\/#primaryimage\",\"url\":\"https:\\\/\\\/www.caudete.org\\\/ayuntamiento\\\/wp-content\\\/uploads\\\/2021\\\/05\\\/IMG_0275.jpg\",\"contentUrl\":\"https:\\\/\\\/www.caudete.org\\\/ayuntamiento\\\/wp-content\\\/uploads\\\/2021\\\/05\\\/IMG_0275.jpg\",\"width\":1600,\"height\":1067},{\"@type\":\"BreadcrumbList\",\"@id\":\"https:\\\/\\\/www.caudete.org\\\/ayuntamiento\\\/abierta-a-consulta-publica-la-ordenanza-del-consumo-de-bebidas-alcoholicas-en-la-via-publica\\\/#breadcrumb\",\"itemListElement\":[{\"@type\":\"ListItem\",\"position\":1,\"name\":\"Inicio\",\"item\":\"https:\\\/\\\/www.caudete.org\\\/ayuntamiento\\\/\"},{\"@type\":\"ListItem\",\"position\":2,\"name\":\"Abierta a consulta p\u00fablica la Ordenanza del consumo de Bebidas Alcoh\u00f3licas en la v\u00eda p\u00fablica\"}]},{\"@type\":\"WebSite\",\"@id\":\"https:\\\/\\\/www.caudete.org\\\/ayuntamiento\\\/#website\",\"url\":\"https:\\\/\\\/www.caudete.org\\\/ayuntamiento\\\/\",\"name\":\"MI Ayuntamiento de Caudete\",\"description\":\"P\u00e1gina Oficial del MI Ayuntamiento de Caudete\",\"potentialAction\":[{\"@type\":\"SearchAction\",\"target\":{\"@type\":\"EntryPoint\",\"urlTemplate\":\"https:\\\/\\\/www.caudete.org\\\/ayuntamiento\\\/?s={search_term_string}\"},\"query-input\":{\"@type\":\"PropertyValueSpecification\",\"valueRequired\":true,\"valueName\":\"search_term_string\"}}],\"inLanguage\":\"es\"},{\"@type\":\"Person\",\"@id\":\"https:\\\/\\\/www.caudete.org\\\/ayuntamiento\\\/#\\\/schema\\\/person\\\/cc646da9133078ee4d8dd47457947253\",\"name\":\"alcalde\",\"image\":{\"@type\":\"ImageObject\",\"inLanguage\":\"es\",\"@id\":\"https:\\\/\\\/secure.gravatar.com\\\/avatar\\\/84a817ba065b29ff08d666b215a215f5c79186a645ccb25b14a663d48a130f77?s=96&d=mm&r=g\",\"url\":\"https:\\\/\\\/secure.gravatar.com\\\/avatar\\\/84a817ba065b29ff08d666b215a215f5c79186a645ccb25b14a663d48a130f77?s=96&d=mm&r=g\",\"contentUrl\":\"https:\\\/\\\/secure.gravatar.com\\\/avatar\\\/84a817ba065b29ff08d666b215a215f5c79186a645ccb25b14a663d48a130f77?s=96&d=mm&r=g\",\"caption\":\"alcalde\"},\"url\":\"https:\\\/\\\/www.caudete.org\\\/ayuntamiento\\\/author\\\/alcalde\\\/\"}]}<\/script>\n<!-- \/ Yoast SEO plugin. -->","yoast_head_json":{"title":"Abierta a consulta p\u00fablica la Ordenanza del consumo de Bebidas Alcoh\u00f3licas en la v\u00eda p\u00fablica - MI Ayuntamiento de Caudete","description":"P\u00e1gina Oficial del Ayuntamiento de Caudete (Albacete)","robots":{"index":"index","follow":"follow","max-snippet":"max-snippet:-1","max-image-preview":"max-image-preview:large","max-video-preview":"max-video-preview:-1"},"canonical":"https:\/\/www.caudete.org\/ayuntamiento\/abierta-a-consulta-publica-la-ordenanza-del-consumo-de-bebidas-alcoholicas-en-la-via-publica\/","og_locale":"es_ES","og_type":"article","og_title":"Abierta a consulta p\u00fablica la Ordenanza del consumo de Bebidas Alcoh\u00f3licas en la v\u00eda p\u00fablica - MI Ayuntamiento de Caudete","og_description":"P\u00e1gina Oficial del Ayuntamiento de Caudete (Albacete)","og_url":"https:\/\/www.caudete.org\/ayuntamiento\/abierta-a-consulta-publica-la-ordenanza-del-consumo-de-bebidas-alcoholicas-en-la-via-publica\/","og_site_name":"MI Ayuntamiento de Caudete","article_publisher":"https:\/\/www.facebook.com\/ayuntamientocaudete\/","article_published_time":"2021-07-05T09:30:18+00:00","og_image":[{"width":1600,"height":1067,"url":"https:\/\/www.caudete.org\/ayuntamiento\/wp-content\/uploads\/2021\/05\/IMG_0275.jpg","type":"image\/jpeg"}],"author":"alcalde","twitter_card":"summary_large_image","twitter_misc":{"Escrito por":"alcalde","Tiempo de lectura":"3 minutos"},"schema":{"@context":"https:\/\/schema.org","@graph":[{"@type":"Article","@id":"https:\/\/www.caudete.org\/ayuntamiento\/abierta-a-consulta-publica-la-ordenanza-del-consumo-de-bebidas-alcoholicas-en-la-via-publica\/#article","isPartOf":{"@id":"https:\/\/www.caudete.org\/ayuntamiento\/abierta-a-consulta-publica-la-ordenanza-del-consumo-de-bebidas-alcoholicas-en-la-via-publica\/"},"author":{"name":"alcalde","@id":"https:\/\/www.caudete.org\/ayuntamiento\/#\/schema\/person\/cc646da9133078ee4d8dd47457947253"},"headline":"Abierta a consulta p\u00fablica la Ordenanza del consumo de Bebidas Alcoh\u00f3licas en la v\u00eda p\u00fablica","datePublished":"2021-07-05T09:30:18+00:00","mainEntityOfPage":{"@id":"https:\/\/www.caudete.org\/ayuntamiento\/abierta-a-consulta-publica-la-ordenanza-del-consumo-de-bebidas-alcoholicas-en-la-via-publica\/"},"wordCount":517,"image":{"@id":"https:\/\/www.caudete.org\/ayuntamiento\/abierta-a-consulta-publica-la-ordenanza-del-consumo-de-bebidas-alcoholicas-en-la-via-publica\/#primaryimage"},"thumbnailUrl":"https:\/\/www.caudete.org\/ayuntamiento\/wp-content\/uploads\/2021\/05\/IMG_0275.jpg","articleSection":["Participaci\u00f3n Ciudadana"],"inLanguage":"es"},{"@type":"WebPage","@id":"https:\/\/www.caudete.org\/ayuntamiento\/abierta-a-consulta-publica-la-ordenanza-del-consumo-de-bebidas-alcoholicas-en-la-via-publica\/","url":"https:\/\/www.caudete.org\/ayuntamiento\/abierta-a-consulta-publica-la-ordenanza-del-consumo-de-bebidas-alcoholicas-en-la-via-publica\/","name":"Abierta a consulta p\u00fablica la Ordenanza del consumo de Bebidas Alcoh\u00f3licas en la v\u00eda p\u00fablica - MI Ayuntamiento de Caudete","isPartOf":{"@id":"https:\/\/www.caudete.org\/ayuntamiento\/#website"},"primaryImageOfPage":{"@id":"https:\/\/www.caudete.org\/ayuntamiento\/abierta-a-consulta-publica-la-ordenanza-del-consumo-de-bebidas-alcoholicas-en-la-via-publica\/#primaryimage"},"image":{"@id":"https:\/\/www.caudete.org\/ayuntamiento\/abierta-a-consulta-publica-la-ordenanza-del-consumo-de-bebidas-alcoholicas-en-la-via-publica\/#primaryimage"},"thumbnailUrl":"https:\/\/www.caudete.org\/ayuntamiento\/wp-content\/uploads\/2021\/05\/IMG_0275.jpg","datePublished":"2021-07-05T09:30:18+00:00","author":{"@id":"https:\/\/www.caudete.org\/ayuntamiento\/#\/schema\/person\/cc646da9133078ee4d8dd47457947253"},"description":"P\u00e1gina Oficial del Ayuntamiento de Caudete (Albacete)","breadcrumb":{"@id":"https:\/\/www.caudete.org\/ayuntamiento\/abierta-a-consulta-publica-la-ordenanza-del-consumo-de-bebidas-alcoholicas-en-la-via-publica\/#breadcrumb"},"inLanguage":"es","potentialAction":[{"@type":"ReadAction","target":["https:\/\/www.caudete.org\/ayuntamiento\/abierta-a-consulta-publica-la-ordenanza-del-consumo-de-bebidas-alcoholicas-en-la-via-publica\/"]}]},{"@type":"ImageObject","inLanguage":"es","@id":"https:\/\/www.caudete.org\/ayuntamiento\/abierta-a-consulta-publica-la-ordenanza-del-consumo-de-bebidas-alcoholicas-en-la-via-publica\/#primaryimage","url":"https:\/\/www.caudete.org\/ayuntamiento\/wp-content\/uploads\/2021\/05\/IMG_0275.jpg","contentUrl":"https:\/\/www.caudete.org\/ayuntamiento\/wp-content\/uploads\/2021\/05\/IMG_0275.jpg","width":1600,"height":1067},{"@type":"BreadcrumbList","@id":"https:\/\/www.caudete.org\/ayuntamiento\/abierta-a-consulta-publica-la-ordenanza-del-consumo-de-bebidas-alcoholicas-en-la-via-publica\/#breadcrumb","itemListElement":[{"@type":"ListItem","position":1,"name":"Inicio","item":"https:\/\/www.caudete.org\/ayuntamiento\/"},{"@type":"ListItem","position":2,"name":"Abierta a consulta p\u00fablica la Ordenanza del consumo de Bebidas Alcoh\u00f3licas en la v\u00eda p\u00fablica"}]},{"@type":"WebSite","@id":"https:\/\/www.caudete.org\/ayuntamiento\/#website","url":"https:\/\/www.caudete.org\/ayuntamiento\/","name":"MI Ayuntamiento de Caudete","description":"P\u00e1gina Oficial del MI Ayuntamiento de Caudete","potentialAction":[{"@type":"SearchAction","target":{"@type":"EntryPoint","urlTemplate":"https:\/\/www.caudete.org\/ayuntamiento\/?s={search_term_string}"},"query-input":{"@type":"PropertyValueSpecification","valueRequired":true,"valueName":"search_term_string"}}],"inLanguage":"es"},{"@type":"Person","@id":"https:\/\/www.caudete.org\/ayuntamiento\/#\/schema\/person\/cc646da9133078ee4d8dd47457947253","name":"alcalde","image":{"@type":"ImageObject","inLanguage":"es","@id":"https:\/\/secure.gravatar.com\/avatar\/84a817ba065b29ff08d666b215a215f5c79186a645ccb25b14a663d48a130f77?s=96&d=mm&r=g","url":"https:\/\/secure.gravatar.com\/avatar\/84a817ba065b29ff08d666b215a215f5c79186a645ccb25b14a663d48a130f77?s=96&d=mm&r=g","contentUrl":"https:\/\/secure.gravatar.com\/avatar\/84a817ba065b29ff08d666b215a215f5c79186a645ccb25b14a663d48a130f77?s=96&d=mm&r=g","caption":"alcalde"},"url":"https:\/\/www.caudete.org\/ayuntamiento\/author\/alcalde\/"}]}},"_links":{"self":[{"href":"https:\/\/www.caudete.org\/ayuntamiento\/wp-json\/wp\/v2\/posts\/15267","targetHints":{"allow":["GET"]}}],"collection":[{"href":"https:\/\/www.caudete.org\/ayuntamiento\/wp-json\/wp\/v2\/posts"}],"about":[{"href":"https:\/\/www.caudete.org\/ayuntamiento\/wp-json\/wp\/v2\/types\/post"}],"author":[{"embeddable":true,"href":"https:\/\/www.caudete.org\/ayuntamiento\/wp-json\/wp\/v2\/users\/3"}],"replies":[{"embeddable":true,"href":"https:\/\/www.caudete.org\/ayuntamiento\/wp-json\/wp\/v2\/comments?post=15267"}],"version-history":[{"count":3,"href":"https:\/\/www.caudete.org\/ayuntamiento\/wp-json\/wp\/v2\/posts\/15267\/revisions"}],"predecessor-version":[{"id":15270,"href":"https:\/\/www.caudete.org\/ayuntamiento\/wp-json\/wp\/v2\/posts\/15267\/revisions\/15270"}],"wp:featuredmedia":[{"embeddable":true,"href":"https:\/\/www.caudete.org\/ayuntamiento\/wp-json\/wp\/v2\/media\/14146"}],"wp:attachment":[{"href":"https:\/\/www.caudete.org\/ayuntamiento\/wp-json\/wp\/v2\/media?parent=15267"}],"wp:term":[{"taxonomy":"category","embeddable":true,"href":"https:\/\/www.caudete.org\/ayuntamiento\/wp-json\/wp\/v2\/categories?post=15267"},{"taxonomy":"post_tag","embeddable":true,"href":"https:\/\/www.caudete.org\/ayuntamiento\/wp-json\/wp\/v2\/tags?post=15267"}],"curies":[{"name":"wp","href":"https:\/\/api.w.org\/{rel}","templated":true}]}}