{"id":15276,"date":"2021-07-06T09:00:12","date_gmt":"2021-07-06T07:00:12","guid":{"rendered":"https:\/\/www.caudete.org\/ayuntamiento\/?p=15276"},"modified":"2021-07-05T15:41:36","modified_gmt":"2021-07-05T13:41:36","slug":"teatro-de-calle-ambicions-el-proximo-jueves-a-las-22-30-en-el-paseo","status":"publish","type":"post","link":"https:\/\/www.caudete.org\/ayuntamiento\/teatro-de-calle-ambicions-el-proximo-jueves-a-las-22-30-en-el-paseo\/","title":{"rendered":"Teatro de Calle &#8220;AMBICIONS&#8221;, el pr\u00f3ximo jueves a las 22.30 en el Paseo"},"content":{"rendered":"<p style=\"text-align: justify;\">El jueves a las 22:30 h en el Paseo Luis Golf llega a Caudete TEATRO SOBRE RUEDAS, dentro\u00a0 del programa <em>X las Lunas<\/em> de las Concejal\u00edas de Cultura y Juventud del Ayuntamiento de Caudete.<\/p>\n<p style=\"text-align: justify;\">Un espacio esc\u00e9nico m\u00f3vil adaptado para tiempos de coronavirus, una caravana que acerca el teatro a nuevos espacios creando nuevos canales de expresi\u00f3n m\u00e1s cercanos al p\u00fablico. \u201cAMBICIONS\u201d es\u00a0 el espect\u00e1culo que van a representar donde una mujer violinista con muchas aspiraciones viene para ofrecer su concierto. Para ella \u201cel tama\u00f1o s\u00ed que importa\u201d: cada vez quiere m\u00e1s, tocar m\u00e1s, llegar a lo m\u00e1ximo. Su necesidad de subir a lo m\u00e1s alto y darle al p\u00fablico lo mejor desembocar\u00e1 en un \u00e9xtasis del que quiz\u00e1 no se podr\u00e1 bajar. AMBICIONS, es un espect\u00e1culo de calle y espacios singulares con m\u00fasica en directo, rebosante de poes\u00eda y humor.<\/p>\n<p style=\"text-align: justify;\">Las invitaciones para asistir al Teatro de calle se pueden recoger en Casa de Cultura en horario de ma\u00f1ana y una hora antes del espect\u00e1culo en el lugar de la representaci\u00f3n Paseo Luis Golf .<\/p>\n","protected":false},"excerpt":{"rendered":"<p>El jueves a las 22:30 h en el Paseo Luis Golf llega a Caudete TEATRO SOBRE RUEDAS, dentro\u00a0 del programa X las Lunas de las Concejal\u00edas de Cultura y Juventud del Ayuntamiento de Caudete. Un espacio esc\u00e9nico m\u00f3vil adaptado para tiempos de coronavirus, una caravana que acerca el teatro a nuevos espacios creando nuevos canales &hellip;<\/p>\n","protected":false},"author":3,"featured_media":15278,"comment_status":"closed","ping_status":"open","sticky":false,"template":"","format":"standard","meta":{"ngg_post_thumbnail":0,"footnotes":""},"categories":[667],"tags":[],"class_list":["post-15276","post","type-post","status-publish","format-standard","has-post-thumbnail","hentry","category-juventud-y-cultura"],"yoast_head":"<!-- This site is optimized with the Yoast SEO plugin v27.5 - https:\/\/yoast.com\/product\/yoast-seo-wordpress\/ -->\n<title>Teatro de Calle &quot;AMBICIONS&quot;, el pr\u00f3ximo jueves a las 22.30 en el Paseo - MI Ayuntamiento de Caudete<\/title>\n<meta name=\"description\" content=\"P\u00e1gina Oficial del Ayuntamiento de Caudete (Albacete)\" \/>\n<meta name=\"robots\" content=\"index, follow, max-snippet:-1, max-image-preview:large, max-video-preview:-1\" \/>\n<link rel=\"canonical\" href=\"https:\/\/www.caudete.org\/ayuntamiento\/teatro-de-calle-ambicions-el-proximo-jueves-a-las-22-30-en-el-paseo\/\" \/>\n<meta property=\"og:locale\" content=\"es_ES\" \/>\n<meta property=\"og:type\" content=\"article\" \/>\n<meta property=\"og:title\" content=\"Teatro de Calle &quot;AMBICIONS&quot;, el pr\u00f3ximo jueves a las 22.30 en el Paseo - MI Ayuntamiento de Caudete\" \/>\n<meta property=\"og:description\" content=\"P\u00e1gina Oficial del Ayuntamiento de Caudete (Albacete)\" \/>\n<meta property=\"og:url\" content=\"https:\/\/www.caudete.org\/ayuntamiento\/teatro-de-calle-ambicions-el-proximo-jueves-a-las-22-30-en-el-paseo\/\" \/>\n<meta property=\"og:site_name\" content=\"MI Ayuntamiento de Caudete\" \/>\n<meta property=\"article:publisher\" content=\"https:\/\/www.facebook.com\/ayuntamientocaudete\/\" \/>\n<meta property=\"article:published_time\" content=\"2021-07-06T07:00:12+00:00\" \/>\n<meta property=\"og:image\" content=\"https:\/\/www.caudete.org\/ayuntamiento\/wp-content\/uploads\/2021\/07\/Ambicions.jpg\" \/>\n\t<meta property=\"og:image:width\" content=\"920\" \/>\n\t<meta property=\"og:image:height\" content=\"613\" \/>\n\t<meta property=\"og:image:type\" content=\"image\/jpeg\" \/>\n<meta name=\"author\" content=\"alcalde\" \/>\n<meta name=\"twitter:card\" content=\"summary_large_image\" \/>\n<meta name=\"twitter:label1\" content=\"Escrito por\" \/>\n\t<meta name=\"twitter:data1\" content=\"alcalde\" \/>\n\t<meta name=\"twitter:label2\" content=\"Tiempo de lectura\" \/>\n\t<meta name=\"twitter:data2\" content=\"1 minuto\" \/>\n<script type=\"application\/ld+json\" class=\"yoast-schema-graph\">{\"@context\":\"https:\\\/\\\/schema.org\",\"@graph\":[{\"@type\":\"Article\",\"@id\":\"https:\\\/\\\/www.caudete.org\\\/ayuntamiento\\\/teatro-de-calle-ambicions-el-proximo-jueves-a-las-22-30-en-el-paseo\\\/#article\",\"isPartOf\":{\"@id\":\"https:\\\/\\\/www.caudete.org\\\/ayuntamiento\\\/teatro-de-calle-ambicions-el-proximo-jueves-a-las-22-30-en-el-paseo\\\/\"},\"author\":{\"name\":\"alcalde\",\"@id\":\"https:\\\/\\\/www.caudete.org\\\/ayuntamiento\\\/#\\\/schema\\\/person\\\/cc646da9133078ee4d8dd47457947253\"},\"headline\":\"Teatro de Calle &#8220;AMBICIONS&#8221;, el pr\u00f3ximo jueves a las 22.30 en el Paseo\",\"datePublished\":\"2021-07-06T07:00:12+00:00\",\"mainEntityOfPage\":{\"@id\":\"https:\\\/\\\/www.caudete.org\\\/ayuntamiento\\\/teatro-de-calle-ambicions-el-proximo-jueves-a-las-22-30-en-el-paseo\\\/\"},\"wordCount\":206,\"image\":{\"@id\":\"https:\\\/\\\/www.caudete.org\\\/ayuntamiento\\\/teatro-de-calle-ambicions-el-proximo-jueves-a-las-22-30-en-el-paseo\\\/#primaryimage\"},\"thumbnailUrl\":\"https:\\\/\\\/www.caudete.org\\\/ayuntamiento\\\/wp-content\\\/uploads\\\/2021\\\/07\\\/Ambicions.jpg\",\"articleSection\":[\"Juventud y Cultura\"],\"inLanguage\":\"es\"},{\"@type\":\"WebPage\",\"@id\":\"https:\\\/\\\/www.caudete.org\\\/ayuntamiento\\\/teatro-de-calle-ambicions-el-proximo-jueves-a-las-22-30-en-el-paseo\\\/\",\"url\":\"https:\\\/\\\/www.caudete.org\\\/ayuntamiento\\\/teatro-de-calle-ambicions-el-proximo-jueves-a-las-22-30-en-el-paseo\\\/\",\"name\":\"Teatro de Calle \\\"AMBICIONS\\\", el pr\u00f3ximo jueves a las 22.30 en el Paseo - MI Ayuntamiento de Caudete\",\"isPartOf\":{\"@id\":\"https:\\\/\\\/www.caudete.org\\\/ayuntamiento\\\/#website\"},\"primaryImageOfPage\":{\"@id\":\"https:\\\/\\\/www.caudete.org\\\/ayuntamiento\\\/teatro-de-calle-ambicions-el-proximo-jueves-a-las-22-30-en-el-paseo\\\/#primaryimage\"},\"image\":{\"@id\":\"https:\\\/\\\/www.caudete.org\\\/ayuntamiento\\\/teatro-de-calle-ambicions-el-proximo-jueves-a-las-22-30-en-el-paseo\\\/#primaryimage\"},\"thumbnailUrl\":\"https:\\\/\\\/www.caudete.org\\\/ayuntamiento\\\/wp-content\\\/uploads\\\/2021\\\/07\\\/Ambicions.jpg\",\"datePublished\":\"2021-07-06T07:00:12+00:00\",\"author\":{\"@id\":\"https:\\\/\\\/www.caudete.org\\\/ayuntamiento\\\/#\\\/schema\\\/person\\\/cc646da9133078ee4d8dd47457947253\"},\"description\":\"P\u00e1gina Oficial del Ayuntamiento de Caudete (Albacete)\",\"breadcrumb\":{\"@id\":\"https:\\\/\\\/www.caudete.org\\\/ayuntamiento\\\/teatro-de-calle-ambicions-el-proximo-jueves-a-las-22-30-en-el-paseo\\\/#breadcrumb\"},\"inLanguage\":\"es\",\"potentialAction\":[{\"@type\":\"ReadAction\",\"target\":[\"https:\\\/\\\/www.caudete.org\\\/ayuntamiento\\\/teatro-de-calle-ambicions-el-proximo-jueves-a-las-22-30-en-el-paseo\\\/\"]}]},{\"@type\":\"ImageObject\",\"inLanguage\":\"es\",\"@id\":\"https:\\\/\\\/www.caudete.org\\\/ayuntamiento\\\/teatro-de-calle-ambicions-el-proximo-jueves-a-las-22-30-en-el-paseo\\\/#primaryimage\",\"url\":\"https:\\\/\\\/www.caudete.org\\\/ayuntamiento\\\/wp-content\\\/uploads\\\/2021\\\/07\\\/Ambicions.jpg\",\"contentUrl\":\"https:\\\/\\\/www.caudete.org\\\/ayuntamiento\\\/wp-content\\\/uploads\\\/2021\\\/07\\\/Ambicions.jpg\",\"width\":920,\"height\":613},{\"@type\":\"BreadcrumbList\",\"@id\":\"https:\\\/\\\/www.caudete.org\\\/ayuntamiento\\\/teatro-de-calle-ambicions-el-proximo-jueves-a-las-22-30-en-el-paseo\\\/#breadcrumb\",\"itemListElement\":[{\"@type\":\"ListItem\",\"position\":1,\"name\":\"Inicio\",\"item\":\"https:\\\/\\\/www.caudete.org\\\/ayuntamiento\\\/\"},{\"@type\":\"ListItem\",\"position\":2,\"name\":\"Teatro de Calle &#8220;AMBICIONS&#8221;, el pr\u00f3ximo jueves a las 22.30 en el Paseo\"}]},{\"@type\":\"WebSite\",\"@id\":\"https:\\\/\\\/www.caudete.org\\\/ayuntamiento\\\/#website\",\"url\":\"https:\\\/\\\/www.caudete.org\\\/ayuntamiento\\\/\",\"name\":\"MI Ayuntamiento de Caudete\",\"description\":\"P\u00e1gina Oficial del MI Ayuntamiento de Caudete\",\"potentialAction\":[{\"@type\":\"SearchAction\",\"target\":{\"@type\":\"EntryPoint\",\"urlTemplate\":\"https:\\\/\\\/www.caudete.org\\\/ayuntamiento\\\/?s={search_term_string}\"},\"query-input\":{\"@type\":\"PropertyValueSpecification\",\"valueRequired\":true,\"valueName\":\"search_term_string\"}}],\"inLanguage\":\"es\"},{\"@type\":\"Person\",\"@id\":\"https:\\\/\\\/www.caudete.org\\\/ayuntamiento\\\/#\\\/schema\\\/person\\\/cc646da9133078ee4d8dd47457947253\",\"name\":\"alcalde\",\"image\":{\"@type\":\"ImageObject\",\"inLanguage\":\"es\",\"@id\":\"https:\\\/\\\/secure.gravatar.com\\\/avatar\\\/84a817ba065b29ff08d666b215a215f5c79186a645ccb25b14a663d48a130f77?s=96&d=mm&r=g\",\"url\":\"https:\\\/\\\/secure.gravatar.com\\\/avatar\\\/84a817ba065b29ff08d666b215a215f5c79186a645ccb25b14a663d48a130f77?s=96&d=mm&r=g\",\"contentUrl\":\"https:\\\/\\\/secure.gravatar.com\\\/avatar\\\/84a817ba065b29ff08d666b215a215f5c79186a645ccb25b14a663d48a130f77?s=96&d=mm&r=g\",\"caption\":\"alcalde\"},\"url\":\"https:\\\/\\\/www.caudete.org\\\/ayuntamiento\\\/author\\\/alcalde\\\/\"}]}<\/script>\n<!-- \/ Yoast SEO plugin. -->","yoast_head_json":{"title":"Teatro de Calle \"AMBICIONS\", el pr\u00f3ximo jueves a las 22.30 en el Paseo - MI Ayuntamiento de Caudete","description":"P\u00e1gina Oficial del Ayuntamiento de Caudete (Albacete)","robots":{"index":"index","follow":"follow","max-snippet":"max-snippet:-1","max-image-preview":"max-image-preview:large","max-video-preview":"max-video-preview:-1"},"canonical":"https:\/\/www.caudete.org\/ayuntamiento\/teatro-de-calle-ambicions-el-proximo-jueves-a-las-22-30-en-el-paseo\/","og_locale":"es_ES","og_type":"article","og_title":"Teatro de Calle \"AMBICIONS\", el pr\u00f3ximo jueves a las 22.30 en el Paseo - MI Ayuntamiento de Caudete","og_description":"P\u00e1gina Oficial del Ayuntamiento de Caudete (Albacete)","og_url":"https:\/\/www.caudete.org\/ayuntamiento\/teatro-de-calle-ambicions-el-proximo-jueves-a-las-22-30-en-el-paseo\/","og_site_name":"MI Ayuntamiento de Caudete","article_publisher":"https:\/\/www.facebook.com\/ayuntamientocaudete\/","article_published_time":"2021-07-06T07:00:12+00:00","og_image":[{"width":920,"height":613,"url":"https:\/\/www.caudete.org\/ayuntamiento\/wp-content\/uploads\/2021\/07\/Ambicions.jpg","type":"image\/jpeg"}],"author":"alcalde","twitter_card":"summary_large_image","twitter_misc":{"Escrito por":"alcalde","Tiempo de lectura":"1 minuto"},"schema":{"@context":"https:\/\/schema.org","@graph":[{"@type":"Article","@id":"https:\/\/www.caudete.org\/ayuntamiento\/teatro-de-calle-ambicions-el-proximo-jueves-a-las-22-30-en-el-paseo\/#article","isPartOf":{"@id":"https:\/\/www.caudete.org\/ayuntamiento\/teatro-de-calle-ambicions-el-proximo-jueves-a-las-22-30-en-el-paseo\/"},"author":{"name":"alcalde","@id":"https:\/\/www.caudete.org\/ayuntamiento\/#\/schema\/person\/cc646da9133078ee4d8dd47457947253"},"headline":"Teatro de Calle &#8220;AMBICIONS&#8221;, el pr\u00f3ximo jueves a las 22.30 en el Paseo","datePublished":"2021-07-06T07:00:12+00:00","mainEntityOfPage":{"@id":"https:\/\/www.caudete.org\/ayuntamiento\/teatro-de-calle-ambicions-el-proximo-jueves-a-las-22-30-en-el-paseo\/"},"wordCount":206,"image":{"@id":"https:\/\/www.caudete.org\/ayuntamiento\/teatro-de-calle-ambicions-el-proximo-jueves-a-las-22-30-en-el-paseo\/#primaryimage"},"thumbnailUrl":"https:\/\/www.caudete.org\/ayuntamiento\/wp-content\/uploads\/2021\/07\/Ambicions.jpg","articleSection":["Juventud y Cultura"],"inLanguage":"es"},{"@type":"WebPage","@id":"https:\/\/www.caudete.org\/ayuntamiento\/teatro-de-calle-ambicions-el-proximo-jueves-a-las-22-30-en-el-paseo\/","url":"https:\/\/www.caudete.org\/ayuntamiento\/teatro-de-calle-ambicions-el-proximo-jueves-a-las-22-30-en-el-paseo\/","name":"Teatro de Calle \"AMBICIONS\", el pr\u00f3ximo jueves a las 22.30 en el Paseo - MI Ayuntamiento de Caudete","isPartOf":{"@id":"https:\/\/www.caudete.org\/ayuntamiento\/#website"},"primaryImageOfPage":{"@id":"https:\/\/www.caudete.org\/ayuntamiento\/teatro-de-calle-ambicions-el-proximo-jueves-a-las-22-30-en-el-paseo\/#primaryimage"},"image":{"@id":"https:\/\/www.caudete.org\/ayuntamiento\/teatro-de-calle-ambicions-el-proximo-jueves-a-las-22-30-en-el-paseo\/#primaryimage"},"thumbnailUrl":"https:\/\/www.caudete.org\/ayuntamiento\/wp-content\/uploads\/2021\/07\/Ambicions.jpg","datePublished":"2021-07-06T07:00:12+00:00","author":{"@id":"https:\/\/www.caudete.org\/ayuntamiento\/#\/schema\/person\/cc646da9133078ee4d8dd47457947253"},"description":"P\u00e1gina Oficial del Ayuntamiento de Caudete (Albacete)","breadcrumb":{"@id":"https:\/\/www.caudete.org\/ayuntamiento\/teatro-de-calle-ambicions-el-proximo-jueves-a-las-22-30-en-el-paseo\/#breadcrumb"},"inLanguage":"es","potentialAction":[{"@type":"ReadAction","target":["https:\/\/www.caudete.org\/ayuntamiento\/teatro-de-calle-ambicions-el-proximo-jueves-a-las-22-30-en-el-paseo\/"]}]},{"@type":"ImageObject","inLanguage":"es","@id":"https:\/\/www.caudete.org\/ayuntamiento\/teatro-de-calle-ambicions-el-proximo-jueves-a-las-22-30-en-el-paseo\/#primaryimage","url":"https:\/\/www.caudete.org\/ayuntamiento\/wp-content\/uploads\/2021\/07\/Ambicions.jpg","contentUrl":"https:\/\/www.caudete.org\/ayuntamiento\/wp-content\/uploads\/2021\/07\/Ambicions.jpg","width":920,"height":613},{"@type":"BreadcrumbList","@id":"https:\/\/www.caudete.org\/ayuntamiento\/teatro-de-calle-ambicions-el-proximo-jueves-a-las-22-30-en-el-paseo\/#breadcrumb","itemListElement":[{"@type":"ListItem","position":1,"name":"Inicio","item":"https:\/\/www.caudete.org\/ayuntamiento\/"},{"@type":"ListItem","position":2,"name":"Teatro de Calle &#8220;AMBICIONS&#8221;, el pr\u00f3ximo jueves a las 22.30 en el Paseo"}]},{"@type":"WebSite","@id":"https:\/\/www.caudete.org\/ayuntamiento\/#website","url":"https:\/\/www.caudete.org\/ayuntamiento\/","name":"MI Ayuntamiento de Caudete","description":"P\u00e1gina Oficial del MI Ayuntamiento de Caudete","potentialAction":[{"@type":"SearchAction","target":{"@type":"EntryPoint","urlTemplate":"https:\/\/www.caudete.org\/ayuntamiento\/?s={search_term_string}"},"query-input":{"@type":"PropertyValueSpecification","valueRequired":true,"valueName":"search_term_string"}}],"inLanguage":"es"},{"@type":"Person","@id":"https:\/\/www.caudete.org\/ayuntamiento\/#\/schema\/person\/cc646da9133078ee4d8dd47457947253","name":"alcalde","image":{"@type":"ImageObject","inLanguage":"es","@id":"https:\/\/secure.gravatar.com\/avatar\/84a817ba065b29ff08d666b215a215f5c79186a645ccb25b14a663d48a130f77?s=96&d=mm&r=g","url":"https:\/\/secure.gravatar.com\/avatar\/84a817ba065b29ff08d666b215a215f5c79186a645ccb25b14a663d48a130f77?s=96&d=mm&r=g","contentUrl":"https:\/\/secure.gravatar.com\/avatar\/84a817ba065b29ff08d666b215a215f5c79186a645ccb25b14a663d48a130f77?s=96&d=mm&r=g","caption":"alcalde"},"url":"https:\/\/www.caudete.org\/ayuntamiento\/author\/alcalde\/"}]}},"_links":{"self":[{"href":"https:\/\/www.caudete.org\/ayuntamiento\/wp-json\/wp\/v2\/posts\/15276","targetHints":{"allow":["GET"]}}],"collection":[{"href":"https:\/\/www.caudete.org\/ayuntamiento\/wp-json\/wp\/v2\/posts"}],"about":[{"href":"https:\/\/www.caudete.org\/ayuntamiento\/wp-json\/wp\/v2\/types\/post"}],"author":[{"embeddable":true,"href":"https:\/\/www.caudete.org\/ayuntamiento\/wp-json\/wp\/v2\/users\/3"}],"replies":[{"embeddable":true,"href":"https:\/\/www.caudete.org\/ayuntamiento\/wp-json\/wp\/v2\/comments?post=15276"}],"version-history":[{"count":1,"href":"https:\/\/www.caudete.org\/ayuntamiento\/wp-json\/wp\/v2\/posts\/15276\/revisions"}],"predecessor-version":[{"id":15277,"href":"https:\/\/www.caudete.org\/ayuntamiento\/wp-json\/wp\/v2\/posts\/15276\/revisions\/15277"}],"wp:featuredmedia":[{"embeddable":true,"href":"https:\/\/www.caudete.org\/ayuntamiento\/wp-json\/wp\/v2\/media\/15278"}],"wp:attachment":[{"href":"https:\/\/www.caudete.org\/ayuntamiento\/wp-json\/wp\/v2\/media?parent=15276"}],"wp:term":[{"taxonomy":"category","embeddable":true,"href":"https:\/\/www.caudete.org\/ayuntamiento\/wp-json\/wp\/v2\/categories?post=15276"},{"taxonomy":"post_tag","embeddable":true,"href":"https:\/\/www.caudete.org\/ayuntamiento\/wp-json\/wp\/v2\/tags?post=15276"}],"curies":[{"name":"wp","href":"https:\/\/api.w.org\/{rel}","templated":true}]}}