{"id":15298,"date":"2021-07-09T14:53:29","date_gmt":"2021-07-09T12:53:29","guid":{"rendered":"https:\/\/www.caudete.org\/ayuntamiento\/?p=15298"},"modified":"2021-07-09T14:53:29","modified_gmt":"2021-07-09T12:53:29","slug":"la-actividad-del-mercado-de-abastos-se-traslada-a-la-parte-inferior-del-mismo","status":"publish","type":"post","link":"https:\/\/www.caudete.org\/ayuntamiento\/la-actividad-del-mercado-de-abastos-se-traslada-a-la-parte-inferior-del-mismo\/","title":{"rendered":"La actividad del MERCADO DE ABASTOS se traslada a la parte inferior del mismo"},"content":{"rendered":"<p style=\"text-align: justify;\">Diego Cuenca Olivares, Concejal de Comercio, ha presentado en esta ma\u00f1ana las nuevas instalaciones del Mercado de Abastos, que har\u00e1n como tal mientras duren las obras de renovaci\u00f3n de cubierta y de revitalizaci\u00f3n general del edifico.<\/p>\n<p style=\"text-align: justify;\">El s\u00f3tano del Mercado, al cual se accede desde Avda. Virgen de Gracia tras adecuar el acceso a la normativa de accesibilidad ha sido el espacio elegido para la actividad de Carnicer\u00edas y Pescader\u00eda que actualmente ten\u00eda el Mercado. Unas instalaciones que se han creado junto a la Concejal\u00eda de Obras para que de forma temporal puedan seguir ofreciendo espacio a dichos mercaderes sin renunciar a la zona y al edificio que los ha englobado desde el principio.<\/p>\n<p style=\"text-align: justify;\">Tras programar diferentes reuniones entre T\u00e9cnicos y Concejales, y junto a los propios mercaderes, se acord\u00f3 de manera un\u00e1nime este lugar por estar la c\u00e1mara frigor\u00edfica y que sus clientes no tengan que ir a un sitio nuevo a comprar, un gui\u00f1o no solo a mercaderes sino tambi\u00e9n a los caudetanos.<\/p>\n<p style=\"text-align: justify;\">Las obras de adecuaci\u00f3n del espacio ha sido ejecutada con medios propios en su mayor parte, gracias al trabajo de la Brigada de Obras Municipal, y a empresas de la localidad para aquellas cuestiones especializadas. Con ello, se ha conseguido un espacio renovado y \u00fatil para la actividad, con comodidad para clientes y vendedores y con total accesibilidad.<\/p>\n<p style=\"text-align: justify;\">As\u00ed pues, Carnicer\u00eda &#8220;Mere&#8221;, Carnicer\u00eda &#8220;El Americano&#8221; y la pescader\u00eda &#8220;Pescados del Mar Lolita&#8221; se encuentran ofertando sus productos en el s\u00f3tano, tras ser renovado el espacio \u00edntegramente.<\/p>\n<p style=\"text-align: justify;\">La &#8220;Churrer\u00eda&#8221; ubicada en una caseta exterior, y que forma parte de este Mercado de Abastos se va a reubicar, temporalmente mientras duren las obras, en la parte de abajo del paseo Luis Golf.<\/p>\n<p style=\"text-align: justify;\">\nEl compromiso del actual Equipo de Gobierno adquirido hace dos a\u00f1os con los caudetanos inclu\u00eda dentro del \u00e1rea de Comercio este proyecto que por fin se va a llevar a cabo, con el cambio de la cubierta en la primera fase y el interior seguidamente, lo que supondr\u00e1 recuperar y revitalizar un espacio socioecon\u00f3mico de la localidad con m\u00e1s de 130 a\u00f1os de antig\u00fcedad.<\/p>\n<p style=\"text-align: justify;\">\nDesde la Concejal\u00eda se agradece a los mercaderes su gran colaboraci\u00f3n con este proyecto tan ilusionante y que va a revitalizar la zona centro del pueblo, nuestro casco hist\u00f3rico.<\/p>\n","protected":false},"excerpt":{"rendered":"<p>Diego Cuenca Olivares, Concejal de Comercio, ha presentado en esta ma\u00f1ana las nuevas instalaciones del Mercado de Abastos, que har\u00e1n como tal mientras duren las obras de renovaci\u00f3n de cubierta y de revitalizaci\u00f3n general del edifico. El s\u00f3tano del Mercado, al cual se accede desde Avda. Virgen de Gracia tras adecuar el acceso a la &hellip;<\/p>\n","protected":false},"author":3,"featured_media":15299,"comment_status":"closed","ping_status":"open","sticky":false,"template":"","format":"standard","meta":{"ngg_post_thumbnail":0,"footnotes":""},"categories":[42],"tags":[],"class_list":["post-15298","post","type-post","status-publish","format-standard","has-post-thumbnail","hentry","category-comercio"],"yoast_head":"<!-- This site is optimized with the Yoast SEO plugin v27.5 - https:\/\/yoast.com\/product\/yoast-seo-wordpress\/ -->\n<title>La actividad del MERCADO DE ABASTOS se traslada a la parte inferior del mismo - MI Ayuntamiento de Caudete<\/title>\n<meta name=\"description\" content=\"P\u00e1gina Oficial del Ayuntamiento de Caudete (Albacete)\" \/>\n<meta name=\"robots\" content=\"index, follow, max-snippet:-1, max-image-preview:large, max-video-preview:-1\" \/>\n<link rel=\"canonical\" href=\"https:\/\/www.caudete.org\/ayuntamiento\/la-actividad-del-mercado-de-abastos-se-traslada-a-la-parte-inferior-del-mismo\/\" \/>\n<meta property=\"og:locale\" content=\"es_ES\" \/>\n<meta property=\"og:type\" content=\"article\" \/>\n<meta property=\"og:title\" content=\"La actividad del MERCADO DE ABASTOS se traslada a la parte inferior del mismo - MI Ayuntamiento de Caudete\" \/>\n<meta property=\"og:description\" content=\"P\u00e1gina Oficial del Ayuntamiento de Caudete (Albacete)\" \/>\n<meta property=\"og:url\" content=\"https:\/\/www.caudete.org\/ayuntamiento\/la-actividad-del-mercado-de-abastos-se-traslada-a-la-parte-inferior-del-mismo\/\" \/>\n<meta property=\"og:site_name\" content=\"MI Ayuntamiento de Caudete\" \/>\n<meta property=\"article:publisher\" content=\"https:\/\/www.facebook.com\/ayuntamientocaudete\/\" \/>\n<meta property=\"article:published_time\" content=\"2021-07-09T12:53:29+00:00\" \/>\n<meta property=\"og:image\" content=\"https:\/\/www.caudete.org\/ayuntamiento\/wp-content\/uploads\/2021\/07\/WhatsApp-Image-2021-07-09-at-14.10.31.jpeg\" \/>\n\t<meta property=\"og:image:width\" content=\"1600\" \/>\n\t<meta property=\"og:image:height\" content=\"720\" \/>\n\t<meta property=\"og:image:type\" content=\"image\/jpeg\" \/>\n<meta name=\"author\" content=\"alcalde\" \/>\n<meta name=\"twitter:card\" content=\"summary_large_image\" \/>\n<meta name=\"twitter:label1\" content=\"Escrito por\" \/>\n\t<meta name=\"twitter:data1\" content=\"alcalde\" \/>\n\t<meta name=\"twitter:label2\" content=\"Tiempo de lectura\" \/>\n\t<meta name=\"twitter:data2\" content=\"2 minutos\" \/>\n<script type=\"application\/ld+json\" class=\"yoast-schema-graph\">{\"@context\":\"https:\\\/\\\/schema.org\",\"@graph\":[{\"@type\":\"Article\",\"@id\":\"https:\\\/\\\/www.caudete.org\\\/ayuntamiento\\\/la-actividad-del-mercado-de-abastos-se-traslada-a-la-parte-inferior-del-mismo\\\/#article\",\"isPartOf\":{\"@id\":\"https:\\\/\\\/www.caudete.org\\\/ayuntamiento\\\/la-actividad-del-mercado-de-abastos-se-traslada-a-la-parte-inferior-del-mismo\\\/\"},\"author\":{\"name\":\"alcalde\",\"@id\":\"https:\\\/\\\/www.caudete.org\\\/ayuntamiento\\\/#\\\/schema\\\/person\\\/cc646da9133078ee4d8dd47457947253\"},\"headline\":\"La actividad del MERCADO DE ABASTOS se traslada a la parte inferior del mismo\",\"datePublished\":\"2021-07-09T12:53:29+00:00\",\"mainEntityOfPage\":{\"@id\":\"https:\\\/\\\/www.caudete.org\\\/ayuntamiento\\\/la-actividad-del-mercado-de-abastos-se-traslada-a-la-parte-inferior-del-mismo\\\/\"},\"wordCount\":421,\"image\":{\"@id\":\"https:\\\/\\\/www.caudete.org\\\/ayuntamiento\\\/la-actividad-del-mercado-de-abastos-se-traslada-a-la-parte-inferior-del-mismo\\\/#primaryimage\"},\"thumbnailUrl\":\"https:\\\/\\\/www.caudete.org\\\/ayuntamiento\\\/wp-content\\\/uploads\\\/2021\\\/07\\\/WhatsApp-Image-2021-07-09-at-14.10.31.jpeg\",\"articleSection\":[\"Comercio\"],\"inLanguage\":\"es\"},{\"@type\":\"WebPage\",\"@id\":\"https:\\\/\\\/www.caudete.org\\\/ayuntamiento\\\/la-actividad-del-mercado-de-abastos-se-traslada-a-la-parte-inferior-del-mismo\\\/\",\"url\":\"https:\\\/\\\/www.caudete.org\\\/ayuntamiento\\\/la-actividad-del-mercado-de-abastos-se-traslada-a-la-parte-inferior-del-mismo\\\/\",\"name\":\"La actividad del MERCADO DE ABASTOS se traslada a la parte inferior del mismo - MI Ayuntamiento de Caudete\",\"isPartOf\":{\"@id\":\"https:\\\/\\\/www.caudete.org\\\/ayuntamiento\\\/#website\"},\"primaryImageOfPage\":{\"@id\":\"https:\\\/\\\/www.caudete.org\\\/ayuntamiento\\\/la-actividad-del-mercado-de-abastos-se-traslada-a-la-parte-inferior-del-mismo\\\/#primaryimage\"},\"image\":{\"@id\":\"https:\\\/\\\/www.caudete.org\\\/ayuntamiento\\\/la-actividad-del-mercado-de-abastos-se-traslada-a-la-parte-inferior-del-mismo\\\/#primaryimage\"},\"thumbnailUrl\":\"https:\\\/\\\/www.caudete.org\\\/ayuntamiento\\\/wp-content\\\/uploads\\\/2021\\\/07\\\/WhatsApp-Image-2021-07-09-at-14.10.31.jpeg\",\"datePublished\":\"2021-07-09T12:53:29+00:00\",\"author\":{\"@id\":\"https:\\\/\\\/www.caudete.org\\\/ayuntamiento\\\/#\\\/schema\\\/person\\\/cc646da9133078ee4d8dd47457947253\"},\"description\":\"P\u00e1gina Oficial del Ayuntamiento de Caudete (Albacete)\",\"breadcrumb\":{\"@id\":\"https:\\\/\\\/www.caudete.org\\\/ayuntamiento\\\/la-actividad-del-mercado-de-abastos-se-traslada-a-la-parte-inferior-del-mismo\\\/#breadcrumb\"},\"inLanguage\":\"es\",\"potentialAction\":[{\"@type\":\"ReadAction\",\"target\":[\"https:\\\/\\\/www.caudete.org\\\/ayuntamiento\\\/la-actividad-del-mercado-de-abastos-se-traslada-a-la-parte-inferior-del-mismo\\\/\"]}]},{\"@type\":\"ImageObject\",\"inLanguage\":\"es\",\"@id\":\"https:\\\/\\\/www.caudete.org\\\/ayuntamiento\\\/la-actividad-del-mercado-de-abastos-se-traslada-a-la-parte-inferior-del-mismo\\\/#primaryimage\",\"url\":\"https:\\\/\\\/www.caudete.org\\\/ayuntamiento\\\/wp-content\\\/uploads\\\/2021\\\/07\\\/WhatsApp-Image-2021-07-09-at-14.10.31.jpeg\",\"contentUrl\":\"https:\\\/\\\/www.caudete.org\\\/ayuntamiento\\\/wp-content\\\/uploads\\\/2021\\\/07\\\/WhatsApp-Image-2021-07-09-at-14.10.31.jpeg\",\"width\":1600,\"height\":720},{\"@type\":\"BreadcrumbList\",\"@id\":\"https:\\\/\\\/www.caudete.org\\\/ayuntamiento\\\/la-actividad-del-mercado-de-abastos-se-traslada-a-la-parte-inferior-del-mismo\\\/#breadcrumb\",\"itemListElement\":[{\"@type\":\"ListItem\",\"position\":1,\"name\":\"Inicio\",\"item\":\"https:\\\/\\\/www.caudete.org\\\/ayuntamiento\\\/\"},{\"@type\":\"ListItem\",\"position\":2,\"name\":\"La actividad del MERCADO DE ABASTOS se traslada a la parte inferior del mismo\"}]},{\"@type\":\"WebSite\",\"@id\":\"https:\\\/\\\/www.caudete.org\\\/ayuntamiento\\\/#website\",\"url\":\"https:\\\/\\\/www.caudete.org\\\/ayuntamiento\\\/\",\"name\":\"MI Ayuntamiento de Caudete\",\"description\":\"P\u00e1gina Oficial del MI Ayuntamiento de Caudete\",\"potentialAction\":[{\"@type\":\"SearchAction\",\"target\":{\"@type\":\"EntryPoint\",\"urlTemplate\":\"https:\\\/\\\/www.caudete.org\\\/ayuntamiento\\\/?s={search_term_string}\"},\"query-input\":{\"@type\":\"PropertyValueSpecification\",\"valueRequired\":true,\"valueName\":\"search_term_string\"}}],\"inLanguage\":\"es\"},{\"@type\":\"Person\",\"@id\":\"https:\\\/\\\/www.caudete.org\\\/ayuntamiento\\\/#\\\/schema\\\/person\\\/cc646da9133078ee4d8dd47457947253\",\"name\":\"alcalde\",\"image\":{\"@type\":\"ImageObject\",\"inLanguage\":\"es\",\"@id\":\"https:\\\/\\\/secure.gravatar.com\\\/avatar\\\/84a817ba065b29ff08d666b215a215f5c79186a645ccb25b14a663d48a130f77?s=96&d=mm&r=g\",\"url\":\"https:\\\/\\\/secure.gravatar.com\\\/avatar\\\/84a817ba065b29ff08d666b215a215f5c79186a645ccb25b14a663d48a130f77?s=96&d=mm&r=g\",\"contentUrl\":\"https:\\\/\\\/secure.gravatar.com\\\/avatar\\\/84a817ba065b29ff08d666b215a215f5c79186a645ccb25b14a663d48a130f77?s=96&d=mm&r=g\",\"caption\":\"alcalde\"},\"url\":\"https:\\\/\\\/www.caudete.org\\\/ayuntamiento\\\/author\\\/alcalde\\\/\"}]}<\/script>\n<!-- \/ Yoast SEO plugin. -->","yoast_head_json":{"title":"La actividad del MERCADO DE ABASTOS se traslada a la parte inferior del mismo - MI Ayuntamiento de Caudete","description":"P\u00e1gina Oficial del Ayuntamiento de Caudete (Albacete)","robots":{"index":"index","follow":"follow","max-snippet":"max-snippet:-1","max-image-preview":"max-image-preview:large","max-video-preview":"max-video-preview:-1"},"canonical":"https:\/\/www.caudete.org\/ayuntamiento\/la-actividad-del-mercado-de-abastos-se-traslada-a-la-parte-inferior-del-mismo\/","og_locale":"es_ES","og_type":"article","og_title":"La actividad del MERCADO DE ABASTOS se traslada a la parte inferior del mismo - MI Ayuntamiento de Caudete","og_description":"P\u00e1gina Oficial del Ayuntamiento de Caudete (Albacete)","og_url":"https:\/\/www.caudete.org\/ayuntamiento\/la-actividad-del-mercado-de-abastos-se-traslada-a-la-parte-inferior-del-mismo\/","og_site_name":"MI Ayuntamiento de Caudete","article_publisher":"https:\/\/www.facebook.com\/ayuntamientocaudete\/","article_published_time":"2021-07-09T12:53:29+00:00","og_image":[{"width":1600,"height":720,"url":"https:\/\/www.caudete.org\/ayuntamiento\/wp-content\/uploads\/2021\/07\/WhatsApp-Image-2021-07-09-at-14.10.31.jpeg","type":"image\/jpeg"}],"author":"alcalde","twitter_card":"summary_large_image","twitter_misc":{"Escrito por":"alcalde","Tiempo de lectura":"2 minutos"},"schema":{"@context":"https:\/\/schema.org","@graph":[{"@type":"Article","@id":"https:\/\/www.caudete.org\/ayuntamiento\/la-actividad-del-mercado-de-abastos-se-traslada-a-la-parte-inferior-del-mismo\/#article","isPartOf":{"@id":"https:\/\/www.caudete.org\/ayuntamiento\/la-actividad-del-mercado-de-abastos-se-traslada-a-la-parte-inferior-del-mismo\/"},"author":{"name":"alcalde","@id":"https:\/\/www.caudete.org\/ayuntamiento\/#\/schema\/person\/cc646da9133078ee4d8dd47457947253"},"headline":"La actividad del MERCADO DE ABASTOS se traslada a la parte inferior del mismo","datePublished":"2021-07-09T12:53:29+00:00","mainEntityOfPage":{"@id":"https:\/\/www.caudete.org\/ayuntamiento\/la-actividad-del-mercado-de-abastos-se-traslada-a-la-parte-inferior-del-mismo\/"},"wordCount":421,"image":{"@id":"https:\/\/www.caudete.org\/ayuntamiento\/la-actividad-del-mercado-de-abastos-se-traslada-a-la-parte-inferior-del-mismo\/#primaryimage"},"thumbnailUrl":"https:\/\/www.caudete.org\/ayuntamiento\/wp-content\/uploads\/2021\/07\/WhatsApp-Image-2021-07-09-at-14.10.31.jpeg","articleSection":["Comercio"],"inLanguage":"es"},{"@type":"WebPage","@id":"https:\/\/www.caudete.org\/ayuntamiento\/la-actividad-del-mercado-de-abastos-se-traslada-a-la-parte-inferior-del-mismo\/","url":"https:\/\/www.caudete.org\/ayuntamiento\/la-actividad-del-mercado-de-abastos-se-traslada-a-la-parte-inferior-del-mismo\/","name":"La actividad del MERCADO DE ABASTOS se traslada a la parte inferior del mismo - MI Ayuntamiento de Caudete","isPartOf":{"@id":"https:\/\/www.caudete.org\/ayuntamiento\/#website"},"primaryImageOfPage":{"@id":"https:\/\/www.caudete.org\/ayuntamiento\/la-actividad-del-mercado-de-abastos-se-traslada-a-la-parte-inferior-del-mismo\/#primaryimage"},"image":{"@id":"https:\/\/www.caudete.org\/ayuntamiento\/la-actividad-del-mercado-de-abastos-se-traslada-a-la-parte-inferior-del-mismo\/#primaryimage"},"thumbnailUrl":"https:\/\/www.caudete.org\/ayuntamiento\/wp-content\/uploads\/2021\/07\/WhatsApp-Image-2021-07-09-at-14.10.31.jpeg","datePublished":"2021-07-09T12:53:29+00:00","author":{"@id":"https:\/\/www.caudete.org\/ayuntamiento\/#\/schema\/person\/cc646da9133078ee4d8dd47457947253"},"description":"P\u00e1gina Oficial del Ayuntamiento de Caudete (Albacete)","breadcrumb":{"@id":"https:\/\/www.caudete.org\/ayuntamiento\/la-actividad-del-mercado-de-abastos-se-traslada-a-la-parte-inferior-del-mismo\/#breadcrumb"},"inLanguage":"es","potentialAction":[{"@type":"ReadAction","target":["https:\/\/www.caudete.org\/ayuntamiento\/la-actividad-del-mercado-de-abastos-se-traslada-a-la-parte-inferior-del-mismo\/"]}]},{"@type":"ImageObject","inLanguage":"es","@id":"https:\/\/www.caudete.org\/ayuntamiento\/la-actividad-del-mercado-de-abastos-se-traslada-a-la-parte-inferior-del-mismo\/#primaryimage","url":"https:\/\/www.caudete.org\/ayuntamiento\/wp-content\/uploads\/2021\/07\/WhatsApp-Image-2021-07-09-at-14.10.31.jpeg","contentUrl":"https:\/\/www.caudete.org\/ayuntamiento\/wp-content\/uploads\/2021\/07\/WhatsApp-Image-2021-07-09-at-14.10.31.jpeg","width":1600,"height":720},{"@type":"BreadcrumbList","@id":"https:\/\/www.caudete.org\/ayuntamiento\/la-actividad-del-mercado-de-abastos-se-traslada-a-la-parte-inferior-del-mismo\/#breadcrumb","itemListElement":[{"@type":"ListItem","position":1,"name":"Inicio","item":"https:\/\/www.caudete.org\/ayuntamiento\/"},{"@type":"ListItem","position":2,"name":"La actividad del MERCADO DE ABASTOS se traslada a la parte inferior del mismo"}]},{"@type":"WebSite","@id":"https:\/\/www.caudete.org\/ayuntamiento\/#website","url":"https:\/\/www.caudete.org\/ayuntamiento\/","name":"MI Ayuntamiento de Caudete","description":"P\u00e1gina Oficial del MI Ayuntamiento de Caudete","potentialAction":[{"@type":"SearchAction","target":{"@type":"EntryPoint","urlTemplate":"https:\/\/www.caudete.org\/ayuntamiento\/?s={search_term_string}"},"query-input":{"@type":"PropertyValueSpecification","valueRequired":true,"valueName":"search_term_string"}}],"inLanguage":"es"},{"@type":"Person","@id":"https:\/\/www.caudete.org\/ayuntamiento\/#\/schema\/person\/cc646da9133078ee4d8dd47457947253","name":"alcalde","image":{"@type":"ImageObject","inLanguage":"es","@id":"https:\/\/secure.gravatar.com\/avatar\/84a817ba065b29ff08d666b215a215f5c79186a645ccb25b14a663d48a130f77?s=96&d=mm&r=g","url":"https:\/\/secure.gravatar.com\/avatar\/84a817ba065b29ff08d666b215a215f5c79186a645ccb25b14a663d48a130f77?s=96&d=mm&r=g","contentUrl":"https:\/\/secure.gravatar.com\/avatar\/84a817ba065b29ff08d666b215a215f5c79186a645ccb25b14a663d48a130f77?s=96&d=mm&r=g","caption":"alcalde"},"url":"https:\/\/www.caudete.org\/ayuntamiento\/author\/alcalde\/"}]}},"_links":{"self":[{"href":"https:\/\/www.caudete.org\/ayuntamiento\/wp-json\/wp\/v2\/posts\/15298","targetHints":{"allow":["GET"]}}],"collection":[{"href":"https:\/\/www.caudete.org\/ayuntamiento\/wp-json\/wp\/v2\/posts"}],"about":[{"href":"https:\/\/www.caudete.org\/ayuntamiento\/wp-json\/wp\/v2\/types\/post"}],"author":[{"embeddable":true,"href":"https:\/\/www.caudete.org\/ayuntamiento\/wp-json\/wp\/v2\/users\/3"}],"replies":[{"embeddable":true,"href":"https:\/\/www.caudete.org\/ayuntamiento\/wp-json\/wp\/v2\/comments?post=15298"}],"version-history":[{"count":1,"href":"https:\/\/www.caudete.org\/ayuntamiento\/wp-json\/wp\/v2\/posts\/15298\/revisions"}],"predecessor-version":[{"id":15300,"href":"https:\/\/www.caudete.org\/ayuntamiento\/wp-json\/wp\/v2\/posts\/15298\/revisions\/15300"}],"wp:featuredmedia":[{"embeddable":true,"href":"https:\/\/www.caudete.org\/ayuntamiento\/wp-json\/wp\/v2\/media\/15299"}],"wp:attachment":[{"href":"https:\/\/www.caudete.org\/ayuntamiento\/wp-json\/wp\/v2\/media?parent=15298"}],"wp:term":[{"taxonomy":"category","embeddable":true,"href":"https:\/\/www.caudete.org\/ayuntamiento\/wp-json\/wp\/v2\/categories?post=15298"},{"taxonomy":"post_tag","embeddable":true,"href":"https:\/\/www.caudete.org\/ayuntamiento\/wp-json\/wp\/v2\/tags?post=15298"}],"curies":[{"name":"wp","href":"https:\/\/api.w.org\/{rel}","templated":true}]}}