{"id":15301,"date":"2021-07-12T12:52:23","date_gmt":"2021-07-12T10:52:23","guid":{"rendered":"https:\/\/www.caudete.org\/ayuntamiento\/?p=15301"},"modified":"2021-07-12T13:30:02","modified_gmt":"2021-07-12T11:30:02","slug":"la-oep-2021-dota-con-4-plazas-a-la-policia-local","status":"publish","type":"post","link":"https:\/\/www.caudete.org\/ayuntamiento\/la-oep-2021-dota-con-4-plazas-a-la-policia-local\/","title":{"rendered":"La OEP-2021 dota con 4 plazas a la POLIC\u00cdA LOCAL"},"content":{"rendered":"<p style=\"text-align: justify;\">M\u00aa del Mar Requena, Concejal de Recursos Humanos del Ayuntamiento de Caudete, ha dado a conocer esta ma\u00f1ana la reci\u00e9n aprobada Oferta de Empleo P\u00fablico 2021 en la sesi\u00f3n de Junta de Gobierno del pasado 9 de Julio, a falta de que sea publicada en el Bolet\u00edn Oficial de la Provincia en los pr\u00f3ximos d\u00edas.<\/p>\n<p style=\"text-align: justify;\">Finalizado el expediente, y con todos los informes favorables, la propuesta del Equipo de Gobierno fue tratada en Mesa de Negociaci\u00f3n hace una semana, la cual fue aprobada por unanimidad, donde ha primado la seguridad local al ser el objetivo la plantilla de la Polic\u00eda Local.<\/p>\n<p style=\"text-align: justify;\">De esta forma, son 4 las plazas con las que se dota al Cuerpo Policial de Caudete, de las que 3 son de Agente y 1 de Oficial, todas ellas por turno libre. M\u00aa del Mar Requena ha informado a la misma vez que el expediente se va a tramitar con prioridad absoluta, para que tanto las Bases como la Convocatoria puedan publicarse a la mayor brevedad, y el proceso selectivo pueda activarse cuanto antes.<\/p>\n<p style=\"text-align: justify;\">La Edil ha querido recordar las palabras que tuvo al respecto al inicio de a\u00f1o en el Pleno Ordinario de 28 de Enero, en el que anunci\u00f3 que este 2021 se dotar\u00eda con 4 plazas a la Polic\u00eda Local. De esta forma, matizaba que &#8220;<em>demostramos con hechos lo que hemos dicho con palabras, y una vez m\u00e1s,\u00a0 hacemos patente nuestro compromiso con los caudetanos, y en este caso adem\u00e1s con la seguridad de Caudete, siendo nuestro objetivo mejorarlo con todas las herramientas puestas<\/em>&#8220;.<\/p>\n<p style=\"text-align: justify;\">Adem\u00e1s, record\u00f3 que el compromiso del Equipo de Gobierno con los caudetanos \u201c<em>es conseguir establecer una plantilla de efectivos que pueda cubrir sin problema la totalidad del servicio y permita tener refuerzo en aquellos turnos que se consideren de mayor inter\u00e9s<\/em>\u201d.<\/p>\n<p style=\"text-align: justify;\">De esta forma, daba p\u00fablico conocimiento del trabajo que se est\u00e1 desarrollando desde su Concejal\u00eda junto a la Jefatura de la Polic\u00eda Local, una cuesti\u00f3n que es \u201c<em>prioridad para el Gobierno Municipal, puesto que alcanzar cotas \u00f3ptimas del servicio que presta el cuerpo es imprescindible para poder garantizar la seguridad y tranquilidad de los caudetanos<\/em>\u201d, ha explicado la Concejal.<\/p>\n","protected":false},"excerpt":{"rendered":"<p>M\u00aa del Mar Requena, Concejal de Recursos Humanos del Ayuntamiento de Caudete, ha dado a conocer esta ma\u00f1ana la reci\u00e9n aprobada Oferta de Empleo P\u00fablico 2021 en la sesi\u00f3n de Junta de Gobierno del pasado 9 de Julio, a falta de que sea publicada en el Bolet\u00edn Oficial de la Provincia en los pr\u00f3ximos d\u00edas. &hellip;<\/p>\n","protected":false},"author":3,"featured_media":15315,"comment_status":"closed","ping_status":"open","sticky":false,"template":"","format":"standard","meta":{"ngg_post_thumbnail":0,"footnotes":""},"categories":[34],"tags":[],"class_list":["post-15301","post","type-post","status-publish","format-standard","has-post-thumbnail","hentry","category-interior"],"yoast_head":"<!-- This site is optimized with the Yoast SEO plugin v27.5 - https:\/\/yoast.com\/product\/yoast-seo-wordpress\/ -->\n<title>La OEP-2021 dota con 4 plazas a la POLIC\u00cdA LOCAL - MI Ayuntamiento de Caudete<\/title>\n<meta name=\"description\" content=\"P\u00e1gina Oficial del Ayuntamiento de Caudete (Albacete)\" \/>\n<meta name=\"robots\" content=\"index, follow, max-snippet:-1, max-image-preview:large, max-video-preview:-1\" \/>\n<link rel=\"canonical\" href=\"https:\/\/www.caudete.org\/ayuntamiento\/la-oep-2021-dota-con-4-plazas-a-la-policia-local\/\" \/>\n<meta property=\"og:locale\" content=\"es_ES\" \/>\n<meta property=\"og:type\" content=\"article\" \/>\n<meta property=\"og:title\" content=\"La OEP-2021 dota con 4 plazas a la POLIC\u00cdA LOCAL - MI Ayuntamiento de Caudete\" \/>\n<meta property=\"og:description\" content=\"P\u00e1gina Oficial del Ayuntamiento de Caudete (Albacete)\" \/>\n<meta property=\"og:url\" content=\"https:\/\/www.caudete.org\/ayuntamiento\/la-oep-2021-dota-con-4-plazas-a-la-policia-local\/\" \/>\n<meta property=\"og:site_name\" content=\"MI Ayuntamiento de Caudete\" \/>\n<meta property=\"article:publisher\" content=\"https:\/\/www.facebook.com\/ayuntamientocaudete\/\" \/>\n<meta property=\"article:published_time\" content=\"2021-07-12T10:52:23+00:00\" \/>\n<meta property=\"article:modified_time\" content=\"2021-07-12T11:30:02+00:00\" \/>\n<meta property=\"og:image\" content=\"https:\/\/www.caudete.org\/ayuntamiento\/wp-content\/uploads\/2021\/07\/Oferta-Empleo-Publico.jpg\" \/>\n\t<meta property=\"og:image:width\" content=\"864\" \/>\n\t<meta property=\"og:image:height\" content=\"380\" \/>\n\t<meta property=\"og:image:type\" content=\"image\/jpeg\" \/>\n<meta name=\"author\" content=\"alcalde\" \/>\n<meta name=\"twitter:card\" content=\"summary_large_image\" \/>\n<meta name=\"twitter:label1\" content=\"Escrito por\" \/>\n\t<meta name=\"twitter:data1\" content=\"alcalde\" \/>\n\t<meta name=\"twitter:label2\" content=\"Tiempo de lectura\" \/>\n\t<meta name=\"twitter:data2\" content=\"2 minutos\" \/>\n<script type=\"application\/ld+json\" class=\"yoast-schema-graph\">{\"@context\":\"https:\\\/\\\/schema.org\",\"@graph\":[{\"@type\":\"Article\",\"@id\":\"https:\\\/\\\/www.caudete.org\\\/ayuntamiento\\\/la-oep-2021-dota-con-4-plazas-a-la-policia-local\\\/#article\",\"isPartOf\":{\"@id\":\"https:\\\/\\\/www.caudete.org\\\/ayuntamiento\\\/la-oep-2021-dota-con-4-plazas-a-la-policia-local\\\/\"},\"author\":{\"name\":\"alcalde\",\"@id\":\"https:\\\/\\\/www.caudete.org\\\/ayuntamiento\\\/#\\\/schema\\\/person\\\/cc646da9133078ee4d8dd47457947253\"},\"headline\":\"La OEP-2021 dota con 4 plazas a la POLIC\u00cdA LOCAL\",\"datePublished\":\"2021-07-12T10:52:23+00:00\",\"dateModified\":\"2021-07-12T11:30:02+00:00\",\"mainEntityOfPage\":{\"@id\":\"https:\\\/\\\/www.caudete.org\\\/ayuntamiento\\\/la-oep-2021-dota-con-4-plazas-a-la-policia-local\\\/\"},\"wordCount\":381,\"image\":{\"@id\":\"https:\\\/\\\/www.caudete.org\\\/ayuntamiento\\\/la-oep-2021-dota-con-4-plazas-a-la-policia-local\\\/#primaryimage\"},\"thumbnailUrl\":\"https:\\\/\\\/www.caudete.org\\\/ayuntamiento\\\/wp-content\\\/uploads\\\/2021\\\/07\\\/Oferta-Empleo-Publico.jpg\",\"articleSection\":[\"Interior\"],\"inLanguage\":\"es\"},{\"@type\":\"WebPage\",\"@id\":\"https:\\\/\\\/www.caudete.org\\\/ayuntamiento\\\/la-oep-2021-dota-con-4-plazas-a-la-policia-local\\\/\",\"url\":\"https:\\\/\\\/www.caudete.org\\\/ayuntamiento\\\/la-oep-2021-dota-con-4-plazas-a-la-policia-local\\\/\",\"name\":\"La OEP-2021 dota con 4 plazas a la POLIC\u00cdA LOCAL - MI Ayuntamiento de Caudete\",\"isPartOf\":{\"@id\":\"https:\\\/\\\/www.caudete.org\\\/ayuntamiento\\\/#website\"},\"primaryImageOfPage\":{\"@id\":\"https:\\\/\\\/www.caudete.org\\\/ayuntamiento\\\/la-oep-2021-dota-con-4-plazas-a-la-policia-local\\\/#primaryimage\"},\"image\":{\"@id\":\"https:\\\/\\\/www.caudete.org\\\/ayuntamiento\\\/la-oep-2021-dota-con-4-plazas-a-la-policia-local\\\/#primaryimage\"},\"thumbnailUrl\":\"https:\\\/\\\/www.caudete.org\\\/ayuntamiento\\\/wp-content\\\/uploads\\\/2021\\\/07\\\/Oferta-Empleo-Publico.jpg\",\"datePublished\":\"2021-07-12T10:52:23+00:00\",\"dateModified\":\"2021-07-12T11:30:02+00:00\",\"author\":{\"@id\":\"https:\\\/\\\/www.caudete.org\\\/ayuntamiento\\\/#\\\/schema\\\/person\\\/cc646da9133078ee4d8dd47457947253\"},\"description\":\"P\u00e1gina Oficial del Ayuntamiento de Caudete (Albacete)\",\"breadcrumb\":{\"@id\":\"https:\\\/\\\/www.caudete.org\\\/ayuntamiento\\\/la-oep-2021-dota-con-4-plazas-a-la-policia-local\\\/#breadcrumb\"},\"inLanguage\":\"es\",\"potentialAction\":[{\"@type\":\"ReadAction\",\"target\":[\"https:\\\/\\\/www.caudete.org\\\/ayuntamiento\\\/la-oep-2021-dota-con-4-plazas-a-la-policia-local\\\/\"]}]},{\"@type\":\"ImageObject\",\"inLanguage\":\"es\",\"@id\":\"https:\\\/\\\/www.caudete.org\\\/ayuntamiento\\\/la-oep-2021-dota-con-4-plazas-a-la-policia-local\\\/#primaryimage\",\"url\":\"https:\\\/\\\/www.caudete.org\\\/ayuntamiento\\\/wp-content\\\/uploads\\\/2021\\\/07\\\/Oferta-Empleo-Publico.jpg\",\"contentUrl\":\"https:\\\/\\\/www.caudete.org\\\/ayuntamiento\\\/wp-content\\\/uploads\\\/2021\\\/07\\\/Oferta-Empleo-Publico.jpg\",\"width\":864,\"height\":380},{\"@type\":\"BreadcrumbList\",\"@id\":\"https:\\\/\\\/www.caudete.org\\\/ayuntamiento\\\/la-oep-2021-dota-con-4-plazas-a-la-policia-local\\\/#breadcrumb\",\"itemListElement\":[{\"@type\":\"ListItem\",\"position\":1,\"name\":\"Inicio\",\"item\":\"https:\\\/\\\/www.caudete.org\\\/ayuntamiento\\\/\"},{\"@type\":\"ListItem\",\"position\":2,\"name\":\"La OEP-2021 dota con 4 plazas a la POLIC\u00cdA LOCAL\"}]},{\"@type\":\"WebSite\",\"@id\":\"https:\\\/\\\/www.caudete.org\\\/ayuntamiento\\\/#website\",\"url\":\"https:\\\/\\\/www.caudete.org\\\/ayuntamiento\\\/\",\"name\":\"MI Ayuntamiento de Caudete\",\"description\":\"P\u00e1gina Oficial del MI Ayuntamiento de Caudete\",\"potentialAction\":[{\"@type\":\"SearchAction\",\"target\":{\"@type\":\"EntryPoint\",\"urlTemplate\":\"https:\\\/\\\/www.caudete.org\\\/ayuntamiento\\\/?s={search_term_string}\"},\"query-input\":{\"@type\":\"PropertyValueSpecification\",\"valueRequired\":true,\"valueName\":\"search_term_string\"}}],\"inLanguage\":\"es\"},{\"@type\":\"Person\",\"@id\":\"https:\\\/\\\/www.caudete.org\\\/ayuntamiento\\\/#\\\/schema\\\/person\\\/cc646da9133078ee4d8dd47457947253\",\"name\":\"alcalde\",\"image\":{\"@type\":\"ImageObject\",\"inLanguage\":\"es\",\"@id\":\"https:\\\/\\\/secure.gravatar.com\\\/avatar\\\/84a817ba065b29ff08d666b215a215f5c79186a645ccb25b14a663d48a130f77?s=96&d=mm&r=g\",\"url\":\"https:\\\/\\\/secure.gravatar.com\\\/avatar\\\/84a817ba065b29ff08d666b215a215f5c79186a645ccb25b14a663d48a130f77?s=96&d=mm&r=g\",\"contentUrl\":\"https:\\\/\\\/secure.gravatar.com\\\/avatar\\\/84a817ba065b29ff08d666b215a215f5c79186a645ccb25b14a663d48a130f77?s=96&d=mm&r=g\",\"caption\":\"alcalde\"},\"url\":\"https:\\\/\\\/www.caudete.org\\\/ayuntamiento\\\/author\\\/alcalde\\\/\"}]}<\/script>\n<!-- \/ Yoast SEO plugin. -->","yoast_head_json":{"title":"La OEP-2021 dota con 4 plazas a la POLIC\u00cdA LOCAL - MI Ayuntamiento de Caudete","description":"P\u00e1gina Oficial del Ayuntamiento de Caudete (Albacete)","robots":{"index":"index","follow":"follow","max-snippet":"max-snippet:-1","max-image-preview":"max-image-preview:large","max-video-preview":"max-video-preview:-1"},"canonical":"https:\/\/www.caudete.org\/ayuntamiento\/la-oep-2021-dota-con-4-plazas-a-la-policia-local\/","og_locale":"es_ES","og_type":"article","og_title":"La OEP-2021 dota con 4 plazas a la POLIC\u00cdA LOCAL - MI Ayuntamiento de Caudete","og_description":"P\u00e1gina Oficial del Ayuntamiento de Caudete (Albacete)","og_url":"https:\/\/www.caudete.org\/ayuntamiento\/la-oep-2021-dota-con-4-plazas-a-la-policia-local\/","og_site_name":"MI Ayuntamiento de Caudete","article_publisher":"https:\/\/www.facebook.com\/ayuntamientocaudete\/","article_published_time":"2021-07-12T10:52:23+00:00","article_modified_time":"2021-07-12T11:30:02+00:00","og_image":[{"width":864,"height":380,"url":"https:\/\/www.caudete.org\/ayuntamiento\/wp-content\/uploads\/2021\/07\/Oferta-Empleo-Publico.jpg","type":"image\/jpeg"}],"author":"alcalde","twitter_card":"summary_large_image","twitter_misc":{"Escrito por":"alcalde","Tiempo de lectura":"2 minutos"},"schema":{"@context":"https:\/\/schema.org","@graph":[{"@type":"Article","@id":"https:\/\/www.caudete.org\/ayuntamiento\/la-oep-2021-dota-con-4-plazas-a-la-policia-local\/#article","isPartOf":{"@id":"https:\/\/www.caudete.org\/ayuntamiento\/la-oep-2021-dota-con-4-plazas-a-la-policia-local\/"},"author":{"name":"alcalde","@id":"https:\/\/www.caudete.org\/ayuntamiento\/#\/schema\/person\/cc646da9133078ee4d8dd47457947253"},"headline":"La OEP-2021 dota con 4 plazas a la POLIC\u00cdA LOCAL","datePublished":"2021-07-12T10:52:23+00:00","dateModified":"2021-07-12T11:30:02+00:00","mainEntityOfPage":{"@id":"https:\/\/www.caudete.org\/ayuntamiento\/la-oep-2021-dota-con-4-plazas-a-la-policia-local\/"},"wordCount":381,"image":{"@id":"https:\/\/www.caudete.org\/ayuntamiento\/la-oep-2021-dota-con-4-plazas-a-la-policia-local\/#primaryimage"},"thumbnailUrl":"https:\/\/www.caudete.org\/ayuntamiento\/wp-content\/uploads\/2021\/07\/Oferta-Empleo-Publico.jpg","articleSection":["Interior"],"inLanguage":"es"},{"@type":"WebPage","@id":"https:\/\/www.caudete.org\/ayuntamiento\/la-oep-2021-dota-con-4-plazas-a-la-policia-local\/","url":"https:\/\/www.caudete.org\/ayuntamiento\/la-oep-2021-dota-con-4-plazas-a-la-policia-local\/","name":"La OEP-2021 dota con 4 plazas a la POLIC\u00cdA LOCAL - MI Ayuntamiento de Caudete","isPartOf":{"@id":"https:\/\/www.caudete.org\/ayuntamiento\/#website"},"primaryImageOfPage":{"@id":"https:\/\/www.caudete.org\/ayuntamiento\/la-oep-2021-dota-con-4-plazas-a-la-policia-local\/#primaryimage"},"image":{"@id":"https:\/\/www.caudete.org\/ayuntamiento\/la-oep-2021-dota-con-4-plazas-a-la-policia-local\/#primaryimage"},"thumbnailUrl":"https:\/\/www.caudete.org\/ayuntamiento\/wp-content\/uploads\/2021\/07\/Oferta-Empleo-Publico.jpg","datePublished":"2021-07-12T10:52:23+00:00","dateModified":"2021-07-12T11:30:02+00:00","author":{"@id":"https:\/\/www.caudete.org\/ayuntamiento\/#\/schema\/person\/cc646da9133078ee4d8dd47457947253"},"description":"P\u00e1gina Oficial del Ayuntamiento de Caudete (Albacete)","breadcrumb":{"@id":"https:\/\/www.caudete.org\/ayuntamiento\/la-oep-2021-dota-con-4-plazas-a-la-policia-local\/#breadcrumb"},"inLanguage":"es","potentialAction":[{"@type":"ReadAction","target":["https:\/\/www.caudete.org\/ayuntamiento\/la-oep-2021-dota-con-4-plazas-a-la-policia-local\/"]}]},{"@type":"ImageObject","inLanguage":"es","@id":"https:\/\/www.caudete.org\/ayuntamiento\/la-oep-2021-dota-con-4-plazas-a-la-policia-local\/#primaryimage","url":"https:\/\/www.caudete.org\/ayuntamiento\/wp-content\/uploads\/2021\/07\/Oferta-Empleo-Publico.jpg","contentUrl":"https:\/\/www.caudete.org\/ayuntamiento\/wp-content\/uploads\/2021\/07\/Oferta-Empleo-Publico.jpg","width":864,"height":380},{"@type":"BreadcrumbList","@id":"https:\/\/www.caudete.org\/ayuntamiento\/la-oep-2021-dota-con-4-plazas-a-la-policia-local\/#breadcrumb","itemListElement":[{"@type":"ListItem","position":1,"name":"Inicio","item":"https:\/\/www.caudete.org\/ayuntamiento\/"},{"@type":"ListItem","position":2,"name":"La OEP-2021 dota con 4 plazas a la POLIC\u00cdA LOCAL"}]},{"@type":"WebSite","@id":"https:\/\/www.caudete.org\/ayuntamiento\/#website","url":"https:\/\/www.caudete.org\/ayuntamiento\/","name":"MI Ayuntamiento de Caudete","description":"P\u00e1gina Oficial del MI Ayuntamiento de Caudete","potentialAction":[{"@type":"SearchAction","target":{"@type":"EntryPoint","urlTemplate":"https:\/\/www.caudete.org\/ayuntamiento\/?s={search_term_string}"},"query-input":{"@type":"PropertyValueSpecification","valueRequired":true,"valueName":"search_term_string"}}],"inLanguage":"es"},{"@type":"Person","@id":"https:\/\/www.caudete.org\/ayuntamiento\/#\/schema\/person\/cc646da9133078ee4d8dd47457947253","name":"alcalde","image":{"@type":"ImageObject","inLanguage":"es","@id":"https:\/\/secure.gravatar.com\/avatar\/84a817ba065b29ff08d666b215a215f5c79186a645ccb25b14a663d48a130f77?s=96&d=mm&r=g","url":"https:\/\/secure.gravatar.com\/avatar\/84a817ba065b29ff08d666b215a215f5c79186a645ccb25b14a663d48a130f77?s=96&d=mm&r=g","contentUrl":"https:\/\/secure.gravatar.com\/avatar\/84a817ba065b29ff08d666b215a215f5c79186a645ccb25b14a663d48a130f77?s=96&d=mm&r=g","caption":"alcalde"},"url":"https:\/\/www.caudete.org\/ayuntamiento\/author\/alcalde\/"}]}},"_links":{"self":[{"href":"https:\/\/www.caudete.org\/ayuntamiento\/wp-json\/wp\/v2\/posts\/15301","targetHints":{"allow":["GET"]}}],"collection":[{"href":"https:\/\/www.caudete.org\/ayuntamiento\/wp-json\/wp\/v2\/posts"}],"about":[{"href":"https:\/\/www.caudete.org\/ayuntamiento\/wp-json\/wp\/v2\/types\/post"}],"author":[{"embeddable":true,"href":"https:\/\/www.caudete.org\/ayuntamiento\/wp-json\/wp\/v2\/users\/3"}],"replies":[{"embeddable":true,"href":"https:\/\/www.caudete.org\/ayuntamiento\/wp-json\/wp\/v2\/comments?post=15301"}],"version-history":[{"count":2,"href":"https:\/\/www.caudete.org\/ayuntamiento\/wp-json\/wp\/v2\/posts\/15301\/revisions"}],"predecessor-version":[{"id":15304,"href":"https:\/\/www.caudete.org\/ayuntamiento\/wp-json\/wp\/v2\/posts\/15301\/revisions\/15304"}],"wp:featuredmedia":[{"embeddable":true,"href":"https:\/\/www.caudete.org\/ayuntamiento\/wp-json\/wp\/v2\/media\/15315"}],"wp:attachment":[{"href":"https:\/\/www.caudete.org\/ayuntamiento\/wp-json\/wp\/v2\/media?parent=15301"}],"wp:term":[{"taxonomy":"category","embeddable":true,"href":"https:\/\/www.caudete.org\/ayuntamiento\/wp-json\/wp\/v2\/categories?post=15301"},{"taxonomy":"post_tag","embeddable":true,"href":"https:\/\/www.caudete.org\/ayuntamiento\/wp-json\/wp\/v2\/tags?post=15301"}],"curies":[{"name":"wp","href":"https:\/\/api.w.org\/{rel}","templated":true}]}}