{"id":15305,"date":"2021-07-12T13:17:39","date_gmt":"2021-07-12T11:17:39","guid":{"rendered":"https:\/\/www.caudete.org\/ayuntamiento\/?p=15305"},"modified":"2021-07-12T13:17:39","modified_gmt":"2021-07-12T11:17:39","slug":"avanzan-a-buen-ritmo-las-obras-de-la-fachada-interior-de-la-plaza-de-toros","status":"publish","type":"post","link":"https:\/\/www.caudete.org\/ayuntamiento\/avanzan-a-buen-ritmo-las-obras-de-la-fachada-interior-de-la-plaza-de-toros\/","title":{"rendered":"Avanzan a buen ritmo las obras de la fachada interior de la PLAZA DE TOROS"},"content":{"rendered":"<p style=\"text-align: justify;\">Las obras que el Ayuntamiento est\u00e1 ejecutando en la Plaza de Toros van a permitir consolidar el enfoscado interior de la fachada principal, y con ello, eliminar riesgos de desprendimientos en acabados. Todo ello, dentro del programa de actuaciones del Plan Director aprobado por el Pleno Municipal en 2017.<\/p>\n<p style=\"text-align: justify;\">Hasta el lugar se han desplazado junto al Alcalde y T\u00e9cnicos Municipales, los Concejales de Obas y Patrimonio, Marian Ballester y Diego Cuenca, para comprobar el avanzado estado de las obras, y que previsiblemente finalizar\u00e1n en d\u00edas pr\u00f3ximos.<\/p>\n<p><img fetchpriority=\"high\" decoding=\"async\" class=\"size-medium wp-image-15306 aligncenter\" src=\"https:\/\/www.caudete.org\/ayuntamiento\/wp-content\/uploads\/2021\/07\/WhatsApp-Image-2021-07-12-at-13.11.20-300x225.jpeg\" alt=\"\" width=\"300\" height=\"225\" srcset=\"https:\/\/www.caudete.org\/ayuntamiento\/wp-content\/uploads\/2021\/07\/WhatsApp-Image-2021-07-12-at-13.11.20-300x225.jpeg 300w, https:\/\/www.caudete.org\/ayuntamiento\/wp-content\/uploads\/2021\/07\/WhatsApp-Image-2021-07-12-at-13.11.20-1024x768.jpeg 1024w, https:\/\/www.caudete.org\/ayuntamiento\/wp-content\/uploads\/2021\/07\/WhatsApp-Image-2021-07-12-at-13.11.20-768x576.jpeg 768w, https:\/\/www.caudete.org\/ayuntamiento\/wp-content\/uploads\/2021\/07\/WhatsApp-Image-2021-07-12-at-13.11.20-1536x1152.jpeg 1536w, https:\/\/www.caudete.org\/ayuntamiento\/wp-content\/uploads\/2021\/07\/WhatsApp-Image-2021-07-12-at-13.11.20.jpeg 1600w\" sizes=\"(max-width: 300px) 100vw, 300px\" \/><\/p>\n<p style=\"text-align: justify;\">De hecho, est\u00e1 previsto que en aproximadamente 10 d\u00edas la Plaza acoja un evento cultural, por lo que ser\u00e1 gracias a estas obras las que permitan volver a disfrutar de ella y de la actividad programada, ya que las obras permitir\u00e1n subsanar al completo los desprendimientos puntuales existentes, y con ello dotar de seguridad al edificio.<\/p>\n<p style=\"text-align: justify;\">La empresa adjudicataria de las obras es <em>Signia Soluciones T\u00e9cnicas S.L.<\/em>, empresa alicantina de gran profesionalidad y solvencia t\u00e9cnica en intervenciones sobre monumentos, actuaciones estructurales y soluciones t\u00e9cnicas.<\/p>\n<p style=\"text-align: justify;\">Los Ediles, igualmente, han anunciado que estas son las primeras actuaciones que se van a desarrollar en la Plaza de Toros, y que permitir\u00e1n ir ejecutando el Plan Director, mejorando el edificio en su conjunto para el uso y disfrute de los vecinos y visitantes, y conservar el monumento en las mejores condiciones posibles.<\/p>\n<p><img decoding=\"async\" class=\"alignnone size-medium wp-image-15309\" src=\"https:\/\/www.caudete.org\/ayuntamiento\/wp-content\/uploads\/2021\/07\/WhatsApp-Image-2021-07-12-at-13.11.15-300x225.jpeg\" alt=\"\" width=\"300\" height=\"225\" srcset=\"https:\/\/www.caudete.org\/ayuntamiento\/wp-content\/uploads\/2021\/07\/WhatsApp-Image-2021-07-12-at-13.11.15-300x225.jpeg 300w, https:\/\/www.caudete.org\/ayuntamiento\/wp-content\/uploads\/2021\/07\/WhatsApp-Image-2021-07-12-at-13.11.15-1024x768.jpeg 1024w, https:\/\/www.caudete.org\/ayuntamiento\/wp-content\/uploads\/2021\/07\/WhatsApp-Image-2021-07-12-at-13.11.15-768x576.jpeg 768w, https:\/\/www.caudete.org\/ayuntamiento\/wp-content\/uploads\/2021\/07\/WhatsApp-Image-2021-07-12-at-13.11.15-1536x1152.jpeg 1536w, https:\/\/www.caudete.org\/ayuntamiento\/wp-content\/uploads\/2021\/07\/WhatsApp-Image-2021-07-12-at-13.11.15.jpeg 1600w\" sizes=\"(max-width: 300px) 100vw, 300px\" \/><img decoding=\"async\" class=\"alignnone size-medium wp-image-15310\" src=\"https:\/\/www.caudete.org\/ayuntamiento\/wp-content\/uploads\/2021\/07\/WhatsApp-Image-2021-07-12-at-13.11.14-300x225.jpeg\" alt=\"\" width=\"300\" height=\"225\" srcset=\"https:\/\/www.caudete.org\/ayuntamiento\/wp-content\/uploads\/2021\/07\/WhatsApp-Image-2021-07-12-at-13.11.14-300x225.jpeg 300w, https:\/\/www.caudete.org\/ayuntamiento\/wp-content\/uploads\/2021\/07\/WhatsApp-Image-2021-07-12-at-13.11.14-1024x768.jpeg 1024w, https:\/\/www.caudete.org\/ayuntamiento\/wp-content\/uploads\/2021\/07\/WhatsApp-Image-2021-07-12-at-13.11.14-768x576.jpeg 768w, https:\/\/www.caudete.org\/ayuntamiento\/wp-content\/uploads\/2021\/07\/WhatsApp-Image-2021-07-12-at-13.11.14-1536x1152.jpeg 1536w, https:\/\/www.caudete.org\/ayuntamiento\/wp-content\/uploads\/2021\/07\/WhatsApp-Image-2021-07-12-at-13.11.14.jpeg 1600w\" sizes=\"(max-width: 300px) 100vw, 300px\" \/><img loading=\"lazy\" decoding=\"async\" class=\"alignnone size-medium wp-image-15308\" src=\"https:\/\/www.caudete.org\/ayuntamiento\/wp-content\/uploads\/2021\/07\/WhatsApp-Image-2021-07-12-at-13.11.18-300x225.jpeg\" alt=\"\" width=\"300\" height=\"225\" srcset=\"https:\/\/www.caudete.org\/ayuntamiento\/wp-content\/uploads\/2021\/07\/WhatsApp-Image-2021-07-12-at-13.11.18-300x225.jpeg 300w, https:\/\/www.caudete.org\/ayuntamiento\/wp-content\/uploads\/2021\/07\/WhatsApp-Image-2021-07-12-at-13.11.18-1024x768.jpeg 1024w, https:\/\/www.caudete.org\/ayuntamiento\/wp-content\/uploads\/2021\/07\/WhatsApp-Image-2021-07-12-at-13.11.18-768x576.jpeg 768w, https:\/\/www.caudete.org\/ayuntamiento\/wp-content\/uploads\/2021\/07\/WhatsApp-Image-2021-07-12-at-13.11.18-1536x1152.jpeg 1536w, https:\/\/www.caudete.org\/ayuntamiento\/wp-content\/uploads\/2021\/07\/WhatsApp-Image-2021-07-12-at-13.11.18.jpeg 1600w\" sizes=\"(max-width: 300px) 100vw, 300px\" \/><\/p>\n","protected":false},"excerpt":{"rendered":"<p>Las obras que el Ayuntamiento est\u00e1 ejecutando en la Plaza de Toros van a permitir consolidar el enfoscado interior de la fachada principal, y con ello, eliminar riesgos de desprendimientos en acabados. Todo ello, dentro del programa de actuaciones del Plan Director aprobado por el Pleno Municipal en 2017. Hasta el lugar se han desplazado &hellip;<\/p>\n","protected":false},"author":3,"featured_media":15311,"comment_status":"closed","ping_status":"open","sticky":false,"template":"","format":"standard","meta":{"ngg_post_thumbnail":0,"footnotes":""},"categories":[45],"tags":[],"class_list":["post-15305","post","type-post","status-publish","format-standard","has-post-thumbnail","hentry","category-patrimonio"],"yoast_head":"<!-- This site is optimized with the Yoast SEO plugin v27.5 - https:\/\/yoast.com\/product\/yoast-seo-wordpress\/ -->\n<title>Avanzan a buen ritmo las obras de la fachada interior de la PLAZA DE TOROS - MI Ayuntamiento de Caudete<\/title>\n<meta name=\"description\" content=\"P\u00e1gina Oficial del Ayuntamiento de Caudete (Albacete)\" \/>\n<meta name=\"robots\" content=\"index, follow, max-snippet:-1, max-image-preview:large, max-video-preview:-1\" \/>\n<link rel=\"canonical\" href=\"https:\/\/www.caudete.org\/ayuntamiento\/avanzan-a-buen-ritmo-las-obras-de-la-fachada-interior-de-la-plaza-de-toros\/\" \/>\n<meta property=\"og:locale\" content=\"es_ES\" \/>\n<meta property=\"og:type\" content=\"article\" \/>\n<meta property=\"og:title\" content=\"Avanzan a buen ritmo las obras de la fachada interior de la PLAZA DE TOROS - MI Ayuntamiento de Caudete\" \/>\n<meta property=\"og:description\" content=\"P\u00e1gina Oficial del Ayuntamiento de Caudete (Albacete)\" \/>\n<meta property=\"og:url\" content=\"https:\/\/www.caudete.org\/ayuntamiento\/avanzan-a-buen-ritmo-las-obras-de-la-fachada-interior-de-la-plaza-de-toros\/\" \/>\n<meta property=\"og:site_name\" content=\"MI Ayuntamiento de Caudete\" \/>\n<meta property=\"article:publisher\" content=\"https:\/\/www.facebook.com\/ayuntamientocaudete\/\" \/>\n<meta property=\"article:published_time\" content=\"2021-07-12T11:17:39+00:00\" \/>\n<meta property=\"og:image\" content=\"https:\/\/www.caudete.org\/ayuntamiento\/wp-content\/uploads\/2021\/07\/WhatsApp-Image-2021-07-12-at-13.11.13.jpeg\" \/>\n\t<meta property=\"og:image:width\" content=\"1600\" \/>\n\t<meta property=\"og:image:height\" content=\"1200\" \/>\n\t<meta property=\"og:image:type\" content=\"image\/jpeg\" \/>\n<meta name=\"author\" content=\"alcalde\" \/>\n<meta name=\"twitter:card\" content=\"summary_large_image\" \/>\n<meta name=\"twitter:label1\" content=\"Escrito por\" \/>\n\t<meta name=\"twitter:data1\" content=\"alcalde\" \/>\n\t<meta name=\"twitter:label2\" content=\"Tiempo de lectura\" \/>\n\t<meta name=\"twitter:data2\" content=\"2 minutos\" \/>\n<script type=\"application\/ld+json\" class=\"yoast-schema-graph\">{\"@context\":\"https:\\\/\\\/schema.org\",\"@graph\":[{\"@type\":\"Article\",\"@id\":\"https:\\\/\\\/www.caudete.org\\\/ayuntamiento\\\/avanzan-a-buen-ritmo-las-obras-de-la-fachada-interior-de-la-plaza-de-toros\\\/#article\",\"isPartOf\":{\"@id\":\"https:\\\/\\\/www.caudete.org\\\/ayuntamiento\\\/avanzan-a-buen-ritmo-las-obras-de-la-fachada-interior-de-la-plaza-de-toros\\\/\"},\"author\":{\"name\":\"alcalde\",\"@id\":\"https:\\\/\\\/www.caudete.org\\\/ayuntamiento\\\/#\\\/schema\\\/person\\\/cc646da9133078ee4d8dd47457947253\"},\"headline\":\"Avanzan a buen ritmo las obras de la fachada interior de la PLAZA DE TOROS\",\"datePublished\":\"2021-07-12T11:17:39+00:00\",\"mainEntityOfPage\":{\"@id\":\"https:\\\/\\\/www.caudete.org\\\/ayuntamiento\\\/avanzan-a-buen-ritmo-las-obras-de-la-fachada-interior-de-la-plaza-de-toros\\\/\"},\"wordCount\":249,\"image\":{\"@id\":\"https:\\\/\\\/www.caudete.org\\\/ayuntamiento\\\/avanzan-a-buen-ritmo-las-obras-de-la-fachada-interior-de-la-plaza-de-toros\\\/#primaryimage\"},\"thumbnailUrl\":\"https:\\\/\\\/www.caudete.org\\\/ayuntamiento\\\/wp-content\\\/uploads\\\/2021\\\/07\\\/WhatsApp-Image-2021-07-12-at-13.11.13.jpeg\",\"articleSection\":[\"Patrimonio\"],\"inLanguage\":\"es\"},{\"@type\":\"WebPage\",\"@id\":\"https:\\\/\\\/www.caudete.org\\\/ayuntamiento\\\/avanzan-a-buen-ritmo-las-obras-de-la-fachada-interior-de-la-plaza-de-toros\\\/\",\"url\":\"https:\\\/\\\/www.caudete.org\\\/ayuntamiento\\\/avanzan-a-buen-ritmo-las-obras-de-la-fachada-interior-de-la-plaza-de-toros\\\/\",\"name\":\"Avanzan a buen ritmo las obras de la fachada interior de la PLAZA DE TOROS - MI Ayuntamiento de Caudete\",\"isPartOf\":{\"@id\":\"https:\\\/\\\/www.caudete.org\\\/ayuntamiento\\\/#website\"},\"primaryImageOfPage\":{\"@id\":\"https:\\\/\\\/www.caudete.org\\\/ayuntamiento\\\/avanzan-a-buen-ritmo-las-obras-de-la-fachada-interior-de-la-plaza-de-toros\\\/#primaryimage\"},\"image\":{\"@id\":\"https:\\\/\\\/www.caudete.org\\\/ayuntamiento\\\/avanzan-a-buen-ritmo-las-obras-de-la-fachada-interior-de-la-plaza-de-toros\\\/#primaryimage\"},\"thumbnailUrl\":\"https:\\\/\\\/www.caudete.org\\\/ayuntamiento\\\/wp-content\\\/uploads\\\/2021\\\/07\\\/WhatsApp-Image-2021-07-12-at-13.11.13.jpeg\",\"datePublished\":\"2021-07-12T11:17:39+00:00\",\"author\":{\"@id\":\"https:\\\/\\\/www.caudete.org\\\/ayuntamiento\\\/#\\\/schema\\\/person\\\/cc646da9133078ee4d8dd47457947253\"},\"description\":\"P\u00e1gina Oficial del Ayuntamiento de Caudete (Albacete)\",\"breadcrumb\":{\"@id\":\"https:\\\/\\\/www.caudete.org\\\/ayuntamiento\\\/avanzan-a-buen-ritmo-las-obras-de-la-fachada-interior-de-la-plaza-de-toros\\\/#breadcrumb\"},\"inLanguage\":\"es\",\"potentialAction\":[{\"@type\":\"ReadAction\",\"target\":[\"https:\\\/\\\/www.caudete.org\\\/ayuntamiento\\\/avanzan-a-buen-ritmo-las-obras-de-la-fachada-interior-de-la-plaza-de-toros\\\/\"]}]},{\"@type\":\"ImageObject\",\"inLanguage\":\"es\",\"@id\":\"https:\\\/\\\/www.caudete.org\\\/ayuntamiento\\\/avanzan-a-buen-ritmo-las-obras-de-la-fachada-interior-de-la-plaza-de-toros\\\/#primaryimage\",\"url\":\"https:\\\/\\\/www.caudete.org\\\/ayuntamiento\\\/wp-content\\\/uploads\\\/2021\\\/07\\\/WhatsApp-Image-2021-07-12-at-13.11.13.jpeg\",\"contentUrl\":\"https:\\\/\\\/www.caudete.org\\\/ayuntamiento\\\/wp-content\\\/uploads\\\/2021\\\/07\\\/WhatsApp-Image-2021-07-12-at-13.11.13.jpeg\",\"width\":1600,\"height\":1200},{\"@type\":\"BreadcrumbList\",\"@id\":\"https:\\\/\\\/www.caudete.org\\\/ayuntamiento\\\/avanzan-a-buen-ritmo-las-obras-de-la-fachada-interior-de-la-plaza-de-toros\\\/#breadcrumb\",\"itemListElement\":[{\"@type\":\"ListItem\",\"position\":1,\"name\":\"Inicio\",\"item\":\"https:\\\/\\\/www.caudete.org\\\/ayuntamiento\\\/\"},{\"@type\":\"ListItem\",\"position\":2,\"name\":\"Avanzan a buen ritmo las obras de la fachada interior de la PLAZA DE TOROS\"}]},{\"@type\":\"WebSite\",\"@id\":\"https:\\\/\\\/www.caudete.org\\\/ayuntamiento\\\/#website\",\"url\":\"https:\\\/\\\/www.caudete.org\\\/ayuntamiento\\\/\",\"name\":\"MI Ayuntamiento de Caudete\",\"description\":\"P\u00e1gina Oficial del MI Ayuntamiento de Caudete\",\"potentialAction\":[{\"@type\":\"SearchAction\",\"target\":{\"@type\":\"EntryPoint\",\"urlTemplate\":\"https:\\\/\\\/www.caudete.org\\\/ayuntamiento\\\/?s={search_term_string}\"},\"query-input\":{\"@type\":\"PropertyValueSpecification\",\"valueRequired\":true,\"valueName\":\"search_term_string\"}}],\"inLanguage\":\"es\"},{\"@type\":\"Person\",\"@id\":\"https:\\\/\\\/www.caudete.org\\\/ayuntamiento\\\/#\\\/schema\\\/person\\\/cc646da9133078ee4d8dd47457947253\",\"name\":\"alcalde\",\"image\":{\"@type\":\"ImageObject\",\"inLanguage\":\"es\",\"@id\":\"https:\\\/\\\/secure.gravatar.com\\\/avatar\\\/84a817ba065b29ff08d666b215a215f5c79186a645ccb25b14a663d48a130f77?s=96&d=mm&r=g\",\"url\":\"https:\\\/\\\/secure.gravatar.com\\\/avatar\\\/84a817ba065b29ff08d666b215a215f5c79186a645ccb25b14a663d48a130f77?s=96&d=mm&r=g\",\"contentUrl\":\"https:\\\/\\\/secure.gravatar.com\\\/avatar\\\/84a817ba065b29ff08d666b215a215f5c79186a645ccb25b14a663d48a130f77?s=96&d=mm&r=g\",\"caption\":\"alcalde\"},\"url\":\"https:\\\/\\\/www.caudete.org\\\/ayuntamiento\\\/author\\\/alcalde\\\/\"}]}<\/script>\n<!-- \/ Yoast SEO plugin. -->","yoast_head_json":{"title":"Avanzan a buen ritmo las obras de la fachada interior de la PLAZA DE TOROS - MI Ayuntamiento de Caudete","description":"P\u00e1gina Oficial del Ayuntamiento de Caudete (Albacete)","robots":{"index":"index","follow":"follow","max-snippet":"max-snippet:-1","max-image-preview":"max-image-preview:large","max-video-preview":"max-video-preview:-1"},"canonical":"https:\/\/www.caudete.org\/ayuntamiento\/avanzan-a-buen-ritmo-las-obras-de-la-fachada-interior-de-la-plaza-de-toros\/","og_locale":"es_ES","og_type":"article","og_title":"Avanzan a buen ritmo las obras de la fachada interior de la PLAZA DE TOROS - MI Ayuntamiento de Caudete","og_description":"P\u00e1gina Oficial del Ayuntamiento de Caudete (Albacete)","og_url":"https:\/\/www.caudete.org\/ayuntamiento\/avanzan-a-buen-ritmo-las-obras-de-la-fachada-interior-de-la-plaza-de-toros\/","og_site_name":"MI Ayuntamiento de Caudete","article_publisher":"https:\/\/www.facebook.com\/ayuntamientocaudete\/","article_published_time":"2021-07-12T11:17:39+00:00","og_image":[{"width":1600,"height":1200,"url":"https:\/\/www.caudete.org\/ayuntamiento\/wp-content\/uploads\/2021\/07\/WhatsApp-Image-2021-07-12-at-13.11.13.jpeg","type":"image\/jpeg"}],"author":"alcalde","twitter_card":"summary_large_image","twitter_misc":{"Escrito por":"alcalde","Tiempo de lectura":"2 minutos"},"schema":{"@context":"https:\/\/schema.org","@graph":[{"@type":"Article","@id":"https:\/\/www.caudete.org\/ayuntamiento\/avanzan-a-buen-ritmo-las-obras-de-la-fachada-interior-de-la-plaza-de-toros\/#article","isPartOf":{"@id":"https:\/\/www.caudete.org\/ayuntamiento\/avanzan-a-buen-ritmo-las-obras-de-la-fachada-interior-de-la-plaza-de-toros\/"},"author":{"name":"alcalde","@id":"https:\/\/www.caudete.org\/ayuntamiento\/#\/schema\/person\/cc646da9133078ee4d8dd47457947253"},"headline":"Avanzan a buen ritmo las obras de la fachada interior de la PLAZA DE TOROS","datePublished":"2021-07-12T11:17:39+00:00","mainEntityOfPage":{"@id":"https:\/\/www.caudete.org\/ayuntamiento\/avanzan-a-buen-ritmo-las-obras-de-la-fachada-interior-de-la-plaza-de-toros\/"},"wordCount":249,"image":{"@id":"https:\/\/www.caudete.org\/ayuntamiento\/avanzan-a-buen-ritmo-las-obras-de-la-fachada-interior-de-la-plaza-de-toros\/#primaryimage"},"thumbnailUrl":"https:\/\/www.caudete.org\/ayuntamiento\/wp-content\/uploads\/2021\/07\/WhatsApp-Image-2021-07-12-at-13.11.13.jpeg","articleSection":["Patrimonio"],"inLanguage":"es"},{"@type":"WebPage","@id":"https:\/\/www.caudete.org\/ayuntamiento\/avanzan-a-buen-ritmo-las-obras-de-la-fachada-interior-de-la-plaza-de-toros\/","url":"https:\/\/www.caudete.org\/ayuntamiento\/avanzan-a-buen-ritmo-las-obras-de-la-fachada-interior-de-la-plaza-de-toros\/","name":"Avanzan a buen ritmo las obras de la fachada interior de la PLAZA DE TOROS - MI Ayuntamiento de Caudete","isPartOf":{"@id":"https:\/\/www.caudete.org\/ayuntamiento\/#website"},"primaryImageOfPage":{"@id":"https:\/\/www.caudete.org\/ayuntamiento\/avanzan-a-buen-ritmo-las-obras-de-la-fachada-interior-de-la-plaza-de-toros\/#primaryimage"},"image":{"@id":"https:\/\/www.caudete.org\/ayuntamiento\/avanzan-a-buen-ritmo-las-obras-de-la-fachada-interior-de-la-plaza-de-toros\/#primaryimage"},"thumbnailUrl":"https:\/\/www.caudete.org\/ayuntamiento\/wp-content\/uploads\/2021\/07\/WhatsApp-Image-2021-07-12-at-13.11.13.jpeg","datePublished":"2021-07-12T11:17:39+00:00","author":{"@id":"https:\/\/www.caudete.org\/ayuntamiento\/#\/schema\/person\/cc646da9133078ee4d8dd47457947253"},"description":"P\u00e1gina Oficial del Ayuntamiento de Caudete (Albacete)","breadcrumb":{"@id":"https:\/\/www.caudete.org\/ayuntamiento\/avanzan-a-buen-ritmo-las-obras-de-la-fachada-interior-de-la-plaza-de-toros\/#breadcrumb"},"inLanguage":"es","potentialAction":[{"@type":"ReadAction","target":["https:\/\/www.caudete.org\/ayuntamiento\/avanzan-a-buen-ritmo-las-obras-de-la-fachada-interior-de-la-plaza-de-toros\/"]}]},{"@type":"ImageObject","inLanguage":"es","@id":"https:\/\/www.caudete.org\/ayuntamiento\/avanzan-a-buen-ritmo-las-obras-de-la-fachada-interior-de-la-plaza-de-toros\/#primaryimage","url":"https:\/\/www.caudete.org\/ayuntamiento\/wp-content\/uploads\/2021\/07\/WhatsApp-Image-2021-07-12-at-13.11.13.jpeg","contentUrl":"https:\/\/www.caudete.org\/ayuntamiento\/wp-content\/uploads\/2021\/07\/WhatsApp-Image-2021-07-12-at-13.11.13.jpeg","width":1600,"height":1200},{"@type":"BreadcrumbList","@id":"https:\/\/www.caudete.org\/ayuntamiento\/avanzan-a-buen-ritmo-las-obras-de-la-fachada-interior-de-la-plaza-de-toros\/#breadcrumb","itemListElement":[{"@type":"ListItem","position":1,"name":"Inicio","item":"https:\/\/www.caudete.org\/ayuntamiento\/"},{"@type":"ListItem","position":2,"name":"Avanzan a buen ritmo las obras de la fachada interior de la PLAZA DE TOROS"}]},{"@type":"WebSite","@id":"https:\/\/www.caudete.org\/ayuntamiento\/#website","url":"https:\/\/www.caudete.org\/ayuntamiento\/","name":"MI Ayuntamiento de Caudete","description":"P\u00e1gina Oficial del MI Ayuntamiento de Caudete","potentialAction":[{"@type":"SearchAction","target":{"@type":"EntryPoint","urlTemplate":"https:\/\/www.caudete.org\/ayuntamiento\/?s={search_term_string}"},"query-input":{"@type":"PropertyValueSpecification","valueRequired":true,"valueName":"search_term_string"}}],"inLanguage":"es"},{"@type":"Person","@id":"https:\/\/www.caudete.org\/ayuntamiento\/#\/schema\/person\/cc646da9133078ee4d8dd47457947253","name":"alcalde","image":{"@type":"ImageObject","inLanguage":"es","@id":"https:\/\/secure.gravatar.com\/avatar\/84a817ba065b29ff08d666b215a215f5c79186a645ccb25b14a663d48a130f77?s=96&d=mm&r=g","url":"https:\/\/secure.gravatar.com\/avatar\/84a817ba065b29ff08d666b215a215f5c79186a645ccb25b14a663d48a130f77?s=96&d=mm&r=g","contentUrl":"https:\/\/secure.gravatar.com\/avatar\/84a817ba065b29ff08d666b215a215f5c79186a645ccb25b14a663d48a130f77?s=96&d=mm&r=g","caption":"alcalde"},"url":"https:\/\/www.caudete.org\/ayuntamiento\/author\/alcalde\/"}]}},"_links":{"self":[{"href":"https:\/\/www.caudete.org\/ayuntamiento\/wp-json\/wp\/v2\/posts\/15305","targetHints":{"allow":["GET"]}}],"collection":[{"href":"https:\/\/www.caudete.org\/ayuntamiento\/wp-json\/wp\/v2\/posts"}],"about":[{"href":"https:\/\/www.caudete.org\/ayuntamiento\/wp-json\/wp\/v2\/types\/post"}],"author":[{"embeddable":true,"href":"https:\/\/www.caudete.org\/ayuntamiento\/wp-json\/wp\/v2\/users\/3"}],"replies":[{"embeddable":true,"href":"https:\/\/www.caudete.org\/ayuntamiento\/wp-json\/wp\/v2\/comments?post=15305"}],"version-history":[{"count":1,"href":"https:\/\/www.caudete.org\/ayuntamiento\/wp-json\/wp\/v2\/posts\/15305\/revisions"}],"predecessor-version":[{"id":15314,"href":"https:\/\/www.caudete.org\/ayuntamiento\/wp-json\/wp\/v2\/posts\/15305\/revisions\/15314"}],"wp:featuredmedia":[{"embeddable":true,"href":"https:\/\/www.caudete.org\/ayuntamiento\/wp-json\/wp\/v2\/media\/15311"}],"wp:attachment":[{"href":"https:\/\/www.caudete.org\/ayuntamiento\/wp-json\/wp\/v2\/media?parent=15305"}],"wp:term":[{"taxonomy":"category","embeddable":true,"href":"https:\/\/www.caudete.org\/ayuntamiento\/wp-json\/wp\/v2\/categories?post=15305"},{"taxonomy":"post_tag","embeddable":true,"href":"https:\/\/www.caudete.org\/ayuntamiento\/wp-json\/wp\/v2\/tags?post=15305"}],"curies":[{"name":"wp","href":"https:\/\/api.w.org\/{rel}","templated":true}]}}