{"id":15316,"date":"2021-07-13T19:37:01","date_gmt":"2021-07-13T17:37:01","guid":{"rendered":"https:\/\/www.caudete.org\/ayuntamiento\/?p=15316"},"modified":"2021-07-13T19:37:58","modified_gmt":"2021-07-13T17:37:58","slug":"abierta-a-consulta-publica-la-ordenanza-fiscal-por-derechos-de-examen","status":"publish","type":"post","link":"https:\/\/www.caudete.org\/ayuntamiento\/abierta-a-consulta-publica-la-ordenanza-fiscal-por-derechos-de-examen\/","title":{"rendered":"Abierta a consulta p\u00fablica la Ordenanza Fiscal por derechos de examen"},"content":{"rendered":"<p style=\"text-align: justify;\">Pilar Egea, Concejal de Participaci\u00f3n Ciudadana, ha comparecido esta ma\u00f1ana para informar a los caudetanos de la apertura del proceso de consulta p\u00fablica de la <em>Ordenanza Fiscal por derechos de examen<\/em><em>,<\/em>\u00a0tras ser incluida en el Plan Anual Normativo 2021 ratificado hace unas semanas por la Junta de Gobierno Local.<\/p>\n<p style=\"text-align: justify;\">La redacci\u00f3n de esta nueva Ordenanza busca establecer una tasa por la actividad t\u00e9cnica y administrativa conducente a la selecci\u00f3n del personal funcionario y laboral entre quienes soliciten participar en las correspondientes pruebas de acceso o de promoci\u00f3n a los Cuerpos o<br \/>\nEscalas de funcionarios o a las categor\u00edas de personal laboral convocadas por este Ayuntamiento.<\/p>\n<p style=\"text-align: justify;\">En ella, se establecer\u00e1n diferentes secciones, para as\u00ed cubrir los gastos de aquellas pruebas que precisen de reconocimiento m\u00e9dico, anal\u00edticas o pruebas psicot\u00e9cnicas y psicol\u00f3gicas a los aspirantes. Adem\u00e1s, pretende el texto establecer una serie de exenciones y bonificaciones en determinados supuestos.<\/p>\n<p style=\"text-align: justify;\">El expediente, gestionado por el \u00c1rea de Recaudaci\u00f3n y Tesorer\u00eda al mando del Concejal Luis Felipe Ba\u00f1\u00f3n, busca hacer m\u00e1s eficientes los recursos econ\u00f3micos municipales, y permitir recuperar parte de los caudales puestos a disposici\u00f3n de diferentes procesos selectivos.<\/p>\n<p style=\"text-align: justify;\">Cabe destacar que ser\u00e1 la primera vez que el Consistorio caudetano desarrolle un documento que regular y establecer una tasa para esta casu\u00edstica. No obstante, remarcan desde el Gobierno Municipal que las propuestas ser\u00e1n de la media de poblaciones del entorno que cuentan con dicho texto normativo.<\/p>\n<p style=\"text-align: justify;\">Pilar Egea remarcaba que \u201c<em>una vez m\u00e1s<\/em> <em>se abre un proceso que pretende mejorar la participaci\u00f3n de los ciudadanos en el procedimiento de elaboraci\u00f3n de las normas municipales, donde su opini\u00f3n es importante para conseguir una norma que aporte diferentes puntos de vista, que sea dise\u00f1ada por todos, y que sea por tanto participativa<\/em>\u201c.\u00a0<a href=\"https:\/\/www.caudete.org\/ayuntamiento\/consulta-publica-preaprobacion\/\">https:\/\/www.caudete.org\/ayuntamiento\/consulta-publica-preaprobacion\/<\/a><\/p>\n<p style=\"text-align: justify;\">Todo ello, atendiendo a la Ley 39\/2015, de 1 de octubre, del Procedimiento Administrativo Com\u00fan de las Administraciones P\u00fablicas, en base a la cual \u201c<em>todos los ciudadanos, organizaciones y asociaciones que as\u00ed lo consideren pueden hacer llegar sus opiniones\u201d\u00a0<\/em>y <strong>aportaciones<\/strong> al respecto<em>,\u00a0<\/em>present\u00e1ndolas <strong>por escrito en el Registro General de Entrada del M.I. Ayuntamiento<\/strong> de Caudete, tal y como manifestaba la Edil, siendo el plazo habilitado <strong>hasta el 18 de Julio<\/strong>.<\/p>\n<p style=\"text-align: justify;\">Finalizado el plazo, se analizar\u00e1n por los T\u00e9cnicos Municipales, incluy\u00e9ndose, en caso que as\u00ed se considere, en la propuesta de Ordenanza respectiva, que se elevar\u00e1 a Comisi\u00f3n Informativa para su Dictamen, y a Pleno para la adopci\u00f3n del acuerdo oportuno, dando posteriormente tr\u00e1mite al resto del procedimiento de aprobaci\u00f3n.<\/p>\n","protected":false},"excerpt":{"rendered":"<p>Pilar Egea, Concejal de Participaci\u00f3n Ciudadana, ha comparecido esta ma\u00f1ana para informar a los caudetanos de la apertura del proceso de consulta p\u00fablica de la Ordenanza Fiscal por derechos de examen,\u00a0tras ser incluida en el Plan Anual Normativo 2021 ratificado hace unas semanas por la Junta de Gobierno Local. La redacci\u00f3n de esta nueva Ordenanza &hellip;<\/p>\n","protected":false},"author":3,"featured_media":13295,"comment_status":"closed","ping_status":"open","sticky":false,"template":"","format":"standard","meta":{"ngg_post_thumbnail":0,"footnotes":""},"categories":[38],"tags":[],"class_list":["post-15316","post","type-post","status-publish","format-standard","has-post-thumbnail","hentry","category-participacion-ciudadana"],"yoast_head":"<!-- This site is optimized with the Yoast SEO plugin v27.5 - https:\/\/yoast.com\/product\/yoast-seo-wordpress\/ -->\n<title>Abierta a consulta p\u00fablica la Ordenanza Fiscal por derechos de examen - MI Ayuntamiento de Caudete<\/title>\n<meta name=\"description\" content=\"P\u00e1gina Oficial del Ayuntamiento de Caudete (Albacete)\" \/>\n<meta name=\"robots\" content=\"index, follow, max-snippet:-1, max-image-preview:large, max-video-preview:-1\" \/>\n<link rel=\"canonical\" href=\"https:\/\/www.caudete.org\/ayuntamiento\/abierta-a-consulta-publica-la-ordenanza-fiscal-por-derechos-de-examen\/\" \/>\n<meta property=\"og:locale\" content=\"es_ES\" \/>\n<meta property=\"og:type\" content=\"article\" \/>\n<meta property=\"og:title\" content=\"Abierta a consulta p\u00fablica la Ordenanza Fiscal por derechos de examen - MI Ayuntamiento de Caudete\" \/>\n<meta property=\"og:description\" content=\"P\u00e1gina Oficial del Ayuntamiento de Caudete (Albacete)\" \/>\n<meta property=\"og:url\" content=\"https:\/\/www.caudete.org\/ayuntamiento\/abierta-a-consulta-publica-la-ordenanza-fiscal-por-derechos-de-examen\/\" \/>\n<meta property=\"og:site_name\" content=\"MI Ayuntamiento de Caudete\" \/>\n<meta property=\"article:publisher\" content=\"https:\/\/www.facebook.com\/ayuntamientocaudete\/\" \/>\n<meta property=\"article:published_time\" content=\"2021-07-13T17:37:01+00:00\" \/>\n<meta property=\"article:modified_time\" content=\"2021-07-13T17:37:58+00:00\" \/>\n<meta property=\"og:image\" content=\"https:\/\/www.caudete.org\/ayuntamiento\/wp-content\/uploads\/2021\/03\/pilar_egea_2_caudete_digital.jpg\" \/>\n\t<meta property=\"og:image:width\" content=\"620\" \/>\n\t<meta property=\"og:image:height\" content=\"335\" \/>\n\t<meta property=\"og:image:type\" content=\"image\/jpeg\" \/>\n<meta name=\"author\" content=\"alcalde\" \/>\n<meta name=\"twitter:card\" content=\"summary_large_image\" \/>\n<meta name=\"twitter:label1\" content=\"Escrito por\" \/>\n\t<meta name=\"twitter:data1\" content=\"alcalde\" \/>\n\t<meta name=\"twitter:label2\" content=\"Tiempo de lectura\" \/>\n\t<meta name=\"twitter:data2\" content=\"2 minutos\" \/>\n<script type=\"application\/ld+json\" class=\"yoast-schema-graph\">{\"@context\":\"https:\\\/\\\/schema.org\",\"@graph\":[{\"@type\":\"Article\",\"@id\":\"https:\\\/\\\/www.caudete.org\\\/ayuntamiento\\\/abierta-a-consulta-publica-la-ordenanza-fiscal-por-derechos-de-examen\\\/#article\",\"isPartOf\":{\"@id\":\"https:\\\/\\\/www.caudete.org\\\/ayuntamiento\\\/abierta-a-consulta-publica-la-ordenanza-fiscal-por-derechos-de-examen\\\/\"},\"author\":{\"name\":\"alcalde\",\"@id\":\"https:\\\/\\\/www.caudete.org\\\/ayuntamiento\\\/#\\\/schema\\\/person\\\/cc646da9133078ee4d8dd47457947253\"},\"headline\":\"Abierta a consulta p\u00fablica la Ordenanza Fiscal por derechos de examen\",\"datePublished\":\"2021-07-13T17:37:01+00:00\",\"dateModified\":\"2021-07-13T17:37:58+00:00\",\"mainEntityOfPage\":{\"@id\":\"https:\\\/\\\/www.caudete.org\\\/ayuntamiento\\\/abierta-a-consulta-publica-la-ordenanza-fiscal-por-derechos-de-examen\\\/\"},\"wordCount\":461,\"image\":{\"@id\":\"https:\\\/\\\/www.caudete.org\\\/ayuntamiento\\\/abierta-a-consulta-publica-la-ordenanza-fiscal-por-derechos-de-examen\\\/#primaryimage\"},\"thumbnailUrl\":\"https:\\\/\\\/www.caudete.org\\\/ayuntamiento\\\/wp-content\\\/uploads\\\/2021\\\/03\\\/pilar_egea_2_caudete_digital.jpg\",\"articleSection\":[\"Participaci\u00f3n Ciudadana\"],\"inLanguage\":\"es\"},{\"@type\":\"WebPage\",\"@id\":\"https:\\\/\\\/www.caudete.org\\\/ayuntamiento\\\/abierta-a-consulta-publica-la-ordenanza-fiscal-por-derechos-de-examen\\\/\",\"url\":\"https:\\\/\\\/www.caudete.org\\\/ayuntamiento\\\/abierta-a-consulta-publica-la-ordenanza-fiscal-por-derechos-de-examen\\\/\",\"name\":\"Abierta a consulta p\u00fablica la Ordenanza Fiscal por derechos de examen - MI Ayuntamiento de Caudete\",\"isPartOf\":{\"@id\":\"https:\\\/\\\/www.caudete.org\\\/ayuntamiento\\\/#website\"},\"primaryImageOfPage\":{\"@id\":\"https:\\\/\\\/www.caudete.org\\\/ayuntamiento\\\/abierta-a-consulta-publica-la-ordenanza-fiscal-por-derechos-de-examen\\\/#primaryimage\"},\"image\":{\"@id\":\"https:\\\/\\\/www.caudete.org\\\/ayuntamiento\\\/abierta-a-consulta-publica-la-ordenanza-fiscal-por-derechos-de-examen\\\/#primaryimage\"},\"thumbnailUrl\":\"https:\\\/\\\/www.caudete.org\\\/ayuntamiento\\\/wp-content\\\/uploads\\\/2021\\\/03\\\/pilar_egea_2_caudete_digital.jpg\",\"datePublished\":\"2021-07-13T17:37:01+00:00\",\"dateModified\":\"2021-07-13T17:37:58+00:00\",\"author\":{\"@id\":\"https:\\\/\\\/www.caudete.org\\\/ayuntamiento\\\/#\\\/schema\\\/person\\\/cc646da9133078ee4d8dd47457947253\"},\"description\":\"P\u00e1gina Oficial del Ayuntamiento de Caudete (Albacete)\",\"breadcrumb\":{\"@id\":\"https:\\\/\\\/www.caudete.org\\\/ayuntamiento\\\/abierta-a-consulta-publica-la-ordenanza-fiscal-por-derechos-de-examen\\\/#breadcrumb\"},\"inLanguage\":\"es\",\"potentialAction\":[{\"@type\":\"ReadAction\",\"target\":[\"https:\\\/\\\/www.caudete.org\\\/ayuntamiento\\\/abierta-a-consulta-publica-la-ordenanza-fiscal-por-derechos-de-examen\\\/\"]}]},{\"@type\":\"ImageObject\",\"inLanguage\":\"es\",\"@id\":\"https:\\\/\\\/www.caudete.org\\\/ayuntamiento\\\/abierta-a-consulta-publica-la-ordenanza-fiscal-por-derechos-de-examen\\\/#primaryimage\",\"url\":\"https:\\\/\\\/www.caudete.org\\\/ayuntamiento\\\/wp-content\\\/uploads\\\/2021\\\/03\\\/pilar_egea_2_caudete_digital.jpg\",\"contentUrl\":\"https:\\\/\\\/www.caudete.org\\\/ayuntamiento\\\/wp-content\\\/uploads\\\/2021\\\/03\\\/pilar_egea_2_caudete_digital.jpg\",\"width\":620,\"height\":335},{\"@type\":\"BreadcrumbList\",\"@id\":\"https:\\\/\\\/www.caudete.org\\\/ayuntamiento\\\/abierta-a-consulta-publica-la-ordenanza-fiscal-por-derechos-de-examen\\\/#breadcrumb\",\"itemListElement\":[{\"@type\":\"ListItem\",\"position\":1,\"name\":\"Inicio\",\"item\":\"https:\\\/\\\/www.caudete.org\\\/ayuntamiento\\\/\"},{\"@type\":\"ListItem\",\"position\":2,\"name\":\"Abierta a consulta p\u00fablica la Ordenanza Fiscal por derechos de examen\"}]},{\"@type\":\"WebSite\",\"@id\":\"https:\\\/\\\/www.caudete.org\\\/ayuntamiento\\\/#website\",\"url\":\"https:\\\/\\\/www.caudete.org\\\/ayuntamiento\\\/\",\"name\":\"MI Ayuntamiento de Caudete\",\"description\":\"P\u00e1gina Oficial del MI Ayuntamiento de Caudete\",\"potentialAction\":[{\"@type\":\"SearchAction\",\"target\":{\"@type\":\"EntryPoint\",\"urlTemplate\":\"https:\\\/\\\/www.caudete.org\\\/ayuntamiento\\\/?s={search_term_string}\"},\"query-input\":{\"@type\":\"PropertyValueSpecification\",\"valueRequired\":true,\"valueName\":\"search_term_string\"}}],\"inLanguage\":\"es\"},{\"@type\":\"Person\",\"@id\":\"https:\\\/\\\/www.caudete.org\\\/ayuntamiento\\\/#\\\/schema\\\/person\\\/cc646da9133078ee4d8dd47457947253\",\"name\":\"alcalde\",\"image\":{\"@type\":\"ImageObject\",\"inLanguage\":\"es\",\"@id\":\"https:\\\/\\\/secure.gravatar.com\\\/avatar\\\/84a817ba065b29ff08d666b215a215f5c79186a645ccb25b14a663d48a130f77?s=96&d=mm&r=g\",\"url\":\"https:\\\/\\\/secure.gravatar.com\\\/avatar\\\/84a817ba065b29ff08d666b215a215f5c79186a645ccb25b14a663d48a130f77?s=96&d=mm&r=g\",\"contentUrl\":\"https:\\\/\\\/secure.gravatar.com\\\/avatar\\\/84a817ba065b29ff08d666b215a215f5c79186a645ccb25b14a663d48a130f77?s=96&d=mm&r=g\",\"caption\":\"alcalde\"},\"url\":\"https:\\\/\\\/www.caudete.org\\\/ayuntamiento\\\/author\\\/alcalde\\\/\"}]}<\/script>\n<!-- \/ Yoast SEO plugin. -->","yoast_head_json":{"title":"Abierta a consulta p\u00fablica la Ordenanza Fiscal por derechos de examen - MI Ayuntamiento de Caudete","description":"P\u00e1gina Oficial del Ayuntamiento de Caudete (Albacete)","robots":{"index":"index","follow":"follow","max-snippet":"max-snippet:-1","max-image-preview":"max-image-preview:large","max-video-preview":"max-video-preview:-1"},"canonical":"https:\/\/www.caudete.org\/ayuntamiento\/abierta-a-consulta-publica-la-ordenanza-fiscal-por-derechos-de-examen\/","og_locale":"es_ES","og_type":"article","og_title":"Abierta a consulta p\u00fablica la Ordenanza Fiscal por derechos de examen - MI Ayuntamiento de Caudete","og_description":"P\u00e1gina Oficial del Ayuntamiento de Caudete (Albacete)","og_url":"https:\/\/www.caudete.org\/ayuntamiento\/abierta-a-consulta-publica-la-ordenanza-fiscal-por-derechos-de-examen\/","og_site_name":"MI Ayuntamiento de Caudete","article_publisher":"https:\/\/www.facebook.com\/ayuntamientocaudete\/","article_published_time":"2021-07-13T17:37:01+00:00","article_modified_time":"2021-07-13T17:37:58+00:00","og_image":[{"width":620,"height":335,"url":"https:\/\/www.caudete.org\/ayuntamiento\/wp-content\/uploads\/2021\/03\/pilar_egea_2_caudete_digital.jpg","type":"image\/jpeg"}],"author":"alcalde","twitter_card":"summary_large_image","twitter_misc":{"Escrito por":"alcalde","Tiempo de lectura":"2 minutos"},"schema":{"@context":"https:\/\/schema.org","@graph":[{"@type":"Article","@id":"https:\/\/www.caudete.org\/ayuntamiento\/abierta-a-consulta-publica-la-ordenanza-fiscal-por-derechos-de-examen\/#article","isPartOf":{"@id":"https:\/\/www.caudete.org\/ayuntamiento\/abierta-a-consulta-publica-la-ordenanza-fiscal-por-derechos-de-examen\/"},"author":{"name":"alcalde","@id":"https:\/\/www.caudete.org\/ayuntamiento\/#\/schema\/person\/cc646da9133078ee4d8dd47457947253"},"headline":"Abierta a consulta p\u00fablica la Ordenanza Fiscal por derechos de examen","datePublished":"2021-07-13T17:37:01+00:00","dateModified":"2021-07-13T17:37:58+00:00","mainEntityOfPage":{"@id":"https:\/\/www.caudete.org\/ayuntamiento\/abierta-a-consulta-publica-la-ordenanza-fiscal-por-derechos-de-examen\/"},"wordCount":461,"image":{"@id":"https:\/\/www.caudete.org\/ayuntamiento\/abierta-a-consulta-publica-la-ordenanza-fiscal-por-derechos-de-examen\/#primaryimage"},"thumbnailUrl":"https:\/\/www.caudete.org\/ayuntamiento\/wp-content\/uploads\/2021\/03\/pilar_egea_2_caudete_digital.jpg","articleSection":["Participaci\u00f3n Ciudadana"],"inLanguage":"es"},{"@type":"WebPage","@id":"https:\/\/www.caudete.org\/ayuntamiento\/abierta-a-consulta-publica-la-ordenanza-fiscal-por-derechos-de-examen\/","url":"https:\/\/www.caudete.org\/ayuntamiento\/abierta-a-consulta-publica-la-ordenanza-fiscal-por-derechos-de-examen\/","name":"Abierta a consulta p\u00fablica la Ordenanza Fiscal por derechos de examen - MI Ayuntamiento de Caudete","isPartOf":{"@id":"https:\/\/www.caudete.org\/ayuntamiento\/#website"},"primaryImageOfPage":{"@id":"https:\/\/www.caudete.org\/ayuntamiento\/abierta-a-consulta-publica-la-ordenanza-fiscal-por-derechos-de-examen\/#primaryimage"},"image":{"@id":"https:\/\/www.caudete.org\/ayuntamiento\/abierta-a-consulta-publica-la-ordenanza-fiscal-por-derechos-de-examen\/#primaryimage"},"thumbnailUrl":"https:\/\/www.caudete.org\/ayuntamiento\/wp-content\/uploads\/2021\/03\/pilar_egea_2_caudete_digital.jpg","datePublished":"2021-07-13T17:37:01+00:00","dateModified":"2021-07-13T17:37:58+00:00","author":{"@id":"https:\/\/www.caudete.org\/ayuntamiento\/#\/schema\/person\/cc646da9133078ee4d8dd47457947253"},"description":"P\u00e1gina Oficial del Ayuntamiento de Caudete (Albacete)","breadcrumb":{"@id":"https:\/\/www.caudete.org\/ayuntamiento\/abierta-a-consulta-publica-la-ordenanza-fiscal-por-derechos-de-examen\/#breadcrumb"},"inLanguage":"es","potentialAction":[{"@type":"ReadAction","target":["https:\/\/www.caudete.org\/ayuntamiento\/abierta-a-consulta-publica-la-ordenanza-fiscal-por-derechos-de-examen\/"]}]},{"@type":"ImageObject","inLanguage":"es","@id":"https:\/\/www.caudete.org\/ayuntamiento\/abierta-a-consulta-publica-la-ordenanza-fiscal-por-derechos-de-examen\/#primaryimage","url":"https:\/\/www.caudete.org\/ayuntamiento\/wp-content\/uploads\/2021\/03\/pilar_egea_2_caudete_digital.jpg","contentUrl":"https:\/\/www.caudete.org\/ayuntamiento\/wp-content\/uploads\/2021\/03\/pilar_egea_2_caudete_digital.jpg","width":620,"height":335},{"@type":"BreadcrumbList","@id":"https:\/\/www.caudete.org\/ayuntamiento\/abierta-a-consulta-publica-la-ordenanza-fiscal-por-derechos-de-examen\/#breadcrumb","itemListElement":[{"@type":"ListItem","position":1,"name":"Inicio","item":"https:\/\/www.caudete.org\/ayuntamiento\/"},{"@type":"ListItem","position":2,"name":"Abierta a consulta p\u00fablica la Ordenanza Fiscal por derechos de examen"}]},{"@type":"WebSite","@id":"https:\/\/www.caudete.org\/ayuntamiento\/#website","url":"https:\/\/www.caudete.org\/ayuntamiento\/","name":"MI Ayuntamiento de Caudete","description":"P\u00e1gina Oficial del MI Ayuntamiento de Caudete","potentialAction":[{"@type":"SearchAction","target":{"@type":"EntryPoint","urlTemplate":"https:\/\/www.caudete.org\/ayuntamiento\/?s={search_term_string}"},"query-input":{"@type":"PropertyValueSpecification","valueRequired":true,"valueName":"search_term_string"}}],"inLanguage":"es"},{"@type":"Person","@id":"https:\/\/www.caudete.org\/ayuntamiento\/#\/schema\/person\/cc646da9133078ee4d8dd47457947253","name":"alcalde","image":{"@type":"ImageObject","inLanguage":"es","@id":"https:\/\/secure.gravatar.com\/avatar\/84a817ba065b29ff08d666b215a215f5c79186a645ccb25b14a663d48a130f77?s=96&d=mm&r=g","url":"https:\/\/secure.gravatar.com\/avatar\/84a817ba065b29ff08d666b215a215f5c79186a645ccb25b14a663d48a130f77?s=96&d=mm&r=g","contentUrl":"https:\/\/secure.gravatar.com\/avatar\/84a817ba065b29ff08d666b215a215f5c79186a645ccb25b14a663d48a130f77?s=96&d=mm&r=g","caption":"alcalde"},"url":"https:\/\/www.caudete.org\/ayuntamiento\/author\/alcalde\/"}]}},"_links":{"self":[{"href":"https:\/\/www.caudete.org\/ayuntamiento\/wp-json\/wp\/v2\/posts\/15316","targetHints":{"allow":["GET"]}}],"collection":[{"href":"https:\/\/www.caudete.org\/ayuntamiento\/wp-json\/wp\/v2\/posts"}],"about":[{"href":"https:\/\/www.caudete.org\/ayuntamiento\/wp-json\/wp\/v2\/types\/post"}],"author":[{"embeddable":true,"href":"https:\/\/www.caudete.org\/ayuntamiento\/wp-json\/wp\/v2\/users\/3"}],"replies":[{"embeddable":true,"href":"https:\/\/www.caudete.org\/ayuntamiento\/wp-json\/wp\/v2\/comments?post=15316"}],"version-history":[{"count":3,"href":"https:\/\/www.caudete.org\/ayuntamiento\/wp-json\/wp\/v2\/posts\/15316\/revisions"}],"predecessor-version":[{"id":15319,"href":"https:\/\/www.caudete.org\/ayuntamiento\/wp-json\/wp\/v2\/posts\/15316\/revisions\/15319"}],"wp:featuredmedia":[{"embeddable":true,"href":"https:\/\/www.caudete.org\/ayuntamiento\/wp-json\/wp\/v2\/media\/13295"}],"wp:attachment":[{"href":"https:\/\/www.caudete.org\/ayuntamiento\/wp-json\/wp\/v2\/media?parent=15316"}],"wp:term":[{"taxonomy":"category","embeddable":true,"href":"https:\/\/www.caudete.org\/ayuntamiento\/wp-json\/wp\/v2\/categories?post=15316"},{"taxonomy":"post_tag","embeddable":true,"href":"https:\/\/www.caudete.org\/ayuntamiento\/wp-json\/wp\/v2\/tags?post=15316"}],"curies":[{"name":"wp","href":"https:\/\/api.w.org\/{rel}","templated":true}]}}