{"id":15320,"date":"2021-07-28T10:40:10","date_gmt":"2021-07-28T08:40:10","guid":{"rendered":"https:\/\/www.caudete.org\/ayuntamiento\/?p=15320"},"modified":"2021-07-28T16:18:37","modified_gmt":"2021-07-28T14:18:37","slug":"el-ayuntamiento-saca-a-licitacion-los-espectaculos-pirotecnicos-hasta-2024","status":"publish","type":"post","link":"https:\/\/www.caudete.org\/ayuntamiento\/el-ayuntamiento-saca-a-licitacion-los-espectaculos-pirotecnicos-hasta-2024\/","title":{"rendered":"El Ayuntamiento saca a licitaci\u00f3n los Espect\u00e1culos Pirot\u00e9cnicos hasta 2024"},"content":{"rendered":"<p style=\"text-align: justify;\">M\u00aa del Mar Requena, Concejal de Fiestas adelantaba esta ma\u00f1ana que desde el \u00c1rea de Contrataci\u00f3n que gestiona el propio Alcalde, se est\u00e1 trabajando conjuntamente en la licitaci\u00f3n para varias anualidades, de aquellas contratos que est\u00e1n relacionados directamente con la actividad que organiza la Concejal\u00eda de Fiestas a lo largo de todo el a\u00f1o.<\/p>\n<p style=\"text-align: justify;\">As\u00ed pues, en estos momentos se est\u00e1 trabajando para proceder con la <em><strong>licitaci\u00f3n de suministro, montaje y disparo de espect\u00e1culos pirot\u00e9cnicos<\/strong><\/em>, tal y como establece la legislaci\u00f3n, y que abarcar\u00e1 hasta el 2023 inclusive, con posibilidad de pr\u00f3rroga durante una anualidad m\u00e1s (hasta 2024).<\/p>\n<p style=\"text-align: justify;\">Cabe destacar que la pirotecnia est\u00e1 presente principalmente en Fiestas Patronales, Semana Cultural Festera y Noche Vieja\/ A\u00f1o Nuevo, adem\u00e1s de otros momentos puntuales. No obstante, su actividad se ha reducido en gran proporci\u00f3n debido a las medidas sanitarias adoptadas por la situaci\u00f3n actual, sin prescindir al completo de ello, ya que el pasado a\u00f1o Caudete disfrut\u00f3 de Castillo de Fuegos de Artificio tanto el d\u00eda de la Virgen de Gracia (a pesar de no realizarse las Fiestas), al igual que en la Noche Vieja\/ A\u00f1o Nuevo.<\/p>\n<p style=\"text-align: justify;\">As\u00ed pues, se pretende dar cumplimiento a la normativa reguladora en materia de contratos, permitiendo as\u00ed contratar en funci\u00f3n de las circunstancias y necesidades, de forma que \u00fanicamente se facturaran los realizados.<\/p>\n<p style=\"text-align: justify;\">Mediante la categor\u00eda de contrato mixto, la licitaci\u00f3n sale con un Presupuesto Base de Licitaci\u00f3n de 39.173&#8217;55 \u20ac (m\u00e1s I.V.A), siendo el valor estimado del contrato (importe sin impuestos de la duraci\u00f3n total del contrato, incluidas las pr\u00f3rrogas) de 53.140&#8217;50 \u20ac. El plazo de presentaci\u00f3n de ofertas por parte de las empresas interesadas finaliza el pr\u00f3ximo 3 de Agosto a las 23:59h, realiz\u00e1ndose toda la tramitaci\u00f3n de la licitaci\u00f3n por medio de la Plataforma de Contrataci\u00f3n del Sector P\u00fablico.<\/p>\n<p style=\"text-align: justify;\">Adem\u00e1s, se consigue realizar una \u00f3ptima gesti\u00f3n de los recursos laborales del ayuntamiento al simplificar a un \u00fanico expediente la actividad de varias anualidades, siendo m\u00e1s competentes en la gesti\u00f3n de los mismos, administrando los recursos econ\u00f3micos de una forma m\u00e1s eficiente, adem\u00e1s de conseguir adjudicar a la empresa m\u00e1s competente seg\u00fan las condiciones fijadas en los Pliegos, de cuantas aspiren al proceso de licitaci\u00f3n expuesto.<\/p>\n<p style=\"text-align: justify;\">Igualmente, ha adelantado la Edil que tras \u00e9sta licitaci\u00f3n se sumar\u00e1 la de empresa autorizada para el <em>suministro, montaje y mantenimiento de Alumbrado Especial y Art\u00edstico para Fiestas Patronales, Tradicionales y eventos municipales.<\/em><\/p>\n","protected":false},"excerpt":{"rendered":"<p>M\u00aa del Mar Requena, Concejal de Fiestas adelantaba esta ma\u00f1ana que desde el \u00c1rea de Contrataci\u00f3n que gestiona el propio Alcalde, se est\u00e1 trabajando conjuntamente en la licitaci\u00f3n para varias anualidades, de aquellas contratos que est\u00e1n relacionados directamente con la actividad que organiza la Concejal\u00eda de Fiestas a lo largo de todo el a\u00f1o. As\u00ed &hellip;<\/p>\n","protected":false},"author":3,"featured_media":15321,"comment_status":"closed","ping_status":"open","sticky":false,"template":"","format":"standard","meta":{"ngg_post_thumbnail":0,"footnotes":""},"categories":[31],"tags":[],"class_list":["post-15320","post","type-post","status-publish","format-standard","has-post-thumbnail","hentry","category-fiestas"],"yoast_head":"<!-- This site is optimized with the Yoast SEO plugin v27.5 - https:\/\/yoast.com\/product\/yoast-seo-wordpress\/ -->\n<title>El Ayuntamiento saca a licitaci\u00f3n los Espect\u00e1culos Pirot\u00e9cnicos hasta 2024 - MI Ayuntamiento de Caudete<\/title>\n<meta name=\"description\" content=\"P\u00e1gina Oficial del Ayuntamiento de Caudete (Albacete)\" \/>\n<meta name=\"robots\" content=\"index, follow, max-snippet:-1, max-image-preview:large, max-video-preview:-1\" \/>\n<link rel=\"canonical\" href=\"https:\/\/www.caudete.org\/ayuntamiento\/el-ayuntamiento-saca-a-licitacion-los-espectaculos-pirotecnicos-hasta-2024\/\" \/>\n<meta property=\"og:locale\" content=\"es_ES\" \/>\n<meta property=\"og:type\" content=\"article\" \/>\n<meta property=\"og:title\" content=\"El Ayuntamiento saca a licitaci\u00f3n los Espect\u00e1culos Pirot\u00e9cnicos hasta 2024 - MI Ayuntamiento de Caudete\" \/>\n<meta property=\"og:description\" content=\"P\u00e1gina Oficial del Ayuntamiento de Caudete (Albacete)\" \/>\n<meta property=\"og:url\" content=\"https:\/\/www.caudete.org\/ayuntamiento\/el-ayuntamiento-saca-a-licitacion-los-espectaculos-pirotecnicos-hasta-2024\/\" \/>\n<meta property=\"og:site_name\" content=\"MI Ayuntamiento de Caudete\" \/>\n<meta property=\"article:publisher\" content=\"https:\/\/www.facebook.com\/ayuntamientocaudete\/\" \/>\n<meta property=\"article:published_time\" content=\"2021-07-28T08:40:10+00:00\" \/>\n<meta property=\"article:modified_time\" content=\"2021-07-28T14:18:37+00:00\" \/>\n<meta property=\"og:image\" content=\"https:\/\/www.caudete.org\/ayuntamiento\/wp-content\/uploads\/2021\/07\/IMG_1619.jpg\" \/>\n\t<meta property=\"og:image:width\" content=\"1600\" \/>\n\t<meta property=\"og:image:height\" content=\"1067\" \/>\n\t<meta property=\"og:image:type\" content=\"image\/jpeg\" \/>\n<meta name=\"author\" content=\"alcalde\" \/>\n<meta name=\"twitter:card\" content=\"summary_large_image\" \/>\n<meta name=\"twitter:label1\" content=\"Escrito por\" \/>\n\t<meta name=\"twitter:data1\" content=\"alcalde\" \/>\n\t<meta name=\"twitter:label2\" content=\"Tiempo de lectura\" \/>\n\t<meta name=\"twitter:data2\" content=\"2 minutos\" \/>\n<script type=\"application\/ld+json\" class=\"yoast-schema-graph\">{\"@context\":\"https:\\\/\\\/schema.org\",\"@graph\":[{\"@type\":\"Article\",\"@id\":\"https:\\\/\\\/www.caudete.org\\\/ayuntamiento\\\/el-ayuntamiento-saca-a-licitacion-los-espectaculos-pirotecnicos-hasta-2024\\\/#article\",\"isPartOf\":{\"@id\":\"https:\\\/\\\/www.caudete.org\\\/ayuntamiento\\\/el-ayuntamiento-saca-a-licitacion-los-espectaculos-pirotecnicos-hasta-2024\\\/\"},\"author\":{\"name\":\"alcalde\",\"@id\":\"https:\\\/\\\/www.caudete.org\\\/ayuntamiento\\\/#\\\/schema\\\/person\\\/cc646da9133078ee4d8dd47457947253\"},\"headline\":\"El Ayuntamiento saca a licitaci\u00f3n los Espect\u00e1culos Pirot\u00e9cnicos hasta 2024\",\"datePublished\":\"2021-07-28T08:40:10+00:00\",\"dateModified\":\"2021-07-28T14:18:37+00:00\",\"mainEntityOfPage\":{\"@id\":\"https:\\\/\\\/www.caudete.org\\\/ayuntamiento\\\/el-ayuntamiento-saca-a-licitacion-los-espectaculos-pirotecnicos-hasta-2024\\\/\"},\"wordCount\":447,\"image\":{\"@id\":\"https:\\\/\\\/www.caudete.org\\\/ayuntamiento\\\/el-ayuntamiento-saca-a-licitacion-los-espectaculos-pirotecnicos-hasta-2024\\\/#primaryimage\"},\"thumbnailUrl\":\"https:\\\/\\\/www.caudete.org\\\/ayuntamiento\\\/wp-content\\\/uploads\\\/2021\\\/07\\\/IMG_1619.jpg\",\"articleSection\":[\"Fiestas\"],\"inLanguage\":\"es\"},{\"@type\":\"WebPage\",\"@id\":\"https:\\\/\\\/www.caudete.org\\\/ayuntamiento\\\/el-ayuntamiento-saca-a-licitacion-los-espectaculos-pirotecnicos-hasta-2024\\\/\",\"url\":\"https:\\\/\\\/www.caudete.org\\\/ayuntamiento\\\/el-ayuntamiento-saca-a-licitacion-los-espectaculos-pirotecnicos-hasta-2024\\\/\",\"name\":\"El Ayuntamiento saca a licitaci\u00f3n los Espect\u00e1culos Pirot\u00e9cnicos hasta 2024 - MI Ayuntamiento de Caudete\",\"isPartOf\":{\"@id\":\"https:\\\/\\\/www.caudete.org\\\/ayuntamiento\\\/#website\"},\"primaryImageOfPage\":{\"@id\":\"https:\\\/\\\/www.caudete.org\\\/ayuntamiento\\\/el-ayuntamiento-saca-a-licitacion-los-espectaculos-pirotecnicos-hasta-2024\\\/#primaryimage\"},\"image\":{\"@id\":\"https:\\\/\\\/www.caudete.org\\\/ayuntamiento\\\/el-ayuntamiento-saca-a-licitacion-los-espectaculos-pirotecnicos-hasta-2024\\\/#primaryimage\"},\"thumbnailUrl\":\"https:\\\/\\\/www.caudete.org\\\/ayuntamiento\\\/wp-content\\\/uploads\\\/2021\\\/07\\\/IMG_1619.jpg\",\"datePublished\":\"2021-07-28T08:40:10+00:00\",\"dateModified\":\"2021-07-28T14:18:37+00:00\",\"author\":{\"@id\":\"https:\\\/\\\/www.caudete.org\\\/ayuntamiento\\\/#\\\/schema\\\/person\\\/cc646da9133078ee4d8dd47457947253\"},\"description\":\"P\u00e1gina Oficial del Ayuntamiento de Caudete (Albacete)\",\"breadcrumb\":{\"@id\":\"https:\\\/\\\/www.caudete.org\\\/ayuntamiento\\\/el-ayuntamiento-saca-a-licitacion-los-espectaculos-pirotecnicos-hasta-2024\\\/#breadcrumb\"},\"inLanguage\":\"es\",\"potentialAction\":[{\"@type\":\"ReadAction\",\"target\":[\"https:\\\/\\\/www.caudete.org\\\/ayuntamiento\\\/el-ayuntamiento-saca-a-licitacion-los-espectaculos-pirotecnicos-hasta-2024\\\/\"]}]},{\"@type\":\"ImageObject\",\"inLanguage\":\"es\",\"@id\":\"https:\\\/\\\/www.caudete.org\\\/ayuntamiento\\\/el-ayuntamiento-saca-a-licitacion-los-espectaculos-pirotecnicos-hasta-2024\\\/#primaryimage\",\"url\":\"https:\\\/\\\/www.caudete.org\\\/ayuntamiento\\\/wp-content\\\/uploads\\\/2021\\\/07\\\/IMG_1619.jpg\",\"contentUrl\":\"https:\\\/\\\/www.caudete.org\\\/ayuntamiento\\\/wp-content\\\/uploads\\\/2021\\\/07\\\/IMG_1619.jpg\",\"width\":1600,\"height\":1067},{\"@type\":\"BreadcrumbList\",\"@id\":\"https:\\\/\\\/www.caudete.org\\\/ayuntamiento\\\/el-ayuntamiento-saca-a-licitacion-los-espectaculos-pirotecnicos-hasta-2024\\\/#breadcrumb\",\"itemListElement\":[{\"@type\":\"ListItem\",\"position\":1,\"name\":\"Inicio\",\"item\":\"https:\\\/\\\/www.caudete.org\\\/ayuntamiento\\\/\"},{\"@type\":\"ListItem\",\"position\":2,\"name\":\"El Ayuntamiento saca a licitaci\u00f3n los Espect\u00e1culos Pirot\u00e9cnicos hasta 2024\"}]},{\"@type\":\"WebSite\",\"@id\":\"https:\\\/\\\/www.caudete.org\\\/ayuntamiento\\\/#website\",\"url\":\"https:\\\/\\\/www.caudete.org\\\/ayuntamiento\\\/\",\"name\":\"MI Ayuntamiento de Caudete\",\"description\":\"P\u00e1gina Oficial del MI Ayuntamiento de Caudete\",\"potentialAction\":[{\"@type\":\"SearchAction\",\"target\":{\"@type\":\"EntryPoint\",\"urlTemplate\":\"https:\\\/\\\/www.caudete.org\\\/ayuntamiento\\\/?s={search_term_string}\"},\"query-input\":{\"@type\":\"PropertyValueSpecification\",\"valueRequired\":true,\"valueName\":\"search_term_string\"}}],\"inLanguage\":\"es\"},{\"@type\":\"Person\",\"@id\":\"https:\\\/\\\/www.caudete.org\\\/ayuntamiento\\\/#\\\/schema\\\/person\\\/cc646da9133078ee4d8dd47457947253\",\"name\":\"alcalde\",\"image\":{\"@type\":\"ImageObject\",\"inLanguage\":\"es\",\"@id\":\"https:\\\/\\\/secure.gravatar.com\\\/avatar\\\/84a817ba065b29ff08d666b215a215f5c79186a645ccb25b14a663d48a130f77?s=96&d=mm&r=g\",\"url\":\"https:\\\/\\\/secure.gravatar.com\\\/avatar\\\/84a817ba065b29ff08d666b215a215f5c79186a645ccb25b14a663d48a130f77?s=96&d=mm&r=g\",\"contentUrl\":\"https:\\\/\\\/secure.gravatar.com\\\/avatar\\\/84a817ba065b29ff08d666b215a215f5c79186a645ccb25b14a663d48a130f77?s=96&d=mm&r=g\",\"caption\":\"alcalde\"},\"url\":\"https:\\\/\\\/www.caudete.org\\\/ayuntamiento\\\/author\\\/alcalde\\\/\"}]}<\/script>\n<!-- \/ Yoast SEO plugin. -->","yoast_head_json":{"title":"El Ayuntamiento saca a licitaci\u00f3n los Espect\u00e1culos Pirot\u00e9cnicos hasta 2024 - MI Ayuntamiento de Caudete","description":"P\u00e1gina Oficial del Ayuntamiento de Caudete (Albacete)","robots":{"index":"index","follow":"follow","max-snippet":"max-snippet:-1","max-image-preview":"max-image-preview:large","max-video-preview":"max-video-preview:-1"},"canonical":"https:\/\/www.caudete.org\/ayuntamiento\/el-ayuntamiento-saca-a-licitacion-los-espectaculos-pirotecnicos-hasta-2024\/","og_locale":"es_ES","og_type":"article","og_title":"El Ayuntamiento saca a licitaci\u00f3n los Espect\u00e1culos Pirot\u00e9cnicos hasta 2024 - MI Ayuntamiento de Caudete","og_description":"P\u00e1gina Oficial del Ayuntamiento de Caudete (Albacete)","og_url":"https:\/\/www.caudete.org\/ayuntamiento\/el-ayuntamiento-saca-a-licitacion-los-espectaculos-pirotecnicos-hasta-2024\/","og_site_name":"MI Ayuntamiento de Caudete","article_publisher":"https:\/\/www.facebook.com\/ayuntamientocaudete\/","article_published_time":"2021-07-28T08:40:10+00:00","article_modified_time":"2021-07-28T14:18:37+00:00","og_image":[{"width":1600,"height":1067,"url":"https:\/\/www.caudete.org\/ayuntamiento\/wp-content\/uploads\/2021\/07\/IMG_1619.jpg","type":"image\/jpeg"}],"author":"alcalde","twitter_card":"summary_large_image","twitter_misc":{"Escrito por":"alcalde","Tiempo de lectura":"2 minutos"},"schema":{"@context":"https:\/\/schema.org","@graph":[{"@type":"Article","@id":"https:\/\/www.caudete.org\/ayuntamiento\/el-ayuntamiento-saca-a-licitacion-los-espectaculos-pirotecnicos-hasta-2024\/#article","isPartOf":{"@id":"https:\/\/www.caudete.org\/ayuntamiento\/el-ayuntamiento-saca-a-licitacion-los-espectaculos-pirotecnicos-hasta-2024\/"},"author":{"name":"alcalde","@id":"https:\/\/www.caudete.org\/ayuntamiento\/#\/schema\/person\/cc646da9133078ee4d8dd47457947253"},"headline":"El Ayuntamiento saca a licitaci\u00f3n los Espect\u00e1culos Pirot\u00e9cnicos hasta 2024","datePublished":"2021-07-28T08:40:10+00:00","dateModified":"2021-07-28T14:18:37+00:00","mainEntityOfPage":{"@id":"https:\/\/www.caudete.org\/ayuntamiento\/el-ayuntamiento-saca-a-licitacion-los-espectaculos-pirotecnicos-hasta-2024\/"},"wordCount":447,"image":{"@id":"https:\/\/www.caudete.org\/ayuntamiento\/el-ayuntamiento-saca-a-licitacion-los-espectaculos-pirotecnicos-hasta-2024\/#primaryimage"},"thumbnailUrl":"https:\/\/www.caudete.org\/ayuntamiento\/wp-content\/uploads\/2021\/07\/IMG_1619.jpg","articleSection":["Fiestas"],"inLanguage":"es"},{"@type":"WebPage","@id":"https:\/\/www.caudete.org\/ayuntamiento\/el-ayuntamiento-saca-a-licitacion-los-espectaculos-pirotecnicos-hasta-2024\/","url":"https:\/\/www.caudete.org\/ayuntamiento\/el-ayuntamiento-saca-a-licitacion-los-espectaculos-pirotecnicos-hasta-2024\/","name":"El Ayuntamiento saca a licitaci\u00f3n los Espect\u00e1culos Pirot\u00e9cnicos hasta 2024 - MI Ayuntamiento de Caudete","isPartOf":{"@id":"https:\/\/www.caudete.org\/ayuntamiento\/#website"},"primaryImageOfPage":{"@id":"https:\/\/www.caudete.org\/ayuntamiento\/el-ayuntamiento-saca-a-licitacion-los-espectaculos-pirotecnicos-hasta-2024\/#primaryimage"},"image":{"@id":"https:\/\/www.caudete.org\/ayuntamiento\/el-ayuntamiento-saca-a-licitacion-los-espectaculos-pirotecnicos-hasta-2024\/#primaryimage"},"thumbnailUrl":"https:\/\/www.caudete.org\/ayuntamiento\/wp-content\/uploads\/2021\/07\/IMG_1619.jpg","datePublished":"2021-07-28T08:40:10+00:00","dateModified":"2021-07-28T14:18:37+00:00","author":{"@id":"https:\/\/www.caudete.org\/ayuntamiento\/#\/schema\/person\/cc646da9133078ee4d8dd47457947253"},"description":"P\u00e1gina Oficial del Ayuntamiento de Caudete (Albacete)","breadcrumb":{"@id":"https:\/\/www.caudete.org\/ayuntamiento\/el-ayuntamiento-saca-a-licitacion-los-espectaculos-pirotecnicos-hasta-2024\/#breadcrumb"},"inLanguage":"es","potentialAction":[{"@type":"ReadAction","target":["https:\/\/www.caudete.org\/ayuntamiento\/el-ayuntamiento-saca-a-licitacion-los-espectaculos-pirotecnicos-hasta-2024\/"]}]},{"@type":"ImageObject","inLanguage":"es","@id":"https:\/\/www.caudete.org\/ayuntamiento\/el-ayuntamiento-saca-a-licitacion-los-espectaculos-pirotecnicos-hasta-2024\/#primaryimage","url":"https:\/\/www.caudete.org\/ayuntamiento\/wp-content\/uploads\/2021\/07\/IMG_1619.jpg","contentUrl":"https:\/\/www.caudete.org\/ayuntamiento\/wp-content\/uploads\/2021\/07\/IMG_1619.jpg","width":1600,"height":1067},{"@type":"BreadcrumbList","@id":"https:\/\/www.caudete.org\/ayuntamiento\/el-ayuntamiento-saca-a-licitacion-los-espectaculos-pirotecnicos-hasta-2024\/#breadcrumb","itemListElement":[{"@type":"ListItem","position":1,"name":"Inicio","item":"https:\/\/www.caudete.org\/ayuntamiento\/"},{"@type":"ListItem","position":2,"name":"El Ayuntamiento saca a licitaci\u00f3n los Espect\u00e1culos Pirot\u00e9cnicos hasta 2024"}]},{"@type":"WebSite","@id":"https:\/\/www.caudete.org\/ayuntamiento\/#website","url":"https:\/\/www.caudete.org\/ayuntamiento\/","name":"MI Ayuntamiento de Caudete","description":"P\u00e1gina Oficial del MI Ayuntamiento de Caudete","potentialAction":[{"@type":"SearchAction","target":{"@type":"EntryPoint","urlTemplate":"https:\/\/www.caudete.org\/ayuntamiento\/?s={search_term_string}"},"query-input":{"@type":"PropertyValueSpecification","valueRequired":true,"valueName":"search_term_string"}}],"inLanguage":"es"},{"@type":"Person","@id":"https:\/\/www.caudete.org\/ayuntamiento\/#\/schema\/person\/cc646da9133078ee4d8dd47457947253","name":"alcalde","image":{"@type":"ImageObject","inLanguage":"es","@id":"https:\/\/secure.gravatar.com\/avatar\/84a817ba065b29ff08d666b215a215f5c79186a645ccb25b14a663d48a130f77?s=96&d=mm&r=g","url":"https:\/\/secure.gravatar.com\/avatar\/84a817ba065b29ff08d666b215a215f5c79186a645ccb25b14a663d48a130f77?s=96&d=mm&r=g","contentUrl":"https:\/\/secure.gravatar.com\/avatar\/84a817ba065b29ff08d666b215a215f5c79186a645ccb25b14a663d48a130f77?s=96&d=mm&r=g","caption":"alcalde"},"url":"https:\/\/www.caudete.org\/ayuntamiento\/author\/alcalde\/"}]}},"_links":{"self":[{"href":"https:\/\/www.caudete.org\/ayuntamiento\/wp-json\/wp\/v2\/posts\/15320","targetHints":{"allow":["GET"]}}],"collection":[{"href":"https:\/\/www.caudete.org\/ayuntamiento\/wp-json\/wp\/v2\/posts"}],"about":[{"href":"https:\/\/www.caudete.org\/ayuntamiento\/wp-json\/wp\/v2\/types\/post"}],"author":[{"embeddable":true,"href":"https:\/\/www.caudete.org\/ayuntamiento\/wp-json\/wp\/v2\/users\/3"}],"replies":[{"embeddable":true,"href":"https:\/\/www.caudete.org\/ayuntamiento\/wp-json\/wp\/v2\/comments?post=15320"}],"version-history":[{"count":3,"href":"https:\/\/www.caudete.org\/ayuntamiento\/wp-json\/wp\/v2\/posts\/15320\/revisions"}],"predecessor-version":[{"id":15545,"href":"https:\/\/www.caudete.org\/ayuntamiento\/wp-json\/wp\/v2\/posts\/15320\/revisions\/15545"}],"wp:featuredmedia":[{"embeddable":true,"href":"https:\/\/www.caudete.org\/ayuntamiento\/wp-json\/wp\/v2\/media\/15321"}],"wp:attachment":[{"href":"https:\/\/www.caudete.org\/ayuntamiento\/wp-json\/wp\/v2\/media?parent=15320"}],"wp:term":[{"taxonomy":"category","embeddable":true,"href":"https:\/\/www.caudete.org\/ayuntamiento\/wp-json\/wp\/v2\/categories?post=15320"},{"taxonomy":"post_tag","embeddable":true,"href":"https:\/\/www.caudete.org\/ayuntamiento\/wp-json\/wp\/v2\/tags?post=15320"}],"curies":[{"name":"wp","href":"https:\/\/api.w.org\/{rel}","templated":true}]}}