{"id":15325,"date":"2021-07-27T09:00:19","date_gmt":"2021-07-27T07:00:19","guid":{"rendered":"https:\/\/www.caudete.org\/ayuntamiento\/?p=15325"},"modified":"2021-07-26T22:32:05","modified_gmt":"2021-07-26T20:32:05","slug":"desde-hoy-un-tramo-de-c-la-huerta-cambia-de-sentido","status":"publish","type":"post","link":"https:\/\/www.caudete.org\/ayuntamiento\/desde-hoy-un-tramo-de-c-la-huerta-cambia-de-sentido\/","title":{"rendered":"Desde hoy, un tramo de C\/La Huerta cambia de sentido"},"content":{"rendered":"<p style=\"text-align: justify;\">El Concejal de Movilidad, Joaqu\u00edn Pag\u00e1n ha informado de un ajuste del tr\u00e1fico rodado que se ha adoptado en el casco urbano, tras ser estudiado por la Jefatura de la Polic\u00eda Local, y posteriormente por la Junta de Gobierno Local y la Comisi\u00f3n Informativa de Movilidad Urbana.<\/p>\n<p style=\"text-align: justify;\">Detectada la necesidad de mejorar el \u00a0tr\u00e1fico en la zona comprendida entre Avenida de Villena, Calle El Molino y Calle La Huerta, se abri\u00f3 hace unos meses el preceptivo expediente con el objetivo a\u00f1adido de evitar riesgo de accidentes de tr\u00e1fico por la peligrosidad de de determinados cruces existentes en la zona.<\/p>\n<p style=\"text-align: justify;\"><span style=\"font-weight: 400;\">Actualmente la calle La Huerta es una calle de sentido \u00fanico hasta la calle Jose Ruiz Ruiz y que comprende dos tramos con sentidos opuestos. Un tramo va en sentido desde Calle Jos\u00e9 Ruiz Ruiz hasta la Calle El Molino. Y un segundo tramo va desde la calle las Eras hacia la calle El Molino.<\/span><\/p>\n<p style=\"text-align: justify;\">De tal forma, y una vez Dictaminada favorablemente la propuesta de la Jefatura de la Polic\u00eda Local, la C\/ La Huerta, en el tramo comprendido entre C\/ El Molino y C\/ Jos\u00e9 Ruiz Ruiz queda como sigue:<\/p>\n<ul style=\"text-align: justify;\">\n<li>Se mantiene un \u00fanico sentido de circulaci\u00f3n, respetando los estacionamientos en ambos lados.<\/li>\n<li>Se cambia el sentido de circulaci\u00f3n, pasando a ser de C\/ El Molino a C\/ Jos\u00e9 Ruiz Ruiz, con el fin de dar continuidad al sentido de circulaci\u00f3n de la C\/ La Huerta desde su inicio en C\/ Las Eras.<\/li>\n<\/ul>\n<p style=\"text-align: justify;\">As\u00ed pues, se ha emitido la Resoluci\u00f3n de Alcald\u00eda n\u00ba1405 de fecha 12\/07\/2021 que oficializa tal cambio, emiti\u00e9ndose en el d\u00eda de ayer el debido Bando Municipal en para mayor difusi\u00f3n entre la ciudadan\u00eda.<\/p>\n<p style=\"text-align: justify;\">Durante el d\u00eda de hoy<span style=\"font-weight: 400;\">\u00a0se realizar\u00e1n los cambios necesarios en la se\u00f1alizaci\u00f3n en el tramo se\u00f1alado <\/span><span style=\"font-weight: 400;\">por la Brigada de Obras, y reforzaremos con se\u00f1alizaci\u00f3n provisional en suelo en los primeros d\u00edas tras el cambio.<\/span><\/p>\n","protected":false},"excerpt":{"rendered":"<p>El Concejal de Movilidad, Joaqu\u00edn Pag\u00e1n ha informado de un ajuste del tr\u00e1fico rodado que se ha adoptado en el casco urbano, tras ser estudiado por la Jefatura de la Polic\u00eda Local, y posteriormente por la Junta de Gobierno Local y la Comisi\u00f3n Informativa de Movilidad Urbana. Detectada la necesidad de mejorar el \u00a0tr\u00e1fico en &hellip;<\/p>\n","protected":false},"author":3,"featured_media":15326,"comment_status":"closed","ping_status":"open","sticky":false,"template":"","format":"standard","meta":{"ngg_post_thumbnail":0,"footnotes":""},"categories":[46],"tags":[],"class_list":["post-15325","post","type-post","status-publish","format-standard","has-post-thumbnail","hentry","category-movilidad-urbana"],"yoast_head":"<!-- This site is optimized with the Yoast SEO plugin v27.5 - https:\/\/yoast.com\/product\/yoast-seo-wordpress\/ -->\n<title>Desde hoy, un tramo de C\/La Huerta cambia de sentido - MI Ayuntamiento de Caudete<\/title>\n<meta name=\"description\" content=\"P\u00e1gina Oficial del Ayuntamiento de Caudete (Albacete)\" \/>\n<meta name=\"robots\" content=\"index, follow, max-snippet:-1, max-image-preview:large, max-video-preview:-1\" \/>\n<link rel=\"canonical\" href=\"https:\/\/www.caudete.org\/ayuntamiento\/desde-hoy-un-tramo-de-c-la-huerta-cambia-de-sentido\/\" \/>\n<meta property=\"og:locale\" content=\"es_ES\" \/>\n<meta property=\"og:type\" content=\"article\" \/>\n<meta property=\"og:title\" content=\"Desde hoy, un tramo de C\/La Huerta cambia de sentido - MI Ayuntamiento de Caudete\" \/>\n<meta property=\"og:description\" content=\"P\u00e1gina Oficial del Ayuntamiento de Caudete (Albacete)\" \/>\n<meta property=\"og:url\" content=\"https:\/\/www.caudete.org\/ayuntamiento\/desde-hoy-un-tramo-de-c-la-huerta-cambia-de-sentido\/\" \/>\n<meta property=\"og:site_name\" content=\"MI Ayuntamiento de Caudete\" \/>\n<meta property=\"article:publisher\" content=\"https:\/\/www.facebook.com\/ayuntamientocaudete\/\" \/>\n<meta property=\"article:published_time\" content=\"2021-07-27T07:00:19+00:00\" \/>\n<meta property=\"og:image\" content=\"https:\/\/www.caudete.org\/ayuntamiento\/wp-content\/uploads\/2021\/07\/WhatsApp-Image-2021-07-13-at-22.14.06.jpeg\" \/>\n\t<meta property=\"og:image:width\" content=\"1072\" \/>\n\t<meta property=\"og:image:height\" content=\"613\" \/>\n\t<meta property=\"og:image:type\" content=\"image\/jpeg\" \/>\n<meta name=\"author\" content=\"alcalde\" \/>\n<meta name=\"twitter:card\" content=\"summary_large_image\" \/>\n<meta name=\"twitter:label1\" content=\"Escrito por\" \/>\n\t<meta name=\"twitter:data1\" content=\"alcalde\" \/>\n\t<meta name=\"twitter:label2\" content=\"Tiempo de lectura\" \/>\n\t<meta name=\"twitter:data2\" content=\"2 minutos\" \/>\n<script type=\"application\/ld+json\" class=\"yoast-schema-graph\">{\"@context\":\"https:\\\/\\\/schema.org\",\"@graph\":[{\"@type\":\"Article\",\"@id\":\"https:\\\/\\\/www.caudete.org\\\/ayuntamiento\\\/desde-hoy-un-tramo-de-c-la-huerta-cambia-de-sentido\\\/#article\",\"isPartOf\":{\"@id\":\"https:\\\/\\\/www.caudete.org\\\/ayuntamiento\\\/desde-hoy-un-tramo-de-c-la-huerta-cambia-de-sentido\\\/\"},\"author\":{\"name\":\"alcalde\",\"@id\":\"https:\\\/\\\/www.caudete.org\\\/ayuntamiento\\\/#\\\/schema\\\/person\\\/cc646da9133078ee4d8dd47457947253\"},\"headline\":\"Desde hoy, un tramo de C\\\/La Huerta cambia de sentido\",\"datePublished\":\"2021-07-27T07:00:19+00:00\",\"mainEntityOfPage\":{\"@id\":\"https:\\\/\\\/www.caudete.org\\\/ayuntamiento\\\/desde-hoy-un-tramo-de-c-la-huerta-cambia-de-sentido\\\/\"},\"wordCount\":350,\"image\":{\"@id\":\"https:\\\/\\\/www.caudete.org\\\/ayuntamiento\\\/desde-hoy-un-tramo-de-c-la-huerta-cambia-de-sentido\\\/#primaryimage\"},\"thumbnailUrl\":\"https:\\\/\\\/www.caudete.org\\\/ayuntamiento\\\/wp-content\\\/uploads\\\/2021\\\/07\\\/WhatsApp-Image-2021-07-13-at-22.14.06.jpeg\",\"articleSection\":[\"Movilidad Urbana\"],\"inLanguage\":\"es\"},{\"@type\":\"WebPage\",\"@id\":\"https:\\\/\\\/www.caudete.org\\\/ayuntamiento\\\/desde-hoy-un-tramo-de-c-la-huerta-cambia-de-sentido\\\/\",\"url\":\"https:\\\/\\\/www.caudete.org\\\/ayuntamiento\\\/desde-hoy-un-tramo-de-c-la-huerta-cambia-de-sentido\\\/\",\"name\":\"Desde hoy, un tramo de C\\\/La Huerta cambia de sentido - MI Ayuntamiento de Caudete\",\"isPartOf\":{\"@id\":\"https:\\\/\\\/www.caudete.org\\\/ayuntamiento\\\/#website\"},\"primaryImageOfPage\":{\"@id\":\"https:\\\/\\\/www.caudete.org\\\/ayuntamiento\\\/desde-hoy-un-tramo-de-c-la-huerta-cambia-de-sentido\\\/#primaryimage\"},\"image\":{\"@id\":\"https:\\\/\\\/www.caudete.org\\\/ayuntamiento\\\/desde-hoy-un-tramo-de-c-la-huerta-cambia-de-sentido\\\/#primaryimage\"},\"thumbnailUrl\":\"https:\\\/\\\/www.caudete.org\\\/ayuntamiento\\\/wp-content\\\/uploads\\\/2021\\\/07\\\/WhatsApp-Image-2021-07-13-at-22.14.06.jpeg\",\"datePublished\":\"2021-07-27T07:00:19+00:00\",\"author\":{\"@id\":\"https:\\\/\\\/www.caudete.org\\\/ayuntamiento\\\/#\\\/schema\\\/person\\\/cc646da9133078ee4d8dd47457947253\"},\"description\":\"P\u00e1gina Oficial del Ayuntamiento de Caudete (Albacete)\",\"breadcrumb\":{\"@id\":\"https:\\\/\\\/www.caudete.org\\\/ayuntamiento\\\/desde-hoy-un-tramo-de-c-la-huerta-cambia-de-sentido\\\/#breadcrumb\"},\"inLanguage\":\"es\",\"potentialAction\":[{\"@type\":\"ReadAction\",\"target\":[\"https:\\\/\\\/www.caudete.org\\\/ayuntamiento\\\/desde-hoy-un-tramo-de-c-la-huerta-cambia-de-sentido\\\/\"]}]},{\"@type\":\"ImageObject\",\"inLanguage\":\"es\",\"@id\":\"https:\\\/\\\/www.caudete.org\\\/ayuntamiento\\\/desde-hoy-un-tramo-de-c-la-huerta-cambia-de-sentido\\\/#primaryimage\",\"url\":\"https:\\\/\\\/www.caudete.org\\\/ayuntamiento\\\/wp-content\\\/uploads\\\/2021\\\/07\\\/WhatsApp-Image-2021-07-13-at-22.14.06.jpeg\",\"contentUrl\":\"https:\\\/\\\/www.caudete.org\\\/ayuntamiento\\\/wp-content\\\/uploads\\\/2021\\\/07\\\/WhatsApp-Image-2021-07-13-at-22.14.06.jpeg\",\"width\":1072,\"height\":613},{\"@type\":\"BreadcrumbList\",\"@id\":\"https:\\\/\\\/www.caudete.org\\\/ayuntamiento\\\/desde-hoy-un-tramo-de-c-la-huerta-cambia-de-sentido\\\/#breadcrumb\",\"itemListElement\":[{\"@type\":\"ListItem\",\"position\":1,\"name\":\"Inicio\",\"item\":\"https:\\\/\\\/www.caudete.org\\\/ayuntamiento\\\/\"},{\"@type\":\"ListItem\",\"position\":2,\"name\":\"Desde hoy, un tramo de C\\\/La Huerta cambia de sentido\"}]},{\"@type\":\"WebSite\",\"@id\":\"https:\\\/\\\/www.caudete.org\\\/ayuntamiento\\\/#website\",\"url\":\"https:\\\/\\\/www.caudete.org\\\/ayuntamiento\\\/\",\"name\":\"MI Ayuntamiento de Caudete\",\"description\":\"P\u00e1gina Oficial del MI Ayuntamiento de Caudete\",\"potentialAction\":[{\"@type\":\"SearchAction\",\"target\":{\"@type\":\"EntryPoint\",\"urlTemplate\":\"https:\\\/\\\/www.caudete.org\\\/ayuntamiento\\\/?s={search_term_string}\"},\"query-input\":{\"@type\":\"PropertyValueSpecification\",\"valueRequired\":true,\"valueName\":\"search_term_string\"}}],\"inLanguage\":\"es\"},{\"@type\":\"Person\",\"@id\":\"https:\\\/\\\/www.caudete.org\\\/ayuntamiento\\\/#\\\/schema\\\/person\\\/cc646da9133078ee4d8dd47457947253\",\"name\":\"alcalde\",\"image\":{\"@type\":\"ImageObject\",\"inLanguage\":\"es\",\"@id\":\"https:\\\/\\\/secure.gravatar.com\\\/avatar\\\/84a817ba065b29ff08d666b215a215f5c79186a645ccb25b14a663d48a130f77?s=96&d=mm&r=g\",\"url\":\"https:\\\/\\\/secure.gravatar.com\\\/avatar\\\/84a817ba065b29ff08d666b215a215f5c79186a645ccb25b14a663d48a130f77?s=96&d=mm&r=g\",\"contentUrl\":\"https:\\\/\\\/secure.gravatar.com\\\/avatar\\\/84a817ba065b29ff08d666b215a215f5c79186a645ccb25b14a663d48a130f77?s=96&d=mm&r=g\",\"caption\":\"alcalde\"},\"url\":\"https:\\\/\\\/www.caudete.org\\\/ayuntamiento\\\/author\\\/alcalde\\\/\"}]}<\/script>\n<!-- \/ Yoast SEO plugin. -->","yoast_head_json":{"title":"Desde hoy, un tramo de C\/La Huerta cambia de sentido - MI Ayuntamiento de Caudete","description":"P\u00e1gina Oficial del Ayuntamiento de Caudete (Albacete)","robots":{"index":"index","follow":"follow","max-snippet":"max-snippet:-1","max-image-preview":"max-image-preview:large","max-video-preview":"max-video-preview:-1"},"canonical":"https:\/\/www.caudete.org\/ayuntamiento\/desde-hoy-un-tramo-de-c-la-huerta-cambia-de-sentido\/","og_locale":"es_ES","og_type":"article","og_title":"Desde hoy, un tramo de C\/La Huerta cambia de sentido - MI Ayuntamiento de Caudete","og_description":"P\u00e1gina Oficial del Ayuntamiento de Caudete (Albacete)","og_url":"https:\/\/www.caudete.org\/ayuntamiento\/desde-hoy-un-tramo-de-c-la-huerta-cambia-de-sentido\/","og_site_name":"MI Ayuntamiento de Caudete","article_publisher":"https:\/\/www.facebook.com\/ayuntamientocaudete\/","article_published_time":"2021-07-27T07:00:19+00:00","og_image":[{"width":1072,"height":613,"url":"https:\/\/www.caudete.org\/ayuntamiento\/wp-content\/uploads\/2021\/07\/WhatsApp-Image-2021-07-13-at-22.14.06.jpeg","type":"image\/jpeg"}],"author":"alcalde","twitter_card":"summary_large_image","twitter_misc":{"Escrito por":"alcalde","Tiempo de lectura":"2 minutos"},"schema":{"@context":"https:\/\/schema.org","@graph":[{"@type":"Article","@id":"https:\/\/www.caudete.org\/ayuntamiento\/desde-hoy-un-tramo-de-c-la-huerta-cambia-de-sentido\/#article","isPartOf":{"@id":"https:\/\/www.caudete.org\/ayuntamiento\/desde-hoy-un-tramo-de-c-la-huerta-cambia-de-sentido\/"},"author":{"name":"alcalde","@id":"https:\/\/www.caudete.org\/ayuntamiento\/#\/schema\/person\/cc646da9133078ee4d8dd47457947253"},"headline":"Desde hoy, un tramo de C\/La Huerta cambia de sentido","datePublished":"2021-07-27T07:00:19+00:00","mainEntityOfPage":{"@id":"https:\/\/www.caudete.org\/ayuntamiento\/desde-hoy-un-tramo-de-c-la-huerta-cambia-de-sentido\/"},"wordCount":350,"image":{"@id":"https:\/\/www.caudete.org\/ayuntamiento\/desde-hoy-un-tramo-de-c-la-huerta-cambia-de-sentido\/#primaryimage"},"thumbnailUrl":"https:\/\/www.caudete.org\/ayuntamiento\/wp-content\/uploads\/2021\/07\/WhatsApp-Image-2021-07-13-at-22.14.06.jpeg","articleSection":["Movilidad Urbana"],"inLanguage":"es"},{"@type":"WebPage","@id":"https:\/\/www.caudete.org\/ayuntamiento\/desde-hoy-un-tramo-de-c-la-huerta-cambia-de-sentido\/","url":"https:\/\/www.caudete.org\/ayuntamiento\/desde-hoy-un-tramo-de-c-la-huerta-cambia-de-sentido\/","name":"Desde hoy, un tramo de C\/La Huerta cambia de sentido - MI Ayuntamiento de Caudete","isPartOf":{"@id":"https:\/\/www.caudete.org\/ayuntamiento\/#website"},"primaryImageOfPage":{"@id":"https:\/\/www.caudete.org\/ayuntamiento\/desde-hoy-un-tramo-de-c-la-huerta-cambia-de-sentido\/#primaryimage"},"image":{"@id":"https:\/\/www.caudete.org\/ayuntamiento\/desde-hoy-un-tramo-de-c-la-huerta-cambia-de-sentido\/#primaryimage"},"thumbnailUrl":"https:\/\/www.caudete.org\/ayuntamiento\/wp-content\/uploads\/2021\/07\/WhatsApp-Image-2021-07-13-at-22.14.06.jpeg","datePublished":"2021-07-27T07:00:19+00:00","author":{"@id":"https:\/\/www.caudete.org\/ayuntamiento\/#\/schema\/person\/cc646da9133078ee4d8dd47457947253"},"description":"P\u00e1gina Oficial del Ayuntamiento de Caudete (Albacete)","breadcrumb":{"@id":"https:\/\/www.caudete.org\/ayuntamiento\/desde-hoy-un-tramo-de-c-la-huerta-cambia-de-sentido\/#breadcrumb"},"inLanguage":"es","potentialAction":[{"@type":"ReadAction","target":["https:\/\/www.caudete.org\/ayuntamiento\/desde-hoy-un-tramo-de-c-la-huerta-cambia-de-sentido\/"]}]},{"@type":"ImageObject","inLanguage":"es","@id":"https:\/\/www.caudete.org\/ayuntamiento\/desde-hoy-un-tramo-de-c-la-huerta-cambia-de-sentido\/#primaryimage","url":"https:\/\/www.caudete.org\/ayuntamiento\/wp-content\/uploads\/2021\/07\/WhatsApp-Image-2021-07-13-at-22.14.06.jpeg","contentUrl":"https:\/\/www.caudete.org\/ayuntamiento\/wp-content\/uploads\/2021\/07\/WhatsApp-Image-2021-07-13-at-22.14.06.jpeg","width":1072,"height":613},{"@type":"BreadcrumbList","@id":"https:\/\/www.caudete.org\/ayuntamiento\/desde-hoy-un-tramo-de-c-la-huerta-cambia-de-sentido\/#breadcrumb","itemListElement":[{"@type":"ListItem","position":1,"name":"Inicio","item":"https:\/\/www.caudete.org\/ayuntamiento\/"},{"@type":"ListItem","position":2,"name":"Desde hoy, un tramo de C\/La Huerta cambia de sentido"}]},{"@type":"WebSite","@id":"https:\/\/www.caudete.org\/ayuntamiento\/#website","url":"https:\/\/www.caudete.org\/ayuntamiento\/","name":"MI Ayuntamiento de Caudete","description":"P\u00e1gina Oficial del MI Ayuntamiento de Caudete","potentialAction":[{"@type":"SearchAction","target":{"@type":"EntryPoint","urlTemplate":"https:\/\/www.caudete.org\/ayuntamiento\/?s={search_term_string}"},"query-input":{"@type":"PropertyValueSpecification","valueRequired":true,"valueName":"search_term_string"}}],"inLanguage":"es"},{"@type":"Person","@id":"https:\/\/www.caudete.org\/ayuntamiento\/#\/schema\/person\/cc646da9133078ee4d8dd47457947253","name":"alcalde","image":{"@type":"ImageObject","inLanguage":"es","@id":"https:\/\/secure.gravatar.com\/avatar\/84a817ba065b29ff08d666b215a215f5c79186a645ccb25b14a663d48a130f77?s=96&d=mm&r=g","url":"https:\/\/secure.gravatar.com\/avatar\/84a817ba065b29ff08d666b215a215f5c79186a645ccb25b14a663d48a130f77?s=96&d=mm&r=g","contentUrl":"https:\/\/secure.gravatar.com\/avatar\/84a817ba065b29ff08d666b215a215f5c79186a645ccb25b14a663d48a130f77?s=96&d=mm&r=g","caption":"alcalde"},"url":"https:\/\/www.caudete.org\/ayuntamiento\/author\/alcalde\/"}]}},"_links":{"self":[{"href":"https:\/\/www.caudete.org\/ayuntamiento\/wp-json\/wp\/v2\/posts\/15325","targetHints":{"allow":["GET"]}}],"collection":[{"href":"https:\/\/www.caudete.org\/ayuntamiento\/wp-json\/wp\/v2\/posts"}],"about":[{"href":"https:\/\/www.caudete.org\/ayuntamiento\/wp-json\/wp\/v2\/types\/post"}],"author":[{"embeddable":true,"href":"https:\/\/www.caudete.org\/ayuntamiento\/wp-json\/wp\/v2\/users\/3"}],"replies":[{"embeddable":true,"href":"https:\/\/www.caudete.org\/ayuntamiento\/wp-json\/wp\/v2\/comments?post=15325"}],"version-history":[{"count":3,"href":"https:\/\/www.caudete.org\/ayuntamiento\/wp-json\/wp\/v2\/posts\/15325\/revisions"}],"predecessor-version":[{"id":15504,"href":"https:\/\/www.caudete.org\/ayuntamiento\/wp-json\/wp\/v2\/posts\/15325\/revisions\/15504"}],"wp:featuredmedia":[{"embeddable":true,"href":"https:\/\/www.caudete.org\/ayuntamiento\/wp-json\/wp\/v2\/media\/15326"}],"wp:attachment":[{"href":"https:\/\/www.caudete.org\/ayuntamiento\/wp-json\/wp\/v2\/media?parent=15325"}],"wp:term":[{"taxonomy":"category","embeddable":true,"href":"https:\/\/www.caudete.org\/ayuntamiento\/wp-json\/wp\/v2\/categories?post=15325"},{"taxonomy":"post_tag","embeddable":true,"href":"https:\/\/www.caudete.org\/ayuntamiento\/wp-json\/wp\/v2\/tags?post=15325"}],"curies":[{"name":"wp","href":"https:\/\/api.w.org\/{rel}","templated":true}]}}