{"id":15329,"date":"2021-07-14T11:30:49","date_gmt":"2021-07-14T09:30:49","guid":{"rendered":"https:\/\/www.caudete.org\/ayuntamiento\/?p=15329"},"modified":"2021-07-14T12:24:19","modified_gmt":"2021-07-14T10:24:19","slug":"apertura-de-ramales-en-el-cruce-de-la-a-33-con-la-a-31","status":"publish","type":"post","link":"https:\/\/www.caudete.org\/ayuntamiento\/apertura-de-ramales-en-el-cruce-de-la-a-33-con-la-a-31\/","title":{"rendered":"Apertura de ramales en EL CRUCE de la A-33 con la A-31"},"content":{"rendered":"<p style=\"text-align: justify;\"><span style=\"font-weight: 400;\">Desde la Concejal\u00eda de Movilidad, su responsable, Joaqu\u00edn Pag\u00e1n\u00a0 ha informado que desde \u00faltima hora de la tarde de ayer martes, han sido abiertos al tr\u00e1fico los ramales que faltaban en el nudo que une las autov\u00edas A-31 y A-33, conocido como &#8220;El Cruce&#8221;.<\/span><\/p>\n<p style=\"text-align: justify;\"><span style=\"font-weight: 400;\">Esto significa para Caudete que la entrada a Caudete desde Albacete por la A-31 ya tiene habilitado el vial que lo permite, ya que la salida hacia Albacete ya fue abierta meses atr\u00e1s. <\/span><\/p>\n<p style=\"text-align: justify;\"><span style=\"font-weight: 400;\">Por tanto, el desv\u00edo provisional que obligaba hasta salir por el desv\u00edo de &#8220;Los Almendros&#8221; y hacer el cambio de sentido direcci\u00f3n Albacete, queda suprimido.<\/span><\/p>\n<p style=\"text-align: justify;\"><span style=\"font-weight: 400;\">Ha aprovechado Pag\u00e1n para trasladar la nota informativa que la empresa encargada de la ejecuci\u00f3n de esta infraestructura le ha facilitado al respecto sobre el tramo de Fuente La Higuera a Caudete (hasta el Cruce). El tramo, de 13,5 km de longitud <\/span><span style=\"font-weight: 400;\">soporta en la actualidad una intensidad media diaria de unos 15.000 veh\u00edculos, con un 50% de pesados.<\/span><\/p>\n<p style=\"text-align: justify;\"><span style=\"font-weight: 400;\">La autov\u00eda A-33 consta de calzadas separadas con dos carriles para cada sentido de la circulaci\u00f3n, con arc\u00e9n interior de 1 m y exterior de 2,50 m. La mediana tiene una anchura de 10 m, excepto en el tramo de variante de poblaci\u00f3n de La Font de la Figuera, donde se reduce a 2 m. <\/span><\/p>\n<p style=\"text-align: justify;\"><span style=\"font-weight: 400;\">La velocidad de proyecto del tronco principal es de 120 km\/h. Adem\u00e1s, se ha construido un nuevo enlace con la autov\u00eda A-31, con ramales de 100 km\/h de velocidad de proyecto. Tambi\u00e9n se ha mejorado el trazado de 4,5 km de la autov\u00eda A-31 en el entorno de este nuevo nudo. <\/span><span style=\"font-weight: 400;\">Este tramo, tiene 4 enlaces y un total de 26 estructuras, entre viaductos, pasos superiores y pasos inferiores. <\/span><\/p>\n<p style=\"text-align: justify;\"><span style=\"font-weight: 400;\">Las principales medidas de ordenaci\u00f3n ambiental son las hidrosiembras y plantaciones, as\u00ed como la instalaci\u00f3n de m\u00e1s de 6.000 m<\/span><sup><span style=\"font-weight: 400;\">2<\/span><\/sup><span style=\"font-weight: 400;\"> de pantallas de protecci\u00f3n ac\u00fastica. Tambi\u00e9n se han llevado a cabo importantes intervenciones arqueol\u00f3gicas y paleontol\u00f3gicas, entre las que destaca la realizada en el hallazgo fortuito del yacimiento paleontol\u00f3gico de \u201cEl Estrecho\u201d, en el t\u00e9rmino municipal de Caudete.<\/span><\/p>\n<p style=\"text-align: justify;\">\n","protected":false},"excerpt":{"rendered":"<p>Desde la Concejal\u00eda de Movilidad, su responsable, Joaqu\u00edn Pag\u00e1n\u00a0 ha informado que desde \u00faltima hora de la tarde de ayer martes, han sido abiertos al tr\u00e1fico los ramales que faltaban en el nudo que une las autov\u00edas A-31 y A-33, conocido como &#8220;El Cruce&#8221;. Esto significa para Caudete que la entrada a Caudete desde Albacete &hellip;<\/p>\n","protected":false},"author":3,"featured_media":15331,"comment_status":"closed","ping_status":"open","sticky":false,"template":"","format":"standard","meta":{"ngg_post_thumbnail":0,"footnotes":""},"categories":[46],"tags":[],"class_list":["post-15329","post","type-post","status-publish","format-standard","has-post-thumbnail","hentry","category-movilidad-urbana"],"yoast_head":"<!-- This site is optimized with the Yoast SEO plugin v27.5 - https:\/\/yoast.com\/product\/yoast-seo-wordpress\/ -->\n<title>Apertura de ramales en EL CRUCE de la A-33 con la A-31 - MI Ayuntamiento de Caudete<\/title>\n<meta name=\"description\" content=\"P\u00e1gina Oficial del Ayuntamiento de Caudete (Albacete)\" \/>\n<meta name=\"robots\" content=\"index, follow, max-snippet:-1, max-image-preview:large, max-video-preview:-1\" \/>\n<link rel=\"canonical\" href=\"https:\/\/www.caudete.org\/ayuntamiento\/apertura-de-ramales-en-el-cruce-de-la-a-33-con-la-a-31\/\" \/>\n<meta property=\"og:locale\" content=\"es_ES\" \/>\n<meta property=\"og:type\" content=\"article\" \/>\n<meta property=\"og:title\" content=\"Apertura de ramales en EL CRUCE de la A-33 con la A-31 - MI Ayuntamiento de Caudete\" \/>\n<meta property=\"og:description\" content=\"P\u00e1gina Oficial del Ayuntamiento de Caudete (Albacete)\" \/>\n<meta property=\"og:url\" content=\"https:\/\/www.caudete.org\/ayuntamiento\/apertura-de-ramales-en-el-cruce-de-la-a-33-con-la-a-31\/\" \/>\n<meta property=\"og:site_name\" content=\"MI Ayuntamiento de Caudete\" \/>\n<meta property=\"article:publisher\" content=\"https:\/\/www.facebook.com\/ayuntamientocaudete\/\" \/>\n<meta property=\"article:published_time\" content=\"2021-07-14T09:30:49+00:00\" \/>\n<meta property=\"article:modified_time\" content=\"2021-07-14T10:24:19+00:00\" \/>\n<meta property=\"og:image\" content=\"https:\/\/www.caudete.org\/ayuntamiento\/wp-content\/uploads\/2021\/07\/WhatsApp-Image-2021-07-14-at-12.22.44.jpeg\" \/>\n\t<meta property=\"og:image:width\" content=\"838\" \/>\n\t<meta property=\"og:image:height\" content=\"556\" \/>\n\t<meta property=\"og:image:type\" content=\"image\/jpeg\" \/>\n<meta name=\"author\" content=\"alcalde\" \/>\n<meta name=\"twitter:card\" content=\"summary_large_image\" \/>\n<meta name=\"twitter:label1\" content=\"Escrito por\" \/>\n\t<meta name=\"twitter:data1\" content=\"alcalde\" \/>\n\t<meta name=\"twitter:label2\" content=\"Tiempo de lectura\" \/>\n\t<meta name=\"twitter:data2\" content=\"2 minutos\" \/>\n<script type=\"application\/ld+json\" class=\"yoast-schema-graph\">{\"@context\":\"https:\\\/\\\/schema.org\",\"@graph\":[{\"@type\":\"Article\",\"@id\":\"https:\\\/\\\/www.caudete.org\\\/ayuntamiento\\\/apertura-de-ramales-en-el-cruce-de-la-a-33-con-la-a-31\\\/#article\",\"isPartOf\":{\"@id\":\"https:\\\/\\\/www.caudete.org\\\/ayuntamiento\\\/apertura-de-ramales-en-el-cruce-de-la-a-33-con-la-a-31\\\/\"},\"author\":{\"name\":\"alcalde\",\"@id\":\"https:\\\/\\\/www.caudete.org\\\/ayuntamiento\\\/#\\\/schema\\\/person\\\/cc646da9133078ee4d8dd47457947253\"},\"headline\":\"Apertura de ramales en EL CRUCE de la A-33 con la A-31\",\"datePublished\":\"2021-07-14T09:30:49+00:00\",\"dateModified\":\"2021-07-14T10:24:19+00:00\",\"mainEntityOfPage\":{\"@id\":\"https:\\\/\\\/www.caudete.org\\\/ayuntamiento\\\/apertura-de-ramales-en-el-cruce-de-la-a-33-con-la-a-31\\\/\"},\"wordCount\":374,\"image\":{\"@id\":\"https:\\\/\\\/www.caudete.org\\\/ayuntamiento\\\/apertura-de-ramales-en-el-cruce-de-la-a-33-con-la-a-31\\\/#primaryimage\"},\"thumbnailUrl\":\"https:\\\/\\\/www.caudete.org\\\/ayuntamiento\\\/wp-content\\\/uploads\\\/2021\\\/07\\\/WhatsApp-Image-2021-07-14-at-12.22.44.jpeg\",\"articleSection\":[\"Movilidad Urbana\"],\"inLanguage\":\"es\"},{\"@type\":\"WebPage\",\"@id\":\"https:\\\/\\\/www.caudete.org\\\/ayuntamiento\\\/apertura-de-ramales-en-el-cruce-de-la-a-33-con-la-a-31\\\/\",\"url\":\"https:\\\/\\\/www.caudete.org\\\/ayuntamiento\\\/apertura-de-ramales-en-el-cruce-de-la-a-33-con-la-a-31\\\/\",\"name\":\"Apertura de ramales en EL CRUCE de la A-33 con la A-31 - MI Ayuntamiento de Caudete\",\"isPartOf\":{\"@id\":\"https:\\\/\\\/www.caudete.org\\\/ayuntamiento\\\/#website\"},\"primaryImageOfPage\":{\"@id\":\"https:\\\/\\\/www.caudete.org\\\/ayuntamiento\\\/apertura-de-ramales-en-el-cruce-de-la-a-33-con-la-a-31\\\/#primaryimage\"},\"image\":{\"@id\":\"https:\\\/\\\/www.caudete.org\\\/ayuntamiento\\\/apertura-de-ramales-en-el-cruce-de-la-a-33-con-la-a-31\\\/#primaryimage\"},\"thumbnailUrl\":\"https:\\\/\\\/www.caudete.org\\\/ayuntamiento\\\/wp-content\\\/uploads\\\/2021\\\/07\\\/WhatsApp-Image-2021-07-14-at-12.22.44.jpeg\",\"datePublished\":\"2021-07-14T09:30:49+00:00\",\"dateModified\":\"2021-07-14T10:24:19+00:00\",\"author\":{\"@id\":\"https:\\\/\\\/www.caudete.org\\\/ayuntamiento\\\/#\\\/schema\\\/person\\\/cc646da9133078ee4d8dd47457947253\"},\"description\":\"P\u00e1gina Oficial del Ayuntamiento de Caudete (Albacete)\",\"breadcrumb\":{\"@id\":\"https:\\\/\\\/www.caudete.org\\\/ayuntamiento\\\/apertura-de-ramales-en-el-cruce-de-la-a-33-con-la-a-31\\\/#breadcrumb\"},\"inLanguage\":\"es\",\"potentialAction\":[{\"@type\":\"ReadAction\",\"target\":[\"https:\\\/\\\/www.caudete.org\\\/ayuntamiento\\\/apertura-de-ramales-en-el-cruce-de-la-a-33-con-la-a-31\\\/\"]}]},{\"@type\":\"ImageObject\",\"inLanguage\":\"es\",\"@id\":\"https:\\\/\\\/www.caudete.org\\\/ayuntamiento\\\/apertura-de-ramales-en-el-cruce-de-la-a-33-con-la-a-31\\\/#primaryimage\",\"url\":\"https:\\\/\\\/www.caudete.org\\\/ayuntamiento\\\/wp-content\\\/uploads\\\/2021\\\/07\\\/WhatsApp-Image-2021-07-14-at-12.22.44.jpeg\",\"contentUrl\":\"https:\\\/\\\/www.caudete.org\\\/ayuntamiento\\\/wp-content\\\/uploads\\\/2021\\\/07\\\/WhatsApp-Image-2021-07-14-at-12.22.44.jpeg\",\"width\":838,\"height\":556},{\"@type\":\"BreadcrumbList\",\"@id\":\"https:\\\/\\\/www.caudete.org\\\/ayuntamiento\\\/apertura-de-ramales-en-el-cruce-de-la-a-33-con-la-a-31\\\/#breadcrumb\",\"itemListElement\":[{\"@type\":\"ListItem\",\"position\":1,\"name\":\"Inicio\",\"item\":\"https:\\\/\\\/www.caudete.org\\\/ayuntamiento\\\/\"},{\"@type\":\"ListItem\",\"position\":2,\"name\":\"Apertura de ramales en EL CRUCE de la A-33 con la A-31\"}]},{\"@type\":\"WebSite\",\"@id\":\"https:\\\/\\\/www.caudete.org\\\/ayuntamiento\\\/#website\",\"url\":\"https:\\\/\\\/www.caudete.org\\\/ayuntamiento\\\/\",\"name\":\"MI Ayuntamiento de Caudete\",\"description\":\"P\u00e1gina Oficial del MI Ayuntamiento de Caudete\",\"potentialAction\":[{\"@type\":\"SearchAction\",\"target\":{\"@type\":\"EntryPoint\",\"urlTemplate\":\"https:\\\/\\\/www.caudete.org\\\/ayuntamiento\\\/?s={search_term_string}\"},\"query-input\":{\"@type\":\"PropertyValueSpecification\",\"valueRequired\":true,\"valueName\":\"search_term_string\"}}],\"inLanguage\":\"es\"},{\"@type\":\"Person\",\"@id\":\"https:\\\/\\\/www.caudete.org\\\/ayuntamiento\\\/#\\\/schema\\\/person\\\/cc646da9133078ee4d8dd47457947253\",\"name\":\"alcalde\",\"image\":{\"@type\":\"ImageObject\",\"inLanguage\":\"es\",\"@id\":\"https:\\\/\\\/secure.gravatar.com\\\/avatar\\\/84a817ba065b29ff08d666b215a215f5c79186a645ccb25b14a663d48a130f77?s=96&d=mm&r=g\",\"url\":\"https:\\\/\\\/secure.gravatar.com\\\/avatar\\\/84a817ba065b29ff08d666b215a215f5c79186a645ccb25b14a663d48a130f77?s=96&d=mm&r=g\",\"contentUrl\":\"https:\\\/\\\/secure.gravatar.com\\\/avatar\\\/84a817ba065b29ff08d666b215a215f5c79186a645ccb25b14a663d48a130f77?s=96&d=mm&r=g\",\"caption\":\"alcalde\"},\"url\":\"https:\\\/\\\/www.caudete.org\\\/ayuntamiento\\\/author\\\/alcalde\\\/\"}]}<\/script>\n<!-- \/ Yoast SEO plugin. -->","yoast_head_json":{"title":"Apertura de ramales en EL CRUCE de la A-33 con la A-31 - MI Ayuntamiento de Caudete","description":"P\u00e1gina Oficial del Ayuntamiento de Caudete (Albacete)","robots":{"index":"index","follow":"follow","max-snippet":"max-snippet:-1","max-image-preview":"max-image-preview:large","max-video-preview":"max-video-preview:-1"},"canonical":"https:\/\/www.caudete.org\/ayuntamiento\/apertura-de-ramales-en-el-cruce-de-la-a-33-con-la-a-31\/","og_locale":"es_ES","og_type":"article","og_title":"Apertura de ramales en EL CRUCE de la A-33 con la A-31 - MI Ayuntamiento de Caudete","og_description":"P\u00e1gina Oficial del Ayuntamiento de Caudete (Albacete)","og_url":"https:\/\/www.caudete.org\/ayuntamiento\/apertura-de-ramales-en-el-cruce-de-la-a-33-con-la-a-31\/","og_site_name":"MI Ayuntamiento de Caudete","article_publisher":"https:\/\/www.facebook.com\/ayuntamientocaudete\/","article_published_time":"2021-07-14T09:30:49+00:00","article_modified_time":"2021-07-14T10:24:19+00:00","og_image":[{"width":838,"height":556,"url":"https:\/\/www.caudete.org\/ayuntamiento\/wp-content\/uploads\/2021\/07\/WhatsApp-Image-2021-07-14-at-12.22.44.jpeg","type":"image\/jpeg"}],"author":"alcalde","twitter_card":"summary_large_image","twitter_misc":{"Escrito por":"alcalde","Tiempo de lectura":"2 minutos"},"schema":{"@context":"https:\/\/schema.org","@graph":[{"@type":"Article","@id":"https:\/\/www.caudete.org\/ayuntamiento\/apertura-de-ramales-en-el-cruce-de-la-a-33-con-la-a-31\/#article","isPartOf":{"@id":"https:\/\/www.caudete.org\/ayuntamiento\/apertura-de-ramales-en-el-cruce-de-la-a-33-con-la-a-31\/"},"author":{"name":"alcalde","@id":"https:\/\/www.caudete.org\/ayuntamiento\/#\/schema\/person\/cc646da9133078ee4d8dd47457947253"},"headline":"Apertura de ramales en EL CRUCE de la A-33 con la A-31","datePublished":"2021-07-14T09:30:49+00:00","dateModified":"2021-07-14T10:24:19+00:00","mainEntityOfPage":{"@id":"https:\/\/www.caudete.org\/ayuntamiento\/apertura-de-ramales-en-el-cruce-de-la-a-33-con-la-a-31\/"},"wordCount":374,"image":{"@id":"https:\/\/www.caudete.org\/ayuntamiento\/apertura-de-ramales-en-el-cruce-de-la-a-33-con-la-a-31\/#primaryimage"},"thumbnailUrl":"https:\/\/www.caudete.org\/ayuntamiento\/wp-content\/uploads\/2021\/07\/WhatsApp-Image-2021-07-14-at-12.22.44.jpeg","articleSection":["Movilidad Urbana"],"inLanguage":"es"},{"@type":"WebPage","@id":"https:\/\/www.caudete.org\/ayuntamiento\/apertura-de-ramales-en-el-cruce-de-la-a-33-con-la-a-31\/","url":"https:\/\/www.caudete.org\/ayuntamiento\/apertura-de-ramales-en-el-cruce-de-la-a-33-con-la-a-31\/","name":"Apertura de ramales en EL CRUCE de la A-33 con la A-31 - MI Ayuntamiento de Caudete","isPartOf":{"@id":"https:\/\/www.caudete.org\/ayuntamiento\/#website"},"primaryImageOfPage":{"@id":"https:\/\/www.caudete.org\/ayuntamiento\/apertura-de-ramales-en-el-cruce-de-la-a-33-con-la-a-31\/#primaryimage"},"image":{"@id":"https:\/\/www.caudete.org\/ayuntamiento\/apertura-de-ramales-en-el-cruce-de-la-a-33-con-la-a-31\/#primaryimage"},"thumbnailUrl":"https:\/\/www.caudete.org\/ayuntamiento\/wp-content\/uploads\/2021\/07\/WhatsApp-Image-2021-07-14-at-12.22.44.jpeg","datePublished":"2021-07-14T09:30:49+00:00","dateModified":"2021-07-14T10:24:19+00:00","author":{"@id":"https:\/\/www.caudete.org\/ayuntamiento\/#\/schema\/person\/cc646da9133078ee4d8dd47457947253"},"description":"P\u00e1gina Oficial del Ayuntamiento de Caudete (Albacete)","breadcrumb":{"@id":"https:\/\/www.caudete.org\/ayuntamiento\/apertura-de-ramales-en-el-cruce-de-la-a-33-con-la-a-31\/#breadcrumb"},"inLanguage":"es","potentialAction":[{"@type":"ReadAction","target":["https:\/\/www.caudete.org\/ayuntamiento\/apertura-de-ramales-en-el-cruce-de-la-a-33-con-la-a-31\/"]}]},{"@type":"ImageObject","inLanguage":"es","@id":"https:\/\/www.caudete.org\/ayuntamiento\/apertura-de-ramales-en-el-cruce-de-la-a-33-con-la-a-31\/#primaryimage","url":"https:\/\/www.caudete.org\/ayuntamiento\/wp-content\/uploads\/2021\/07\/WhatsApp-Image-2021-07-14-at-12.22.44.jpeg","contentUrl":"https:\/\/www.caudete.org\/ayuntamiento\/wp-content\/uploads\/2021\/07\/WhatsApp-Image-2021-07-14-at-12.22.44.jpeg","width":838,"height":556},{"@type":"BreadcrumbList","@id":"https:\/\/www.caudete.org\/ayuntamiento\/apertura-de-ramales-en-el-cruce-de-la-a-33-con-la-a-31\/#breadcrumb","itemListElement":[{"@type":"ListItem","position":1,"name":"Inicio","item":"https:\/\/www.caudete.org\/ayuntamiento\/"},{"@type":"ListItem","position":2,"name":"Apertura de ramales en EL CRUCE de la A-33 con la A-31"}]},{"@type":"WebSite","@id":"https:\/\/www.caudete.org\/ayuntamiento\/#website","url":"https:\/\/www.caudete.org\/ayuntamiento\/","name":"MI Ayuntamiento de Caudete","description":"P\u00e1gina Oficial del MI Ayuntamiento de Caudete","potentialAction":[{"@type":"SearchAction","target":{"@type":"EntryPoint","urlTemplate":"https:\/\/www.caudete.org\/ayuntamiento\/?s={search_term_string}"},"query-input":{"@type":"PropertyValueSpecification","valueRequired":true,"valueName":"search_term_string"}}],"inLanguage":"es"},{"@type":"Person","@id":"https:\/\/www.caudete.org\/ayuntamiento\/#\/schema\/person\/cc646da9133078ee4d8dd47457947253","name":"alcalde","image":{"@type":"ImageObject","inLanguage":"es","@id":"https:\/\/secure.gravatar.com\/avatar\/84a817ba065b29ff08d666b215a215f5c79186a645ccb25b14a663d48a130f77?s=96&d=mm&r=g","url":"https:\/\/secure.gravatar.com\/avatar\/84a817ba065b29ff08d666b215a215f5c79186a645ccb25b14a663d48a130f77?s=96&d=mm&r=g","contentUrl":"https:\/\/secure.gravatar.com\/avatar\/84a817ba065b29ff08d666b215a215f5c79186a645ccb25b14a663d48a130f77?s=96&d=mm&r=g","caption":"alcalde"},"url":"https:\/\/www.caudete.org\/ayuntamiento\/author\/alcalde\/"}]}},"_links":{"self":[{"href":"https:\/\/www.caudete.org\/ayuntamiento\/wp-json\/wp\/v2\/posts\/15329","targetHints":{"allow":["GET"]}}],"collection":[{"href":"https:\/\/www.caudete.org\/ayuntamiento\/wp-json\/wp\/v2\/posts"}],"about":[{"href":"https:\/\/www.caudete.org\/ayuntamiento\/wp-json\/wp\/v2\/types\/post"}],"author":[{"embeddable":true,"href":"https:\/\/www.caudete.org\/ayuntamiento\/wp-json\/wp\/v2\/users\/3"}],"replies":[{"embeddable":true,"href":"https:\/\/www.caudete.org\/ayuntamiento\/wp-json\/wp\/v2\/comments?post=15329"}],"version-history":[{"count":3,"href":"https:\/\/www.caudete.org\/ayuntamiento\/wp-json\/wp\/v2\/posts\/15329\/revisions"}],"predecessor-version":[{"id":15333,"href":"https:\/\/www.caudete.org\/ayuntamiento\/wp-json\/wp\/v2\/posts\/15329\/revisions\/15333"}],"wp:featuredmedia":[{"embeddable":true,"href":"https:\/\/www.caudete.org\/ayuntamiento\/wp-json\/wp\/v2\/media\/15331"}],"wp:attachment":[{"href":"https:\/\/www.caudete.org\/ayuntamiento\/wp-json\/wp\/v2\/media?parent=15329"}],"wp:term":[{"taxonomy":"category","embeddable":true,"href":"https:\/\/www.caudete.org\/ayuntamiento\/wp-json\/wp\/v2\/categories?post=15329"},{"taxonomy":"post_tag","embeddable":true,"href":"https:\/\/www.caudete.org\/ayuntamiento\/wp-json\/wp\/v2\/tags?post=15329"}],"curies":[{"name":"wp","href":"https:\/\/api.w.org\/{rel}","templated":true}]}}