{"id":15337,"date":"2021-07-14T14:27:13","date_gmt":"2021-07-14T12:27:13","guid":{"rendered":"https:\/\/www.caudete.org\/ayuntamiento\/?p=15337"},"modified":"2021-07-14T14:27:13","modified_gmt":"2021-07-14T12:27:13","slug":"caudete-hace-neurociencia-con-la-uclm-y-los-caudetanos-alino-martinez-e-isabel-ubeda","status":"publish","type":"post","link":"https:\/\/www.caudete.org\/ayuntamiento\/caudete-hace-neurociencia-con-la-uclm-y-los-caudetanos-alino-martinez-e-isabel-ubeda\/","title":{"rendered":"&#8220;CAUDETE HACE NEUROCIENCIA&#8221;, con la UCLM y los caudetanos Alino Mart\u00ednez e Isabel \u00dabeda"},"content":{"rendered":"<p style=\"text-align: justify;\">Natalia Ba\u00f1\u00f3n, Concejal de Educaci\u00f3n ha presentado la actividad que en colaboraci\u00f3n con la Universidad de Castilla La Mancha, se desarrollar\u00e1 la pr\u00f3xima semana dentro del proyecto &#8220;<em>Ciencia Circular<\/em>&#8221; que durante todo el mes de Julio traslada a los municipios castellanomanchegos para acercar el conocimiento cient\u00edfico a ni\u00f1os y adultos de mano de profesionales docentes.<\/p>\n<p style=\"text-align: justify;\">Caudete tiene adem\u00e1s la suerte de que el equipo de investigadores responsables de la actividad sean dos caudetanos con una trayectoria profesional brillante. As\u00ed pues, ser\u00e1n el Dr. D. Alino Mart\u00ednez Marcos y la Dra. D\u00f1a. Isabel \u00dabeda Ba\u00f1\u00f3n quienes dirijan la actividad y trasladen a los caudetanos el contenido de la actividad.<\/p>\n<p style=\"text-align: justify;\">El espacio elegido es el patio de primaria del Colegio &#8220;El Paseo&#8221; para las 2 actividades programadas y que se detallan a continuaci\u00f3n. Es importante remarcar que ambas contar\u00e1n con las medidas sanitarias establecidas, y la fecha el pr\u00f3ximo viernes 23 y s\u00e1bado 24 de Julio.<\/p>\n<p style=\"text-align: justify;\">Para los <strong>Talleres<\/strong> ser\u00e1 necesaria <strong>inscripci\u00f3n previa<\/strong> en el siguiente enlace: \u00a0<a class=\"moz-txt-link-freetext\" href=\"https:\/\/forms.gle\/2tGFq1GCeofU5Aar7\" target=\"_blank\" rel=\"nofollow\">https:\/\/forms.gle\/2tGFq1GCeofU5Aar7<\/a><\/p>\n<p style=\"text-align: justify;\">En el caso de la <strong>Conferencia<\/strong>, ser\u00e1 necesario <strong>recoger invitaci\u00f3n<\/strong> previa en la Casa de Cultura, de lunes a viernes de 9.00 a 14.00h<\/p>\n<p style=\"text-align: justify;\"><img fetchpriority=\"high\" decoding=\"async\" class=\"size-medium wp-image-15339 aligncenter\" src=\"https:\/\/www.caudete.org\/ayuntamiento\/wp-content\/uploads\/2021\/07\/UCLM1-300x212.jpg\" alt=\"\" width=\"300\" height=\"212\" srcset=\"https:\/\/www.caudete.org\/ayuntamiento\/wp-content\/uploads\/2021\/07\/UCLM1-300x212.jpg 300w, https:\/\/www.caudete.org\/ayuntamiento\/wp-content\/uploads\/2021\/07\/UCLM1-1024x724.jpg 1024w, https:\/\/www.caudete.org\/ayuntamiento\/wp-content\/uploads\/2021\/07\/UCLM1-768x543.jpg 768w, https:\/\/www.caudete.org\/ayuntamiento\/wp-content\/uploads\/2021\/07\/UCLM1-1536x1086.jpg 1536w, https:\/\/www.caudete.org\/ayuntamiento\/wp-content\/uploads\/2021\/07\/UCLM1-2048x1448.jpg 2048w\" sizes=\"(max-width: 300px) 100vw, 300px\" \/><\/p>\n<p style=\"text-align: center;\"><strong><u>TALLERES DE NEUROCIENCIA PARA NI\u00d1OS, <\/u><\/strong><\/p>\n<p style=\"text-align: center;\">Viernes 23 de julio en el patio de primaria del Colegio &#8220;El Paseo&#8221;.<\/p>\n<p style=\"text-align: center;\">Edades: de 6 a 12 a\u00f1os (ambos incluidos)<\/p>\n<p style=\"text-align: center;\">Turnos:\u00a0 21:00 -21.30 horas<\/p>\n<p style=\"text-align: center;\">\u00a0\u00a0\u00a0\u00a0\u00a0\u00a0\u00a0\u00a0\u00a0\u00a0\u00a0\u00a0\u00a0 21 .40- 22.10 horas<\/p>\n<p style=\"text-align: center;\">\u00a0\u00a0\u00a0\u00a0\u00a0\u00a0\u00a0\u00a0\u00a0\u00a0\u00a0\u00a0\u00a0 22.20- 23.50 horas<\/p>\n<p style=\"text-align: center;\">Aforo por taller: 7 participantes por taller<\/p>\n<p style=\"text-align: center;\">Duraci\u00f3n 30 minutos<\/p>\n<p>&nbsp;<\/p>\n<p><strong>Taller 1.1: Descubriendo el cerebro<\/strong><\/p>\n<p>Investigador responsable: Dr. D. Alino Mart\u00ednez Marcos<\/p>\n<p>Colaborador: Juan Albertos Ba\u00f1\u00f3n (estudiante de bachillerato)<\/p>\n<p>&nbsp;<\/p>\n<p><strong>Taller 1. 2: Construye tu neurona.<\/strong><\/p>\n<p>Responsable del taller: Sof\u00eda Mart\u00ednez \u00dabeda (estudiante universitaria)<\/p>\n<p>Colaborador: Nuria Mart\u00ednez \u00dabeda (estudiante de bachillerato)<\/p>\n<p>&nbsp;<\/p>\n<p><strong>Taller 1. 3: Ilusiones \u00f3pticas: el enga\u00f1o del cerebro.<\/strong><\/p>\n<p>Investigador responsable: Sandra Villar Conde (estudiante de doctorado)<\/p>\n<p>Colaborador: Ada Mart\u00ednez \u00dabeda (estudiante universitaria)<\/p>\n<p>&nbsp;<\/p>\n<p><strong>Taller 1. 4: El cerebro a trav\u00e9s del tacto<\/strong><\/p>\n<p>Investigador responsable: Dra. D\u00f1a. Isabel \u00dabeda Ba\u00f1\u00f3n<\/p>\n<p>Colaborador: Jos\u00e9 Pablo Cantos Azor\u00edn (estudiante de bachillerato)<\/p>\n<p>&nbsp;<\/p>\n<p>&nbsp;<\/p>\n<p>&nbsp;<\/p>\n<p style=\"text-align: center;\"><strong>CONFERENCIA DIVULGATIVA<\/strong><\/p>\n<p style=\"text-align: center;\"><strong><u>\u201c<\/u><u>Enfermedades neurodegenerativas, pandilleros y huelga de basuras<\/u><\/strong><u>\u201d<\/u><\/p>\n<p style=\"text-align: center;\">D\u00eda S\u00e1bado 24 de julio<\/p>\n<p style=\"text-align: center;\">Dr. D. Alino Mart\u00ednez Marcos<\/p>\n<p style=\"text-align: center;\">Horario de 22.00 a 23.00 horas<\/p>\n<p><img decoding=\"async\" class=\"size-medium wp-image-15338 aligncenter\" src=\"https:\/\/www.caudete.org\/ayuntamiento\/wp-content\/uploads\/2021\/07\/UCLM2-300x212.jpg\" alt=\"\" width=\"300\" height=\"212\" srcset=\"https:\/\/www.caudete.org\/ayuntamiento\/wp-content\/uploads\/2021\/07\/UCLM2-300x212.jpg 300w, https:\/\/www.caudete.org\/ayuntamiento\/wp-content\/uploads\/2021\/07\/UCLM2-1024x724.jpg 1024w, https:\/\/www.caudete.org\/ayuntamiento\/wp-content\/uploads\/2021\/07\/UCLM2-768x543.jpg 768w, https:\/\/www.caudete.org\/ayuntamiento\/wp-content\/uploads\/2021\/07\/UCLM2-1536x1086.jpg 1536w, https:\/\/www.caudete.org\/ayuntamiento\/wp-content\/uploads\/2021\/07\/UCLM2-2048x1448.jpg 2048w\" sizes=\"(max-width: 300px) 100vw, 300px\" \/><\/p>\n","protected":false},"excerpt":{"rendered":"<p>Natalia Ba\u00f1\u00f3n, Concejal de Educaci\u00f3n ha presentado la actividad que en colaboraci\u00f3n con la Universidad de Castilla La Mancha, se desarrollar\u00e1 la pr\u00f3xima semana dentro del proyecto &#8220;Ciencia Circular&#8221; que durante todo el mes de Julio traslada a los municipios castellanomanchegos para acercar el conocimiento cient\u00edfico a ni\u00f1os y adultos de mano de profesionales docentes. &hellip;<\/p>\n","protected":false},"author":3,"featured_media":15338,"comment_status":"closed","ping_status":"open","sticky":false,"template":"","format":"standard","meta":{"ngg_post_thumbnail":0,"footnotes":""},"categories":[25],"tags":[],"class_list":["post-15337","post","type-post","status-publish","format-standard","has-post-thumbnail","hentry","category-educacion"],"yoast_head":"<!-- This site is optimized with the Yoast SEO plugin v27.4 - https:\/\/yoast.com\/product\/yoast-seo-wordpress\/ -->\n<title>&quot;CAUDETE HACE NEUROCIENCIA&quot;, con la UCLM y los caudetanos Alino Mart\u00ednez e Isabel \u00dabeda - MI Ayuntamiento de Caudete<\/title>\n<meta name=\"description\" content=\"P\u00e1gina Oficial del Ayuntamiento de Caudete (Albacete)\" \/>\n<meta name=\"robots\" content=\"index, follow, max-snippet:-1, max-image-preview:large, max-video-preview:-1\" \/>\n<link rel=\"canonical\" href=\"https:\/\/www.caudete.org\/ayuntamiento\/caudete-hace-neurociencia-con-la-uclm-y-los-caudetanos-alino-martinez-e-isabel-ubeda\/\" \/>\n<meta property=\"og:locale\" content=\"es_ES\" \/>\n<meta property=\"og:type\" content=\"article\" \/>\n<meta property=\"og:title\" content=\"&quot;CAUDETE HACE NEUROCIENCIA&quot;, con la UCLM y los caudetanos Alino Mart\u00ednez e Isabel \u00dabeda - MI Ayuntamiento de Caudete\" \/>\n<meta property=\"og:description\" content=\"P\u00e1gina Oficial del Ayuntamiento de Caudete (Albacete)\" \/>\n<meta property=\"og:url\" content=\"https:\/\/www.caudete.org\/ayuntamiento\/caudete-hace-neurociencia-con-la-uclm-y-los-caudetanos-alino-martinez-e-isabel-ubeda\/\" \/>\n<meta property=\"og:site_name\" content=\"MI Ayuntamiento de Caudete\" \/>\n<meta property=\"article:publisher\" content=\"https:\/\/www.facebook.com\/ayuntamientocaudete\/\" \/>\n<meta property=\"article:published_time\" content=\"2021-07-14T12:27:13+00:00\" \/>\n<meta property=\"og:image\" content=\"https:\/\/www.caudete.org\/ayuntamiento\/wp-content\/uploads\/2021\/07\/UCLM2.jpg\" \/>\n\t<meta property=\"og:image:width\" content=\"2245\" \/>\n\t<meta property=\"og:image:height\" content=\"1587\" \/>\n\t<meta property=\"og:image:type\" content=\"image\/jpeg\" \/>\n<meta name=\"author\" content=\"alcalde\" \/>\n<meta name=\"twitter:card\" content=\"summary_large_image\" \/>\n<meta name=\"twitter:label1\" content=\"Escrito por\" \/>\n\t<meta name=\"twitter:data1\" content=\"alcalde\" \/>\n\t<meta name=\"twitter:label2\" content=\"Tiempo de lectura\" \/>\n\t<meta name=\"twitter:data2\" content=\"2 minutos\" \/>\n<script type=\"application\/ld+json\" class=\"yoast-schema-graph\">{\"@context\":\"https:\\\/\\\/schema.org\",\"@graph\":[{\"@type\":\"Article\",\"@id\":\"https:\\\/\\\/www.caudete.org\\\/ayuntamiento\\\/caudete-hace-neurociencia-con-la-uclm-y-los-caudetanos-alino-martinez-e-isabel-ubeda\\\/#article\",\"isPartOf\":{\"@id\":\"https:\\\/\\\/www.caudete.org\\\/ayuntamiento\\\/caudete-hace-neurociencia-con-la-uclm-y-los-caudetanos-alino-martinez-e-isabel-ubeda\\\/\"},\"author\":{\"name\":\"alcalde\",\"@id\":\"https:\\\/\\\/www.caudete.org\\\/ayuntamiento\\\/#\\\/schema\\\/person\\\/cc646da9133078ee4d8dd47457947253\"},\"headline\":\"&#8220;CAUDETE HACE NEUROCIENCIA&#8221;, con la UCLM y los caudetanos Alino Mart\u00ednez e Isabel \u00dabeda\",\"datePublished\":\"2021-07-14T12:27:13+00:00\",\"mainEntityOfPage\":{\"@id\":\"https:\\\/\\\/www.caudete.org\\\/ayuntamiento\\\/caudete-hace-neurociencia-con-la-uclm-y-los-caudetanos-alino-martinez-e-isabel-ubeda\\\/\"},\"wordCount\":387,\"publisher\":{\"@id\":\"https:\\\/\\\/www.caudete.org\\\/ayuntamiento\\\/#organization\"},\"image\":{\"@id\":\"https:\\\/\\\/www.caudete.org\\\/ayuntamiento\\\/caudete-hace-neurociencia-con-la-uclm-y-los-caudetanos-alino-martinez-e-isabel-ubeda\\\/#primaryimage\"},\"thumbnailUrl\":\"https:\\\/\\\/www.caudete.org\\\/ayuntamiento\\\/wp-content\\\/uploads\\\/2021\\\/07\\\/UCLM2.jpg\",\"articleSection\":[\"Educaci\u00f3n\"],\"inLanguage\":\"es\"},{\"@type\":\"WebPage\",\"@id\":\"https:\\\/\\\/www.caudete.org\\\/ayuntamiento\\\/caudete-hace-neurociencia-con-la-uclm-y-los-caudetanos-alino-martinez-e-isabel-ubeda\\\/\",\"url\":\"https:\\\/\\\/www.caudete.org\\\/ayuntamiento\\\/caudete-hace-neurociencia-con-la-uclm-y-los-caudetanos-alino-martinez-e-isabel-ubeda\\\/\",\"name\":\"\\\"CAUDETE HACE NEUROCIENCIA\\\", con la UCLM y los caudetanos Alino Mart\u00ednez e Isabel \u00dabeda - MI Ayuntamiento de Caudete\",\"isPartOf\":{\"@id\":\"https:\\\/\\\/www.caudete.org\\\/ayuntamiento\\\/#website\"},\"primaryImageOfPage\":{\"@id\":\"https:\\\/\\\/www.caudete.org\\\/ayuntamiento\\\/caudete-hace-neurociencia-con-la-uclm-y-los-caudetanos-alino-martinez-e-isabel-ubeda\\\/#primaryimage\"},\"image\":{\"@id\":\"https:\\\/\\\/www.caudete.org\\\/ayuntamiento\\\/caudete-hace-neurociencia-con-la-uclm-y-los-caudetanos-alino-martinez-e-isabel-ubeda\\\/#primaryimage\"},\"thumbnailUrl\":\"https:\\\/\\\/www.caudete.org\\\/ayuntamiento\\\/wp-content\\\/uploads\\\/2021\\\/07\\\/UCLM2.jpg\",\"datePublished\":\"2021-07-14T12:27:13+00:00\",\"description\":\"P\u00e1gina Oficial del Ayuntamiento de Caudete (Albacete)\",\"breadcrumb\":{\"@id\":\"https:\\\/\\\/www.caudete.org\\\/ayuntamiento\\\/caudete-hace-neurociencia-con-la-uclm-y-los-caudetanos-alino-martinez-e-isabel-ubeda\\\/#breadcrumb\"},\"inLanguage\":\"es\",\"potentialAction\":[{\"@type\":\"ReadAction\",\"target\":[\"https:\\\/\\\/www.caudete.org\\\/ayuntamiento\\\/caudete-hace-neurociencia-con-la-uclm-y-los-caudetanos-alino-martinez-e-isabel-ubeda\\\/\"]}]},{\"@type\":\"ImageObject\",\"inLanguage\":\"es\",\"@id\":\"https:\\\/\\\/www.caudete.org\\\/ayuntamiento\\\/caudete-hace-neurociencia-con-la-uclm-y-los-caudetanos-alino-martinez-e-isabel-ubeda\\\/#primaryimage\",\"url\":\"https:\\\/\\\/www.caudete.org\\\/ayuntamiento\\\/wp-content\\\/uploads\\\/2021\\\/07\\\/UCLM2.jpg\",\"contentUrl\":\"https:\\\/\\\/www.caudete.org\\\/ayuntamiento\\\/wp-content\\\/uploads\\\/2021\\\/07\\\/UCLM2.jpg\",\"width\":2245,\"height\":1587},{\"@type\":\"BreadcrumbList\",\"@id\":\"https:\\\/\\\/www.caudete.org\\\/ayuntamiento\\\/caudete-hace-neurociencia-con-la-uclm-y-los-caudetanos-alino-martinez-e-isabel-ubeda\\\/#breadcrumb\",\"itemListElement\":[{\"@type\":\"ListItem\",\"position\":1,\"name\":\"Inicio\",\"item\":\"https:\\\/\\\/www.caudete.org\\\/ayuntamiento\\\/\"},{\"@type\":\"ListItem\",\"position\":2,\"name\":\"&#8220;CAUDETE HACE NEUROCIENCIA&#8221;, con la UCLM y los caudetanos Alino Mart\u00ednez e Isabel \u00dabeda\"}]},{\"@type\":\"WebSite\",\"@id\":\"https:\\\/\\\/www.caudete.org\\\/ayuntamiento\\\/#website\",\"url\":\"https:\\\/\\\/www.caudete.org\\\/ayuntamiento\\\/\",\"name\":\"MI Ayuntamiento de Caudete\",\"description\":\"P\u00e1gina Oficial del MI Ayuntamiento de Caudete\",\"publisher\":{\"@id\":\"https:\\\/\\\/www.caudete.org\\\/ayuntamiento\\\/#organization\"},\"potentialAction\":[{\"@type\":\"SearchAction\",\"target\":{\"@type\":\"EntryPoint\",\"urlTemplate\":\"https:\\\/\\\/www.caudete.org\\\/ayuntamiento\\\/?s={search_term_string}\"},\"query-input\":{\"@type\":\"PropertyValueSpecification\",\"valueRequired\":true,\"valueName\":\"search_term_string\"}}],\"inLanguage\":\"es\"},{\"@type\":\"Organization\",\"@id\":\"https:\\\/\\\/www.caudete.org\\\/ayuntamiento\\\/#organization\",\"name\":\"Ayuntamiento de Caudete\",\"url\":\"https:\\\/\\\/www.caudete.org\\\/ayuntamiento\\\/\",\"logo\":{\"@type\":\"ImageObject\",\"inLanguage\":\"es\",\"@id\":\"https:\\\/\\\/www.caudete.org\\\/ayuntamiento\\\/#\\\/schema\\\/logo\\\/image\\\/\",\"url\":\"https:\\\/\\\/www.caudete.org\\\/ayuntamiento\\\/wp-content\\\/uploads\\\/2020\\\/11\\\/logo_ayuntamiento_caudete.jpg\",\"contentUrl\":\"https:\\\/\\\/www.caudete.org\\\/ayuntamiento\\\/wp-content\\\/uploads\\\/2020\\\/11\\\/logo_ayuntamiento_caudete.jpg\",\"width\":600,\"height\":150,\"caption\":\"Ayuntamiento de Caudete\"},\"image\":{\"@id\":\"https:\\\/\\\/www.caudete.org\\\/ayuntamiento\\\/#\\\/schema\\\/logo\\\/image\\\/\"},\"sameAs\":[\"https:\\\/\\\/www.facebook.com\\\/ayuntamientocaudete\\\/\",\"https:\\\/\\\/www.youtube.com\\\/channel\\\/UC6VztHaooNsGpw-tNoBEFnQ\"]},{\"@type\":\"Person\",\"@id\":\"https:\\\/\\\/www.caudete.org\\\/ayuntamiento\\\/#\\\/schema\\\/person\\\/cc646da9133078ee4d8dd47457947253\",\"name\":\"alcalde\",\"image\":{\"@type\":\"ImageObject\",\"inLanguage\":\"es\",\"@id\":\"https:\\\/\\\/secure.gravatar.com\\\/avatar\\\/84a817ba065b29ff08d666b215a215f5c79186a645ccb25b14a663d48a130f77?s=96&d=mm&r=g\",\"url\":\"https:\\\/\\\/secure.gravatar.com\\\/avatar\\\/84a817ba065b29ff08d666b215a215f5c79186a645ccb25b14a663d48a130f77?s=96&d=mm&r=g\",\"contentUrl\":\"https:\\\/\\\/secure.gravatar.com\\\/avatar\\\/84a817ba065b29ff08d666b215a215f5c79186a645ccb25b14a663d48a130f77?s=96&d=mm&r=g\",\"caption\":\"alcalde\"},\"url\":\"https:\\\/\\\/www.caudete.org\\\/ayuntamiento\\\/author\\\/alcalde\\\/\"}]}<\/script>\n<!-- \/ Yoast SEO plugin. -->","yoast_head_json":{"title":"\"CAUDETE HACE NEUROCIENCIA\", con la UCLM y los caudetanos Alino Mart\u00ednez e Isabel \u00dabeda - MI Ayuntamiento de Caudete","description":"P\u00e1gina Oficial del Ayuntamiento de Caudete (Albacete)","robots":{"index":"index","follow":"follow","max-snippet":"max-snippet:-1","max-image-preview":"max-image-preview:large","max-video-preview":"max-video-preview:-1"},"canonical":"https:\/\/www.caudete.org\/ayuntamiento\/caudete-hace-neurociencia-con-la-uclm-y-los-caudetanos-alino-martinez-e-isabel-ubeda\/","og_locale":"es_ES","og_type":"article","og_title":"\"CAUDETE HACE NEUROCIENCIA\", con la UCLM y los caudetanos Alino Mart\u00ednez e Isabel \u00dabeda - MI Ayuntamiento de Caudete","og_description":"P\u00e1gina Oficial del Ayuntamiento de Caudete (Albacete)","og_url":"https:\/\/www.caudete.org\/ayuntamiento\/caudete-hace-neurociencia-con-la-uclm-y-los-caudetanos-alino-martinez-e-isabel-ubeda\/","og_site_name":"MI Ayuntamiento de Caudete","article_publisher":"https:\/\/www.facebook.com\/ayuntamientocaudete\/","article_published_time":"2021-07-14T12:27:13+00:00","og_image":[{"width":2245,"height":1587,"url":"https:\/\/www.caudete.org\/ayuntamiento\/wp-content\/uploads\/2021\/07\/UCLM2.jpg","type":"image\/jpeg"}],"author":"alcalde","twitter_card":"summary_large_image","twitter_misc":{"Escrito por":"alcalde","Tiempo de lectura":"2 minutos"},"schema":{"@context":"https:\/\/schema.org","@graph":[{"@type":"Article","@id":"https:\/\/www.caudete.org\/ayuntamiento\/caudete-hace-neurociencia-con-la-uclm-y-los-caudetanos-alino-martinez-e-isabel-ubeda\/#article","isPartOf":{"@id":"https:\/\/www.caudete.org\/ayuntamiento\/caudete-hace-neurociencia-con-la-uclm-y-los-caudetanos-alino-martinez-e-isabel-ubeda\/"},"author":{"name":"alcalde","@id":"https:\/\/www.caudete.org\/ayuntamiento\/#\/schema\/person\/cc646da9133078ee4d8dd47457947253"},"headline":"&#8220;CAUDETE HACE NEUROCIENCIA&#8221;, con la UCLM y los caudetanos Alino Mart\u00ednez e Isabel \u00dabeda","datePublished":"2021-07-14T12:27:13+00:00","mainEntityOfPage":{"@id":"https:\/\/www.caudete.org\/ayuntamiento\/caudete-hace-neurociencia-con-la-uclm-y-los-caudetanos-alino-martinez-e-isabel-ubeda\/"},"wordCount":387,"publisher":{"@id":"https:\/\/www.caudete.org\/ayuntamiento\/#organization"},"image":{"@id":"https:\/\/www.caudete.org\/ayuntamiento\/caudete-hace-neurociencia-con-la-uclm-y-los-caudetanos-alino-martinez-e-isabel-ubeda\/#primaryimage"},"thumbnailUrl":"https:\/\/www.caudete.org\/ayuntamiento\/wp-content\/uploads\/2021\/07\/UCLM2.jpg","articleSection":["Educaci\u00f3n"],"inLanguage":"es"},{"@type":"WebPage","@id":"https:\/\/www.caudete.org\/ayuntamiento\/caudete-hace-neurociencia-con-la-uclm-y-los-caudetanos-alino-martinez-e-isabel-ubeda\/","url":"https:\/\/www.caudete.org\/ayuntamiento\/caudete-hace-neurociencia-con-la-uclm-y-los-caudetanos-alino-martinez-e-isabel-ubeda\/","name":"\"CAUDETE HACE NEUROCIENCIA\", con la UCLM y los caudetanos Alino Mart\u00ednez e Isabel \u00dabeda - MI Ayuntamiento de Caudete","isPartOf":{"@id":"https:\/\/www.caudete.org\/ayuntamiento\/#website"},"primaryImageOfPage":{"@id":"https:\/\/www.caudete.org\/ayuntamiento\/caudete-hace-neurociencia-con-la-uclm-y-los-caudetanos-alino-martinez-e-isabel-ubeda\/#primaryimage"},"image":{"@id":"https:\/\/www.caudete.org\/ayuntamiento\/caudete-hace-neurociencia-con-la-uclm-y-los-caudetanos-alino-martinez-e-isabel-ubeda\/#primaryimage"},"thumbnailUrl":"https:\/\/www.caudete.org\/ayuntamiento\/wp-content\/uploads\/2021\/07\/UCLM2.jpg","datePublished":"2021-07-14T12:27:13+00:00","description":"P\u00e1gina Oficial del Ayuntamiento de Caudete (Albacete)","breadcrumb":{"@id":"https:\/\/www.caudete.org\/ayuntamiento\/caudete-hace-neurociencia-con-la-uclm-y-los-caudetanos-alino-martinez-e-isabel-ubeda\/#breadcrumb"},"inLanguage":"es","potentialAction":[{"@type":"ReadAction","target":["https:\/\/www.caudete.org\/ayuntamiento\/caudete-hace-neurociencia-con-la-uclm-y-los-caudetanos-alino-martinez-e-isabel-ubeda\/"]}]},{"@type":"ImageObject","inLanguage":"es","@id":"https:\/\/www.caudete.org\/ayuntamiento\/caudete-hace-neurociencia-con-la-uclm-y-los-caudetanos-alino-martinez-e-isabel-ubeda\/#primaryimage","url":"https:\/\/www.caudete.org\/ayuntamiento\/wp-content\/uploads\/2021\/07\/UCLM2.jpg","contentUrl":"https:\/\/www.caudete.org\/ayuntamiento\/wp-content\/uploads\/2021\/07\/UCLM2.jpg","width":2245,"height":1587},{"@type":"BreadcrumbList","@id":"https:\/\/www.caudete.org\/ayuntamiento\/caudete-hace-neurociencia-con-la-uclm-y-los-caudetanos-alino-martinez-e-isabel-ubeda\/#breadcrumb","itemListElement":[{"@type":"ListItem","position":1,"name":"Inicio","item":"https:\/\/www.caudete.org\/ayuntamiento\/"},{"@type":"ListItem","position":2,"name":"&#8220;CAUDETE HACE NEUROCIENCIA&#8221;, con la UCLM y los caudetanos Alino Mart\u00ednez e Isabel \u00dabeda"}]},{"@type":"WebSite","@id":"https:\/\/www.caudete.org\/ayuntamiento\/#website","url":"https:\/\/www.caudete.org\/ayuntamiento\/","name":"MI Ayuntamiento de Caudete","description":"P\u00e1gina Oficial del MI Ayuntamiento de Caudete","publisher":{"@id":"https:\/\/www.caudete.org\/ayuntamiento\/#organization"},"potentialAction":[{"@type":"SearchAction","target":{"@type":"EntryPoint","urlTemplate":"https:\/\/www.caudete.org\/ayuntamiento\/?s={search_term_string}"},"query-input":{"@type":"PropertyValueSpecification","valueRequired":true,"valueName":"search_term_string"}}],"inLanguage":"es"},{"@type":"Organization","@id":"https:\/\/www.caudete.org\/ayuntamiento\/#organization","name":"Ayuntamiento de Caudete","url":"https:\/\/www.caudete.org\/ayuntamiento\/","logo":{"@type":"ImageObject","inLanguage":"es","@id":"https:\/\/www.caudete.org\/ayuntamiento\/#\/schema\/logo\/image\/","url":"https:\/\/www.caudete.org\/ayuntamiento\/wp-content\/uploads\/2020\/11\/logo_ayuntamiento_caudete.jpg","contentUrl":"https:\/\/www.caudete.org\/ayuntamiento\/wp-content\/uploads\/2020\/11\/logo_ayuntamiento_caudete.jpg","width":600,"height":150,"caption":"Ayuntamiento de Caudete"},"image":{"@id":"https:\/\/www.caudete.org\/ayuntamiento\/#\/schema\/logo\/image\/"},"sameAs":["https:\/\/www.facebook.com\/ayuntamientocaudete\/","https:\/\/www.youtube.com\/channel\/UC6VztHaooNsGpw-tNoBEFnQ"]},{"@type":"Person","@id":"https:\/\/www.caudete.org\/ayuntamiento\/#\/schema\/person\/cc646da9133078ee4d8dd47457947253","name":"alcalde","image":{"@type":"ImageObject","inLanguage":"es","@id":"https:\/\/secure.gravatar.com\/avatar\/84a817ba065b29ff08d666b215a215f5c79186a645ccb25b14a663d48a130f77?s=96&d=mm&r=g","url":"https:\/\/secure.gravatar.com\/avatar\/84a817ba065b29ff08d666b215a215f5c79186a645ccb25b14a663d48a130f77?s=96&d=mm&r=g","contentUrl":"https:\/\/secure.gravatar.com\/avatar\/84a817ba065b29ff08d666b215a215f5c79186a645ccb25b14a663d48a130f77?s=96&d=mm&r=g","caption":"alcalde"},"url":"https:\/\/www.caudete.org\/ayuntamiento\/author\/alcalde\/"}]}},"_links":{"self":[{"href":"https:\/\/www.caudete.org\/ayuntamiento\/wp-json\/wp\/v2\/posts\/15337","targetHints":{"allow":["GET"]}}],"collection":[{"href":"https:\/\/www.caudete.org\/ayuntamiento\/wp-json\/wp\/v2\/posts"}],"about":[{"href":"https:\/\/www.caudete.org\/ayuntamiento\/wp-json\/wp\/v2\/types\/post"}],"author":[{"embeddable":true,"href":"https:\/\/www.caudete.org\/ayuntamiento\/wp-json\/wp\/v2\/users\/3"}],"replies":[{"embeddable":true,"href":"https:\/\/www.caudete.org\/ayuntamiento\/wp-json\/wp\/v2\/comments?post=15337"}],"version-history":[{"count":1,"href":"https:\/\/www.caudete.org\/ayuntamiento\/wp-json\/wp\/v2\/posts\/15337\/revisions"}],"predecessor-version":[{"id":15340,"href":"https:\/\/www.caudete.org\/ayuntamiento\/wp-json\/wp\/v2\/posts\/15337\/revisions\/15340"}],"wp:featuredmedia":[{"embeddable":true,"href":"https:\/\/www.caudete.org\/ayuntamiento\/wp-json\/wp\/v2\/media\/15338"}],"wp:attachment":[{"href":"https:\/\/www.caudete.org\/ayuntamiento\/wp-json\/wp\/v2\/media?parent=15337"}],"wp:term":[{"taxonomy":"category","embeddable":true,"href":"https:\/\/www.caudete.org\/ayuntamiento\/wp-json\/wp\/v2\/categories?post=15337"},{"taxonomy":"post_tag","embeddable":true,"href":"https:\/\/www.caudete.org\/ayuntamiento\/wp-json\/wp\/v2\/tags?post=15337"}],"curies":[{"name":"wp","href":"https:\/\/api.w.org\/{rel}","templated":true}]}}