{"id":15342,"date":"2021-07-14T21:04:49","date_gmt":"2021-07-14T19:04:49","guid":{"rendered":"https:\/\/www.caudete.org\/ayuntamiento\/?p=15342"},"modified":"2021-07-14T21:15:55","modified_gmt":"2021-07-14T19:15:55","slug":"patrimonio-autoriza-en-el-real-una-prospeccion-arqueologica","status":"publish","type":"post","link":"https:\/\/www.caudete.org\/ayuntamiento\/patrimonio-autoriza-en-el-real-una-prospeccion-arqueologica\/","title":{"rendered":"Patrimonio autoriza en EL REAL una prospecci\u00f3n arqueol\u00f3gica"},"content":{"rendered":"<p style=\"text-align: justify;\">Diego Cuenca, Concejal de Patrimonio Hist\u00f3rico ha dado a conocer la reciente autorizaci\u00f3n recibida de la Consejer\u00eda de Educaci\u00f3n, Cultura y Deportes por la cual permitir\u00e1 al Ayuntamiento realizar una prospecci\u00f3n arqueol\u00f3gica en una de las parcelas de &#8220;El Real&#8221;.<\/p>\n<p style=\"text-align: justify;\">La misma fue planteada por el propio Consistorio tras la realizaci\u00f3n de labores b\u00e1sicas de acondicionamiento del terreno para su uso como aparcamiento p\u00fablico, uso que si bien es el que se ha estado empleando hasta la fecha no estaba regulado como tal entre la propiedad y el Ayuntamiento.<\/p>\n<p style=\"text-align: justify;\">Si bien en una zona donde se aprecian restos constructivos la maquinaria pesada no trabaj\u00f3, tampoco fueron cubiertos de zahorra para facilitar su identificaci\u00f3n a la hora de abordar una posible excavaci\u00f3n arqueol\u00f3gica. Pero, tras aparecer algunos restos cer\u00e1micos y \u00f3seos en zona pr\u00f3xima, los trabajos cesaron en dicha \u00e1rea, y se procedi\u00f3 a comunicar el extremo a la Delegaci\u00f3n Provincial de Cultura.<\/p>\n<p style=\"text-align: justify;\">El Edil ha explicado que un equipo de la secci\u00f3n de Patrimonio perteneciente a dicha Delegaci\u00f3n visit\u00f3 el lugar y tras establecer una reuni\u00f3n con \u00e9l y el Alcalde, abordaron la puesta en marcha del expediente que permitiera realizar una prospecci\u00f3n arqueol\u00f3gica en la zona que permita estudiar los restos, y por ende definir cronol\u00f3gica, estructural y constructivamente el yacimiento.<\/p>\n<p style=\"text-align: justify;\">A priori, se tratar\u00eda de restos de un poblado de \u00e9poca romana. No obstante, los resultados de la excavaci\u00f3n permitir\u00e1n definir tal circunstancia. De hecho, la actuaci\u00f3n consistir\u00e1 en la limpieza y delimitaci\u00f3n superficial de los restos y la realizaci\u00f3n de sondeos arqueol\u00f3gicos puntuales, as\u00ed como su posterior geolocalizaci\u00f3n mediante fotogrametr\u00eda.<\/p>\n<p style=\"text-align: justify;\">La empresa Servicios de Patrimonio Cultural, S.L.U. es la adjudicataria del contrato en un proceso en el que se han presentado 3 ofertas, por un importe de 6.109&#8217;05 \u20ac que ser\u00e1n sufragados \u00edntegramente por las arcas municipales.<\/p>\n","protected":false},"excerpt":{"rendered":"<p>Diego Cuenca, Concejal de Patrimonio Hist\u00f3rico ha dado a conocer la reciente autorizaci\u00f3n recibida de la Consejer\u00eda de Educaci\u00f3n, Cultura y Deportes por la cual permitir\u00e1 al Ayuntamiento realizar una prospecci\u00f3n arqueol\u00f3gica en una de las parcelas de &#8220;El Real&#8221;. La misma fue planteada por el propio Consistorio tras la realizaci\u00f3n de labores b\u00e1sicas de &hellip;<\/p>\n","protected":false},"author":3,"featured_media":15343,"comment_status":"closed","ping_status":"open","sticky":false,"template":"","format":"standard","meta":{"ngg_post_thumbnail":0,"footnotes":""},"categories":[45],"tags":[],"class_list":["post-15342","post","type-post","status-publish","format-standard","has-post-thumbnail","hentry","category-patrimonio"],"yoast_head":"<!-- This site is optimized with the Yoast SEO plugin v27.5 - https:\/\/yoast.com\/product\/yoast-seo-wordpress\/ -->\n<title>Patrimonio autoriza en EL REAL una prospecci\u00f3n arqueol\u00f3gica - MI Ayuntamiento de Caudete<\/title>\n<meta name=\"description\" content=\"P\u00e1gina Oficial del Ayuntamiento de Caudete (Albacete)\" \/>\n<meta name=\"robots\" content=\"index, follow, max-snippet:-1, max-image-preview:large, max-video-preview:-1\" \/>\n<link rel=\"canonical\" href=\"https:\/\/www.caudete.org\/ayuntamiento\/patrimonio-autoriza-en-el-real-una-prospeccion-arqueologica\/\" \/>\n<meta property=\"og:locale\" content=\"es_ES\" \/>\n<meta property=\"og:type\" content=\"article\" \/>\n<meta property=\"og:title\" content=\"Patrimonio autoriza en EL REAL una prospecci\u00f3n arqueol\u00f3gica - MI Ayuntamiento de Caudete\" \/>\n<meta property=\"og:description\" content=\"P\u00e1gina Oficial del Ayuntamiento de Caudete (Albacete)\" \/>\n<meta property=\"og:url\" content=\"https:\/\/www.caudete.org\/ayuntamiento\/patrimonio-autoriza-en-el-real-una-prospeccion-arqueologica\/\" \/>\n<meta property=\"og:site_name\" content=\"MI Ayuntamiento de Caudete\" \/>\n<meta property=\"article:publisher\" content=\"https:\/\/www.facebook.com\/ayuntamientocaudete\/\" \/>\n<meta property=\"article:published_time\" content=\"2021-07-14T19:04:49+00:00\" \/>\n<meta property=\"article:modified_time\" content=\"2021-07-14T19:15:55+00:00\" \/>\n<meta property=\"og:image\" content=\"https:\/\/www.caudete.org\/ayuntamiento\/wp-content\/uploads\/2021\/07\/IMG_0014.jpg\" \/>\n\t<meta property=\"og:image:width\" content=\"2048\" \/>\n\t<meta property=\"og:image:height\" content=\"1365\" \/>\n\t<meta property=\"og:image:type\" content=\"image\/jpeg\" \/>\n<meta name=\"author\" content=\"alcalde\" \/>\n<meta name=\"twitter:card\" content=\"summary_large_image\" \/>\n<meta name=\"twitter:label1\" content=\"Escrito por\" \/>\n\t<meta name=\"twitter:data1\" content=\"alcalde\" \/>\n\t<meta name=\"twitter:label2\" content=\"Tiempo de lectura\" \/>\n\t<meta name=\"twitter:data2\" content=\"2 minutos\" \/>\n<script type=\"application\/ld+json\" class=\"yoast-schema-graph\">{\"@context\":\"https:\\\/\\\/schema.org\",\"@graph\":[{\"@type\":\"Article\",\"@id\":\"https:\\\/\\\/www.caudete.org\\\/ayuntamiento\\\/patrimonio-autoriza-en-el-real-una-prospeccion-arqueologica\\\/#article\",\"isPartOf\":{\"@id\":\"https:\\\/\\\/www.caudete.org\\\/ayuntamiento\\\/patrimonio-autoriza-en-el-real-una-prospeccion-arqueologica\\\/\"},\"author\":{\"name\":\"alcalde\",\"@id\":\"https:\\\/\\\/www.caudete.org\\\/ayuntamiento\\\/#\\\/schema\\\/person\\\/cc646da9133078ee4d8dd47457947253\"},\"headline\":\"Patrimonio autoriza en EL REAL una prospecci\u00f3n arqueol\u00f3gica\",\"datePublished\":\"2021-07-14T19:04:49+00:00\",\"dateModified\":\"2021-07-14T19:15:55+00:00\",\"mainEntityOfPage\":{\"@id\":\"https:\\\/\\\/www.caudete.org\\\/ayuntamiento\\\/patrimonio-autoriza-en-el-real-una-prospeccion-arqueologica\\\/\"},\"wordCount\":340,\"image\":{\"@id\":\"https:\\\/\\\/www.caudete.org\\\/ayuntamiento\\\/patrimonio-autoriza-en-el-real-una-prospeccion-arqueologica\\\/#primaryimage\"},\"thumbnailUrl\":\"https:\\\/\\\/www.caudete.org\\\/ayuntamiento\\\/wp-content\\\/uploads\\\/2021\\\/07\\\/IMG_0014.jpg\",\"articleSection\":[\"Patrimonio\"],\"inLanguage\":\"es\"},{\"@type\":\"WebPage\",\"@id\":\"https:\\\/\\\/www.caudete.org\\\/ayuntamiento\\\/patrimonio-autoriza-en-el-real-una-prospeccion-arqueologica\\\/\",\"url\":\"https:\\\/\\\/www.caudete.org\\\/ayuntamiento\\\/patrimonio-autoriza-en-el-real-una-prospeccion-arqueologica\\\/\",\"name\":\"Patrimonio autoriza en EL REAL una prospecci\u00f3n arqueol\u00f3gica - MI Ayuntamiento de Caudete\",\"isPartOf\":{\"@id\":\"https:\\\/\\\/www.caudete.org\\\/ayuntamiento\\\/#website\"},\"primaryImageOfPage\":{\"@id\":\"https:\\\/\\\/www.caudete.org\\\/ayuntamiento\\\/patrimonio-autoriza-en-el-real-una-prospeccion-arqueologica\\\/#primaryimage\"},\"image\":{\"@id\":\"https:\\\/\\\/www.caudete.org\\\/ayuntamiento\\\/patrimonio-autoriza-en-el-real-una-prospeccion-arqueologica\\\/#primaryimage\"},\"thumbnailUrl\":\"https:\\\/\\\/www.caudete.org\\\/ayuntamiento\\\/wp-content\\\/uploads\\\/2021\\\/07\\\/IMG_0014.jpg\",\"datePublished\":\"2021-07-14T19:04:49+00:00\",\"dateModified\":\"2021-07-14T19:15:55+00:00\",\"author\":{\"@id\":\"https:\\\/\\\/www.caudete.org\\\/ayuntamiento\\\/#\\\/schema\\\/person\\\/cc646da9133078ee4d8dd47457947253\"},\"description\":\"P\u00e1gina Oficial del Ayuntamiento de Caudete (Albacete)\",\"breadcrumb\":{\"@id\":\"https:\\\/\\\/www.caudete.org\\\/ayuntamiento\\\/patrimonio-autoriza-en-el-real-una-prospeccion-arqueologica\\\/#breadcrumb\"},\"inLanguage\":\"es\",\"potentialAction\":[{\"@type\":\"ReadAction\",\"target\":[\"https:\\\/\\\/www.caudete.org\\\/ayuntamiento\\\/patrimonio-autoriza-en-el-real-una-prospeccion-arqueologica\\\/\"]}]},{\"@type\":\"ImageObject\",\"inLanguage\":\"es\",\"@id\":\"https:\\\/\\\/www.caudete.org\\\/ayuntamiento\\\/patrimonio-autoriza-en-el-real-una-prospeccion-arqueologica\\\/#primaryimage\",\"url\":\"https:\\\/\\\/www.caudete.org\\\/ayuntamiento\\\/wp-content\\\/uploads\\\/2021\\\/07\\\/IMG_0014.jpg\",\"contentUrl\":\"https:\\\/\\\/www.caudete.org\\\/ayuntamiento\\\/wp-content\\\/uploads\\\/2021\\\/07\\\/IMG_0014.jpg\",\"width\":2048,\"height\":1365},{\"@type\":\"BreadcrumbList\",\"@id\":\"https:\\\/\\\/www.caudete.org\\\/ayuntamiento\\\/patrimonio-autoriza-en-el-real-una-prospeccion-arqueologica\\\/#breadcrumb\",\"itemListElement\":[{\"@type\":\"ListItem\",\"position\":1,\"name\":\"Inicio\",\"item\":\"https:\\\/\\\/www.caudete.org\\\/ayuntamiento\\\/\"},{\"@type\":\"ListItem\",\"position\":2,\"name\":\"Patrimonio autoriza en EL REAL una prospecci\u00f3n arqueol\u00f3gica\"}]},{\"@type\":\"WebSite\",\"@id\":\"https:\\\/\\\/www.caudete.org\\\/ayuntamiento\\\/#website\",\"url\":\"https:\\\/\\\/www.caudete.org\\\/ayuntamiento\\\/\",\"name\":\"MI Ayuntamiento de Caudete\",\"description\":\"P\u00e1gina Oficial del MI Ayuntamiento de Caudete\",\"potentialAction\":[{\"@type\":\"SearchAction\",\"target\":{\"@type\":\"EntryPoint\",\"urlTemplate\":\"https:\\\/\\\/www.caudete.org\\\/ayuntamiento\\\/?s={search_term_string}\"},\"query-input\":{\"@type\":\"PropertyValueSpecification\",\"valueRequired\":true,\"valueName\":\"search_term_string\"}}],\"inLanguage\":\"es\"},{\"@type\":\"Person\",\"@id\":\"https:\\\/\\\/www.caudete.org\\\/ayuntamiento\\\/#\\\/schema\\\/person\\\/cc646da9133078ee4d8dd47457947253\",\"name\":\"alcalde\",\"image\":{\"@type\":\"ImageObject\",\"inLanguage\":\"es\",\"@id\":\"https:\\\/\\\/secure.gravatar.com\\\/avatar\\\/84a817ba065b29ff08d666b215a215f5c79186a645ccb25b14a663d48a130f77?s=96&d=mm&r=g\",\"url\":\"https:\\\/\\\/secure.gravatar.com\\\/avatar\\\/84a817ba065b29ff08d666b215a215f5c79186a645ccb25b14a663d48a130f77?s=96&d=mm&r=g\",\"contentUrl\":\"https:\\\/\\\/secure.gravatar.com\\\/avatar\\\/84a817ba065b29ff08d666b215a215f5c79186a645ccb25b14a663d48a130f77?s=96&d=mm&r=g\",\"caption\":\"alcalde\"},\"url\":\"https:\\\/\\\/www.caudete.org\\\/ayuntamiento\\\/author\\\/alcalde\\\/\"}]}<\/script>\n<!-- \/ Yoast SEO plugin. -->","yoast_head_json":{"title":"Patrimonio autoriza en EL REAL una prospecci\u00f3n arqueol\u00f3gica - MI Ayuntamiento de Caudete","description":"P\u00e1gina Oficial del Ayuntamiento de Caudete (Albacete)","robots":{"index":"index","follow":"follow","max-snippet":"max-snippet:-1","max-image-preview":"max-image-preview:large","max-video-preview":"max-video-preview:-1"},"canonical":"https:\/\/www.caudete.org\/ayuntamiento\/patrimonio-autoriza-en-el-real-una-prospeccion-arqueologica\/","og_locale":"es_ES","og_type":"article","og_title":"Patrimonio autoriza en EL REAL una prospecci\u00f3n arqueol\u00f3gica - MI Ayuntamiento de Caudete","og_description":"P\u00e1gina Oficial del Ayuntamiento de Caudete (Albacete)","og_url":"https:\/\/www.caudete.org\/ayuntamiento\/patrimonio-autoriza-en-el-real-una-prospeccion-arqueologica\/","og_site_name":"MI Ayuntamiento de Caudete","article_publisher":"https:\/\/www.facebook.com\/ayuntamientocaudete\/","article_published_time":"2021-07-14T19:04:49+00:00","article_modified_time":"2021-07-14T19:15:55+00:00","og_image":[{"width":2048,"height":1365,"url":"https:\/\/www.caudete.org\/ayuntamiento\/wp-content\/uploads\/2021\/07\/IMG_0014.jpg","type":"image\/jpeg"}],"author":"alcalde","twitter_card":"summary_large_image","twitter_misc":{"Escrito por":"alcalde","Tiempo de lectura":"2 minutos"},"schema":{"@context":"https:\/\/schema.org","@graph":[{"@type":"Article","@id":"https:\/\/www.caudete.org\/ayuntamiento\/patrimonio-autoriza-en-el-real-una-prospeccion-arqueologica\/#article","isPartOf":{"@id":"https:\/\/www.caudete.org\/ayuntamiento\/patrimonio-autoriza-en-el-real-una-prospeccion-arqueologica\/"},"author":{"name":"alcalde","@id":"https:\/\/www.caudete.org\/ayuntamiento\/#\/schema\/person\/cc646da9133078ee4d8dd47457947253"},"headline":"Patrimonio autoriza en EL REAL una prospecci\u00f3n arqueol\u00f3gica","datePublished":"2021-07-14T19:04:49+00:00","dateModified":"2021-07-14T19:15:55+00:00","mainEntityOfPage":{"@id":"https:\/\/www.caudete.org\/ayuntamiento\/patrimonio-autoriza-en-el-real-una-prospeccion-arqueologica\/"},"wordCount":340,"image":{"@id":"https:\/\/www.caudete.org\/ayuntamiento\/patrimonio-autoriza-en-el-real-una-prospeccion-arqueologica\/#primaryimage"},"thumbnailUrl":"https:\/\/www.caudete.org\/ayuntamiento\/wp-content\/uploads\/2021\/07\/IMG_0014.jpg","articleSection":["Patrimonio"],"inLanguage":"es"},{"@type":"WebPage","@id":"https:\/\/www.caudete.org\/ayuntamiento\/patrimonio-autoriza-en-el-real-una-prospeccion-arqueologica\/","url":"https:\/\/www.caudete.org\/ayuntamiento\/patrimonio-autoriza-en-el-real-una-prospeccion-arqueologica\/","name":"Patrimonio autoriza en EL REAL una prospecci\u00f3n arqueol\u00f3gica - MI Ayuntamiento de Caudete","isPartOf":{"@id":"https:\/\/www.caudete.org\/ayuntamiento\/#website"},"primaryImageOfPage":{"@id":"https:\/\/www.caudete.org\/ayuntamiento\/patrimonio-autoriza-en-el-real-una-prospeccion-arqueologica\/#primaryimage"},"image":{"@id":"https:\/\/www.caudete.org\/ayuntamiento\/patrimonio-autoriza-en-el-real-una-prospeccion-arqueologica\/#primaryimage"},"thumbnailUrl":"https:\/\/www.caudete.org\/ayuntamiento\/wp-content\/uploads\/2021\/07\/IMG_0014.jpg","datePublished":"2021-07-14T19:04:49+00:00","dateModified":"2021-07-14T19:15:55+00:00","author":{"@id":"https:\/\/www.caudete.org\/ayuntamiento\/#\/schema\/person\/cc646da9133078ee4d8dd47457947253"},"description":"P\u00e1gina Oficial del Ayuntamiento de Caudete (Albacete)","breadcrumb":{"@id":"https:\/\/www.caudete.org\/ayuntamiento\/patrimonio-autoriza-en-el-real-una-prospeccion-arqueologica\/#breadcrumb"},"inLanguage":"es","potentialAction":[{"@type":"ReadAction","target":["https:\/\/www.caudete.org\/ayuntamiento\/patrimonio-autoriza-en-el-real-una-prospeccion-arqueologica\/"]}]},{"@type":"ImageObject","inLanguage":"es","@id":"https:\/\/www.caudete.org\/ayuntamiento\/patrimonio-autoriza-en-el-real-una-prospeccion-arqueologica\/#primaryimage","url":"https:\/\/www.caudete.org\/ayuntamiento\/wp-content\/uploads\/2021\/07\/IMG_0014.jpg","contentUrl":"https:\/\/www.caudete.org\/ayuntamiento\/wp-content\/uploads\/2021\/07\/IMG_0014.jpg","width":2048,"height":1365},{"@type":"BreadcrumbList","@id":"https:\/\/www.caudete.org\/ayuntamiento\/patrimonio-autoriza-en-el-real-una-prospeccion-arqueologica\/#breadcrumb","itemListElement":[{"@type":"ListItem","position":1,"name":"Inicio","item":"https:\/\/www.caudete.org\/ayuntamiento\/"},{"@type":"ListItem","position":2,"name":"Patrimonio autoriza en EL REAL una prospecci\u00f3n arqueol\u00f3gica"}]},{"@type":"WebSite","@id":"https:\/\/www.caudete.org\/ayuntamiento\/#website","url":"https:\/\/www.caudete.org\/ayuntamiento\/","name":"MI Ayuntamiento de Caudete","description":"P\u00e1gina Oficial del MI Ayuntamiento de Caudete","potentialAction":[{"@type":"SearchAction","target":{"@type":"EntryPoint","urlTemplate":"https:\/\/www.caudete.org\/ayuntamiento\/?s={search_term_string}"},"query-input":{"@type":"PropertyValueSpecification","valueRequired":true,"valueName":"search_term_string"}}],"inLanguage":"es"},{"@type":"Person","@id":"https:\/\/www.caudete.org\/ayuntamiento\/#\/schema\/person\/cc646da9133078ee4d8dd47457947253","name":"alcalde","image":{"@type":"ImageObject","inLanguage":"es","@id":"https:\/\/secure.gravatar.com\/avatar\/84a817ba065b29ff08d666b215a215f5c79186a645ccb25b14a663d48a130f77?s=96&d=mm&r=g","url":"https:\/\/secure.gravatar.com\/avatar\/84a817ba065b29ff08d666b215a215f5c79186a645ccb25b14a663d48a130f77?s=96&d=mm&r=g","contentUrl":"https:\/\/secure.gravatar.com\/avatar\/84a817ba065b29ff08d666b215a215f5c79186a645ccb25b14a663d48a130f77?s=96&d=mm&r=g","caption":"alcalde"},"url":"https:\/\/www.caudete.org\/ayuntamiento\/author\/alcalde\/"}]}},"_links":{"self":[{"href":"https:\/\/www.caudete.org\/ayuntamiento\/wp-json\/wp\/v2\/posts\/15342","targetHints":{"allow":["GET"]}}],"collection":[{"href":"https:\/\/www.caudete.org\/ayuntamiento\/wp-json\/wp\/v2\/posts"}],"about":[{"href":"https:\/\/www.caudete.org\/ayuntamiento\/wp-json\/wp\/v2\/types\/post"}],"author":[{"embeddable":true,"href":"https:\/\/www.caudete.org\/ayuntamiento\/wp-json\/wp\/v2\/users\/3"}],"replies":[{"embeddable":true,"href":"https:\/\/www.caudete.org\/ayuntamiento\/wp-json\/wp\/v2\/comments?post=15342"}],"version-history":[{"count":2,"href":"https:\/\/www.caudete.org\/ayuntamiento\/wp-json\/wp\/v2\/posts\/15342\/revisions"}],"predecessor-version":[{"id":15345,"href":"https:\/\/www.caudete.org\/ayuntamiento\/wp-json\/wp\/v2\/posts\/15342\/revisions\/15345"}],"wp:featuredmedia":[{"embeddable":true,"href":"https:\/\/www.caudete.org\/ayuntamiento\/wp-json\/wp\/v2\/media\/15343"}],"wp:attachment":[{"href":"https:\/\/www.caudete.org\/ayuntamiento\/wp-json\/wp\/v2\/media?parent=15342"}],"wp:term":[{"taxonomy":"category","embeddable":true,"href":"https:\/\/www.caudete.org\/ayuntamiento\/wp-json\/wp\/v2\/categories?post=15342"},{"taxonomy":"post_tag","embeddable":true,"href":"https:\/\/www.caudete.org\/ayuntamiento\/wp-json\/wp\/v2\/tags?post=15342"}],"curies":[{"name":"wp","href":"https:\/\/api.w.org\/{rel}","templated":true}]}}