{"id":15346,"date":"2021-07-15T08:38:38","date_gmt":"2021-07-15T06:38:38","guid":{"rendered":"https:\/\/www.caudete.org\/ayuntamiento\/?p=15346"},"modified":"2021-07-15T09:29:28","modified_gmt":"2021-07-15T07:29:28","slug":"ajuste-del-estacionamiento-en-c-atleta-antonio-amoros-entre-c-la-zafra-y-c-el-molino","status":"publish","type":"post","link":"https:\/\/www.caudete.org\/ayuntamiento\/ajuste-del-estacionamiento-en-c-atleta-antonio-amoros-entre-c-la-zafra-y-c-el-molino\/","title":{"rendered":"Ajuste del estacionamiento en C\/Atleta Antonio Amor\u00f3s entre C\/La Zafra y C\/El Molino"},"content":{"rendered":"<p style=\"text-align: justify;\">Joaqu\u00edn Pag\u00e1n, Concejal de Movilidad Urbana informa de un ajuste efectuado sobre los estacionamientos de veh\u00edculos en casco urbano, m\u00e1s concretamente del expediente que se est\u00e1 tramitando en estos momentos y que afecta a un tramo de la C\/Atleta Antonio Amor\u00f3s, en concreto el que comprende sus intersecciones con C\/La Zafra (esquina de Mapfre) hasta C\/El Molino (esquina Farmacia).<\/p>\n<p style=\"text-align: justify;\">Dicha v\u00eda tiene en pr\u00e1cticamente todo su recorrido doble sentido de circulaci\u00f3n, y estacionamiento a ambos lados. A partir del primer estrechamiento de su calzada, se mantiene la doble circulaci\u00f3n, y en el segundo estrechamiento se reduce a uno. En cuanto al estacionamiento, cuesti\u00f3n que aborda la Concejal\u00eda, en estos estrechamientos se realiza de forma semestral en uno de los m\u00e1rgenes.<\/p>\n<p><a href=\"https:\/\/www.caudete.org\/ayuntamiento\/wp-content\/uploads\/2021\/07\/WhatsApp-Image-2021-07-15-at-07.56.44-2.jpeg\" rel='prettyPhoto'><img fetchpriority=\"high\" decoding=\"async\" class=\"aligncenter wp-image-15350 size-medium\" src=\"https:\/\/www.caudete.org\/ayuntamiento\/wp-content\/uploads\/2021\/07\/WhatsApp-Image-2021-07-15-at-07.56.44-2-300x225.jpeg\" alt=\"\" width=\"300\" height=\"225\" srcset=\"https:\/\/www.caudete.org\/ayuntamiento\/wp-content\/uploads\/2021\/07\/WhatsApp-Image-2021-07-15-at-07.56.44-2-300x225.jpeg 300w, https:\/\/www.caudete.org\/ayuntamiento\/wp-content\/uploads\/2021\/07\/WhatsApp-Image-2021-07-15-at-07.56.44-2-1024x768.jpeg 1024w, https:\/\/www.caudete.org\/ayuntamiento\/wp-content\/uploads\/2021\/07\/WhatsApp-Image-2021-07-15-at-07.56.44-2-768x576.jpeg 768w, https:\/\/www.caudete.org\/ayuntamiento\/wp-content\/uploads\/2021\/07\/WhatsApp-Image-2021-07-15-at-07.56.44-2-1536x1152.jpeg 1536w, https:\/\/www.caudete.org\/ayuntamiento\/wp-content\/uploads\/2021\/07\/WhatsApp-Image-2021-07-15-at-07.56.44-2.jpeg 2048w\" sizes=\"(max-width: 300px) 100vw, 300px\" \/><\/a><\/p>\n<p style=\"text-align: justify;\">Con el objetivo de mejorar el tr\u00e1nsito de veh\u00edculos por dicha v\u00eda (haciendo coincidente el trazado de toda ella) y mejorar la visibilidad en cruces, Concejal\u00eda y Polic\u00eda Local han visto positivo tras estudiar pormenorizadamente la Calle en cuesti\u00f3n y sus aleda\u00f1as, fijar el estacionamiento de veh\u00edculos en el lado de los n\u00fameros impares desde la intersecci\u00f3n de C\/Atleta Antonio Amor\u00f3s con C\/La Zafra (esquina de Mapfre) hasta la intersecci\u00f3n de C\/Atleta Antonio Amor\u00f3s con C\/El Molino (esquina Farmacia).<\/p>\n<p><a href=\"https:\/\/www.caudete.org\/ayuntamiento\/wp-content\/uploads\/2021\/07\/WhatsApp-Image-2021-07-15-at-07.56.44-1.jpeg\" rel='prettyPhoto'><img decoding=\"async\" class=\"aligncenter wp-image-15347 size-medium\" src=\"https:\/\/www.caudete.org\/ayuntamiento\/wp-content\/uploads\/2021\/07\/WhatsApp-Image-2021-07-15-at-07.56.44-1-300x225.jpeg\" alt=\"\" width=\"300\" height=\"225\" srcset=\"https:\/\/www.caudete.org\/ayuntamiento\/wp-content\/uploads\/2021\/07\/WhatsApp-Image-2021-07-15-at-07.56.44-1-300x225.jpeg 300w, https:\/\/www.caudete.org\/ayuntamiento\/wp-content\/uploads\/2021\/07\/WhatsApp-Image-2021-07-15-at-07.56.44-1-1024x768.jpeg 1024w, https:\/\/www.caudete.org\/ayuntamiento\/wp-content\/uploads\/2021\/07\/WhatsApp-Image-2021-07-15-at-07.56.44-1-768x576.jpeg 768w, https:\/\/www.caudete.org\/ayuntamiento\/wp-content\/uploads\/2021\/07\/WhatsApp-Image-2021-07-15-at-07.56.44-1-1536x1152.jpeg 1536w, https:\/\/www.caudete.org\/ayuntamiento\/wp-content\/uploads\/2021\/07\/WhatsApp-Image-2021-07-15-at-07.56.44-1.jpeg 2048w\" sizes=\"(max-width: 300px) 100vw, 300px\" \/><\/a><\/p>\n<p style=\"text-align: justify;\">Para ello, se ha procedido a la colocaci\u00f3n de la pertinente se\u00f1alizaci\u00f3n vertical fija en dicho tramo que establece la prohibici\u00f3n de aparcamiento en el lateral de los n\u00fameros pares, siendo reforzada, de forma temporal, por se\u00f1alizaci\u00f3n m\u00f3vil para una mayor visibilidad de los conductores de veh\u00edculos.<\/p>\n<p style=\"text-align: justify;\">Ha aprovechado Pag\u00e1n para adelantar que en este sentido, hay m\u00e1s calles del casco urbano en las que se van a producir ajustes sobre el estacionamiento con el objetivo de mejorar la fluidez y la visibilidad, y evitar riesgos; adem\u00e1s de ajustes sobre el sentido de circulaci\u00f3n en determinadas v\u00edas, como ya fue informada la Comisi\u00f3n Informativa de Movilidad Urbana en la que tienen representaci\u00f3n, voz y voto todos los grupos municipales.<\/p>\n","protected":false},"excerpt":{"rendered":"<p>Joaqu\u00edn Pag\u00e1n, Concejal de Movilidad Urbana informa de un ajuste efectuado sobre los estacionamientos de veh\u00edculos en casco urbano, m\u00e1s concretamente del expediente que se est\u00e1 tramitando en estos momentos y que afecta a un tramo de la C\/Atleta Antonio Amor\u00f3s, en concreto el que comprende sus intersecciones con C\/La Zafra (esquina de Mapfre) hasta &hellip;<\/p>\n","protected":false},"author":3,"featured_media":15349,"comment_status":"closed","ping_status":"open","sticky":false,"template":"","format":"standard","meta":{"ngg_post_thumbnail":0,"footnotes":""},"categories":[46],"tags":[],"class_list":["post-15346","post","type-post","status-publish","format-standard","has-post-thumbnail","hentry","category-movilidad-urbana"],"yoast_head":"<!-- This site is optimized with the Yoast SEO plugin v27.5 - https:\/\/yoast.com\/product\/yoast-seo-wordpress\/ -->\n<title>Ajuste del estacionamiento en C\/Atleta Antonio Amor\u00f3s entre C\/La Zafra y C\/El Molino - MI Ayuntamiento de Caudete<\/title>\n<meta name=\"description\" content=\"P\u00e1gina Oficial del Ayuntamiento de Caudete (Albacete)\" \/>\n<meta name=\"robots\" content=\"index, follow, max-snippet:-1, max-image-preview:large, max-video-preview:-1\" \/>\n<link rel=\"canonical\" href=\"https:\/\/www.caudete.org\/ayuntamiento\/ajuste-del-estacionamiento-en-c-atleta-antonio-amoros-entre-c-la-zafra-y-c-el-molino\/\" \/>\n<meta property=\"og:locale\" content=\"es_ES\" \/>\n<meta property=\"og:type\" content=\"article\" \/>\n<meta property=\"og:title\" content=\"Ajuste del estacionamiento en C\/Atleta Antonio Amor\u00f3s entre C\/La Zafra y C\/El Molino - MI Ayuntamiento de Caudete\" \/>\n<meta property=\"og:description\" content=\"P\u00e1gina Oficial del Ayuntamiento de Caudete (Albacete)\" \/>\n<meta property=\"og:url\" content=\"https:\/\/www.caudete.org\/ayuntamiento\/ajuste-del-estacionamiento-en-c-atleta-antonio-amoros-entre-c-la-zafra-y-c-el-molino\/\" \/>\n<meta property=\"og:site_name\" content=\"MI Ayuntamiento de Caudete\" \/>\n<meta property=\"article:publisher\" content=\"https:\/\/www.facebook.com\/ayuntamientocaudete\/\" \/>\n<meta property=\"article:published_time\" content=\"2021-07-15T06:38:38+00:00\" \/>\n<meta property=\"article:modified_time\" content=\"2021-07-15T07:29:28+00:00\" \/>\n<meta property=\"og:image\" content=\"https:\/\/www.caudete.org\/ayuntamiento\/wp-content\/uploads\/2021\/07\/WhatsApp-Image-2021-07-15-at-07.56.45.jpeg\" \/>\n\t<meta property=\"og:image:width\" content=\"2048\" \/>\n\t<meta property=\"og:image:height\" content=\"1536\" \/>\n\t<meta property=\"og:image:type\" content=\"image\/jpeg\" \/>\n<meta name=\"author\" content=\"alcalde\" \/>\n<meta name=\"twitter:card\" content=\"summary_large_image\" \/>\n<meta name=\"twitter:label1\" content=\"Escrito por\" \/>\n\t<meta name=\"twitter:data1\" content=\"alcalde\" \/>\n\t<meta name=\"twitter:label2\" content=\"Tiempo de lectura\" \/>\n\t<meta name=\"twitter:data2\" content=\"2 minutos\" \/>\n<script type=\"application\/ld+json\" class=\"yoast-schema-graph\">{\"@context\":\"https:\\\/\\\/schema.org\",\"@graph\":[{\"@type\":\"Article\",\"@id\":\"https:\\\/\\\/www.caudete.org\\\/ayuntamiento\\\/ajuste-del-estacionamiento-en-c-atleta-antonio-amoros-entre-c-la-zafra-y-c-el-molino\\\/#article\",\"isPartOf\":{\"@id\":\"https:\\\/\\\/www.caudete.org\\\/ayuntamiento\\\/ajuste-del-estacionamiento-en-c-atleta-antonio-amoros-entre-c-la-zafra-y-c-el-molino\\\/\"},\"author\":{\"name\":\"alcalde\",\"@id\":\"https:\\\/\\\/www.caudete.org\\\/ayuntamiento\\\/#\\\/schema\\\/person\\\/cc646da9133078ee4d8dd47457947253\"},\"headline\":\"Ajuste del estacionamiento en C\\\/Atleta Antonio Amor\u00f3s entre C\\\/La Zafra y C\\\/El Molino\",\"datePublished\":\"2021-07-15T06:38:38+00:00\",\"dateModified\":\"2021-07-15T07:29:28+00:00\",\"mainEntityOfPage\":{\"@id\":\"https:\\\/\\\/www.caudete.org\\\/ayuntamiento\\\/ajuste-del-estacionamiento-en-c-atleta-antonio-amoros-entre-c-la-zafra-y-c-el-molino\\\/\"},\"wordCount\":383,\"image\":{\"@id\":\"https:\\\/\\\/www.caudete.org\\\/ayuntamiento\\\/ajuste-del-estacionamiento-en-c-atleta-antonio-amoros-entre-c-la-zafra-y-c-el-molino\\\/#primaryimage\"},\"thumbnailUrl\":\"https:\\\/\\\/www.caudete.org\\\/ayuntamiento\\\/wp-content\\\/uploads\\\/2021\\\/07\\\/WhatsApp-Image-2021-07-15-at-07.56.45.jpeg\",\"articleSection\":[\"Movilidad Urbana\"],\"inLanguage\":\"es\"},{\"@type\":\"WebPage\",\"@id\":\"https:\\\/\\\/www.caudete.org\\\/ayuntamiento\\\/ajuste-del-estacionamiento-en-c-atleta-antonio-amoros-entre-c-la-zafra-y-c-el-molino\\\/\",\"url\":\"https:\\\/\\\/www.caudete.org\\\/ayuntamiento\\\/ajuste-del-estacionamiento-en-c-atleta-antonio-amoros-entre-c-la-zafra-y-c-el-molino\\\/\",\"name\":\"Ajuste del estacionamiento en C\\\/Atleta Antonio Amor\u00f3s entre C\\\/La Zafra y C\\\/El Molino - MI Ayuntamiento de Caudete\",\"isPartOf\":{\"@id\":\"https:\\\/\\\/www.caudete.org\\\/ayuntamiento\\\/#website\"},\"primaryImageOfPage\":{\"@id\":\"https:\\\/\\\/www.caudete.org\\\/ayuntamiento\\\/ajuste-del-estacionamiento-en-c-atleta-antonio-amoros-entre-c-la-zafra-y-c-el-molino\\\/#primaryimage\"},\"image\":{\"@id\":\"https:\\\/\\\/www.caudete.org\\\/ayuntamiento\\\/ajuste-del-estacionamiento-en-c-atleta-antonio-amoros-entre-c-la-zafra-y-c-el-molino\\\/#primaryimage\"},\"thumbnailUrl\":\"https:\\\/\\\/www.caudete.org\\\/ayuntamiento\\\/wp-content\\\/uploads\\\/2021\\\/07\\\/WhatsApp-Image-2021-07-15-at-07.56.45.jpeg\",\"datePublished\":\"2021-07-15T06:38:38+00:00\",\"dateModified\":\"2021-07-15T07:29:28+00:00\",\"author\":{\"@id\":\"https:\\\/\\\/www.caudete.org\\\/ayuntamiento\\\/#\\\/schema\\\/person\\\/cc646da9133078ee4d8dd47457947253\"},\"description\":\"P\u00e1gina Oficial del Ayuntamiento de Caudete (Albacete)\",\"breadcrumb\":{\"@id\":\"https:\\\/\\\/www.caudete.org\\\/ayuntamiento\\\/ajuste-del-estacionamiento-en-c-atleta-antonio-amoros-entre-c-la-zafra-y-c-el-molino\\\/#breadcrumb\"},\"inLanguage\":\"es\",\"potentialAction\":[{\"@type\":\"ReadAction\",\"target\":[\"https:\\\/\\\/www.caudete.org\\\/ayuntamiento\\\/ajuste-del-estacionamiento-en-c-atleta-antonio-amoros-entre-c-la-zafra-y-c-el-molino\\\/\"]}]},{\"@type\":\"ImageObject\",\"inLanguage\":\"es\",\"@id\":\"https:\\\/\\\/www.caudete.org\\\/ayuntamiento\\\/ajuste-del-estacionamiento-en-c-atleta-antonio-amoros-entre-c-la-zafra-y-c-el-molino\\\/#primaryimage\",\"url\":\"https:\\\/\\\/www.caudete.org\\\/ayuntamiento\\\/wp-content\\\/uploads\\\/2021\\\/07\\\/WhatsApp-Image-2021-07-15-at-07.56.45.jpeg\",\"contentUrl\":\"https:\\\/\\\/www.caudete.org\\\/ayuntamiento\\\/wp-content\\\/uploads\\\/2021\\\/07\\\/WhatsApp-Image-2021-07-15-at-07.56.45.jpeg\",\"width\":2048,\"height\":1536},{\"@type\":\"BreadcrumbList\",\"@id\":\"https:\\\/\\\/www.caudete.org\\\/ayuntamiento\\\/ajuste-del-estacionamiento-en-c-atleta-antonio-amoros-entre-c-la-zafra-y-c-el-molino\\\/#breadcrumb\",\"itemListElement\":[{\"@type\":\"ListItem\",\"position\":1,\"name\":\"Inicio\",\"item\":\"https:\\\/\\\/www.caudete.org\\\/ayuntamiento\\\/\"},{\"@type\":\"ListItem\",\"position\":2,\"name\":\"Ajuste del estacionamiento en C\\\/Atleta Antonio Amor\u00f3s entre C\\\/La Zafra y C\\\/El Molino\"}]},{\"@type\":\"WebSite\",\"@id\":\"https:\\\/\\\/www.caudete.org\\\/ayuntamiento\\\/#website\",\"url\":\"https:\\\/\\\/www.caudete.org\\\/ayuntamiento\\\/\",\"name\":\"MI Ayuntamiento de Caudete\",\"description\":\"P\u00e1gina Oficial del MI Ayuntamiento de Caudete\",\"potentialAction\":[{\"@type\":\"SearchAction\",\"target\":{\"@type\":\"EntryPoint\",\"urlTemplate\":\"https:\\\/\\\/www.caudete.org\\\/ayuntamiento\\\/?s={search_term_string}\"},\"query-input\":{\"@type\":\"PropertyValueSpecification\",\"valueRequired\":true,\"valueName\":\"search_term_string\"}}],\"inLanguage\":\"es\"},{\"@type\":\"Person\",\"@id\":\"https:\\\/\\\/www.caudete.org\\\/ayuntamiento\\\/#\\\/schema\\\/person\\\/cc646da9133078ee4d8dd47457947253\",\"name\":\"alcalde\",\"image\":{\"@type\":\"ImageObject\",\"inLanguage\":\"es\",\"@id\":\"https:\\\/\\\/secure.gravatar.com\\\/avatar\\\/84a817ba065b29ff08d666b215a215f5c79186a645ccb25b14a663d48a130f77?s=96&d=mm&r=g\",\"url\":\"https:\\\/\\\/secure.gravatar.com\\\/avatar\\\/84a817ba065b29ff08d666b215a215f5c79186a645ccb25b14a663d48a130f77?s=96&d=mm&r=g\",\"contentUrl\":\"https:\\\/\\\/secure.gravatar.com\\\/avatar\\\/84a817ba065b29ff08d666b215a215f5c79186a645ccb25b14a663d48a130f77?s=96&d=mm&r=g\",\"caption\":\"alcalde\"},\"url\":\"https:\\\/\\\/www.caudete.org\\\/ayuntamiento\\\/author\\\/alcalde\\\/\"}]}<\/script>\n<!-- \/ Yoast SEO plugin. -->","yoast_head_json":{"title":"Ajuste del estacionamiento en C\/Atleta Antonio Amor\u00f3s entre C\/La Zafra y C\/El Molino - MI Ayuntamiento de Caudete","description":"P\u00e1gina Oficial del Ayuntamiento de Caudete (Albacete)","robots":{"index":"index","follow":"follow","max-snippet":"max-snippet:-1","max-image-preview":"max-image-preview:large","max-video-preview":"max-video-preview:-1"},"canonical":"https:\/\/www.caudete.org\/ayuntamiento\/ajuste-del-estacionamiento-en-c-atleta-antonio-amoros-entre-c-la-zafra-y-c-el-molino\/","og_locale":"es_ES","og_type":"article","og_title":"Ajuste del estacionamiento en C\/Atleta Antonio Amor\u00f3s entre C\/La Zafra y C\/El Molino - MI Ayuntamiento de Caudete","og_description":"P\u00e1gina Oficial del Ayuntamiento de Caudete (Albacete)","og_url":"https:\/\/www.caudete.org\/ayuntamiento\/ajuste-del-estacionamiento-en-c-atleta-antonio-amoros-entre-c-la-zafra-y-c-el-molino\/","og_site_name":"MI Ayuntamiento de Caudete","article_publisher":"https:\/\/www.facebook.com\/ayuntamientocaudete\/","article_published_time":"2021-07-15T06:38:38+00:00","article_modified_time":"2021-07-15T07:29:28+00:00","og_image":[{"width":2048,"height":1536,"url":"https:\/\/www.caudete.org\/ayuntamiento\/wp-content\/uploads\/2021\/07\/WhatsApp-Image-2021-07-15-at-07.56.45.jpeg","type":"image\/jpeg"}],"author":"alcalde","twitter_card":"summary_large_image","twitter_misc":{"Escrito por":"alcalde","Tiempo de lectura":"2 minutos"},"schema":{"@context":"https:\/\/schema.org","@graph":[{"@type":"Article","@id":"https:\/\/www.caudete.org\/ayuntamiento\/ajuste-del-estacionamiento-en-c-atleta-antonio-amoros-entre-c-la-zafra-y-c-el-molino\/#article","isPartOf":{"@id":"https:\/\/www.caudete.org\/ayuntamiento\/ajuste-del-estacionamiento-en-c-atleta-antonio-amoros-entre-c-la-zafra-y-c-el-molino\/"},"author":{"name":"alcalde","@id":"https:\/\/www.caudete.org\/ayuntamiento\/#\/schema\/person\/cc646da9133078ee4d8dd47457947253"},"headline":"Ajuste del estacionamiento en C\/Atleta Antonio Amor\u00f3s entre C\/La Zafra y C\/El Molino","datePublished":"2021-07-15T06:38:38+00:00","dateModified":"2021-07-15T07:29:28+00:00","mainEntityOfPage":{"@id":"https:\/\/www.caudete.org\/ayuntamiento\/ajuste-del-estacionamiento-en-c-atleta-antonio-amoros-entre-c-la-zafra-y-c-el-molino\/"},"wordCount":383,"image":{"@id":"https:\/\/www.caudete.org\/ayuntamiento\/ajuste-del-estacionamiento-en-c-atleta-antonio-amoros-entre-c-la-zafra-y-c-el-molino\/#primaryimage"},"thumbnailUrl":"https:\/\/www.caudete.org\/ayuntamiento\/wp-content\/uploads\/2021\/07\/WhatsApp-Image-2021-07-15-at-07.56.45.jpeg","articleSection":["Movilidad Urbana"],"inLanguage":"es"},{"@type":"WebPage","@id":"https:\/\/www.caudete.org\/ayuntamiento\/ajuste-del-estacionamiento-en-c-atleta-antonio-amoros-entre-c-la-zafra-y-c-el-molino\/","url":"https:\/\/www.caudete.org\/ayuntamiento\/ajuste-del-estacionamiento-en-c-atleta-antonio-amoros-entre-c-la-zafra-y-c-el-molino\/","name":"Ajuste del estacionamiento en C\/Atleta Antonio Amor\u00f3s entre C\/La Zafra y C\/El Molino - MI Ayuntamiento de Caudete","isPartOf":{"@id":"https:\/\/www.caudete.org\/ayuntamiento\/#website"},"primaryImageOfPage":{"@id":"https:\/\/www.caudete.org\/ayuntamiento\/ajuste-del-estacionamiento-en-c-atleta-antonio-amoros-entre-c-la-zafra-y-c-el-molino\/#primaryimage"},"image":{"@id":"https:\/\/www.caudete.org\/ayuntamiento\/ajuste-del-estacionamiento-en-c-atleta-antonio-amoros-entre-c-la-zafra-y-c-el-molino\/#primaryimage"},"thumbnailUrl":"https:\/\/www.caudete.org\/ayuntamiento\/wp-content\/uploads\/2021\/07\/WhatsApp-Image-2021-07-15-at-07.56.45.jpeg","datePublished":"2021-07-15T06:38:38+00:00","dateModified":"2021-07-15T07:29:28+00:00","author":{"@id":"https:\/\/www.caudete.org\/ayuntamiento\/#\/schema\/person\/cc646da9133078ee4d8dd47457947253"},"description":"P\u00e1gina Oficial del Ayuntamiento de Caudete (Albacete)","breadcrumb":{"@id":"https:\/\/www.caudete.org\/ayuntamiento\/ajuste-del-estacionamiento-en-c-atleta-antonio-amoros-entre-c-la-zafra-y-c-el-molino\/#breadcrumb"},"inLanguage":"es","potentialAction":[{"@type":"ReadAction","target":["https:\/\/www.caudete.org\/ayuntamiento\/ajuste-del-estacionamiento-en-c-atleta-antonio-amoros-entre-c-la-zafra-y-c-el-molino\/"]}]},{"@type":"ImageObject","inLanguage":"es","@id":"https:\/\/www.caudete.org\/ayuntamiento\/ajuste-del-estacionamiento-en-c-atleta-antonio-amoros-entre-c-la-zafra-y-c-el-molino\/#primaryimage","url":"https:\/\/www.caudete.org\/ayuntamiento\/wp-content\/uploads\/2021\/07\/WhatsApp-Image-2021-07-15-at-07.56.45.jpeg","contentUrl":"https:\/\/www.caudete.org\/ayuntamiento\/wp-content\/uploads\/2021\/07\/WhatsApp-Image-2021-07-15-at-07.56.45.jpeg","width":2048,"height":1536},{"@type":"BreadcrumbList","@id":"https:\/\/www.caudete.org\/ayuntamiento\/ajuste-del-estacionamiento-en-c-atleta-antonio-amoros-entre-c-la-zafra-y-c-el-molino\/#breadcrumb","itemListElement":[{"@type":"ListItem","position":1,"name":"Inicio","item":"https:\/\/www.caudete.org\/ayuntamiento\/"},{"@type":"ListItem","position":2,"name":"Ajuste del estacionamiento en C\/Atleta Antonio Amor\u00f3s entre C\/La Zafra y C\/El Molino"}]},{"@type":"WebSite","@id":"https:\/\/www.caudete.org\/ayuntamiento\/#website","url":"https:\/\/www.caudete.org\/ayuntamiento\/","name":"MI Ayuntamiento de Caudete","description":"P\u00e1gina Oficial del MI Ayuntamiento de Caudete","potentialAction":[{"@type":"SearchAction","target":{"@type":"EntryPoint","urlTemplate":"https:\/\/www.caudete.org\/ayuntamiento\/?s={search_term_string}"},"query-input":{"@type":"PropertyValueSpecification","valueRequired":true,"valueName":"search_term_string"}}],"inLanguage":"es"},{"@type":"Person","@id":"https:\/\/www.caudete.org\/ayuntamiento\/#\/schema\/person\/cc646da9133078ee4d8dd47457947253","name":"alcalde","image":{"@type":"ImageObject","inLanguage":"es","@id":"https:\/\/secure.gravatar.com\/avatar\/84a817ba065b29ff08d666b215a215f5c79186a645ccb25b14a663d48a130f77?s=96&d=mm&r=g","url":"https:\/\/secure.gravatar.com\/avatar\/84a817ba065b29ff08d666b215a215f5c79186a645ccb25b14a663d48a130f77?s=96&d=mm&r=g","contentUrl":"https:\/\/secure.gravatar.com\/avatar\/84a817ba065b29ff08d666b215a215f5c79186a645ccb25b14a663d48a130f77?s=96&d=mm&r=g","caption":"alcalde"},"url":"https:\/\/www.caudete.org\/ayuntamiento\/author\/alcalde\/"}]}},"_links":{"self":[{"href":"https:\/\/www.caudete.org\/ayuntamiento\/wp-json\/wp\/v2\/posts\/15346","targetHints":{"allow":["GET"]}}],"collection":[{"href":"https:\/\/www.caudete.org\/ayuntamiento\/wp-json\/wp\/v2\/posts"}],"about":[{"href":"https:\/\/www.caudete.org\/ayuntamiento\/wp-json\/wp\/v2\/types\/post"}],"author":[{"embeddable":true,"href":"https:\/\/www.caudete.org\/ayuntamiento\/wp-json\/wp\/v2\/users\/3"}],"replies":[{"embeddable":true,"href":"https:\/\/www.caudete.org\/ayuntamiento\/wp-json\/wp\/v2\/comments?post=15346"}],"version-history":[{"count":2,"href":"https:\/\/www.caudete.org\/ayuntamiento\/wp-json\/wp\/v2\/posts\/15346\/revisions"}],"predecessor-version":[{"id":15354,"href":"https:\/\/www.caudete.org\/ayuntamiento\/wp-json\/wp\/v2\/posts\/15346\/revisions\/15354"}],"wp:featuredmedia":[{"embeddable":true,"href":"https:\/\/www.caudete.org\/ayuntamiento\/wp-json\/wp\/v2\/media\/15349"}],"wp:attachment":[{"href":"https:\/\/www.caudete.org\/ayuntamiento\/wp-json\/wp\/v2\/media?parent=15346"}],"wp:term":[{"taxonomy":"category","embeddable":true,"href":"https:\/\/www.caudete.org\/ayuntamiento\/wp-json\/wp\/v2\/categories?post=15346"},{"taxonomy":"post_tag","embeddable":true,"href":"https:\/\/www.caudete.org\/ayuntamiento\/wp-json\/wp\/v2\/tags?post=15346"}],"curies":[{"name":"wp","href":"https:\/\/api.w.org\/{rel}","templated":true}]}}