{"id":15352,"date":"2021-07-16T19:30:49","date_gmt":"2021-07-16T17:30:49","guid":{"rendered":"https:\/\/www.caudete.org\/ayuntamiento\/?p=15352"},"modified":"2021-07-16T19:54:46","modified_gmt":"2021-07-16T17:54:46","slug":"el-centro-de-interpretacion-abrira-sus-puertas-los-sabados","status":"publish","type":"post","link":"https:\/\/www.caudete.org\/ayuntamiento\/el-centro-de-interpretacion-abrira-sus-puertas-los-sabados\/","title":{"rendered":"El CENTRO DE INTERPRETACI\u00d3N abrir\u00e1 sus puertas los s\u00e1bados"},"content":{"rendered":"<p style=\"text-align: justify;\">Diego Cuenca, Concejal de Patrimonio Hist\u00f3rico traslada a los caudetanos que desde ma\u00f1ana, s\u00e1bado d\u00eda 17 de Julio, el Centro de Interpretaci\u00f3n abrir\u00e1 sus puertas al p\u00fablico para visitas, tal y como ya adelant\u00f3 hace unos meses en el Pleno Ordinario de Enero el propio Alcalde.<\/p>\n<p style=\"text-align: justify;\">Dicha apertura se realizar\u00e1 los s\u00e1bados, en horario de 11:30 a 13:30h y de 18:00 a 20:00h, accediendo por su entrada principal situada en C\/San Joaqu\u00edn, y se realiza gracias al proyecto de &#8220;<em>actuaciones y puesta en valor del Patrimonio Hist\u00f3rico-Art\u00edstico<\/em>&#8221; que el Ayuntamiento dise\u00f1\u00f3 para la solicitud al Plan de +52 a\u00f1os.<\/p>\n<p style=\"text-align: justify;\">Este es uno de los objetivos marcados dentro de la Concejal\u00eda, el poder reabrir el centro de una forma estable para as\u00ed acercar a vecinos y visitantes a estas instalaciones, donde podr\u00e1n conocer de primera mano parte de la historia y del patrimonio local, gracias a la muestra que acoge el Centro.<\/p>\n<p style=\"text-align: justify;\">Diego remarcaba que dentro de la colecci\u00f3n de piezas y paneles, quienes visiten las instalaciones podr\u00e1n contemplar la r\u00e9plica de &#8220;<em>La Cierva de Caudete<\/em>&#8221; en piedra arenisca que el Ayuntamiento adquiri\u00f3 a finales de 2020, y que fue realizada por el artista caudetano Francisco Carri\u00f3n en su taller de Chinchilla.<\/p>\n","protected":false},"excerpt":{"rendered":"<p>Diego Cuenca, Concejal de Patrimonio Hist\u00f3rico traslada a los caudetanos que desde ma\u00f1ana, s\u00e1bado d\u00eda 17 de Julio, el Centro de Interpretaci\u00f3n abrir\u00e1 sus puertas al p\u00fablico para visitas, tal y como ya adelant\u00f3 hace unos meses en el Pleno Ordinario de Enero el propio Alcalde. Dicha apertura se realizar\u00e1 los s\u00e1bados, en horario de &hellip;<\/p>\n","protected":false},"author":3,"featured_media":15353,"comment_status":"closed","ping_status":"open","sticky":false,"template":"","format":"standard","meta":{"ngg_post_thumbnail":0,"footnotes":""},"categories":[45],"tags":[],"class_list":["post-15352","post","type-post","status-publish","format-standard","has-post-thumbnail","hentry","category-patrimonio"],"yoast_head":"<!-- This site is optimized with the Yoast SEO plugin v27.5 - https:\/\/yoast.com\/product\/yoast-seo-wordpress\/ -->\n<title>El CENTRO DE INTERPRETACI\u00d3N abrir\u00e1 sus puertas los s\u00e1bados - MI Ayuntamiento de Caudete<\/title>\n<meta name=\"description\" content=\"P\u00e1gina Oficial del Ayuntamiento de Caudete (Albacete)\" \/>\n<meta name=\"robots\" content=\"index, follow, max-snippet:-1, max-image-preview:large, max-video-preview:-1\" \/>\n<link rel=\"canonical\" href=\"https:\/\/www.caudete.org\/ayuntamiento\/el-centro-de-interpretacion-abrira-sus-puertas-los-sabados\/\" \/>\n<meta property=\"og:locale\" content=\"es_ES\" \/>\n<meta property=\"og:type\" content=\"article\" \/>\n<meta property=\"og:title\" content=\"El CENTRO DE INTERPRETACI\u00d3N abrir\u00e1 sus puertas los s\u00e1bados - MI Ayuntamiento de Caudete\" \/>\n<meta property=\"og:description\" content=\"P\u00e1gina Oficial del Ayuntamiento de Caudete (Albacete)\" \/>\n<meta property=\"og:url\" content=\"https:\/\/www.caudete.org\/ayuntamiento\/el-centro-de-interpretacion-abrira-sus-puertas-los-sabados\/\" \/>\n<meta property=\"og:site_name\" content=\"MI Ayuntamiento de Caudete\" \/>\n<meta property=\"article:publisher\" content=\"https:\/\/www.facebook.com\/ayuntamientocaudete\/\" \/>\n<meta property=\"article:published_time\" content=\"2021-07-16T17:30:49+00:00\" \/>\n<meta property=\"article:modified_time\" content=\"2021-07-16T17:54:46+00:00\" \/>\n<meta property=\"og:image\" content=\"https:\/\/www.caudete.org\/ayuntamiento\/wp-content\/uploads\/2021\/07\/122716831_1434612280067797_7532380687412297761_n.jpg\" \/>\n\t<meta property=\"og:image:width\" content=\"960\" \/>\n\t<meta property=\"og:image:height\" content=\"720\" \/>\n\t<meta property=\"og:image:type\" content=\"image\/jpeg\" \/>\n<meta name=\"author\" content=\"alcalde\" \/>\n<meta name=\"twitter:card\" content=\"summary_large_image\" \/>\n<meta name=\"twitter:label1\" content=\"Escrito por\" \/>\n\t<meta name=\"twitter:data1\" content=\"alcalde\" \/>\n\t<meta name=\"twitter:label2\" content=\"Tiempo de lectura\" \/>\n\t<meta name=\"twitter:data2\" content=\"1 minuto\" \/>\n<script type=\"application\/ld+json\" class=\"yoast-schema-graph\">{\"@context\":\"https:\\\/\\\/schema.org\",\"@graph\":[{\"@type\":\"Article\",\"@id\":\"https:\\\/\\\/www.caudete.org\\\/ayuntamiento\\\/el-centro-de-interpretacion-abrira-sus-puertas-los-sabados\\\/#article\",\"isPartOf\":{\"@id\":\"https:\\\/\\\/www.caudete.org\\\/ayuntamiento\\\/el-centro-de-interpretacion-abrira-sus-puertas-los-sabados\\\/\"},\"author\":{\"name\":\"alcalde\",\"@id\":\"https:\\\/\\\/www.caudete.org\\\/ayuntamiento\\\/#\\\/schema\\\/person\\\/cc646da9133078ee4d8dd47457947253\"},\"headline\":\"El CENTRO DE INTERPRETACI\u00d3N abrir\u00e1 sus puertas los s\u00e1bados\",\"datePublished\":\"2021-07-16T17:30:49+00:00\",\"dateModified\":\"2021-07-16T17:54:46+00:00\",\"mainEntityOfPage\":{\"@id\":\"https:\\\/\\\/www.caudete.org\\\/ayuntamiento\\\/el-centro-de-interpretacion-abrira-sus-puertas-los-sabados\\\/\"},\"wordCount\":225,\"image\":{\"@id\":\"https:\\\/\\\/www.caudete.org\\\/ayuntamiento\\\/el-centro-de-interpretacion-abrira-sus-puertas-los-sabados\\\/#primaryimage\"},\"thumbnailUrl\":\"https:\\\/\\\/www.caudete.org\\\/ayuntamiento\\\/wp-content\\\/uploads\\\/2021\\\/07\\\/122716831_1434612280067797_7532380687412297761_n.jpg\",\"articleSection\":[\"Patrimonio\"],\"inLanguage\":\"es\"},{\"@type\":\"WebPage\",\"@id\":\"https:\\\/\\\/www.caudete.org\\\/ayuntamiento\\\/el-centro-de-interpretacion-abrira-sus-puertas-los-sabados\\\/\",\"url\":\"https:\\\/\\\/www.caudete.org\\\/ayuntamiento\\\/el-centro-de-interpretacion-abrira-sus-puertas-los-sabados\\\/\",\"name\":\"El CENTRO DE INTERPRETACI\u00d3N abrir\u00e1 sus puertas los s\u00e1bados - MI Ayuntamiento de Caudete\",\"isPartOf\":{\"@id\":\"https:\\\/\\\/www.caudete.org\\\/ayuntamiento\\\/#website\"},\"primaryImageOfPage\":{\"@id\":\"https:\\\/\\\/www.caudete.org\\\/ayuntamiento\\\/el-centro-de-interpretacion-abrira-sus-puertas-los-sabados\\\/#primaryimage\"},\"image\":{\"@id\":\"https:\\\/\\\/www.caudete.org\\\/ayuntamiento\\\/el-centro-de-interpretacion-abrira-sus-puertas-los-sabados\\\/#primaryimage\"},\"thumbnailUrl\":\"https:\\\/\\\/www.caudete.org\\\/ayuntamiento\\\/wp-content\\\/uploads\\\/2021\\\/07\\\/122716831_1434612280067797_7532380687412297761_n.jpg\",\"datePublished\":\"2021-07-16T17:30:49+00:00\",\"dateModified\":\"2021-07-16T17:54:46+00:00\",\"author\":{\"@id\":\"https:\\\/\\\/www.caudete.org\\\/ayuntamiento\\\/#\\\/schema\\\/person\\\/cc646da9133078ee4d8dd47457947253\"},\"description\":\"P\u00e1gina Oficial del Ayuntamiento de Caudete (Albacete)\",\"breadcrumb\":{\"@id\":\"https:\\\/\\\/www.caudete.org\\\/ayuntamiento\\\/el-centro-de-interpretacion-abrira-sus-puertas-los-sabados\\\/#breadcrumb\"},\"inLanguage\":\"es\",\"potentialAction\":[{\"@type\":\"ReadAction\",\"target\":[\"https:\\\/\\\/www.caudete.org\\\/ayuntamiento\\\/el-centro-de-interpretacion-abrira-sus-puertas-los-sabados\\\/\"]}]},{\"@type\":\"ImageObject\",\"inLanguage\":\"es\",\"@id\":\"https:\\\/\\\/www.caudete.org\\\/ayuntamiento\\\/el-centro-de-interpretacion-abrira-sus-puertas-los-sabados\\\/#primaryimage\",\"url\":\"https:\\\/\\\/www.caudete.org\\\/ayuntamiento\\\/wp-content\\\/uploads\\\/2021\\\/07\\\/122716831_1434612280067797_7532380687412297761_n.jpg\",\"contentUrl\":\"https:\\\/\\\/www.caudete.org\\\/ayuntamiento\\\/wp-content\\\/uploads\\\/2021\\\/07\\\/122716831_1434612280067797_7532380687412297761_n.jpg\",\"width\":960,\"height\":720},{\"@type\":\"BreadcrumbList\",\"@id\":\"https:\\\/\\\/www.caudete.org\\\/ayuntamiento\\\/el-centro-de-interpretacion-abrira-sus-puertas-los-sabados\\\/#breadcrumb\",\"itemListElement\":[{\"@type\":\"ListItem\",\"position\":1,\"name\":\"Inicio\",\"item\":\"https:\\\/\\\/www.caudete.org\\\/ayuntamiento\\\/\"},{\"@type\":\"ListItem\",\"position\":2,\"name\":\"El CENTRO DE INTERPRETACI\u00d3N abrir\u00e1 sus puertas los s\u00e1bados\"}]},{\"@type\":\"WebSite\",\"@id\":\"https:\\\/\\\/www.caudete.org\\\/ayuntamiento\\\/#website\",\"url\":\"https:\\\/\\\/www.caudete.org\\\/ayuntamiento\\\/\",\"name\":\"MI Ayuntamiento de Caudete\",\"description\":\"P\u00e1gina Oficial del MI Ayuntamiento de Caudete\",\"potentialAction\":[{\"@type\":\"SearchAction\",\"target\":{\"@type\":\"EntryPoint\",\"urlTemplate\":\"https:\\\/\\\/www.caudete.org\\\/ayuntamiento\\\/?s={search_term_string}\"},\"query-input\":{\"@type\":\"PropertyValueSpecification\",\"valueRequired\":true,\"valueName\":\"search_term_string\"}}],\"inLanguage\":\"es\"},{\"@type\":\"Person\",\"@id\":\"https:\\\/\\\/www.caudete.org\\\/ayuntamiento\\\/#\\\/schema\\\/person\\\/cc646da9133078ee4d8dd47457947253\",\"name\":\"alcalde\",\"image\":{\"@type\":\"ImageObject\",\"inLanguage\":\"es\",\"@id\":\"https:\\\/\\\/secure.gravatar.com\\\/avatar\\\/84a817ba065b29ff08d666b215a215f5c79186a645ccb25b14a663d48a130f77?s=96&d=mm&r=g\",\"url\":\"https:\\\/\\\/secure.gravatar.com\\\/avatar\\\/84a817ba065b29ff08d666b215a215f5c79186a645ccb25b14a663d48a130f77?s=96&d=mm&r=g\",\"contentUrl\":\"https:\\\/\\\/secure.gravatar.com\\\/avatar\\\/84a817ba065b29ff08d666b215a215f5c79186a645ccb25b14a663d48a130f77?s=96&d=mm&r=g\",\"caption\":\"alcalde\"},\"url\":\"https:\\\/\\\/www.caudete.org\\\/ayuntamiento\\\/author\\\/alcalde\\\/\"}]}<\/script>\n<!-- \/ Yoast SEO plugin. -->","yoast_head_json":{"title":"El CENTRO DE INTERPRETACI\u00d3N abrir\u00e1 sus puertas los s\u00e1bados - MI Ayuntamiento de Caudete","description":"P\u00e1gina Oficial del Ayuntamiento de Caudete (Albacete)","robots":{"index":"index","follow":"follow","max-snippet":"max-snippet:-1","max-image-preview":"max-image-preview:large","max-video-preview":"max-video-preview:-1"},"canonical":"https:\/\/www.caudete.org\/ayuntamiento\/el-centro-de-interpretacion-abrira-sus-puertas-los-sabados\/","og_locale":"es_ES","og_type":"article","og_title":"El CENTRO DE INTERPRETACI\u00d3N abrir\u00e1 sus puertas los s\u00e1bados - MI Ayuntamiento de Caudete","og_description":"P\u00e1gina Oficial del Ayuntamiento de Caudete (Albacete)","og_url":"https:\/\/www.caudete.org\/ayuntamiento\/el-centro-de-interpretacion-abrira-sus-puertas-los-sabados\/","og_site_name":"MI Ayuntamiento de Caudete","article_publisher":"https:\/\/www.facebook.com\/ayuntamientocaudete\/","article_published_time":"2021-07-16T17:30:49+00:00","article_modified_time":"2021-07-16T17:54:46+00:00","og_image":[{"width":960,"height":720,"url":"https:\/\/www.caudete.org\/ayuntamiento\/wp-content\/uploads\/2021\/07\/122716831_1434612280067797_7532380687412297761_n.jpg","type":"image\/jpeg"}],"author":"alcalde","twitter_card":"summary_large_image","twitter_misc":{"Escrito por":"alcalde","Tiempo de lectura":"1 minuto"},"schema":{"@context":"https:\/\/schema.org","@graph":[{"@type":"Article","@id":"https:\/\/www.caudete.org\/ayuntamiento\/el-centro-de-interpretacion-abrira-sus-puertas-los-sabados\/#article","isPartOf":{"@id":"https:\/\/www.caudete.org\/ayuntamiento\/el-centro-de-interpretacion-abrira-sus-puertas-los-sabados\/"},"author":{"name":"alcalde","@id":"https:\/\/www.caudete.org\/ayuntamiento\/#\/schema\/person\/cc646da9133078ee4d8dd47457947253"},"headline":"El CENTRO DE INTERPRETACI\u00d3N abrir\u00e1 sus puertas los s\u00e1bados","datePublished":"2021-07-16T17:30:49+00:00","dateModified":"2021-07-16T17:54:46+00:00","mainEntityOfPage":{"@id":"https:\/\/www.caudete.org\/ayuntamiento\/el-centro-de-interpretacion-abrira-sus-puertas-los-sabados\/"},"wordCount":225,"image":{"@id":"https:\/\/www.caudete.org\/ayuntamiento\/el-centro-de-interpretacion-abrira-sus-puertas-los-sabados\/#primaryimage"},"thumbnailUrl":"https:\/\/www.caudete.org\/ayuntamiento\/wp-content\/uploads\/2021\/07\/122716831_1434612280067797_7532380687412297761_n.jpg","articleSection":["Patrimonio"],"inLanguage":"es"},{"@type":"WebPage","@id":"https:\/\/www.caudete.org\/ayuntamiento\/el-centro-de-interpretacion-abrira-sus-puertas-los-sabados\/","url":"https:\/\/www.caudete.org\/ayuntamiento\/el-centro-de-interpretacion-abrira-sus-puertas-los-sabados\/","name":"El CENTRO DE INTERPRETACI\u00d3N abrir\u00e1 sus puertas los s\u00e1bados - MI Ayuntamiento de Caudete","isPartOf":{"@id":"https:\/\/www.caudete.org\/ayuntamiento\/#website"},"primaryImageOfPage":{"@id":"https:\/\/www.caudete.org\/ayuntamiento\/el-centro-de-interpretacion-abrira-sus-puertas-los-sabados\/#primaryimage"},"image":{"@id":"https:\/\/www.caudete.org\/ayuntamiento\/el-centro-de-interpretacion-abrira-sus-puertas-los-sabados\/#primaryimage"},"thumbnailUrl":"https:\/\/www.caudete.org\/ayuntamiento\/wp-content\/uploads\/2021\/07\/122716831_1434612280067797_7532380687412297761_n.jpg","datePublished":"2021-07-16T17:30:49+00:00","dateModified":"2021-07-16T17:54:46+00:00","author":{"@id":"https:\/\/www.caudete.org\/ayuntamiento\/#\/schema\/person\/cc646da9133078ee4d8dd47457947253"},"description":"P\u00e1gina Oficial del Ayuntamiento de Caudete (Albacete)","breadcrumb":{"@id":"https:\/\/www.caudete.org\/ayuntamiento\/el-centro-de-interpretacion-abrira-sus-puertas-los-sabados\/#breadcrumb"},"inLanguage":"es","potentialAction":[{"@type":"ReadAction","target":["https:\/\/www.caudete.org\/ayuntamiento\/el-centro-de-interpretacion-abrira-sus-puertas-los-sabados\/"]}]},{"@type":"ImageObject","inLanguage":"es","@id":"https:\/\/www.caudete.org\/ayuntamiento\/el-centro-de-interpretacion-abrira-sus-puertas-los-sabados\/#primaryimage","url":"https:\/\/www.caudete.org\/ayuntamiento\/wp-content\/uploads\/2021\/07\/122716831_1434612280067797_7532380687412297761_n.jpg","contentUrl":"https:\/\/www.caudete.org\/ayuntamiento\/wp-content\/uploads\/2021\/07\/122716831_1434612280067797_7532380687412297761_n.jpg","width":960,"height":720},{"@type":"BreadcrumbList","@id":"https:\/\/www.caudete.org\/ayuntamiento\/el-centro-de-interpretacion-abrira-sus-puertas-los-sabados\/#breadcrumb","itemListElement":[{"@type":"ListItem","position":1,"name":"Inicio","item":"https:\/\/www.caudete.org\/ayuntamiento\/"},{"@type":"ListItem","position":2,"name":"El CENTRO DE INTERPRETACI\u00d3N abrir\u00e1 sus puertas los s\u00e1bados"}]},{"@type":"WebSite","@id":"https:\/\/www.caudete.org\/ayuntamiento\/#website","url":"https:\/\/www.caudete.org\/ayuntamiento\/","name":"MI Ayuntamiento de Caudete","description":"P\u00e1gina Oficial del MI Ayuntamiento de Caudete","potentialAction":[{"@type":"SearchAction","target":{"@type":"EntryPoint","urlTemplate":"https:\/\/www.caudete.org\/ayuntamiento\/?s={search_term_string}"},"query-input":{"@type":"PropertyValueSpecification","valueRequired":true,"valueName":"search_term_string"}}],"inLanguage":"es"},{"@type":"Person","@id":"https:\/\/www.caudete.org\/ayuntamiento\/#\/schema\/person\/cc646da9133078ee4d8dd47457947253","name":"alcalde","image":{"@type":"ImageObject","inLanguage":"es","@id":"https:\/\/secure.gravatar.com\/avatar\/84a817ba065b29ff08d666b215a215f5c79186a645ccb25b14a663d48a130f77?s=96&d=mm&r=g","url":"https:\/\/secure.gravatar.com\/avatar\/84a817ba065b29ff08d666b215a215f5c79186a645ccb25b14a663d48a130f77?s=96&d=mm&r=g","contentUrl":"https:\/\/secure.gravatar.com\/avatar\/84a817ba065b29ff08d666b215a215f5c79186a645ccb25b14a663d48a130f77?s=96&d=mm&r=g","caption":"alcalde"},"url":"https:\/\/www.caudete.org\/ayuntamiento\/author\/alcalde\/"}]}},"_links":{"self":[{"href":"https:\/\/www.caudete.org\/ayuntamiento\/wp-json\/wp\/v2\/posts\/15352","targetHints":{"allow":["GET"]}}],"collection":[{"href":"https:\/\/www.caudete.org\/ayuntamiento\/wp-json\/wp\/v2\/posts"}],"about":[{"href":"https:\/\/www.caudete.org\/ayuntamiento\/wp-json\/wp\/v2\/types\/post"}],"author":[{"embeddable":true,"href":"https:\/\/www.caudete.org\/ayuntamiento\/wp-json\/wp\/v2\/users\/3"}],"replies":[{"embeddable":true,"href":"https:\/\/www.caudete.org\/ayuntamiento\/wp-json\/wp\/v2\/comments?post=15352"}],"version-history":[{"count":3,"href":"https:\/\/www.caudete.org\/ayuntamiento\/wp-json\/wp\/v2\/posts\/15352\/revisions"}],"predecessor-version":[{"id":15370,"href":"https:\/\/www.caudete.org\/ayuntamiento\/wp-json\/wp\/v2\/posts\/15352\/revisions\/15370"}],"wp:featuredmedia":[{"embeddable":true,"href":"https:\/\/www.caudete.org\/ayuntamiento\/wp-json\/wp\/v2\/media\/15353"}],"wp:attachment":[{"href":"https:\/\/www.caudete.org\/ayuntamiento\/wp-json\/wp\/v2\/media?parent=15352"}],"wp:term":[{"taxonomy":"category","embeddable":true,"href":"https:\/\/www.caudete.org\/ayuntamiento\/wp-json\/wp\/v2\/categories?post=15352"},{"taxonomy":"post_tag","embeddable":true,"href":"https:\/\/www.caudete.org\/ayuntamiento\/wp-json\/wp\/v2\/tags?post=15352"}],"curies":[{"name":"wp","href":"https:\/\/api.w.org\/{rel}","templated":true}]}}