{"id":15357,"date":"2021-07-15T14:31:56","date_gmt":"2021-07-15T12:31:56","guid":{"rendered":"https:\/\/www.caudete.org\/ayuntamiento\/?p=15357"},"modified":"2021-07-15T14:31:56","modified_gmt":"2021-07-15T12:31:56","slug":"la-avenida-de-valencia-dice-adios-al-trafico-de-la-a-33","status":"publish","type":"post","link":"https:\/\/www.caudete.org\/ayuntamiento\/la-avenida-de-valencia-dice-adios-al-trafico-de-la-a-33\/","title":{"rendered":"La Avenida de Valencia dice adi\u00f3s al tr\u00e1fico de la A-33"},"content":{"rendered":"<p style=\"text-align: justify;\">Hace unos minutos el tr\u00e1fico de la A-33 que durante meses ha estado soportando la Avenida de Valencia, ha sido reconducido a su lugar: la propia Autov\u00eda.<\/p>\n<p style=\"text-align: justify;\">Las obras de construcci\u00f3n de dicha infraestructura p\u00fablica obligaron a introducir el tr\u00e1fico pesado por el casco urbano hace varios meses, demor\u00e1ndose en el tiempo, y causando no solo el deterioro del firme sino tambi\u00e9n la alteraci\u00f3n del descanso de los vecinos de la zona.<\/p>\n<p style=\"text-align: justify;\">En el d\u00eda de ayer se produjo una reuni\u00f3n m\u00e1s entre Ayuntamiento, Demarcaci\u00f3n de Carreteras y empresa constructora, en la que se abord\u00f3 la urgente necesidad de eliminar el tr\u00e1fico por la Avenida por el peligro que entra\u00f1a y las molestias a vecinos, as\u00ed como urgir la reparaci\u00f3n de la v\u00eda, ya que la capa de rodadura se ha visto seriamente afectada.<\/p>\n<p style=\"text-align: justify;\">La noticia de ser trasladado el tr\u00e1fico a la nueva autov\u00eda ha sido recibida esta ma\u00f1ana por la Concejal\u00eda de Movilidad, traslad\u00e1ndoles que al mediod\u00eda se llevar\u00eda a cabo la petici\u00f3n formulada por el Ayuntamiento. De esta forma, el tr\u00e1fico usar\u00e1 una de las dos plataformas del nuevo trazado de la A-33, mientras finalizan el resto de trabajos.<\/p>\n<p style=\"text-align: justify;\">No obstante, es posible que se precise de un desv\u00edo muy puntual y corto de duraci\u00f3n sobre el tr\u00e1fico de la Autov\u00eda hacia la zona urbana, cuando se tengan que realizar trabajos o labores concretas para la puesta en funcionamiento del conjunto de la autov\u00eda.<\/p>\n<p style=\"text-align: justify;\">As\u00ed pues, se ha establecido que una vez puesta en funcionamiento total la Autov\u00eda, se proceder\u00e1 con la reparaci\u00f3n por parte del promotor y constructor de todas las zonas deterioradas como consecuencia del desv\u00edo del tr\u00e1fico en Avenida de Valencia y zonas pr\u00f3ximas. Pero, las zonas que est\u00e9n muy deterioradas o impliquen un riesgo para los veh\u00edculos, ser\u00e1n reparados en breve por la empresa constructora.<\/p>\n<p>&nbsp;<\/p>\n","protected":false},"excerpt":{"rendered":"<p>Hace unos minutos el tr\u00e1fico de la A-33 que durante meses ha estado soportando la Avenida de Valencia, ha sido reconducido a su lugar: la propia Autov\u00eda. Las obras de construcci\u00f3n de dicha infraestructura p\u00fablica obligaron a introducir el tr\u00e1fico pesado por el casco urbano hace varios meses, demor\u00e1ndose en el tiempo, y causando no &hellip;<\/p>\n","protected":false},"author":3,"featured_media":15358,"comment_status":"closed","ping_status":"open","sticky":false,"template":"","format":"standard","meta":{"ngg_post_thumbnail":0,"footnotes":""},"categories":[46],"tags":[],"class_list":["post-15357","post","type-post","status-publish","format-standard","has-post-thumbnail","hentry","category-movilidad-urbana"],"yoast_head":"<!-- This site is optimized with the Yoast SEO plugin v27.5 - https:\/\/yoast.com\/product\/yoast-seo-wordpress\/ -->\n<title>La Avenida de Valencia dice adi\u00f3s al tr\u00e1fico de la A-33 - MI Ayuntamiento de Caudete<\/title>\n<meta name=\"description\" content=\"P\u00e1gina Oficial del Ayuntamiento de Caudete (Albacete)\" \/>\n<meta name=\"robots\" content=\"index, follow, max-snippet:-1, max-image-preview:large, max-video-preview:-1\" \/>\n<link rel=\"canonical\" href=\"https:\/\/www.caudete.org\/ayuntamiento\/la-avenida-de-valencia-dice-adios-al-trafico-de-la-a-33\/\" \/>\n<meta property=\"og:locale\" content=\"es_ES\" \/>\n<meta property=\"og:type\" content=\"article\" \/>\n<meta property=\"og:title\" content=\"La Avenida de Valencia dice adi\u00f3s al tr\u00e1fico de la A-33 - MI Ayuntamiento de Caudete\" \/>\n<meta property=\"og:description\" content=\"P\u00e1gina Oficial del Ayuntamiento de Caudete (Albacete)\" \/>\n<meta property=\"og:url\" content=\"https:\/\/www.caudete.org\/ayuntamiento\/la-avenida-de-valencia-dice-adios-al-trafico-de-la-a-33\/\" \/>\n<meta property=\"og:site_name\" content=\"MI Ayuntamiento de Caudete\" \/>\n<meta property=\"article:publisher\" content=\"https:\/\/www.facebook.com\/ayuntamientocaudete\/\" \/>\n<meta property=\"article:published_time\" content=\"2021-07-15T12:31:56+00:00\" \/>\n<meta property=\"og:image\" content=\"https:\/\/www.caudete.org\/ayuntamiento\/wp-content\/uploads\/2021\/07\/IMG_0001.jpg\" \/>\n\t<meta property=\"og:image:width\" content=\"2048\" \/>\n\t<meta property=\"og:image:height\" content=\"1365\" \/>\n\t<meta property=\"og:image:type\" content=\"image\/jpeg\" \/>\n<meta name=\"author\" content=\"alcalde\" \/>\n<meta name=\"twitter:card\" content=\"summary_large_image\" \/>\n<meta name=\"twitter:label1\" content=\"Escrito por\" \/>\n\t<meta name=\"twitter:data1\" content=\"alcalde\" \/>\n\t<meta name=\"twitter:label2\" content=\"Tiempo de lectura\" \/>\n\t<meta name=\"twitter:data2\" content=\"2 minutos\" \/>\n<script type=\"application\/ld+json\" class=\"yoast-schema-graph\">{\"@context\":\"https:\\\/\\\/schema.org\",\"@graph\":[{\"@type\":\"Article\",\"@id\":\"https:\\\/\\\/www.caudete.org\\\/ayuntamiento\\\/la-avenida-de-valencia-dice-adios-al-trafico-de-la-a-33\\\/#article\",\"isPartOf\":{\"@id\":\"https:\\\/\\\/www.caudete.org\\\/ayuntamiento\\\/la-avenida-de-valencia-dice-adios-al-trafico-de-la-a-33\\\/\"},\"author\":{\"name\":\"alcalde\",\"@id\":\"https:\\\/\\\/www.caudete.org\\\/ayuntamiento\\\/#\\\/schema\\\/person\\\/cc646da9133078ee4d8dd47457947253\"},\"headline\":\"La Avenida de Valencia dice adi\u00f3s al tr\u00e1fico de la A-33\",\"datePublished\":\"2021-07-15T12:31:56+00:00\",\"mainEntityOfPage\":{\"@id\":\"https:\\\/\\\/www.caudete.org\\\/ayuntamiento\\\/la-avenida-de-valencia-dice-adios-al-trafico-de-la-a-33\\\/\"},\"wordCount\":354,\"image\":{\"@id\":\"https:\\\/\\\/www.caudete.org\\\/ayuntamiento\\\/la-avenida-de-valencia-dice-adios-al-trafico-de-la-a-33\\\/#primaryimage\"},\"thumbnailUrl\":\"https:\\\/\\\/www.caudete.org\\\/ayuntamiento\\\/wp-content\\\/uploads\\\/2021\\\/07\\\/IMG_0001.jpg\",\"articleSection\":[\"Movilidad Urbana\"],\"inLanguage\":\"es\"},{\"@type\":\"WebPage\",\"@id\":\"https:\\\/\\\/www.caudete.org\\\/ayuntamiento\\\/la-avenida-de-valencia-dice-adios-al-trafico-de-la-a-33\\\/\",\"url\":\"https:\\\/\\\/www.caudete.org\\\/ayuntamiento\\\/la-avenida-de-valencia-dice-adios-al-trafico-de-la-a-33\\\/\",\"name\":\"La Avenida de Valencia dice adi\u00f3s al tr\u00e1fico de la A-33 - MI Ayuntamiento de Caudete\",\"isPartOf\":{\"@id\":\"https:\\\/\\\/www.caudete.org\\\/ayuntamiento\\\/#website\"},\"primaryImageOfPage\":{\"@id\":\"https:\\\/\\\/www.caudete.org\\\/ayuntamiento\\\/la-avenida-de-valencia-dice-adios-al-trafico-de-la-a-33\\\/#primaryimage\"},\"image\":{\"@id\":\"https:\\\/\\\/www.caudete.org\\\/ayuntamiento\\\/la-avenida-de-valencia-dice-adios-al-trafico-de-la-a-33\\\/#primaryimage\"},\"thumbnailUrl\":\"https:\\\/\\\/www.caudete.org\\\/ayuntamiento\\\/wp-content\\\/uploads\\\/2021\\\/07\\\/IMG_0001.jpg\",\"datePublished\":\"2021-07-15T12:31:56+00:00\",\"author\":{\"@id\":\"https:\\\/\\\/www.caudete.org\\\/ayuntamiento\\\/#\\\/schema\\\/person\\\/cc646da9133078ee4d8dd47457947253\"},\"description\":\"P\u00e1gina Oficial del Ayuntamiento de Caudete (Albacete)\",\"breadcrumb\":{\"@id\":\"https:\\\/\\\/www.caudete.org\\\/ayuntamiento\\\/la-avenida-de-valencia-dice-adios-al-trafico-de-la-a-33\\\/#breadcrumb\"},\"inLanguage\":\"es\",\"potentialAction\":[{\"@type\":\"ReadAction\",\"target\":[\"https:\\\/\\\/www.caudete.org\\\/ayuntamiento\\\/la-avenida-de-valencia-dice-adios-al-trafico-de-la-a-33\\\/\"]}]},{\"@type\":\"ImageObject\",\"inLanguage\":\"es\",\"@id\":\"https:\\\/\\\/www.caudete.org\\\/ayuntamiento\\\/la-avenida-de-valencia-dice-adios-al-trafico-de-la-a-33\\\/#primaryimage\",\"url\":\"https:\\\/\\\/www.caudete.org\\\/ayuntamiento\\\/wp-content\\\/uploads\\\/2021\\\/07\\\/IMG_0001.jpg\",\"contentUrl\":\"https:\\\/\\\/www.caudete.org\\\/ayuntamiento\\\/wp-content\\\/uploads\\\/2021\\\/07\\\/IMG_0001.jpg\",\"width\":2048,\"height\":1365},{\"@type\":\"BreadcrumbList\",\"@id\":\"https:\\\/\\\/www.caudete.org\\\/ayuntamiento\\\/la-avenida-de-valencia-dice-adios-al-trafico-de-la-a-33\\\/#breadcrumb\",\"itemListElement\":[{\"@type\":\"ListItem\",\"position\":1,\"name\":\"Inicio\",\"item\":\"https:\\\/\\\/www.caudete.org\\\/ayuntamiento\\\/\"},{\"@type\":\"ListItem\",\"position\":2,\"name\":\"La Avenida de Valencia dice adi\u00f3s al tr\u00e1fico de la A-33\"}]},{\"@type\":\"WebSite\",\"@id\":\"https:\\\/\\\/www.caudete.org\\\/ayuntamiento\\\/#website\",\"url\":\"https:\\\/\\\/www.caudete.org\\\/ayuntamiento\\\/\",\"name\":\"MI Ayuntamiento de Caudete\",\"description\":\"P\u00e1gina Oficial del MI Ayuntamiento de Caudete\",\"potentialAction\":[{\"@type\":\"SearchAction\",\"target\":{\"@type\":\"EntryPoint\",\"urlTemplate\":\"https:\\\/\\\/www.caudete.org\\\/ayuntamiento\\\/?s={search_term_string}\"},\"query-input\":{\"@type\":\"PropertyValueSpecification\",\"valueRequired\":true,\"valueName\":\"search_term_string\"}}],\"inLanguage\":\"es\"},{\"@type\":\"Person\",\"@id\":\"https:\\\/\\\/www.caudete.org\\\/ayuntamiento\\\/#\\\/schema\\\/person\\\/cc646da9133078ee4d8dd47457947253\",\"name\":\"alcalde\",\"image\":{\"@type\":\"ImageObject\",\"inLanguage\":\"es\",\"@id\":\"https:\\\/\\\/secure.gravatar.com\\\/avatar\\\/84a817ba065b29ff08d666b215a215f5c79186a645ccb25b14a663d48a130f77?s=96&d=mm&r=g\",\"url\":\"https:\\\/\\\/secure.gravatar.com\\\/avatar\\\/84a817ba065b29ff08d666b215a215f5c79186a645ccb25b14a663d48a130f77?s=96&d=mm&r=g\",\"contentUrl\":\"https:\\\/\\\/secure.gravatar.com\\\/avatar\\\/84a817ba065b29ff08d666b215a215f5c79186a645ccb25b14a663d48a130f77?s=96&d=mm&r=g\",\"caption\":\"alcalde\"},\"url\":\"https:\\\/\\\/www.caudete.org\\\/ayuntamiento\\\/author\\\/alcalde\\\/\"}]}<\/script>\n<!-- \/ Yoast SEO plugin. -->","yoast_head_json":{"title":"La Avenida de Valencia dice adi\u00f3s al tr\u00e1fico de la A-33 - MI Ayuntamiento de Caudete","description":"P\u00e1gina Oficial del Ayuntamiento de Caudete (Albacete)","robots":{"index":"index","follow":"follow","max-snippet":"max-snippet:-1","max-image-preview":"max-image-preview:large","max-video-preview":"max-video-preview:-1"},"canonical":"https:\/\/www.caudete.org\/ayuntamiento\/la-avenida-de-valencia-dice-adios-al-trafico-de-la-a-33\/","og_locale":"es_ES","og_type":"article","og_title":"La Avenida de Valencia dice adi\u00f3s al tr\u00e1fico de la A-33 - MI Ayuntamiento de Caudete","og_description":"P\u00e1gina Oficial del Ayuntamiento de Caudete (Albacete)","og_url":"https:\/\/www.caudete.org\/ayuntamiento\/la-avenida-de-valencia-dice-adios-al-trafico-de-la-a-33\/","og_site_name":"MI Ayuntamiento de Caudete","article_publisher":"https:\/\/www.facebook.com\/ayuntamientocaudete\/","article_published_time":"2021-07-15T12:31:56+00:00","og_image":[{"width":2048,"height":1365,"url":"https:\/\/www.caudete.org\/ayuntamiento\/wp-content\/uploads\/2021\/07\/IMG_0001.jpg","type":"image\/jpeg"}],"author":"alcalde","twitter_card":"summary_large_image","twitter_misc":{"Escrito por":"alcalde","Tiempo de lectura":"2 minutos"},"schema":{"@context":"https:\/\/schema.org","@graph":[{"@type":"Article","@id":"https:\/\/www.caudete.org\/ayuntamiento\/la-avenida-de-valencia-dice-adios-al-trafico-de-la-a-33\/#article","isPartOf":{"@id":"https:\/\/www.caudete.org\/ayuntamiento\/la-avenida-de-valencia-dice-adios-al-trafico-de-la-a-33\/"},"author":{"name":"alcalde","@id":"https:\/\/www.caudete.org\/ayuntamiento\/#\/schema\/person\/cc646da9133078ee4d8dd47457947253"},"headline":"La Avenida de Valencia dice adi\u00f3s al tr\u00e1fico de la A-33","datePublished":"2021-07-15T12:31:56+00:00","mainEntityOfPage":{"@id":"https:\/\/www.caudete.org\/ayuntamiento\/la-avenida-de-valencia-dice-adios-al-trafico-de-la-a-33\/"},"wordCount":354,"image":{"@id":"https:\/\/www.caudete.org\/ayuntamiento\/la-avenida-de-valencia-dice-adios-al-trafico-de-la-a-33\/#primaryimage"},"thumbnailUrl":"https:\/\/www.caudete.org\/ayuntamiento\/wp-content\/uploads\/2021\/07\/IMG_0001.jpg","articleSection":["Movilidad Urbana"],"inLanguage":"es"},{"@type":"WebPage","@id":"https:\/\/www.caudete.org\/ayuntamiento\/la-avenida-de-valencia-dice-adios-al-trafico-de-la-a-33\/","url":"https:\/\/www.caudete.org\/ayuntamiento\/la-avenida-de-valencia-dice-adios-al-trafico-de-la-a-33\/","name":"La Avenida de Valencia dice adi\u00f3s al tr\u00e1fico de la A-33 - MI Ayuntamiento de Caudete","isPartOf":{"@id":"https:\/\/www.caudete.org\/ayuntamiento\/#website"},"primaryImageOfPage":{"@id":"https:\/\/www.caudete.org\/ayuntamiento\/la-avenida-de-valencia-dice-adios-al-trafico-de-la-a-33\/#primaryimage"},"image":{"@id":"https:\/\/www.caudete.org\/ayuntamiento\/la-avenida-de-valencia-dice-adios-al-trafico-de-la-a-33\/#primaryimage"},"thumbnailUrl":"https:\/\/www.caudete.org\/ayuntamiento\/wp-content\/uploads\/2021\/07\/IMG_0001.jpg","datePublished":"2021-07-15T12:31:56+00:00","author":{"@id":"https:\/\/www.caudete.org\/ayuntamiento\/#\/schema\/person\/cc646da9133078ee4d8dd47457947253"},"description":"P\u00e1gina Oficial del Ayuntamiento de Caudete (Albacete)","breadcrumb":{"@id":"https:\/\/www.caudete.org\/ayuntamiento\/la-avenida-de-valencia-dice-adios-al-trafico-de-la-a-33\/#breadcrumb"},"inLanguage":"es","potentialAction":[{"@type":"ReadAction","target":["https:\/\/www.caudete.org\/ayuntamiento\/la-avenida-de-valencia-dice-adios-al-trafico-de-la-a-33\/"]}]},{"@type":"ImageObject","inLanguage":"es","@id":"https:\/\/www.caudete.org\/ayuntamiento\/la-avenida-de-valencia-dice-adios-al-trafico-de-la-a-33\/#primaryimage","url":"https:\/\/www.caudete.org\/ayuntamiento\/wp-content\/uploads\/2021\/07\/IMG_0001.jpg","contentUrl":"https:\/\/www.caudete.org\/ayuntamiento\/wp-content\/uploads\/2021\/07\/IMG_0001.jpg","width":2048,"height":1365},{"@type":"BreadcrumbList","@id":"https:\/\/www.caudete.org\/ayuntamiento\/la-avenida-de-valencia-dice-adios-al-trafico-de-la-a-33\/#breadcrumb","itemListElement":[{"@type":"ListItem","position":1,"name":"Inicio","item":"https:\/\/www.caudete.org\/ayuntamiento\/"},{"@type":"ListItem","position":2,"name":"La Avenida de Valencia dice adi\u00f3s al tr\u00e1fico de la A-33"}]},{"@type":"WebSite","@id":"https:\/\/www.caudete.org\/ayuntamiento\/#website","url":"https:\/\/www.caudete.org\/ayuntamiento\/","name":"MI Ayuntamiento de Caudete","description":"P\u00e1gina Oficial del MI Ayuntamiento de Caudete","potentialAction":[{"@type":"SearchAction","target":{"@type":"EntryPoint","urlTemplate":"https:\/\/www.caudete.org\/ayuntamiento\/?s={search_term_string}"},"query-input":{"@type":"PropertyValueSpecification","valueRequired":true,"valueName":"search_term_string"}}],"inLanguage":"es"},{"@type":"Person","@id":"https:\/\/www.caudete.org\/ayuntamiento\/#\/schema\/person\/cc646da9133078ee4d8dd47457947253","name":"alcalde","image":{"@type":"ImageObject","inLanguage":"es","@id":"https:\/\/secure.gravatar.com\/avatar\/84a817ba065b29ff08d666b215a215f5c79186a645ccb25b14a663d48a130f77?s=96&d=mm&r=g","url":"https:\/\/secure.gravatar.com\/avatar\/84a817ba065b29ff08d666b215a215f5c79186a645ccb25b14a663d48a130f77?s=96&d=mm&r=g","contentUrl":"https:\/\/secure.gravatar.com\/avatar\/84a817ba065b29ff08d666b215a215f5c79186a645ccb25b14a663d48a130f77?s=96&d=mm&r=g","caption":"alcalde"},"url":"https:\/\/www.caudete.org\/ayuntamiento\/author\/alcalde\/"}]}},"_links":{"self":[{"href":"https:\/\/www.caudete.org\/ayuntamiento\/wp-json\/wp\/v2\/posts\/15357","targetHints":{"allow":["GET"]}}],"collection":[{"href":"https:\/\/www.caudete.org\/ayuntamiento\/wp-json\/wp\/v2\/posts"}],"about":[{"href":"https:\/\/www.caudete.org\/ayuntamiento\/wp-json\/wp\/v2\/types\/post"}],"author":[{"embeddable":true,"href":"https:\/\/www.caudete.org\/ayuntamiento\/wp-json\/wp\/v2\/users\/3"}],"replies":[{"embeddable":true,"href":"https:\/\/www.caudete.org\/ayuntamiento\/wp-json\/wp\/v2\/comments?post=15357"}],"version-history":[{"count":1,"href":"https:\/\/www.caudete.org\/ayuntamiento\/wp-json\/wp\/v2\/posts\/15357\/revisions"}],"predecessor-version":[{"id":15359,"href":"https:\/\/www.caudete.org\/ayuntamiento\/wp-json\/wp\/v2\/posts\/15357\/revisions\/15359"}],"wp:featuredmedia":[{"embeddable":true,"href":"https:\/\/www.caudete.org\/ayuntamiento\/wp-json\/wp\/v2\/media\/15358"}],"wp:attachment":[{"href":"https:\/\/www.caudete.org\/ayuntamiento\/wp-json\/wp\/v2\/media?parent=15357"}],"wp:term":[{"taxonomy":"category","embeddable":true,"href":"https:\/\/www.caudete.org\/ayuntamiento\/wp-json\/wp\/v2\/categories?post=15357"},{"taxonomy":"post_tag","embeddable":true,"href":"https:\/\/www.caudete.org\/ayuntamiento\/wp-json\/wp\/v2\/tags?post=15357"}],"curies":[{"name":"wp","href":"https:\/\/api.w.org\/{rel}","templated":true}]}}