{"id":15371,"date":"2021-07-16T20:07:57","date_gmt":"2021-07-16T18:07:57","guid":{"rendered":"https:\/\/www.caudete.org\/ayuntamiento\/?p=15371"},"modified":"2021-07-16T20:07:57","modified_gmt":"2021-07-16T18:07:57","slug":"44-positivos-y-123-aislados-a-dia-de-hoy","status":"publish","type":"post","link":"https:\/\/www.caudete.org\/ayuntamiento\/44-positivos-y-123-aislados-a-dia-de-hoy\/","title":{"rendered":"44 positivos y 123 aislados a d\u00eda de hoy"},"content":{"rendered":"<p style=\"text-align: justify;\">Esta ma\u00f1ana el Alcalde comparec\u00eda para hacer p\u00fablica la informaci\u00f3n que la Consejer\u00eda de Sanidad de la JCCM publicaba sobre la actualizaci\u00f3n de casos Covid-19 en nuestra localidad, que cerrada a fecha 11 de Julio (domingo pasado), arrojaba un dato acumulado de 20 casos positivos.<\/p>\n<p style=\"text-align: justify;\">No obstante, y como cada viernes, nos ha sido facilitada la informaci\u00f3n de la Gerencia del Hospital de Almansa, con unas cifras preocupantes, al hacerse patente un incremento de casos extraordinario. Un total de <strong>44 positivos y 123 aislados<\/strong> es la cifra que <strong>a d\u00eda de hoy,<\/strong> viernes 16 de Julio, manejan en el servicio de salud.<\/p>\n<p style=\"text-align: justify;\"><strong>La situaci\u00f3n es por tanto delicada<\/strong>, ya que hemos alcanzado valores propios de la Navidad pasada, en la que se tuvieron que tomar medidas especiales para frenar el avance del Covid-19 en nuestro municipio. Por tanto, Caudete est\u00e1 en el punto de mira, y junto a dos localidades m\u00e1s de la provincia, <strong>nos situamos al borde de una situaci\u00f3n sanitaria que podr\u00eda volver a decretar por las autoridades sanitarias competentes, medidas especiales.<\/strong><\/p>\n<p style=\"text-align: justify;\">A tal efecto, desde el Ayuntamiento se ha mantenido una reuni\u00f3n con el servicio de salud para tomar pleno conocimiento de la situaci\u00f3n, y ver las posibles f\u00f3rmulas de acci\u00f3n a acometer si la incidencia sigue increment\u00e1ndose de forma exponencial en nuestro municipio.<\/p>\n<p style=\"text-align: justify;\">El Alcalde ha rogado encarecidamente &#8220;<em>a todo el conjunto de la ciudadan\u00eda el m\u00e1ximo\u00a0respeto por sus vecinos, y a tal efecto, responsabilidad personal y social, cumpliendo estrictamente la totalidad de medidas sanitarias y recomendaciones expuestas por las autoridades sanitarias, para evitar entre todos frenar este avance, y no volver a los duros meses que hemos vivido, con consecuencias fuertes para el conjunto de la poblaci\u00f3n&#8221;<\/em>.<\/p>\n<p style=\"text-align: justify;\">Igualmente, ha trasladado \u00e1nimo y fuerza a todos los afectados y aislados, as\u00ed como a sus familias, dese\u00e1ndoles una pronta recuperaci\u00f3n.<\/p>\n","protected":false},"excerpt":{"rendered":"<p>Esta ma\u00f1ana el Alcalde comparec\u00eda para hacer p\u00fablica la informaci\u00f3n que la Consejer\u00eda de Sanidad de la JCCM publicaba sobre la actualizaci\u00f3n de casos Covid-19 en nuestra localidad, que cerrada a fecha 11 de Julio (domingo pasado), arrojaba un dato acumulado de 20 casos positivos. No obstante, y como cada viernes, nos ha sido facilitada &hellip;<\/p>\n","protected":false},"author":3,"featured_media":11122,"comment_status":"closed","ping_status":"open","sticky":false,"template":"","format":"standard","meta":{"ngg_post_thumbnail":0,"footnotes":""},"categories":[16],"tags":[],"class_list":["post-15371","post","type-post","status-publish","format-standard","has-post-thumbnail","hentry","category-sanidad"],"yoast_head":"<!-- This site is optimized with the Yoast SEO plugin v27.5 - https:\/\/yoast.com\/product\/yoast-seo-wordpress\/ -->\n<title>44 positivos y 123 aislados a d\u00eda de hoy - MI Ayuntamiento de Caudete<\/title>\n<meta name=\"description\" content=\"P\u00e1gina Oficial del Ayuntamiento de Caudete (Albacete)\" \/>\n<meta name=\"robots\" content=\"index, follow, max-snippet:-1, max-image-preview:large, max-video-preview:-1\" \/>\n<link rel=\"canonical\" href=\"https:\/\/www.caudete.org\/ayuntamiento\/44-positivos-y-123-aislados-a-dia-de-hoy\/\" \/>\n<meta property=\"og:locale\" content=\"es_ES\" \/>\n<meta property=\"og:type\" content=\"article\" \/>\n<meta property=\"og:title\" content=\"44 positivos y 123 aislados a d\u00eda de hoy - MI Ayuntamiento de Caudete\" \/>\n<meta property=\"og:description\" content=\"P\u00e1gina Oficial del Ayuntamiento de Caudete (Albacete)\" \/>\n<meta property=\"og:url\" content=\"https:\/\/www.caudete.org\/ayuntamiento\/44-positivos-y-123-aislados-a-dia-de-hoy\/\" \/>\n<meta property=\"og:site_name\" content=\"MI Ayuntamiento de Caudete\" \/>\n<meta property=\"article:publisher\" content=\"https:\/\/www.facebook.com\/ayuntamientocaudete\/\" \/>\n<meta property=\"article:published_time\" content=\"2021-07-16T18:07:57+00:00\" \/>\n<meta property=\"og:image\" content=\"https:\/\/www.caudete.org\/ayuntamiento\/wp-content\/uploads\/2020\/12\/CHLA-What-You-Should-Know-Covid-19-1200x628-01Caudete.jpg\" \/>\n\t<meta property=\"og:image:width\" content=\"1200\" \/>\n\t<meta property=\"og:image:height\" content=\"628\" \/>\n\t<meta property=\"og:image:type\" content=\"image\/jpeg\" \/>\n<meta name=\"author\" content=\"alcalde\" \/>\n<meta name=\"twitter:card\" content=\"summary_large_image\" \/>\n<meta name=\"twitter:label1\" content=\"Escrito por\" \/>\n\t<meta name=\"twitter:data1\" content=\"alcalde\" \/>\n\t<meta name=\"twitter:label2\" content=\"Tiempo de lectura\" \/>\n\t<meta name=\"twitter:data2\" content=\"2 minutos\" \/>\n<script type=\"application\/ld+json\" class=\"yoast-schema-graph\">{\"@context\":\"https:\\\/\\\/schema.org\",\"@graph\":[{\"@type\":\"Article\",\"@id\":\"https:\\\/\\\/www.caudete.org\\\/ayuntamiento\\\/44-positivos-y-123-aislados-a-dia-de-hoy\\\/#article\",\"isPartOf\":{\"@id\":\"https:\\\/\\\/www.caudete.org\\\/ayuntamiento\\\/44-positivos-y-123-aislados-a-dia-de-hoy\\\/\"},\"author\":{\"name\":\"alcalde\",\"@id\":\"https:\\\/\\\/www.caudete.org\\\/ayuntamiento\\\/#\\\/schema\\\/person\\\/cc646da9133078ee4d8dd47457947253\"},\"headline\":\"44 positivos y 123 aislados a d\u00eda de hoy\",\"datePublished\":\"2021-07-16T18:07:57+00:00\",\"mainEntityOfPage\":{\"@id\":\"https:\\\/\\\/www.caudete.org\\\/ayuntamiento\\\/44-positivos-y-123-aislados-a-dia-de-hoy\\\/\"},\"wordCount\":329,\"image\":{\"@id\":\"https:\\\/\\\/www.caudete.org\\\/ayuntamiento\\\/44-positivos-y-123-aislados-a-dia-de-hoy\\\/#primaryimage\"},\"thumbnailUrl\":\"https:\\\/\\\/www.caudete.org\\\/ayuntamiento\\\/wp-content\\\/uploads\\\/2020\\\/12\\\/CHLA-What-You-Should-Know-Covid-19-1200x628-01Caudete.jpg\",\"articleSection\":[\"Sanidad\"],\"inLanguage\":\"es\"},{\"@type\":\"WebPage\",\"@id\":\"https:\\\/\\\/www.caudete.org\\\/ayuntamiento\\\/44-positivos-y-123-aislados-a-dia-de-hoy\\\/\",\"url\":\"https:\\\/\\\/www.caudete.org\\\/ayuntamiento\\\/44-positivos-y-123-aislados-a-dia-de-hoy\\\/\",\"name\":\"44 positivos y 123 aislados a d\u00eda de hoy - MI Ayuntamiento de Caudete\",\"isPartOf\":{\"@id\":\"https:\\\/\\\/www.caudete.org\\\/ayuntamiento\\\/#website\"},\"primaryImageOfPage\":{\"@id\":\"https:\\\/\\\/www.caudete.org\\\/ayuntamiento\\\/44-positivos-y-123-aislados-a-dia-de-hoy\\\/#primaryimage\"},\"image\":{\"@id\":\"https:\\\/\\\/www.caudete.org\\\/ayuntamiento\\\/44-positivos-y-123-aislados-a-dia-de-hoy\\\/#primaryimage\"},\"thumbnailUrl\":\"https:\\\/\\\/www.caudete.org\\\/ayuntamiento\\\/wp-content\\\/uploads\\\/2020\\\/12\\\/CHLA-What-You-Should-Know-Covid-19-1200x628-01Caudete.jpg\",\"datePublished\":\"2021-07-16T18:07:57+00:00\",\"author\":{\"@id\":\"https:\\\/\\\/www.caudete.org\\\/ayuntamiento\\\/#\\\/schema\\\/person\\\/cc646da9133078ee4d8dd47457947253\"},\"description\":\"P\u00e1gina Oficial del Ayuntamiento de Caudete (Albacete)\",\"breadcrumb\":{\"@id\":\"https:\\\/\\\/www.caudete.org\\\/ayuntamiento\\\/44-positivos-y-123-aislados-a-dia-de-hoy\\\/#breadcrumb\"},\"inLanguage\":\"es\",\"potentialAction\":[{\"@type\":\"ReadAction\",\"target\":[\"https:\\\/\\\/www.caudete.org\\\/ayuntamiento\\\/44-positivos-y-123-aislados-a-dia-de-hoy\\\/\"]}]},{\"@type\":\"ImageObject\",\"inLanguage\":\"es\",\"@id\":\"https:\\\/\\\/www.caudete.org\\\/ayuntamiento\\\/44-positivos-y-123-aislados-a-dia-de-hoy\\\/#primaryimage\",\"url\":\"https:\\\/\\\/www.caudete.org\\\/ayuntamiento\\\/wp-content\\\/uploads\\\/2020\\\/12\\\/CHLA-What-You-Should-Know-Covid-19-1200x628-01Caudete.jpg\",\"contentUrl\":\"https:\\\/\\\/www.caudete.org\\\/ayuntamiento\\\/wp-content\\\/uploads\\\/2020\\\/12\\\/CHLA-What-You-Should-Know-Covid-19-1200x628-01Caudete.jpg\",\"width\":1200,\"height\":628},{\"@type\":\"BreadcrumbList\",\"@id\":\"https:\\\/\\\/www.caudete.org\\\/ayuntamiento\\\/44-positivos-y-123-aislados-a-dia-de-hoy\\\/#breadcrumb\",\"itemListElement\":[{\"@type\":\"ListItem\",\"position\":1,\"name\":\"Inicio\",\"item\":\"https:\\\/\\\/www.caudete.org\\\/ayuntamiento\\\/\"},{\"@type\":\"ListItem\",\"position\":2,\"name\":\"44 positivos y 123 aislados a d\u00eda de hoy\"}]},{\"@type\":\"WebSite\",\"@id\":\"https:\\\/\\\/www.caudete.org\\\/ayuntamiento\\\/#website\",\"url\":\"https:\\\/\\\/www.caudete.org\\\/ayuntamiento\\\/\",\"name\":\"MI Ayuntamiento de Caudete\",\"description\":\"P\u00e1gina Oficial del MI Ayuntamiento de Caudete\",\"potentialAction\":[{\"@type\":\"SearchAction\",\"target\":{\"@type\":\"EntryPoint\",\"urlTemplate\":\"https:\\\/\\\/www.caudete.org\\\/ayuntamiento\\\/?s={search_term_string}\"},\"query-input\":{\"@type\":\"PropertyValueSpecification\",\"valueRequired\":true,\"valueName\":\"search_term_string\"}}],\"inLanguage\":\"es\"},{\"@type\":\"Person\",\"@id\":\"https:\\\/\\\/www.caudete.org\\\/ayuntamiento\\\/#\\\/schema\\\/person\\\/cc646da9133078ee4d8dd47457947253\",\"name\":\"alcalde\",\"image\":{\"@type\":\"ImageObject\",\"inLanguage\":\"es\",\"@id\":\"https:\\\/\\\/secure.gravatar.com\\\/avatar\\\/84a817ba065b29ff08d666b215a215f5c79186a645ccb25b14a663d48a130f77?s=96&d=mm&r=g\",\"url\":\"https:\\\/\\\/secure.gravatar.com\\\/avatar\\\/84a817ba065b29ff08d666b215a215f5c79186a645ccb25b14a663d48a130f77?s=96&d=mm&r=g\",\"contentUrl\":\"https:\\\/\\\/secure.gravatar.com\\\/avatar\\\/84a817ba065b29ff08d666b215a215f5c79186a645ccb25b14a663d48a130f77?s=96&d=mm&r=g\",\"caption\":\"alcalde\"},\"url\":\"https:\\\/\\\/www.caudete.org\\\/ayuntamiento\\\/author\\\/alcalde\\\/\"}]}<\/script>\n<!-- \/ Yoast SEO plugin. -->","yoast_head_json":{"title":"44 positivos y 123 aislados a d\u00eda de hoy - MI Ayuntamiento de Caudete","description":"P\u00e1gina Oficial del Ayuntamiento de Caudete (Albacete)","robots":{"index":"index","follow":"follow","max-snippet":"max-snippet:-1","max-image-preview":"max-image-preview:large","max-video-preview":"max-video-preview:-1"},"canonical":"https:\/\/www.caudete.org\/ayuntamiento\/44-positivos-y-123-aislados-a-dia-de-hoy\/","og_locale":"es_ES","og_type":"article","og_title":"44 positivos y 123 aislados a d\u00eda de hoy - MI Ayuntamiento de Caudete","og_description":"P\u00e1gina Oficial del Ayuntamiento de Caudete (Albacete)","og_url":"https:\/\/www.caudete.org\/ayuntamiento\/44-positivos-y-123-aislados-a-dia-de-hoy\/","og_site_name":"MI Ayuntamiento de Caudete","article_publisher":"https:\/\/www.facebook.com\/ayuntamientocaudete\/","article_published_time":"2021-07-16T18:07:57+00:00","og_image":[{"width":1200,"height":628,"url":"https:\/\/www.caudete.org\/ayuntamiento\/wp-content\/uploads\/2020\/12\/CHLA-What-You-Should-Know-Covid-19-1200x628-01Caudete.jpg","type":"image\/jpeg"}],"author":"alcalde","twitter_card":"summary_large_image","twitter_misc":{"Escrito por":"alcalde","Tiempo de lectura":"2 minutos"},"schema":{"@context":"https:\/\/schema.org","@graph":[{"@type":"Article","@id":"https:\/\/www.caudete.org\/ayuntamiento\/44-positivos-y-123-aislados-a-dia-de-hoy\/#article","isPartOf":{"@id":"https:\/\/www.caudete.org\/ayuntamiento\/44-positivos-y-123-aislados-a-dia-de-hoy\/"},"author":{"name":"alcalde","@id":"https:\/\/www.caudete.org\/ayuntamiento\/#\/schema\/person\/cc646da9133078ee4d8dd47457947253"},"headline":"44 positivos y 123 aislados a d\u00eda de hoy","datePublished":"2021-07-16T18:07:57+00:00","mainEntityOfPage":{"@id":"https:\/\/www.caudete.org\/ayuntamiento\/44-positivos-y-123-aislados-a-dia-de-hoy\/"},"wordCount":329,"image":{"@id":"https:\/\/www.caudete.org\/ayuntamiento\/44-positivos-y-123-aislados-a-dia-de-hoy\/#primaryimage"},"thumbnailUrl":"https:\/\/www.caudete.org\/ayuntamiento\/wp-content\/uploads\/2020\/12\/CHLA-What-You-Should-Know-Covid-19-1200x628-01Caudete.jpg","articleSection":["Sanidad"],"inLanguage":"es"},{"@type":"WebPage","@id":"https:\/\/www.caudete.org\/ayuntamiento\/44-positivos-y-123-aislados-a-dia-de-hoy\/","url":"https:\/\/www.caudete.org\/ayuntamiento\/44-positivos-y-123-aislados-a-dia-de-hoy\/","name":"44 positivos y 123 aislados a d\u00eda de hoy - MI Ayuntamiento de Caudete","isPartOf":{"@id":"https:\/\/www.caudete.org\/ayuntamiento\/#website"},"primaryImageOfPage":{"@id":"https:\/\/www.caudete.org\/ayuntamiento\/44-positivos-y-123-aislados-a-dia-de-hoy\/#primaryimage"},"image":{"@id":"https:\/\/www.caudete.org\/ayuntamiento\/44-positivos-y-123-aislados-a-dia-de-hoy\/#primaryimage"},"thumbnailUrl":"https:\/\/www.caudete.org\/ayuntamiento\/wp-content\/uploads\/2020\/12\/CHLA-What-You-Should-Know-Covid-19-1200x628-01Caudete.jpg","datePublished":"2021-07-16T18:07:57+00:00","author":{"@id":"https:\/\/www.caudete.org\/ayuntamiento\/#\/schema\/person\/cc646da9133078ee4d8dd47457947253"},"description":"P\u00e1gina Oficial del Ayuntamiento de Caudete (Albacete)","breadcrumb":{"@id":"https:\/\/www.caudete.org\/ayuntamiento\/44-positivos-y-123-aislados-a-dia-de-hoy\/#breadcrumb"},"inLanguage":"es","potentialAction":[{"@type":"ReadAction","target":["https:\/\/www.caudete.org\/ayuntamiento\/44-positivos-y-123-aislados-a-dia-de-hoy\/"]}]},{"@type":"ImageObject","inLanguage":"es","@id":"https:\/\/www.caudete.org\/ayuntamiento\/44-positivos-y-123-aislados-a-dia-de-hoy\/#primaryimage","url":"https:\/\/www.caudete.org\/ayuntamiento\/wp-content\/uploads\/2020\/12\/CHLA-What-You-Should-Know-Covid-19-1200x628-01Caudete.jpg","contentUrl":"https:\/\/www.caudete.org\/ayuntamiento\/wp-content\/uploads\/2020\/12\/CHLA-What-You-Should-Know-Covid-19-1200x628-01Caudete.jpg","width":1200,"height":628},{"@type":"BreadcrumbList","@id":"https:\/\/www.caudete.org\/ayuntamiento\/44-positivos-y-123-aislados-a-dia-de-hoy\/#breadcrumb","itemListElement":[{"@type":"ListItem","position":1,"name":"Inicio","item":"https:\/\/www.caudete.org\/ayuntamiento\/"},{"@type":"ListItem","position":2,"name":"44 positivos y 123 aislados a d\u00eda de hoy"}]},{"@type":"WebSite","@id":"https:\/\/www.caudete.org\/ayuntamiento\/#website","url":"https:\/\/www.caudete.org\/ayuntamiento\/","name":"MI Ayuntamiento de Caudete","description":"P\u00e1gina Oficial del MI Ayuntamiento de Caudete","potentialAction":[{"@type":"SearchAction","target":{"@type":"EntryPoint","urlTemplate":"https:\/\/www.caudete.org\/ayuntamiento\/?s={search_term_string}"},"query-input":{"@type":"PropertyValueSpecification","valueRequired":true,"valueName":"search_term_string"}}],"inLanguage":"es"},{"@type":"Person","@id":"https:\/\/www.caudete.org\/ayuntamiento\/#\/schema\/person\/cc646da9133078ee4d8dd47457947253","name":"alcalde","image":{"@type":"ImageObject","inLanguage":"es","@id":"https:\/\/secure.gravatar.com\/avatar\/84a817ba065b29ff08d666b215a215f5c79186a645ccb25b14a663d48a130f77?s=96&d=mm&r=g","url":"https:\/\/secure.gravatar.com\/avatar\/84a817ba065b29ff08d666b215a215f5c79186a645ccb25b14a663d48a130f77?s=96&d=mm&r=g","contentUrl":"https:\/\/secure.gravatar.com\/avatar\/84a817ba065b29ff08d666b215a215f5c79186a645ccb25b14a663d48a130f77?s=96&d=mm&r=g","caption":"alcalde"},"url":"https:\/\/www.caudete.org\/ayuntamiento\/author\/alcalde\/"}]}},"_links":{"self":[{"href":"https:\/\/www.caudete.org\/ayuntamiento\/wp-json\/wp\/v2\/posts\/15371","targetHints":{"allow":["GET"]}}],"collection":[{"href":"https:\/\/www.caudete.org\/ayuntamiento\/wp-json\/wp\/v2\/posts"}],"about":[{"href":"https:\/\/www.caudete.org\/ayuntamiento\/wp-json\/wp\/v2\/types\/post"}],"author":[{"embeddable":true,"href":"https:\/\/www.caudete.org\/ayuntamiento\/wp-json\/wp\/v2\/users\/3"}],"replies":[{"embeddable":true,"href":"https:\/\/www.caudete.org\/ayuntamiento\/wp-json\/wp\/v2\/comments?post=15371"}],"version-history":[{"count":1,"href":"https:\/\/www.caudete.org\/ayuntamiento\/wp-json\/wp\/v2\/posts\/15371\/revisions"}],"predecessor-version":[{"id":15372,"href":"https:\/\/www.caudete.org\/ayuntamiento\/wp-json\/wp\/v2\/posts\/15371\/revisions\/15372"}],"wp:featuredmedia":[{"embeddable":true,"href":"https:\/\/www.caudete.org\/ayuntamiento\/wp-json\/wp\/v2\/media\/11122"}],"wp:attachment":[{"href":"https:\/\/www.caudete.org\/ayuntamiento\/wp-json\/wp\/v2\/media?parent=15371"}],"wp:term":[{"taxonomy":"category","embeddable":true,"href":"https:\/\/www.caudete.org\/ayuntamiento\/wp-json\/wp\/v2\/categories?post=15371"},{"taxonomy":"post_tag","embeddable":true,"href":"https:\/\/www.caudete.org\/ayuntamiento\/wp-json\/wp\/v2\/tags?post=15371"}],"curies":[{"name":"wp","href":"https:\/\/api.w.org\/{rel}","templated":true}]}}