{"id":15437,"date":"2021-07-23T10:39:06","date_gmt":"2021-07-23T08:39:06","guid":{"rendered":"https:\/\/www.caudete.org\/ayuntamiento\/?p=15437"},"modified":"2021-07-26T22:04:12","modified_gmt":"2021-07-26T20:04:12","slug":"apertura-de-55-km-de-la-autovia-a-33-y-desvio-del-trafico-del-casco-urbano-de-caudete-a-la-autovia","status":"publish","type":"post","link":"https:\/\/www.caudete.org\/ayuntamiento\/apertura-de-55-km-de-la-autovia-a-33-y-desvio-del-trafico-del-casco-urbano-de-caudete-a-la-autovia\/","title":{"rendered":"APERTURA de 5&#8217;5 km de la A-33 y desv\u00edo del tr\u00e1fico del casco urbano a Caudete"},"content":{"rendered":"<p style=\"text-align: justify;\">Desde la Concejal\u00eda de Movilidad, su titular ha facilitado informaci\u00f3n proporcionada de las empresas que est\u00e1n construyendo la Autov\u00eda A-33 a su paso por Caudete.<\/p>\n<p style=\"text-align: justify;\">La empresa que construye el tramo desde el Cruce hasta los tres puentes (CHM) nos informa que esta tarde el tr\u00e1fico desde Valencia hacia Murcia ya est\u00e1 circulando por la Autov\u00eda A33, una vez terminados los trabajos de estos dos \u00faltimos d\u00edas. El tr\u00e1fico que viene de Murcia hacia Valencia contin\u00faa por el casco urbano y ser\u00e1 ma\u00f1ana viernes 23 cuando se traslade a la Autov\u00eda.<\/p>\n<p style=\"text-align: justify;\">Como noticia relevante la empresa (ACCIONA) que ha construido la parte de la autov\u00eda que va desde Fuente la Higuera hasta el Cruce nos informa que ma\u00f1ana viernes 23, a partir de las 12:00 h, abrir\u00e1n ya al tr\u00e1fico el \u00faltimo tramo que quedaba pendiente hasta el Cruce, enlazando con el tramo de la autov\u00eda a su paso por Caudete. Esto supone una mejora importante de 5\u20195 km de nueva Autov\u00eda en servicio.<\/p>\n<p style=\"text-align: justify;\">Dicho de otra forma, el tr\u00e1fico desde Fuente la Higuera hasta las rotondas que tenemos en los &#8220;Tres puentes&#8221; realizar\u00e1 el trayecto \u00edntegramente por Autov\u00eda.<\/p>\n<p><a href=\"https:\/\/www.caudete.org\/ayuntamiento\/wp-content\/uploads\/2021\/07\/PLANO-AUTOVIA-A-33.jpg\" rel='prettyPhoto'><img decoding=\"async\" class=\"aligncenter wp-image-15436 size-medium\" src=\"https:\/\/www.caudete.org\/ayuntamiento\/wp-content\/uploads\/2021\/07\/PLANO-AUTOVIA-A-33-300x130.jpg\" alt=\"\" width=\"300\" height=\"130\" srcset=\"https:\/\/www.caudete.org\/ayuntamiento\/wp-content\/uploads\/2021\/07\/PLANO-AUTOVIA-A-33-300x130.jpg 300w, https:\/\/www.caudete.org\/ayuntamiento\/wp-content\/uploads\/2021\/07\/PLANO-AUTOVIA-A-33-1024x445.jpg 1024w, https:\/\/www.caudete.org\/ayuntamiento\/wp-content\/uploads\/2021\/07\/PLANO-AUTOVIA-A-33-768x334.jpg 768w, https:\/\/www.caudete.org\/ayuntamiento\/wp-content\/uploads\/2021\/07\/PLANO-AUTOVIA-A-33-1536x667.jpg 1536w, https:\/\/www.caudete.org\/ayuntamiento\/wp-content\/uploads\/2021\/07\/PLANO-AUTOVIA-A-33-411x180.jpg 411w, https:\/\/www.caudete.org\/ayuntamiento\/wp-content\/uploads\/2021\/07\/PLANO-AUTOVIA-A-33.jpg 1600w\" sizes=\"(max-width: 300px) 100vw, 300px\" \/><\/a><\/p>\n","protected":false},"excerpt":{"rendered":"<p>Desde la Concejal\u00eda de Movilidad, su titular ha facilitado informaci\u00f3n proporcionada de las empresas que est\u00e1n construyendo la Autov\u00eda A-33 a su paso por Caudete. La empresa que construye el tramo desde el Cruce hasta los tres puentes (CHM) nos informa que esta tarde el tr\u00e1fico desde Valencia hacia Murcia ya est\u00e1 circulando por la &hellip;<\/p>\n","protected":false},"author":2,"featured_media":15441,"comment_status":"closed","ping_status":"open","sticky":false,"template":"","format":"standard","meta":{"ngg_post_thumbnail":0,"footnotes":""},"categories":[46],"tags":[683],"class_list":["post-15437","post","type-post","status-publish","format-standard","has-post-thumbnail","hentry","category-movilidad-urbana","tag-autovia-a-33"],"yoast_head":"<!-- This site is optimized with the Yoast SEO plugin v27.5 - https:\/\/yoast.com\/product\/yoast-seo-wordpress\/ -->\n<title>APERTURA de 5&#039;5 km de la A-33 y desv\u00edo del tr\u00e1fico del casco urbano a Caudete - MI Ayuntamiento de Caudete<\/title>\n<meta name=\"description\" content=\"P\u00e1gina Oficial del Ayuntamiento de Caudete (Albacete)\" \/>\n<meta name=\"robots\" content=\"index, follow, max-snippet:-1, max-image-preview:large, max-video-preview:-1\" \/>\n<link rel=\"canonical\" href=\"https:\/\/www.caudete.org\/ayuntamiento\/apertura-de-55-km-de-la-autovia-a-33-y-desvio-del-trafico-del-casco-urbano-de-caudete-a-la-autovia\/\" \/>\n<meta property=\"og:locale\" content=\"es_ES\" \/>\n<meta property=\"og:type\" content=\"article\" \/>\n<meta property=\"og:title\" content=\"APERTURA de 5&#039;5 km de la A-33 y desv\u00edo del tr\u00e1fico del casco urbano a Caudete - MI Ayuntamiento de Caudete\" \/>\n<meta property=\"og:description\" content=\"P\u00e1gina Oficial del Ayuntamiento de Caudete (Albacete)\" \/>\n<meta property=\"og:url\" content=\"https:\/\/www.caudete.org\/ayuntamiento\/apertura-de-55-km-de-la-autovia-a-33-y-desvio-del-trafico-del-casco-urbano-de-caudete-a-la-autovia\/\" \/>\n<meta property=\"og:site_name\" content=\"MI Ayuntamiento de Caudete\" \/>\n<meta property=\"article:publisher\" content=\"https:\/\/www.facebook.com\/ayuntamientocaudete\/\" \/>\n<meta property=\"article:published_time\" content=\"2021-07-23T08:39:06+00:00\" \/>\n<meta property=\"article:modified_time\" content=\"2021-07-26T20:04:12+00:00\" \/>\n<meta property=\"og:image\" content=\"https:\/\/www.caudete.org\/ayuntamiento\/wp-content\/uploads\/2021\/07\/mapa-autovia-Web-1.jpg\" \/>\n\t<meta property=\"og:image:width\" content=\"864\" \/>\n\t<meta property=\"og:image:height\" content=\"380\" \/>\n\t<meta property=\"og:image:type\" content=\"image\/jpeg\" \/>\n<meta name=\"author\" content=\"Juan\" \/>\n<meta name=\"twitter:card\" content=\"summary_large_image\" \/>\n<meta name=\"twitter:label1\" content=\"Escrito por\" \/>\n\t<meta name=\"twitter:data1\" content=\"Juan\" \/>\n\t<meta name=\"twitter:label2\" content=\"Tiempo de lectura\" \/>\n\t<meta name=\"twitter:data2\" content=\"2 minutos\" \/>\n<script type=\"application\/ld+json\" class=\"yoast-schema-graph\">{\"@context\":\"https:\\\/\\\/schema.org\",\"@graph\":[{\"@type\":\"Article\",\"@id\":\"https:\\\/\\\/www.caudete.org\\\/ayuntamiento\\\/apertura-de-55-km-de-la-autovia-a-33-y-desvio-del-trafico-del-casco-urbano-de-caudete-a-la-autovia\\\/#article\",\"isPartOf\":{\"@id\":\"https:\\\/\\\/www.caudete.org\\\/ayuntamiento\\\/apertura-de-55-km-de-la-autovia-a-33-y-desvio-del-trafico-del-casco-urbano-de-caudete-a-la-autovia\\\/\"},\"author\":{\"name\":\"Juan\",\"@id\":\"https:\\\/\\\/www.caudete.org\\\/ayuntamiento\\\/#\\\/schema\\\/person\\\/7656a5bb58fca95b9814e940de0fda63\"},\"headline\":\"APERTURA de 5&#8217;5 km de la A-33 y desv\u00edo del tr\u00e1fico del casco urbano a Caudete\",\"datePublished\":\"2021-07-23T08:39:06+00:00\",\"dateModified\":\"2021-07-26T20:04:12+00:00\",\"mainEntityOfPage\":{\"@id\":\"https:\\\/\\\/www.caudete.org\\\/ayuntamiento\\\/apertura-de-55-km-de-la-autovia-a-33-y-desvio-del-trafico-del-casco-urbano-de-caudete-a-la-autovia\\\/\"},\"wordCount\":221,\"image\":{\"@id\":\"https:\\\/\\\/www.caudete.org\\\/ayuntamiento\\\/apertura-de-55-km-de-la-autovia-a-33-y-desvio-del-trafico-del-casco-urbano-de-caudete-a-la-autovia\\\/#primaryimage\"},\"thumbnailUrl\":\"https:\\\/\\\/www.caudete.org\\\/ayuntamiento\\\/wp-content\\\/uploads\\\/2021\\\/07\\\/mapa-autovia-Web-1.jpg\",\"keywords\":[\"Autovia A-33\"],\"articleSection\":[\"Movilidad Urbana\"],\"inLanguage\":\"es\"},{\"@type\":\"WebPage\",\"@id\":\"https:\\\/\\\/www.caudete.org\\\/ayuntamiento\\\/apertura-de-55-km-de-la-autovia-a-33-y-desvio-del-trafico-del-casco-urbano-de-caudete-a-la-autovia\\\/\",\"url\":\"https:\\\/\\\/www.caudete.org\\\/ayuntamiento\\\/apertura-de-55-km-de-la-autovia-a-33-y-desvio-del-trafico-del-casco-urbano-de-caudete-a-la-autovia\\\/\",\"name\":\"APERTURA de 5'5 km de la A-33 y desv\u00edo del tr\u00e1fico del casco urbano a Caudete - MI Ayuntamiento de Caudete\",\"isPartOf\":{\"@id\":\"https:\\\/\\\/www.caudete.org\\\/ayuntamiento\\\/#website\"},\"primaryImageOfPage\":{\"@id\":\"https:\\\/\\\/www.caudete.org\\\/ayuntamiento\\\/apertura-de-55-km-de-la-autovia-a-33-y-desvio-del-trafico-del-casco-urbano-de-caudete-a-la-autovia\\\/#primaryimage\"},\"image\":{\"@id\":\"https:\\\/\\\/www.caudete.org\\\/ayuntamiento\\\/apertura-de-55-km-de-la-autovia-a-33-y-desvio-del-trafico-del-casco-urbano-de-caudete-a-la-autovia\\\/#primaryimage\"},\"thumbnailUrl\":\"https:\\\/\\\/www.caudete.org\\\/ayuntamiento\\\/wp-content\\\/uploads\\\/2021\\\/07\\\/mapa-autovia-Web-1.jpg\",\"datePublished\":\"2021-07-23T08:39:06+00:00\",\"dateModified\":\"2021-07-26T20:04:12+00:00\",\"author\":{\"@id\":\"https:\\\/\\\/www.caudete.org\\\/ayuntamiento\\\/#\\\/schema\\\/person\\\/7656a5bb58fca95b9814e940de0fda63\"},\"description\":\"P\u00e1gina Oficial del Ayuntamiento de Caudete (Albacete)\",\"breadcrumb\":{\"@id\":\"https:\\\/\\\/www.caudete.org\\\/ayuntamiento\\\/apertura-de-55-km-de-la-autovia-a-33-y-desvio-del-trafico-del-casco-urbano-de-caudete-a-la-autovia\\\/#breadcrumb\"},\"inLanguage\":\"es\",\"potentialAction\":[{\"@type\":\"ReadAction\",\"target\":[\"https:\\\/\\\/www.caudete.org\\\/ayuntamiento\\\/apertura-de-55-km-de-la-autovia-a-33-y-desvio-del-trafico-del-casco-urbano-de-caudete-a-la-autovia\\\/\"]}]},{\"@type\":\"ImageObject\",\"inLanguage\":\"es\",\"@id\":\"https:\\\/\\\/www.caudete.org\\\/ayuntamiento\\\/apertura-de-55-km-de-la-autovia-a-33-y-desvio-del-trafico-del-casco-urbano-de-caudete-a-la-autovia\\\/#primaryimage\",\"url\":\"https:\\\/\\\/www.caudete.org\\\/ayuntamiento\\\/wp-content\\\/uploads\\\/2021\\\/07\\\/mapa-autovia-Web-1.jpg\",\"contentUrl\":\"https:\\\/\\\/www.caudete.org\\\/ayuntamiento\\\/wp-content\\\/uploads\\\/2021\\\/07\\\/mapa-autovia-Web-1.jpg\",\"width\":864,\"height\":380},{\"@type\":\"BreadcrumbList\",\"@id\":\"https:\\\/\\\/www.caudete.org\\\/ayuntamiento\\\/apertura-de-55-km-de-la-autovia-a-33-y-desvio-del-trafico-del-casco-urbano-de-caudete-a-la-autovia\\\/#breadcrumb\",\"itemListElement\":[{\"@type\":\"ListItem\",\"position\":1,\"name\":\"Inicio\",\"item\":\"https:\\\/\\\/www.caudete.org\\\/ayuntamiento\\\/\"},{\"@type\":\"ListItem\",\"position\":2,\"name\":\"APERTURA de 5&#8217;5 km de la A-33 y desv\u00edo del tr\u00e1fico del casco urbano a Caudete\"}]},{\"@type\":\"WebSite\",\"@id\":\"https:\\\/\\\/www.caudete.org\\\/ayuntamiento\\\/#website\",\"url\":\"https:\\\/\\\/www.caudete.org\\\/ayuntamiento\\\/\",\"name\":\"MI Ayuntamiento de Caudete\",\"description\":\"P\u00e1gina Oficial del MI Ayuntamiento de Caudete\",\"potentialAction\":[{\"@type\":\"SearchAction\",\"target\":{\"@type\":\"EntryPoint\",\"urlTemplate\":\"https:\\\/\\\/www.caudete.org\\\/ayuntamiento\\\/?s={search_term_string}\"},\"query-input\":{\"@type\":\"PropertyValueSpecification\",\"valueRequired\":true,\"valueName\":\"search_term_string\"}}],\"inLanguage\":\"es\"},{\"@type\":\"Person\",\"@id\":\"https:\\\/\\\/www.caudete.org\\\/ayuntamiento\\\/#\\\/schema\\\/person\\\/7656a5bb58fca95b9814e940de0fda63\",\"name\":\"Juan\",\"image\":{\"@type\":\"ImageObject\",\"inLanguage\":\"es\",\"@id\":\"https:\\\/\\\/secure.gravatar.com\\\/avatar\\\/dd53e51c0cd6ab23f52d4f3e4f1c59730240727763de3dbbf26750b079a2c292?s=96&d=mm&r=g\",\"url\":\"https:\\\/\\\/secure.gravatar.com\\\/avatar\\\/dd53e51c0cd6ab23f52d4f3e4f1c59730240727763de3dbbf26750b079a2c292?s=96&d=mm&r=g\",\"contentUrl\":\"https:\\\/\\\/secure.gravatar.com\\\/avatar\\\/dd53e51c0cd6ab23f52d4f3e4f1c59730240727763de3dbbf26750b079a2c292?s=96&d=mm&r=g\",\"caption\":\"Juan\"},\"url\":\"https:\\\/\\\/www.caudete.org\\\/ayuntamiento\\\/author\\\/centrodeinternet\\\/\"}]}<\/script>\n<!-- \/ Yoast SEO plugin. -->","yoast_head_json":{"title":"APERTURA de 5'5 km de la A-33 y desv\u00edo del tr\u00e1fico del casco urbano a Caudete - MI Ayuntamiento de Caudete","description":"P\u00e1gina Oficial del Ayuntamiento de Caudete (Albacete)","robots":{"index":"index","follow":"follow","max-snippet":"max-snippet:-1","max-image-preview":"max-image-preview:large","max-video-preview":"max-video-preview:-1"},"canonical":"https:\/\/www.caudete.org\/ayuntamiento\/apertura-de-55-km-de-la-autovia-a-33-y-desvio-del-trafico-del-casco-urbano-de-caudete-a-la-autovia\/","og_locale":"es_ES","og_type":"article","og_title":"APERTURA de 5'5 km de la A-33 y desv\u00edo del tr\u00e1fico del casco urbano a Caudete - MI Ayuntamiento de Caudete","og_description":"P\u00e1gina Oficial del Ayuntamiento de Caudete (Albacete)","og_url":"https:\/\/www.caudete.org\/ayuntamiento\/apertura-de-55-km-de-la-autovia-a-33-y-desvio-del-trafico-del-casco-urbano-de-caudete-a-la-autovia\/","og_site_name":"MI Ayuntamiento de Caudete","article_publisher":"https:\/\/www.facebook.com\/ayuntamientocaudete\/","article_published_time":"2021-07-23T08:39:06+00:00","article_modified_time":"2021-07-26T20:04:12+00:00","og_image":[{"width":864,"height":380,"url":"https:\/\/www.caudete.org\/ayuntamiento\/wp-content\/uploads\/2021\/07\/mapa-autovia-Web-1.jpg","type":"image\/jpeg"}],"author":"Juan","twitter_card":"summary_large_image","twitter_misc":{"Escrito por":"Juan","Tiempo de lectura":"2 minutos"},"schema":{"@context":"https:\/\/schema.org","@graph":[{"@type":"Article","@id":"https:\/\/www.caudete.org\/ayuntamiento\/apertura-de-55-km-de-la-autovia-a-33-y-desvio-del-trafico-del-casco-urbano-de-caudete-a-la-autovia\/#article","isPartOf":{"@id":"https:\/\/www.caudete.org\/ayuntamiento\/apertura-de-55-km-de-la-autovia-a-33-y-desvio-del-trafico-del-casco-urbano-de-caudete-a-la-autovia\/"},"author":{"name":"Juan","@id":"https:\/\/www.caudete.org\/ayuntamiento\/#\/schema\/person\/7656a5bb58fca95b9814e940de0fda63"},"headline":"APERTURA de 5&#8217;5 km de la A-33 y desv\u00edo del tr\u00e1fico del casco urbano a Caudete","datePublished":"2021-07-23T08:39:06+00:00","dateModified":"2021-07-26T20:04:12+00:00","mainEntityOfPage":{"@id":"https:\/\/www.caudete.org\/ayuntamiento\/apertura-de-55-km-de-la-autovia-a-33-y-desvio-del-trafico-del-casco-urbano-de-caudete-a-la-autovia\/"},"wordCount":221,"image":{"@id":"https:\/\/www.caudete.org\/ayuntamiento\/apertura-de-55-km-de-la-autovia-a-33-y-desvio-del-trafico-del-casco-urbano-de-caudete-a-la-autovia\/#primaryimage"},"thumbnailUrl":"https:\/\/www.caudete.org\/ayuntamiento\/wp-content\/uploads\/2021\/07\/mapa-autovia-Web-1.jpg","keywords":["Autovia A-33"],"articleSection":["Movilidad Urbana"],"inLanguage":"es"},{"@type":"WebPage","@id":"https:\/\/www.caudete.org\/ayuntamiento\/apertura-de-55-km-de-la-autovia-a-33-y-desvio-del-trafico-del-casco-urbano-de-caudete-a-la-autovia\/","url":"https:\/\/www.caudete.org\/ayuntamiento\/apertura-de-55-km-de-la-autovia-a-33-y-desvio-del-trafico-del-casco-urbano-de-caudete-a-la-autovia\/","name":"APERTURA de 5'5 km de la A-33 y desv\u00edo del tr\u00e1fico del casco urbano a Caudete - MI Ayuntamiento de Caudete","isPartOf":{"@id":"https:\/\/www.caudete.org\/ayuntamiento\/#website"},"primaryImageOfPage":{"@id":"https:\/\/www.caudete.org\/ayuntamiento\/apertura-de-55-km-de-la-autovia-a-33-y-desvio-del-trafico-del-casco-urbano-de-caudete-a-la-autovia\/#primaryimage"},"image":{"@id":"https:\/\/www.caudete.org\/ayuntamiento\/apertura-de-55-km-de-la-autovia-a-33-y-desvio-del-trafico-del-casco-urbano-de-caudete-a-la-autovia\/#primaryimage"},"thumbnailUrl":"https:\/\/www.caudete.org\/ayuntamiento\/wp-content\/uploads\/2021\/07\/mapa-autovia-Web-1.jpg","datePublished":"2021-07-23T08:39:06+00:00","dateModified":"2021-07-26T20:04:12+00:00","author":{"@id":"https:\/\/www.caudete.org\/ayuntamiento\/#\/schema\/person\/7656a5bb58fca95b9814e940de0fda63"},"description":"P\u00e1gina Oficial del Ayuntamiento de Caudete (Albacete)","breadcrumb":{"@id":"https:\/\/www.caudete.org\/ayuntamiento\/apertura-de-55-km-de-la-autovia-a-33-y-desvio-del-trafico-del-casco-urbano-de-caudete-a-la-autovia\/#breadcrumb"},"inLanguage":"es","potentialAction":[{"@type":"ReadAction","target":["https:\/\/www.caudete.org\/ayuntamiento\/apertura-de-55-km-de-la-autovia-a-33-y-desvio-del-trafico-del-casco-urbano-de-caudete-a-la-autovia\/"]}]},{"@type":"ImageObject","inLanguage":"es","@id":"https:\/\/www.caudete.org\/ayuntamiento\/apertura-de-55-km-de-la-autovia-a-33-y-desvio-del-trafico-del-casco-urbano-de-caudete-a-la-autovia\/#primaryimage","url":"https:\/\/www.caudete.org\/ayuntamiento\/wp-content\/uploads\/2021\/07\/mapa-autovia-Web-1.jpg","contentUrl":"https:\/\/www.caudete.org\/ayuntamiento\/wp-content\/uploads\/2021\/07\/mapa-autovia-Web-1.jpg","width":864,"height":380},{"@type":"BreadcrumbList","@id":"https:\/\/www.caudete.org\/ayuntamiento\/apertura-de-55-km-de-la-autovia-a-33-y-desvio-del-trafico-del-casco-urbano-de-caudete-a-la-autovia\/#breadcrumb","itemListElement":[{"@type":"ListItem","position":1,"name":"Inicio","item":"https:\/\/www.caudete.org\/ayuntamiento\/"},{"@type":"ListItem","position":2,"name":"APERTURA de 5&#8217;5 km de la A-33 y desv\u00edo del tr\u00e1fico del casco urbano a Caudete"}]},{"@type":"WebSite","@id":"https:\/\/www.caudete.org\/ayuntamiento\/#website","url":"https:\/\/www.caudete.org\/ayuntamiento\/","name":"MI Ayuntamiento de Caudete","description":"P\u00e1gina Oficial del MI Ayuntamiento de Caudete","potentialAction":[{"@type":"SearchAction","target":{"@type":"EntryPoint","urlTemplate":"https:\/\/www.caudete.org\/ayuntamiento\/?s={search_term_string}"},"query-input":{"@type":"PropertyValueSpecification","valueRequired":true,"valueName":"search_term_string"}}],"inLanguage":"es"},{"@type":"Person","@id":"https:\/\/www.caudete.org\/ayuntamiento\/#\/schema\/person\/7656a5bb58fca95b9814e940de0fda63","name":"Juan","image":{"@type":"ImageObject","inLanguage":"es","@id":"https:\/\/secure.gravatar.com\/avatar\/dd53e51c0cd6ab23f52d4f3e4f1c59730240727763de3dbbf26750b079a2c292?s=96&d=mm&r=g","url":"https:\/\/secure.gravatar.com\/avatar\/dd53e51c0cd6ab23f52d4f3e4f1c59730240727763de3dbbf26750b079a2c292?s=96&d=mm&r=g","contentUrl":"https:\/\/secure.gravatar.com\/avatar\/dd53e51c0cd6ab23f52d4f3e4f1c59730240727763de3dbbf26750b079a2c292?s=96&d=mm&r=g","caption":"Juan"},"url":"https:\/\/www.caudete.org\/ayuntamiento\/author\/centrodeinternet\/"}]}},"_links":{"self":[{"href":"https:\/\/www.caudete.org\/ayuntamiento\/wp-json\/wp\/v2\/posts\/15437","targetHints":{"allow":["GET"]}}],"collection":[{"href":"https:\/\/www.caudete.org\/ayuntamiento\/wp-json\/wp\/v2\/posts"}],"about":[{"href":"https:\/\/www.caudete.org\/ayuntamiento\/wp-json\/wp\/v2\/types\/post"}],"author":[{"embeddable":true,"href":"https:\/\/www.caudete.org\/ayuntamiento\/wp-json\/wp\/v2\/users\/2"}],"replies":[{"embeddable":true,"href":"https:\/\/www.caudete.org\/ayuntamiento\/wp-json\/wp\/v2\/comments?post=15437"}],"version-history":[{"count":3,"href":"https:\/\/www.caudete.org\/ayuntamiento\/wp-json\/wp\/v2\/posts\/15437\/revisions"}],"predecessor-version":[{"id":15497,"href":"https:\/\/www.caudete.org\/ayuntamiento\/wp-json\/wp\/v2\/posts\/15437\/revisions\/15497"}],"wp:featuredmedia":[{"embeddable":true,"href":"https:\/\/www.caudete.org\/ayuntamiento\/wp-json\/wp\/v2\/media\/15441"}],"wp:attachment":[{"href":"https:\/\/www.caudete.org\/ayuntamiento\/wp-json\/wp\/v2\/media?parent=15437"}],"wp:term":[{"taxonomy":"category","embeddable":true,"href":"https:\/\/www.caudete.org\/ayuntamiento\/wp-json\/wp\/v2\/categories?post=15437"},{"taxonomy":"post_tag","embeddable":true,"href":"https:\/\/www.caudete.org\/ayuntamiento\/wp-json\/wp\/v2\/tags?post=15437"}],"curies":[{"name":"wp","href":"https:\/\/api.w.org\/{rel}","templated":true}]}}