{"id":15445,"date":"2021-07-23T13:57:06","date_gmt":"2021-07-23T11:57:06","guid":{"rendered":"https:\/\/www.caudete.org\/ayuntamiento\/?p=15445"},"modified":"2021-07-26T22:05:08","modified_gmt":"2021-07-26T20:05:08","slug":"v-festival-arnova-arpa-y-flamenco","status":"publish","type":"post","link":"https:\/\/www.caudete.org\/ayuntamiento\/v-festival-arnova-arpa-y-flamenco\/","title":{"rendered":"V FESTIVAL ARNOVA \u201cArpa y Flamenco\u201d"},"content":{"rendered":"<p style=\"text-align: justify;\">La Concejal\u00eda de Cutura junto con la Asociacion ArNova presentan el V Festival de arpa, artes y cultura \u201cARNOVA\u201d que se va a celebrar en Caudete los d\u00edas 29, 30 y 31 de julio.<\/p>\n<p style=\"text-align: justify;\">Un festival que este a\u00f1o lleva por t\u00edtulo, \u201cArpa y Flamenco\u201d. En esta quinta edici\u00f3n se bailar\u00e1 y se cantar\u00e1\u00a0 flamenco pero esta vez con una cara nueva al son del\u2026 \u00a1Arpa!<\/p>\n<p style=\"text-align: justify;\">Los or\u00edgenes del flamenco son tan ricos y lejanos como los del arpa: ya en el siglo XVI , numerosas piezas de m\u00fasica son el testigo de ese mundo intercultural que todav\u00eda exist\u00eda en Espa\u00f1a.<\/p>\n<p style=\"text-align: justify;\">Con la intenci\u00f3n de acercar el arpa al p\u00fablico, el festival propone diversos eventos donde el oyente podr\u00e1 descubrir las m\u00faltiples facetas de este instrumento tan desconocido para algunos.<\/p>\n<p style=\"text-align: justify;\">El festival comienza con el espect\u00e1culo <strong>Bajo la Luna Gitana, el d\u00eda 29 de julio a las 20:30 horas en la Ermita de San Ant\u00f3n<\/strong>.<\/p>\n<p style=\"text-align: justify;\">En este emblem\u00e1tico lugar Georgina S\u00e1nchez Torres al cello y Juliette Commeaux, con el Arpa, explorar\u00e1n los folklores flamencos, zigan y yiddich que han inspirado a Manuel de Falla, F. Garc\u00eda Lorca y M. Bruch.<\/p>\n<p style=\"text-align: justify;\">El d\u00eda <strong>30 de Julio a las 20:30 horas tendr\u00e1 lugar en el Claustro del Convento de los Padres Carmelitas<\/strong> el espect\u00e1culo <strong>Tr\u00edo Azal.<\/strong><\/p>\n<p style=\"text-align: justify;\">Tr\u00edo Azal est\u00e1 formado por:<\/p>\n<p style=\"text-align: justify;\">Eve Matin al Arpa, Cristina Ben\u00edtez, Bailaora y F\u00e9lix Amador a la Guitarra.<\/p>\n<p style=\"text-align: justify;\">El tr\u00edo Azal, re\u00fane m\u00fasicos de distintas procedencias que convergen en el mar mediterr\u00e1neo, la guitarra flamenca de F\u00e9lix Amador, el arte del baile de Cristina Ben\u00edtez y la magia del arpa de Eve Matin, nos traen un espect\u00e1culo de texturas y ambientes sonoros que fusionan lo tradicional con lo modero y cl\u00e1sico.<\/p>\n<p style=\"text-align: justify;\">Para finalizar esta V Edici\u00f3n el <strong>s\u00e1bado 31 de julio a las 20:30 horas <\/strong>el festival se desplaza hasta la <strong>ermita de Santa Ana<\/strong>, donde nos deleitar\u00e1n con el espect\u00e1culo<strong> La Dezima Musa<\/strong><\/p>\n<p style=\"text-align: justify;\">La D\u00e9zima Musa, es\u00a0un proyecto dedicado a los or\u00edgenes y el alma del flamenco. Un trabajo para unir los lazos entre la m\u00fasica antigua y las canciones del folklore popular andaluz. Con un elenco espectacular con Blanca Galan, Cante, Emillio Villaba, Arpa, y guitarra de cuatro \u00f3rdenes por Sara Marina, Aduf.<\/p>\n<p style=\"text-align: justify;\">La Concejal\u00eda de Cultura del M.I. Ayuntamiento de Caudete\u00a0 junto con la Asociaci\u00f3n ArNova apuestan por espect\u00e1culos de calidad, en recintos escogidos por su singularidad para realzar la calidad sonora y visual de cada uno de los conciertos.<\/p>\n<p style=\"text-align: justify;\">Con motivo de las Medidas Sanitarias el aforo es limitado y las invitaciones gratuitas podr\u00e1n recogerlas a partir del lunes 26 de julio en la Casa de Cultura.<\/p>\n<p><a href=\"https:\/\/www.caudete.org\/ayuntamiento\/wp-content\/uploads\/2021\/07\/JULIETTE-Y-FELIPE.jpg\" rel='prettyPhoto'><img fetchpriority=\"high\" decoding=\"async\" class=\"aligncenter wp-image-15444 size-medium\" src=\"https:\/\/www.caudete.org\/ayuntamiento\/wp-content\/uploads\/2021\/07\/JULIETTE-Y-FELIPE-300x225.jpg\" alt=\"\" width=\"300\" height=\"225\" srcset=\"https:\/\/www.caudete.org\/ayuntamiento\/wp-content\/uploads\/2021\/07\/JULIETTE-Y-FELIPE-300x225.jpg 300w, https:\/\/www.caudete.org\/ayuntamiento\/wp-content\/uploads\/2021\/07\/JULIETTE-Y-FELIPE-1024x768.jpg 1024w, https:\/\/www.caudete.org\/ayuntamiento\/wp-content\/uploads\/2021\/07\/JULIETTE-Y-FELIPE-768x576.jpg 768w, https:\/\/www.caudete.org\/ayuntamiento\/wp-content\/uploads\/2021\/07\/JULIETTE-Y-FELIPE-1536x1152.jpg 1536w, https:\/\/www.caudete.org\/ayuntamiento\/wp-content\/uploads\/2021\/07\/JULIETTE-Y-FELIPE.jpg 1600w\" sizes=\"(max-width: 300px) 100vw, 300px\" \/><\/a><\/p>\n<p><a href=\"https:\/\/www.caudete.org\/ayuntamiento\/wp-content\/uploads\/2021\/07\/ARNOVA_2021_CARTEL-1-1-scaled.jpg\" rel='prettyPhoto'><img decoding=\"async\" class=\"aligncenter wp-image-15442 size-medium\" src=\"https:\/\/www.caudete.org\/ayuntamiento\/wp-content\/uploads\/2021\/07\/ARNOVA_2021_CARTEL-1-1-212x300.jpg\" alt=\"\" width=\"212\" height=\"300\" srcset=\"https:\/\/www.caudete.org\/ayuntamiento\/wp-content\/uploads\/2021\/07\/ARNOVA_2021_CARTEL-1-1-212x300.jpg 212w, https:\/\/www.caudete.org\/ayuntamiento\/wp-content\/uploads\/2021\/07\/ARNOVA_2021_CARTEL-1-1-724x1024.jpg 724w, https:\/\/www.caudete.org\/ayuntamiento\/wp-content\/uploads\/2021\/07\/ARNOVA_2021_CARTEL-1-1-768x1086.jpg 768w, https:\/\/www.caudete.org\/ayuntamiento\/wp-content\/uploads\/2021\/07\/ARNOVA_2021_CARTEL-1-1-1086x1536.jpg 1086w, https:\/\/www.caudete.org\/ayuntamiento\/wp-content\/uploads\/2021\/07\/ARNOVA_2021_CARTEL-1-1-1448x2048.jpg 1448w, https:\/\/www.caudete.org\/ayuntamiento\/wp-content\/uploads\/2021\/07\/ARNOVA_2021_CARTEL-1-1-scaled.jpg 1810w\" sizes=\"(max-width: 212px) 100vw, 212px\" \/><\/a><\/p>\n<p>&nbsp;<\/p>\n<p>&nbsp;<\/p>\n","protected":false},"excerpt":{"rendered":"<p>La Concejal\u00eda de Cutura junto con la Asociacion ArNova presentan el V Festival de arpa, artes y cultura \u201cARNOVA\u201d que se va a celebrar en Caudete los d\u00edas 29, 30 y 31 de julio. Un festival que este a\u00f1o lleva por t\u00edtulo, \u201cArpa y Flamenco\u201d. En esta quinta edici\u00f3n se bailar\u00e1 y se cantar\u00e1\u00a0 flamenco &hellip;<\/p>\n","protected":false},"author":2,"featured_media":15443,"comment_status":"closed","ping_status":"open","sticky":false,"template":"","format":"standard","meta":{"ngg_post_thumbnail":0,"footnotes":""},"categories":[14],"tags":[684,686,685],"class_list":["post-15445","post","type-post","status-publish","format-standard","has-post-thumbnail","hentry","category-cultura","tag-arpa","tag-festival-arnova","tag-flamenco"],"yoast_head":"<!-- This site is optimized with the Yoast SEO plugin v27.5 - https:\/\/yoast.com\/product\/yoast-seo-wordpress\/ -->\n<title>V FESTIVAL ARNOVA \u201cArpa y Flamenco\u201d - MI Ayuntamiento de Caudete<\/title>\n<meta name=\"description\" content=\"P\u00e1gina Oficial del Ayuntamiento de Caudete (Albacete)\" \/>\n<meta name=\"robots\" content=\"index, follow, max-snippet:-1, max-image-preview:large, max-video-preview:-1\" \/>\n<link rel=\"canonical\" href=\"https:\/\/www.caudete.org\/ayuntamiento\/v-festival-arnova-arpa-y-flamenco\/\" \/>\n<meta property=\"og:locale\" content=\"es_ES\" \/>\n<meta property=\"og:type\" content=\"article\" \/>\n<meta property=\"og:title\" content=\"V FESTIVAL ARNOVA \u201cArpa y Flamenco\u201d - MI Ayuntamiento de Caudete\" \/>\n<meta property=\"og:description\" content=\"P\u00e1gina Oficial del Ayuntamiento de Caudete (Albacete)\" \/>\n<meta property=\"og:url\" content=\"https:\/\/www.caudete.org\/ayuntamiento\/v-festival-arnova-arpa-y-flamenco\/\" \/>\n<meta property=\"og:site_name\" content=\"MI Ayuntamiento de Caudete\" \/>\n<meta property=\"article:publisher\" content=\"https:\/\/www.facebook.com\/ayuntamientocaudete\/\" \/>\n<meta property=\"article:published_time\" content=\"2021-07-23T11:57:06+00:00\" \/>\n<meta property=\"article:modified_time\" content=\"2021-07-26T20:05:08+00:00\" \/>\n<meta property=\"og:image\" content=\"https:\/\/www.caudete.org\/ayuntamiento\/wp-content\/uploads\/2021\/07\/Festival-ArnovaWEB.jpg\" \/>\n\t<meta property=\"og:image:width\" content=\"864\" \/>\n\t<meta property=\"og:image:height\" content=\"380\" \/>\n\t<meta property=\"og:image:type\" content=\"image\/jpeg\" \/>\n<meta name=\"author\" content=\"Juan\" \/>\n<meta name=\"twitter:card\" content=\"summary_large_image\" \/>\n<meta name=\"twitter:label1\" content=\"Escrito por\" \/>\n\t<meta name=\"twitter:data1\" content=\"Juan\" \/>\n\t<meta name=\"twitter:label2\" content=\"Tiempo de lectura\" \/>\n\t<meta name=\"twitter:data2\" content=\"3 minutos\" \/>\n<script type=\"application\/ld+json\" class=\"yoast-schema-graph\">{\"@context\":\"https:\\\/\\\/schema.org\",\"@graph\":[{\"@type\":\"Article\",\"@id\":\"https:\\\/\\\/www.caudete.org\\\/ayuntamiento\\\/v-festival-arnova-arpa-y-flamenco\\\/#article\",\"isPartOf\":{\"@id\":\"https:\\\/\\\/www.caudete.org\\\/ayuntamiento\\\/v-festival-arnova-arpa-y-flamenco\\\/\"},\"author\":{\"name\":\"Juan\",\"@id\":\"https:\\\/\\\/www.caudete.org\\\/ayuntamiento\\\/#\\\/schema\\\/person\\\/7656a5bb58fca95b9814e940de0fda63\"},\"headline\":\"V FESTIVAL ARNOVA \u201cArpa y Flamenco\u201d\",\"datePublished\":\"2021-07-23T11:57:06+00:00\",\"dateModified\":\"2021-07-26T20:05:08+00:00\",\"mainEntityOfPage\":{\"@id\":\"https:\\\/\\\/www.caudete.org\\\/ayuntamiento\\\/v-festival-arnova-arpa-y-flamenco\\\/\"},\"wordCount\":479,\"publisher\":{\"@id\":\"https:\\\/\\\/www.caudete.org\\\/ayuntamiento\\\/#organization\"},\"image\":{\"@id\":\"https:\\\/\\\/www.caudete.org\\\/ayuntamiento\\\/v-festival-arnova-arpa-y-flamenco\\\/#primaryimage\"},\"thumbnailUrl\":\"https:\\\/\\\/www.caudete.org\\\/ayuntamiento\\\/wp-content\\\/uploads\\\/2021\\\/07\\\/Festival-ArnovaWEB.jpg\",\"keywords\":[\"Arpa\",\"Festival Arnova\",\"Flamenco\"],\"articleSection\":[\"Cultura\"],\"inLanguage\":\"es\"},{\"@type\":\"WebPage\",\"@id\":\"https:\\\/\\\/www.caudete.org\\\/ayuntamiento\\\/v-festival-arnova-arpa-y-flamenco\\\/\",\"url\":\"https:\\\/\\\/www.caudete.org\\\/ayuntamiento\\\/v-festival-arnova-arpa-y-flamenco\\\/\",\"name\":\"V FESTIVAL ARNOVA \u201cArpa y Flamenco\u201d - MI Ayuntamiento de Caudete\",\"isPartOf\":{\"@id\":\"https:\\\/\\\/www.caudete.org\\\/ayuntamiento\\\/#website\"},\"primaryImageOfPage\":{\"@id\":\"https:\\\/\\\/www.caudete.org\\\/ayuntamiento\\\/v-festival-arnova-arpa-y-flamenco\\\/#primaryimage\"},\"image\":{\"@id\":\"https:\\\/\\\/www.caudete.org\\\/ayuntamiento\\\/v-festival-arnova-arpa-y-flamenco\\\/#primaryimage\"},\"thumbnailUrl\":\"https:\\\/\\\/www.caudete.org\\\/ayuntamiento\\\/wp-content\\\/uploads\\\/2021\\\/07\\\/Festival-ArnovaWEB.jpg\",\"datePublished\":\"2021-07-23T11:57:06+00:00\",\"dateModified\":\"2021-07-26T20:05:08+00:00\",\"description\":\"P\u00e1gina Oficial del Ayuntamiento de Caudete (Albacete)\",\"breadcrumb\":{\"@id\":\"https:\\\/\\\/www.caudete.org\\\/ayuntamiento\\\/v-festival-arnova-arpa-y-flamenco\\\/#breadcrumb\"},\"inLanguage\":\"es\",\"potentialAction\":[{\"@type\":\"ReadAction\",\"target\":[\"https:\\\/\\\/www.caudete.org\\\/ayuntamiento\\\/v-festival-arnova-arpa-y-flamenco\\\/\"]}]},{\"@type\":\"ImageObject\",\"inLanguage\":\"es\",\"@id\":\"https:\\\/\\\/www.caudete.org\\\/ayuntamiento\\\/v-festival-arnova-arpa-y-flamenco\\\/#primaryimage\",\"url\":\"https:\\\/\\\/www.caudete.org\\\/ayuntamiento\\\/wp-content\\\/uploads\\\/2021\\\/07\\\/Festival-ArnovaWEB.jpg\",\"contentUrl\":\"https:\\\/\\\/www.caudete.org\\\/ayuntamiento\\\/wp-content\\\/uploads\\\/2021\\\/07\\\/Festival-ArnovaWEB.jpg\",\"width\":864,\"height\":380},{\"@type\":\"BreadcrumbList\",\"@id\":\"https:\\\/\\\/www.caudete.org\\\/ayuntamiento\\\/v-festival-arnova-arpa-y-flamenco\\\/#breadcrumb\",\"itemListElement\":[{\"@type\":\"ListItem\",\"position\":1,\"name\":\"Inicio\",\"item\":\"https:\\\/\\\/www.caudete.org\\\/ayuntamiento\\\/\"},{\"@type\":\"ListItem\",\"position\":2,\"name\":\"V FESTIVAL ARNOVA \u201cArpa y Flamenco\u201d\"}]},{\"@type\":\"WebSite\",\"@id\":\"https:\\\/\\\/www.caudete.org\\\/ayuntamiento\\\/#website\",\"url\":\"https:\\\/\\\/www.caudete.org\\\/ayuntamiento\\\/\",\"name\":\"MI Ayuntamiento de Caudete\",\"description\":\"P\u00e1gina Oficial del MI Ayuntamiento de Caudete\",\"publisher\":{\"@id\":\"https:\\\/\\\/www.caudete.org\\\/ayuntamiento\\\/#organization\"},\"potentialAction\":[{\"@type\":\"SearchAction\",\"target\":{\"@type\":\"EntryPoint\",\"urlTemplate\":\"https:\\\/\\\/www.caudete.org\\\/ayuntamiento\\\/?s={search_term_string}\"},\"query-input\":{\"@type\":\"PropertyValueSpecification\",\"valueRequired\":true,\"valueName\":\"search_term_string\"}}],\"inLanguage\":\"es\"},{\"@type\":\"Organization\",\"@id\":\"https:\\\/\\\/www.caudete.org\\\/ayuntamiento\\\/#organization\",\"name\":\"Ayuntamiento de Caudete\",\"url\":\"https:\\\/\\\/www.caudete.org\\\/ayuntamiento\\\/\",\"logo\":{\"@type\":\"ImageObject\",\"inLanguage\":\"es\",\"@id\":\"https:\\\/\\\/www.caudete.org\\\/ayuntamiento\\\/#\\\/schema\\\/logo\\\/image\\\/\",\"url\":\"https:\\\/\\\/www.caudete.org\\\/ayuntamiento\\\/wp-content\\\/uploads\\\/2020\\\/11\\\/logo_ayuntamiento_caudete.jpg\",\"contentUrl\":\"https:\\\/\\\/www.caudete.org\\\/ayuntamiento\\\/wp-content\\\/uploads\\\/2020\\\/11\\\/logo_ayuntamiento_caudete.jpg\",\"width\":600,\"height\":150,\"caption\":\"Ayuntamiento de Caudete\"},\"image\":{\"@id\":\"https:\\\/\\\/www.caudete.org\\\/ayuntamiento\\\/#\\\/schema\\\/logo\\\/image\\\/\"},\"sameAs\":[\"https:\\\/\\\/www.facebook.com\\\/ayuntamientocaudete\\\/\",\"https:\\\/\\\/www.youtube.com\\\/channel\\\/UC6VztHaooNsGpw-tNoBEFnQ\"]},{\"@type\":\"Person\",\"@id\":\"https:\\\/\\\/www.caudete.org\\\/ayuntamiento\\\/#\\\/schema\\\/person\\\/7656a5bb58fca95b9814e940de0fda63\",\"name\":\"Juan\",\"image\":{\"@type\":\"ImageObject\",\"inLanguage\":\"es\",\"@id\":\"https:\\\/\\\/secure.gravatar.com\\\/avatar\\\/dd53e51c0cd6ab23f52d4f3e4f1c59730240727763de3dbbf26750b079a2c292?s=96&d=mm&r=g\",\"url\":\"https:\\\/\\\/secure.gravatar.com\\\/avatar\\\/dd53e51c0cd6ab23f52d4f3e4f1c59730240727763de3dbbf26750b079a2c292?s=96&d=mm&r=g\",\"contentUrl\":\"https:\\\/\\\/secure.gravatar.com\\\/avatar\\\/dd53e51c0cd6ab23f52d4f3e4f1c59730240727763de3dbbf26750b079a2c292?s=96&d=mm&r=g\",\"caption\":\"Juan\"},\"url\":\"https:\\\/\\\/www.caudete.org\\\/ayuntamiento\\\/author\\\/centrodeinternet\\\/\"}]}<\/script>\n<!-- \/ Yoast SEO plugin. -->","yoast_head_json":{"title":"V FESTIVAL ARNOVA \u201cArpa y Flamenco\u201d - MI Ayuntamiento de Caudete","description":"P\u00e1gina Oficial del Ayuntamiento de Caudete (Albacete)","robots":{"index":"index","follow":"follow","max-snippet":"max-snippet:-1","max-image-preview":"max-image-preview:large","max-video-preview":"max-video-preview:-1"},"canonical":"https:\/\/www.caudete.org\/ayuntamiento\/v-festival-arnova-arpa-y-flamenco\/","og_locale":"es_ES","og_type":"article","og_title":"V FESTIVAL ARNOVA \u201cArpa y Flamenco\u201d - MI Ayuntamiento de Caudete","og_description":"P\u00e1gina Oficial del Ayuntamiento de Caudete (Albacete)","og_url":"https:\/\/www.caudete.org\/ayuntamiento\/v-festival-arnova-arpa-y-flamenco\/","og_site_name":"MI Ayuntamiento de Caudete","article_publisher":"https:\/\/www.facebook.com\/ayuntamientocaudete\/","article_published_time":"2021-07-23T11:57:06+00:00","article_modified_time":"2021-07-26T20:05:08+00:00","og_image":[{"width":864,"height":380,"url":"https:\/\/www.caudete.org\/ayuntamiento\/wp-content\/uploads\/2021\/07\/Festival-ArnovaWEB.jpg","type":"image\/jpeg"}],"author":"Juan","twitter_card":"summary_large_image","twitter_misc":{"Escrito por":"Juan","Tiempo de lectura":"3 minutos"},"schema":{"@context":"https:\/\/schema.org","@graph":[{"@type":"Article","@id":"https:\/\/www.caudete.org\/ayuntamiento\/v-festival-arnova-arpa-y-flamenco\/#article","isPartOf":{"@id":"https:\/\/www.caudete.org\/ayuntamiento\/v-festival-arnova-arpa-y-flamenco\/"},"author":{"name":"Juan","@id":"https:\/\/www.caudete.org\/ayuntamiento\/#\/schema\/person\/7656a5bb58fca95b9814e940de0fda63"},"headline":"V FESTIVAL ARNOVA \u201cArpa y Flamenco\u201d","datePublished":"2021-07-23T11:57:06+00:00","dateModified":"2021-07-26T20:05:08+00:00","mainEntityOfPage":{"@id":"https:\/\/www.caudete.org\/ayuntamiento\/v-festival-arnova-arpa-y-flamenco\/"},"wordCount":479,"publisher":{"@id":"https:\/\/www.caudete.org\/ayuntamiento\/#organization"},"image":{"@id":"https:\/\/www.caudete.org\/ayuntamiento\/v-festival-arnova-arpa-y-flamenco\/#primaryimage"},"thumbnailUrl":"https:\/\/www.caudete.org\/ayuntamiento\/wp-content\/uploads\/2021\/07\/Festival-ArnovaWEB.jpg","keywords":["Arpa","Festival Arnova","Flamenco"],"articleSection":["Cultura"],"inLanguage":"es"},{"@type":"WebPage","@id":"https:\/\/www.caudete.org\/ayuntamiento\/v-festival-arnova-arpa-y-flamenco\/","url":"https:\/\/www.caudete.org\/ayuntamiento\/v-festival-arnova-arpa-y-flamenco\/","name":"V FESTIVAL ARNOVA \u201cArpa y Flamenco\u201d - MI Ayuntamiento de Caudete","isPartOf":{"@id":"https:\/\/www.caudete.org\/ayuntamiento\/#website"},"primaryImageOfPage":{"@id":"https:\/\/www.caudete.org\/ayuntamiento\/v-festival-arnova-arpa-y-flamenco\/#primaryimage"},"image":{"@id":"https:\/\/www.caudete.org\/ayuntamiento\/v-festival-arnova-arpa-y-flamenco\/#primaryimage"},"thumbnailUrl":"https:\/\/www.caudete.org\/ayuntamiento\/wp-content\/uploads\/2021\/07\/Festival-ArnovaWEB.jpg","datePublished":"2021-07-23T11:57:06+00:00","dateModified":"2021-07-26T20:05:08+00:00","description":"P\u00e1gina Oficial del Ayuntamiento de Caudete (Albacete)","breadcrumb":{"@id":"https:\/\/www.caudete.org\/ayuntamiento\/v-festival-arnova-arpa-y-flamenco\/#breadcrumb"},"inLanguage":"es","potentialAction":[{"@type":"ReadAction","target":["https:\/\/www.caudete.org\/ayuntamiento\/v-festival-arnova-arpa-y-flamenco\/"]}]},{"@type":"ImageObject","inLanguage":"es","@id":"https:\/\/www.caudete.org\/ayuntamiento\/v-festival-arnova-arpa-y-flamenco\/#primaryimage","url":"https:\/\/www.caudete.org\/ayuntamiento\/wp-content\/uploads\/2021\/07\/Festival-ArnovaWEB.jpg","contentUrl":"https:\/\/www.caudete.org\/ayuntamiento\/wp-content\/uploads\/2021\/07\/Festival-ArnovaWEB.jpg","width":864,"height":380},{"@type":"BreadcrumbList","@id":"https:\/\/www.caudete.org\/ayuntamiento\/v-festival-arnova-arpa-y-flamenco\/#breadcrumb","itemListElement":[{"@type":"ListItem","position":1,"name":"Inicio","item":"https:\/\/www.caudete.org\/ayuntamiento\/"},{"@type":"ListItem","position":2,"name":"V FESTIVAL ARNOVA \u201cArpa y Flamenco\u201d"}]},{"@type":"WebSite","@id":"https:\/\/www.caudete.org\/ayuntamiento\/#website","url":"https:\/\/www.caudete.org\/ayuntamiento\/","name":"MI Ayuntamiento de Caudete","description":"P\u00e1gina Oficial del MI Ayuntamiento de Caudete","publisher":{"@id":"https:\/\/www.caudete.org\/ayuntamiento\/#organization"},"potentialAction":[{"@type":"SearchAction","target":{"@type":"EntryPoint","urlTemplate":"https:\/\/www.caudete.org\/ayuntamiento\/?s={search_term_string}"},"query-input":{"@type":"PropertyValueSpecification","valueRequired":true,"valueName":"search_term_string"}}],"inLanguage":"es"},{"@type":"Organization","@id":"https:\/\/www.caudete.org\/ayuntamiento\/#organization","name":"Ayuntamiento de Caudete","url":"https:\/\/www.caudete.org\/ayuntamiento\/","logo":{"@type":"ImageObject","inLanguage":"es","@id":"https:\/\/www.caudete.org\/ayuntamiento\/#\/schema\/logo\/image\/","url":"https:\/\/www.caudete.org\/ayuntamiento\/wp-content\/uploads\/2020\/11\/logo_ayuntamiento_caudete.jpg","contentUrl":"https:\/\/www.caudete.org\/ayuntamiento\/wp-content\/uploads\/2020\/11\/logo_ayuntamiento_caudete.jpg","width":600,"height":150,"caption":"Ayuntamiento de Caudete"},"image":{"@id":"https:\/\/www.caudete.org\/ayuntamiento\/#\/schema\/logo\/image\/"},"sameAs":["https:\/\/www.facebook.com\/ayuntamientocaudete\/","https:\/\/www.youtube.com\/channel\/UC6VztHaooNsGpw-tNoBEFnQ"]},{"@type":"Person","@id":"https:\/\/www.caudete.org\/ayuntamiento\/#\/schema\/person\/7656a5bb58fca95b9814e940de0fda63","name":"Juan","image":{"@type":"ImageObject","inLanguage":"es","@id":"https:\/\/secure.gravatar.com\/avatar\/dd53e51c0cd6ab23f52d4f3e4f1c59730240727763de3dbbf26750b079a2c292?s=96&d=mm&r=g","url":"https:\/\/secure.gravatar.com\/avatar\/dd53e51c0cd6ab23f52d4f3e4f1c59730240727763de3dbbf26750b079a2c292?s=96&d=mm&r=g","contentUrl":"https:\/\/secure.gravatar.com\/avatar\/dd53e51c0cd6ab23f52d4f3e4f1c59730240727763de3dbbf26750b079a2c292?s=96&d=mm&r=g","caption":"Juan"},"url":"https:\/\/www.caudete.org\/ayuntamiento\/author\/centrodeinternet\/"}]}},"_links":{"self":[{"href":"https:\/\/www.caudete.org\/ayuntamiento\/wp-json\/wp\/v2\/posts\/15445","targetHints":{"allow":["GET"]}}],"collection":[{"href":"https:\/\/www.caudete.org\/ayuntamiento\/wp-json\/wp\/v2\/posts"}],"about":[{"href":"https:\/\/www.caudete.org\/ayuntamiento\/wp-json\/wp\/v2\/types\/post"}],"author":[{"embeddable":true,"href":"https:\/\/www.caudete.org\/ayuntamiento\/wp-json\/wp\/v2\/users\/2"}],"replies":[{"embeddable":true,"href":"https:\/\/www.caudete.org\/ayuntamiento\/wp-json\/wp\/v2\/comments?post=15445"}],"version-history":[{"count":3,"href":"https:\/\/www.caudete.org\/ayuntamiento\/wp-json\/wp\/v2\/posts\/15445\/revisions"}],"predecessor-version":[{"id":15498,"href":"https:\/\/www.caudete.org\/ayuntamiento\/wp-json\/wp\/v2\/posts\/15445\/revisions\/15498"}],"wp:featuredmedia":[{"embeddable":true,"href":"https:\/\/www.caudete.org\/ayuntamiento\/wp-json\/wp\/v2\/media\/15443"}],"wp:attachment":[{"href":"https:\/\/www.caudete.org\/ayuntamiento\/wp-json\/wp\/v2\/media?parent=15445"}],"wp:term":[{"taxonomy":"category","embeddable":true,"href":"https:\/\/www.caudete.org\/ayuntamiento\/wp-json\/wp\/v2\/categories?post=15445"},{"taxonomy":"post_tag","embeddable":true,"href":"https:\/\/www.caudete.org\/ayuntamiento\/wp-json\/wp\/v2\/tags?post=15445"}],"curies":[{"name":"wp","href":"https:\/\/api.w.org\/{rel}","templated":true}]}}