{"id":15460,"date":"2021-07-24T18:48:49","date_gmt":"2021-07-24T16:48:49","guid":{"rendered":"https:\/\/www.caudete.org\/ayuntamiento\/?p=15460"},"modified":"2021-07-26T22:13:14","modified_gmt":"2021-07-26T20:13:14","slug":"adjudicado-el-proyecto-de-reforma-del-mercado-municipal-de-caudete","status":"publish","type":"post","link":"https:\/\/www.caudete.org\/ayuntamiento\/adjudicado-el-proyecto-de-reforma-del-mercado-municipal-de-caudete\/","title":{"rendered":"Adjudicado el Proyecto de reforma del MERCADO MUNICIPAL de Caudete"},"content":{"rendered":"<p style=\"text-align: justify;\">Ayer d\u00eda 23 de julio, el Concejal de Comercio, Diego Cuenca Olivares se reuni\u00f3 con los ganadores de la propuesta de revitalizaci\u00f3n y recuperaci\u00f3n del Mercado de Abastos de la localidad, resultando ser adjudicatarios de la licitaci\u00f3n los estudios de arquitectura <em>TOMA Arquitectura<\/em> y\u00a0 <em>eQA Arquitecto<\/em>s que se presentaron a esta licitaci\u00f3n conjuntamente.<\/p>\n<p style=\"text-align: justify;\">Este proyecto forma parte del programa electoral del actual Equipo de Gobierno dentro de la Concejal\u00eda de Comercio y adem\u00e1s, era y es un compromiso con los comercios de la zona y con los que actualmente siguen ejerciendo su actividad en el mismo.<\/p>\n<p style=\"text-align: justify;\">En la rueda de prensa dada al efecto, los autores de la propuesta que ha resultado ser adjudicataria, nos han explicado la motivaci\u00f3n y el objetivo que les ha empujado a presentarse a este gran proyecto.<\/p>\n<p><a href=\"https:\/\/www.caudete.org\/ayuntamiento\/wp-content\/uploads\/2021\/07\/Foto-prensa.jpg\" rel='prettyPhoto'><img fetchpriority=\"high\" decoding=\"async\" class=\"aligncenter wp-image-15463 \" src=\"https:\/\/www.caudete.org\/ayuntamiento\/wp-content\/uploads\/2021\/07\/Foto-prensa-300x157.jpg\" alt=\"\" width=\"700\" height=\"367\" srcset=\"https:\/\/www.caudete.org\/ayuntamiento\/wp-content\/uploads\/2021\/07\/Foto-prensa-300x157.jpg 300w, https:\/\/www.caudete.org\/ayuntamiento\/wp-content\/uploads\/2021\/07\/Foto-prensa-1024x536.jpg 1024w, https:\/\/www.caudete.org\/ayuntamiento\/wp-content\/uploads\/2021\/07\/Foto-prensa-768x402.jpg 768w, https:\/\/www.caudete.org\/ayuntamiento\/wp-content\/uploads\/2021\/07\/Foto-prensa.jpg 1237w\" sizes=\"(max-width: 700px) 100vw, 700px\" \/><\/a><\/p>\n<p style=\"text-align: justify;\">As\u00ed pues, J.Quinquer, en nombre de todo el equipo t\u00e9cnico comenz\u00f3 diciendo que \u201c<em>todo empieza cuando recibimos una llamada del Ayuntamiento en la que se nos informa de que tienen previsto proponer por licitaci\u00f3n una idea de proyecto para la Reforma Mercado Municipal de Caudete, y que nos invitan a presentar una propuesta junto a otros compa\u00f1eros arquitectos del pueblo<\/em>.<\/p>\n<p style=\"text-align: justify;\"><em>Esto nos hizo especial ilusi\u00f3n, pues somos vecinos de Caudete, y nos entusiasma la idea de poder aportar nuestro granito de arena en mejorar nuestro pueblo.<\/em><\/p>\n<p style=\"text-align: justify;\"><em>El plazo para presentar la propuesta no era muy amplio, por lo que decidimos contar con unos amigos arquitectos que tienen el estudio en Godella (TOMA ARQUITECTURA) con los que hemos colaborado en otras ocasiones.<\/em><\/p>\n<p style=\"text-align: justify;\"><em>El Mercado en la actualidad se trata de un edificio en el centro hist\u00f3rico de Caudete muy desaprovechado, que esconde una estructura de madera preciosa oculta y con una distribuci\u00f3n que hace que sea oscuro, cerrado y sin vida. A todo eso se le a\u00f1ade la tendencia a la descentraci\u00f3n del comercio hacia la zona nueva del pueblo, lo que provoca todav\u00eda m\u00e1s si cabe esa sensaci\u00f3n de centro vac\u00edo y sin movimiento.<\/em><\/p>\n<p style=\"text-align: justify;\"><em>Toda esta problem\u00e1tica hace que planteemos la siguiente idea de proyecto:<\/em><\/p>\n<p style=\"text-align: justify;\"><em>La propuesta nace de la idea de mantener la esencia y el car\u00e1cter de la arquitectura existente interviniendo con una pieza singular que se desvincula del per\u00edmetro, dejando al visitante admirar la envergadura del Mercado, la cubierta, el cerramiento y la estructura original.<\/em><\/p>\n<p style=\"text-align: justify;\"><em>Este planteamiento desvincula los puestos de las fachadas, permitiendo que a trav\u00e9s de ellas pase la luz y se produzca el reclamo, invitando a los vecinos a descubrir el interior del Mercado.<\/em><\/p>\n<p style=\"text-align: justify;\"><em>En el acceso se dibuja la secci\u00f3n de la pieza singular que contiene los puestos, que act\u00faan como espina dorsal del edificio, vertebra a vertebra, puesto a puesto el visitante va descubriendo la gastronom\u00eda de Caudete.<\/em><\/p>\n<p style=\"text-align: justify;\"><em>En el recorrido encuentra las tiendas, la vegetaci\u00f3n, las zonas de descanso y ocio, y al final una terraza en la que disfrutar de los productos que m\u00e1s nos gusten.<\/em><\/p>\n<p style=\"text-align: justify;\"><em>Otro punto que hemos tenido muy en cuenta es el de poner en valor la arquitectura tradicional de Caudete, recuperando el car\u00e1cter original del mercado. Para ello se recupera la estructura de madera original permitiendo su visibilidad tanto desde el interior como desde el exterior del edificio. Por \u00faltimo, para reconquistar la pureza del volumen reubicamos los puestos sat\u00e9lites integr\u00e1ndolos en su interior&#8221;<\/em>.<\/p>\n<p style=\"text-align: justify;\">Tras ello, quiso\u00a0 &#8220;<em>agradecer tanto a la Concejal\u00eda de Comercio como al Ayuntamiento el que apuesten por Proyectos con el objetivo de revitalizar en centro hist\u00f3rico del municipio, y dar las gracias desde TOMA Arquitectura y desde eQA Arquitectos\u00a0por haber confiado en nuestra propuesta<\/em>\u201d.<\/p>\n<p style=\"text-align: center;\"><strong>Clic en la im\u00e1gen para ver en grande<\/strong><\/p>\n<p><a href=\"https:\/\/www.caudete.org\/ayuntamiento\/wp-content\/uploads\/2021\/07\/Panel1.jpg\" rel='prettyPhoto'><img decoding=\"async\" class=\"aligncenter wp-image-15464 \" src=\"https:\/\/www.caudete.org\/ayuntamiento\/wp-content\/uploads\/2021\/07\/Panel1-210x300.jpg\" alt=\"\" width=\"600\" height=\"858\" srcset=\"https:\/\/www.caudete.org\/ayuntamiento\/wp-content\/uploads\/2021\/07\/Panel1-210x300.jpg 210w, https:\/\/www.caudete.org\/ayuntamiento\/wp-content\/uploads\/2021\/07\/Panel1.jpg 672w\" sizes=\"(max-width: 600px) 100vw, 600px\" \/><\/a><a href=\"https:\/\/www.caudete.org\/ayuntamiento\/wp-content\/uploads\/2021\/07\/Panel2.jpg\" rel='prettyPhoto'><img decoding=\"async\" class=\"aligncenter wp-image-15465 \" src=\"https:\/\/www.caudete.org\/ayuntamiento\/wp-content\/uploads\/2021\/07\/Panel2-213x300.jpg\" alt=\"\" width=\"600\" height=\"846\" srcset=\"https:\/\/www.caudete.org\/ayuntamiento\/wp-content\/uploads\/2021\/07\/Panel2-213x300.jpg 213w, https:\/\/www.caudete.org\/ayuntamiento\/wp-content\/uploads\/2021\/07\/Panel2.jpg 682w\" sizes=\"(max-width: 600px) 100vw, 600px\" \/><\/a><\/p>\n<p>&nbsp;<\/p>\n<p><a href=\"https:\/\/www.caudete.org\/ayuntamiento\/wp-content\/uploads\/2021\/07\/Panel3.jpg\" rel='prettyPhoto'><img loading=\"lazy\" decoding=\"async\" class=\"aligncenter wp-image-15466 \" src=\"https:\/\/www.caudete.org\/ayuntamiento\/wp-content\/uploads\/2021\/07\/Panel3-211x300.jpg\" alt=\"\" width=\"600\" height=\"853\" srcset=\"https:\/\/www.caudete.org\/ayuntamiento\/wp-content\/uploads\/2021\/07\/Panel3-211x300.jpg 211w, https:\/\/www.caudete.org\/ayuntamiento\/wp-content\/uploads\/2021\/07\/Panel3.jpg 675w\" sizes=\"(max-width: 600px) 100vw, 600px\" \/><\/a><\/p>\n<p style=\"text-align: center;\"><strong>Adjudicado a eQA Arquitectos y Estudios de arquitectura TOMA Arquitectura<\/strong><\/p>\n<p><img loading=\"lazy\" decoding=\"async\" class=\"aligncenter wp-image-15477 \" src=\"https:\/\/www.caudete.org\/ayuntamiento\/wp-content\/uploads\/2021\/07\/logo-eqa-JPG-300x198.jpg\" alt=\"\" width=\"301\" height=\"198\" srcset=\"https:\/\/www.caudete.org\/ayuntamiento\/wp-content\/uploads\/2021\/07\/logo-eqa-JPG-300x198.jpg 300w, https:\/\/www.caudete.org\/ayuntamiento\/wp-content\/uploads\/2021\/07\/logo-eqa-JPG.jpg 598w\" sizes=\"(max-width: 301px) 100vw, 301px\" \/><\/p>\n<p><img loading=\"lazy\" decoding=\"async\" class=\"aligncenter wp-image-15476 \" src=\"https:\/\/www.caudete.org\/ayuntamiento\/wp-content\/uploads\/2021\/07\/LOGO-TOMA-JPG-300x151.jpg\" alt=\"\" width=\"301\" height=\"151\" srcset=\"https:\/\/www.caudete.org\/ayuntamiento\/wp-content\/uploads\/2021\/07\/LOGO-TOMA-JPG-300x151.jpg 300w, https:\/\/www.caudete.org\/ayuntamiento\/wp-content\/uploads\/2021\/07\/LOGO-TOMA-JPG-768x387.jpg 768w, https:\/\/www.caudete.org\/ayuntamiento\/wp-content\/uploads\/2021\/07\/LOGO-TOMA-JPG.jpg 796w\" sizes=\"(max-width: 301px) 100vw, 301px\" \/><\/p>\n<p>&nbsp;<\/p>\n<p>&nbsp;<\/p>\n<p>&nbsp;<\/p>\n","protected":false},"excerpt":{"rendered":"<p>Ayer d\u00eda 23 de julio, el Concejal de Comercio, Diego Cuenca Olivares se reuni\u00f3 con los ganadores de la propuesta de revitalizaci\u00f3n y recuperaci\u00f3n del Mercado de Abastos de la localidad, resultando ser adjudicatarios de la licitaci\u00f3n los estudios de arquitectura TOMA Arquitectura y\u00a0 eQA Arquitectos que se presentaron a esta licitaci\u00f3n conjuntamente. Este proyecto &hellip;<\/p>\n","protected":false},"author":2,"featured_media":15473,"comment_status":"closed","ping_status":"open","sticky":false,"template":"","format":"standard","meta":{"ngg_post_thumbnail":0,"footnotes":""},"categories":[42],"tags":[688],"class_list":["post-15460","post","type-post","status-publish","format-standard","has-post-thumbnail","hentry","category-comercio","tag-refprma-mercado-abastos-caudete"],"yoast_head":"<!-- This site is optimized with the Yoast SEO plugin v27.5 - https:\/\/yoast.com\/product\/yoast-seo-wordpress\/ -->\n<title>Adjudicado el Proyecto de reforma del MERCADO MUNICIPAL de Caudete - MI Ayuntamiento de Caudete<\/title>\n<meta name=\"description\" content=\"P\u00e1gina Oficial del Ayuntamiento de Caudete (Albacete)\" \/>\n<meta name=\"robots\" content=\"index, follow, max-snippet:-1, max-image-preview:large, max-video-preview:-1\" \/>\n<link rel=\"canonical\" href=\"https:\/\/www.caudete.org\/ayuntamiento\/adjudicado-el-proyecto-de-reforma-del-mercado-municipal-de-caudete\/\" \/>\n<meta property=\"og:locale\" content=\"es_ES\" \/>\n<meta property=\"og:type\" content=\"article\" \/>\n<meta property=\"og:title\" content=\"Adjudicado el Proyecto de reforma del MERCADO MUNICIPAL de Caudete - MI Ayuntamiento de Caudete\" \/>\n<meta property=\"og:description\" content=\"P\u00e1gina Oficial del Ayuntamiento de Caudete (Albacete)\" \/>\n<meta property=\"og:url\" content=\"https:\/\/www.caudete.org\/ayuntamiento\/adjudicado-el-proyecto-de-reforma-del-mercado-municipal-de-caudete\/\" \/>\n<meta property=\"og:site_name\" content=\"MI Ayuntamiento de Caudete\" \/>\n<meta property=\"article:publisher\" content=\"https:\/\/www.facebook.com\/ayuntamientocaudete\/\" \/>\n<meta property=\"article:published_time\" content=\"2021-07-24T16:48:49+00:00\" \/>\n<meta property=\"article:modified_time\" content=\"2021-07-26T20:13:14+00:00\" \/>\n<meta property=\"og:image\" content=\"https:\/\/www.caudete.org\/ayuntamiento\/wp-content\/uploads\/2021\/07\/Propuesta-de-reformaWEBamarillo.jpg\" \/>\n\t<meta property=\"og:image:width\" content=\"864\" \/>\n\t<meta property=\"og:image:height\" content=\"380\" \/>\n\t<meta property=\"og:image:type\" content=\"image\/jpeg\" \/>\n<meta name=\"author\" content=\"Juan\" \/>\n<meta name=\"twitter:card\" content=\"summary_large_image\" \/>\n<meta name=\"twitter:label1\" content=\"Escrito por\" \/>\n\t<meta name=\"twitter:data1\" content=\"Juan\" \/>\n\t<meta name=\"twitter:label2\" content=\"Tiempo de lectura\" \/>\n\t<meta name=\"twitter:data2\" content=\"4 minutos\" \/>\n<script type=\"application\/ld+json\" class=\"yoast-schema-graph\">{\"@context\":\"https:\\\/\\\/schema.org\",\"@graph\":[{\"@type\":\"Article\",\"@id\":\"https:\\\/\\\/www.caudete.org\\\/ayuntamiento\\\/adjudicado-el-proyecto-de-reforma-del-mercado-municipal-de-caudete\\\/#article\",\"isPartOf\":{\"@id\":\"https:\\\/\\\/www.caudete.org\\\/ayuntamiento\\\/adjudicado-el-proyecto-de-reforma-del-mercado-municipal-de-caudete\\\/\"},\"author\":{\"name\":\"Juan\",\"@id\":\"https:\\\/\\\/www.caudete.org\\\/ayuntamiento\\\/#\\\/schema\\\/person\\\/7656a5bb58fca95b9814e940de0fda63\"},\"headline\":\"Adjudicado el Proyecto de reforma del MERCADO MUNICIPAL de Caudete\",\"datePublished\":\"2021-07-24T16:48:49+00:00\",\"dateModified\":\"2021-07-26T20:13:14+00:00\",\"mainEntityOfPage\":{\"@id\":\"https:\\\/\\\/www.caudete.org\\\/ayuntamiento\\\/adjudicado-el-proyecto-de-reforma-del-mercado-municipal-de-caudete\\\/\"},\"wordCount\":653,\"image\":{\"@id\":\"https:\\\/\\\/www.caudete.org\\\/ayuntamiento\\\/adjudicado-el-proyecto-de-reforma-del-mercado-municipal-de-caudete\\\/#primaryimage\"},\"thumbnailUrl\":\"https:\\\/\\\/www.caudete.org\\\/ayuntamiento\\\/wp-content\\\/uploads\\\/2021\\\/07\\\/Propuesta-de-reformaWEBamarillo.jpg\",\"keywords\":[\"Refprma Mercado Abastos Caudete\"],\"articleSection\":[\"Comercio\"],\"inLanguage\":\"es\"},{\"@type\":\"WebPage\",\"@id\":\"https:\\\/\\\/www.caudete.org\\\/ayuntamiento\\\/adjudicado-el-proyecto-de-reforma-del-mercado-municipal-de-caudete\\\/\",\"url\":\"https:\\\/\\\/www.caudete.org\\\/ayuntamiento\\\/adjudicado-el-proyecto-de-reforma-del-mercado-municipal-de-caudete\\\/\",\"name\":\"Adjudicado el Proyecto de reforma del MERCADO MUNICIPAL de Caudete - MI Ayuntamiento de Caudete\",\"isPartOf\":{\"@id\":\"https:\\\/\\\/www.caudete.org\\\/ayuntamiento\\\/#website\"},\"primaryImageOfPage\":{\"@id\":\"https:\\\/\\\/www.caudete.org\\\/ayuntamiento\\\/adjudicado-el-proyecto-de-reforma-del-mercado-municipal-de-caudete\\\/#primaryimage\"},\"image\":{\"@id\":\"https:\\\/\\\/www.caudete.org\\\/ayuntamiento\\\/adjudicado-el-proyecto-de-reforma-del-mercado-municipal-de-caudete\\\/#primaryimage\"},\"thumbnailUrl\":\"https:\\\/\\\/www.caudete.org\\\/ayuntamiento\\\/wp-content\\\/uploads\\\/2021\\\/07\\\/Propuesta-de-reformaWEBamarillo.jpg\",\"datePublished\":\"2021-07-24T16:48:49+00:00\",\"dateModified\":\"2021-07-26T20:13:14+00:00\",\"author\":{\"@id\":\"https:\\\/\\\/www.caudete.org\\\/ayuntamiento\\\/#\\\/schema\\\/person\\\/7656a5bb58fca95b9814e940de0fda63\"},\"description\":\"P\u00e1gina Oficial del Ayuntamiento de Caudete (Albacete)\",\"breadcrumb\":{\"@id\":\"https:\\\/\\\/www.caudete.org\\\/ayuntamiento\\\/adjudicado-el-proyecto-de-reforma-del-mercado-municipal-de-caudete\\\/#breadcrumb\"},\"inLanguage\":\"es\",\"potentialAction\":[{\"@type\":\"ReadAction\",\"target\":[\"https:\\\/\\\/www.caudete.org\\\/ayuntamiento\\\/adjudicado-el-proyecto-de-reforma-del-mercado-municipal-de-caudete\\\/\"]}]},{\"@type\":\"ImageObject\",\"inLanguage\":\"es\",\"@id\":\"https:\\\/\\\/www.caudete.org\\\/ayuntamiento\\\/adjudicado-el-proyecto-de-reforma-del-mercado-municipal-de-caudete\\\/#primaryimage\",\"url\":\"https:\\\/\\\/www.caudete.org\\\/ayuntamiento\\\/wp-content\\\/uploads\\\/2021\\\/07\\\/Propuesta-de-reformaWEBamarillo.jpg\",\"contentUrl\":\"https:\\\/\\\/www.caudete.org\\\/ayuntamiento\\\/wp-content\\\/uploads\\\/2021\\\/07\\\/Propuesta-de-reformaWEBamarillo.jpg\",\"width\":864,\"height\":380},{\"@type\":\"BreadcrumbList\",\"@id\":\"https:\\\/\\\/www.caudete.org\\\/ayuntamiento\\\/adjudicado-el-proyecto-de-reforma-del-mercado-municipal-de-caudete\\\/#breadcrumb\",\"itemListElement\":[{\"@type\":\"ListItem\",\"position\":1,\"name\":\"Inicio\",\"item\":\"https:\\\/\\\/www.caudete.org\\\/ayuntamiento\\\/\"},{\"@type\":\"ListItem\",\"position\":2,\"name\":\"Adjudicado el Proyecto de reforma del MERCADO MUNICIPAL de Caudete\"}]},{\"@type\":\"WebSite\",\"@id\":\"https:\\\/\\\/www.caudete.org\\\/ayuntamiento\\\/#website\",\"url\":\"https:\\\/\\\/www.caudete.org\\\/ayuntamiento\\\/\",\"name\":\"MI Ayuntamiento de Caudete\",\"description\":\"P\u00e1gina Oficial del MI Ayuntamiento de Caudete\",\"potentialAction\":[{\"@type\":\"SearchAction\",\"target\":{\"@type\":\"EntryPoint\",\"urlTemplate\":\"https:\\\/\\\/www.caudete.org\\\/ayuntamiento\\\/?s={search_term_string}\"},\"query-input\":{\"@type\":\"PropertyValueSpecification\",\"valueRequired\":true,\"valueName\":\"search_term_string\"}}],\"inLanguage\":\"es\"},{\"@type\":\"Person\",\"@id\":\"https:\\\/\\\/www.caudete.org\\\/ayuntamiento\\\/#\\\/schema\\\/person\\\/7656a5bb58fca95b9814e940de0fda63\",\"name\":\"Juan\",\"image\":{\"@type\":\"ImageObject\",\"inLanguage\":\"es\",\"@id\":\"https:\\\/\\\/secure.gravatar.com\\\/avatar\\\/dd53e51c0cd6ab23f52d4f3e4f1c59730240727763de3dbbf26750b079a2c292?s=96&d=mm&r=g\",\"url\":\"https:\\\/\\\/secure.gravatar.com\\\/avatar\\\/dd53e51c0cd6ab23f52d4f3e4f1c59730240727763de3dbbf26750b079a2c292?s=96&d=mm&r=g\",\"contentUrl\":\"https:\\\/\\\/secure.gravatar.com\\\/avatar\\\/dd53e51c0cd6ab23f52d4f3e4f1c59730240727763de3dbbf26750b079a2c292?s=96&d=mm&r=g\",\"caption\":\"Juan\"},\"url\":\"https:\\\/\\\/www.caudete.org\\\/ayuntamiento\\\/author\\\/centrodeinternet\\\/\"}]}<\/script>\n<!-- \/ Yoast SEO plugin. -->","yoast_head_json":{"title":"Adjudicado el Proyecto de reforma del MERCADO MUNICIPAL de Caudete - MI Ayuntamiento de Caudete","description":"P\u00e1gina Oficial del Ayuntamiento de Caudete (Albacete)","robots":{"index":"index","follow":"follow","max-snippet":"max-snippet:-1","max-image-preview":"max-image-preview:large","max-video-preview":"max-video-preview:-1"},"canonical":"https:\/\/www.caudete.org\/ayuntamiento\/adjudicado-el-proyecto-de-reforma-del-mercado-municipal-de-caudete\/","og_locale":"es_ES","og_type":"article","og_title":"Adjudicado el Proyecto de reforma del MERCADO MUNICIPAL de Caudete - MI Ayuntamiento de Caudete","og_description":"P\u00e1gina Oficial del Ayuntamiento de Caudete (Albacete)","og_url":"https:\/\/www.caudete.org\/ayuntamiento\/adjudicado-el-proyecto-de-reforma-del-mercado-municipal-de-caudete\/","og_site_name":"MI Ayuntamiento de Caudete","article_publisher":"https:\/\/www.facebook.com\/ayuntamientocaudete\/","article_published_time":"2021-07-24T16:48:49+00:00","article_modified_time":"2021-07-26T20:13:14+00:00","og_image":[{"width":864,"height":380,"url":"https:\/\/www.caudete.org\/ayuntamiento\/wp-content\/uploads\/2021\/07\/Propuesta-de-reformaWEBamarillo.jpg","type":"image\/jpeg"}],"author":"Juan","twitter_card":"summary_large_image","twitter_misc":{"Escrito por":"Juan","Tiempo de lectura":"4 minutos"},"schema":{"@context":"https:\/\/schema.org","@graph":[{"@type":"Article","@id":"https:\/\/www.caudete.org\/ayuntamiento\/adjudicado-el-proyecto-de-reforma-del-mercado-municipal-de-caudete\/#article","isPartOf":{"@id":"https:\/\/www.caudete.org\/ayuntamiento\/adjudicado-el-proyecto-de-reforma-del-mercado-municipal-de-caudete\/"},"author":{"name":"Juan","@id":"https:\/\/www.caudete.org\/ayuntamiento\/#\/schema\/person\/7656a5bb58fca95b9814e940de0fda63"},"headline":"Adjudicado el Proyecto de reforma del MERCADO MUNICIPAL de Caudete","datePublished":"2021-07-24T16:48:49+00:00","dateModified":"2021-07-26T20:13:14+00:00","mainEntityOfPage":{"@id":"https:\/\/www.caudete.org\/ayuntamiento\/adjudicado-el-proyecto-de-reforma-del-mercado-municipal-de-caudete\/"},"wordCount":653,"image":{"@id":"https:\/\/www.caudete.org\/ayuntamiento\/adjudicado-el-proyecto-de-reforma-del-mercado-municipal-de-caudete\/#primaryimage"},"thumbnailUrl":"https:\/\/www.caudete.org\/ayuntamiento\/wp-content\/uploads\/2021\/07\/Propuesta-de-reformaWEBamarillo.jpg","keywords":["Refprma Mercado Abastos Caudete"],"articleSection":["Comercio"],"inLanguage":"es"},{"@type":"WebPage","@id":"https:\/\/www.caudete.org\/ayuntamiento\/adjudicado-el-proyecto-de-reforma-del-mercado-municipal-de-caudete\/","url":"https:\/\/www.caudete.org\/ayuntamiento\/adjudicado-el-proyecto-de-reforma-del-mercado-municipal-de-caudete\/","name":"Adjudicado el Proyecto de reforma del MERCADO MUNICIPAL de Caudete - MI Ayuntamiento de Caudete","isPartOf":{"@id":"https:\/\/www.caudete.org\/ayuntamiento\/#website"},"primaryImageOfPage":{"@id":"https:\/\/www.caudete.org\/ayuntamiento\/adjudicado-el-proyecto-de-reforma-del-mercado-municipal-de-caudete\/#primaryimage"},"image":{"@id":"https:\/\/www.caudete.org\/ayuntamiento\/adjudicado-el-proyecto-de-reforma-del-mercado-municipal-de-caudete\/#primaryimage"},"thumbnailUrl":"https:\/\/www.caudete.org\/ayuntamiento\/wp-content\/uploads\/2021\/07\/Propuesta-de-reformaWEBamarillo.jpg","datePublished":"2021-07-24T16:48:49+00:00","dateModified":"2021-07-26T20:13:14+00:00","author":{"@id":"https:\/\/www.caudete.org\/ayuntamiento\/#\/schema\/person\/7656a5bb58fca95b9814e940de0fda63"},"description":"P\u00e1gina Oficial del Ayuntamiento de Caudete (Albacete)","breadcrumb":{"@id":"https:\/\/www.caudete.org\/ayuntamiento\/adjudicado-el-proyecto-de-reforma-del-mercado-municipal-de-caudete\/#breadcrumb"},"inLanguage":"es","potentialAction":[{"@type":"ReadAction","target":["https:\/\/www.caudete.org\/ayuntamiento\/adjudicado-el-proyecto-de-reforma-del-mercado-municipal-de-caudete\/"]}]},{"@type":"ImageObject","inLanguage":"es","@id":"https:\/\/www.caudete.org\/ayuntamiento\/adjudicado-el-proyecto-de-reforma-del-mercado-municipal-de-caudete\/#primaryimage","url":"https:\/\/www.caudete.org\/ayuntamiento\/wp-content\/uploads\/2021\/07\/Propuesta-de-reformaWEBamarillo.jpg","contentUrl":"https:\/\/www.caudete.org\/ayuntamiento\/wp-content\/uploads\/2021\/07\/Propuesta-de-reformaWEBamarillo.jpg","width":864,"height":380},{"@type":"BreadcrumbList","@id":"https:\/\/www.caudete.org\/ayuntamiento\/adjudicado-el-proyecto-de-reforma-del-mercado-municipal-de-caudete\/#breadcrumb","itemListElement":[{"@type":"ListItem","position":1,"name":"Inicio","item":"https:\/\/www.caudete.org\/ayuntamiento\/"},{"@type":"ListItem","position":2,"name":"Adjudicado el Proyecto de reforma del MERCADO MUNICIPAL de Caudete"}]},{"@type":"WebSite","@id":"https:\/\/www.caudete.org\/ayuntamiento\/#website","url":"https:\/\/www.caudete.org\/ayuntamiento\/","name":"MI Ayuntamiento de Caudete","description":"P\u00e1gina Oficial del MI Ayuntamiento de Caudete","potentialAction":[{"@type":"SearchAction","target":{"@type":"EntryPoint","urlTemplate":"https:\/\/www.caudete.org\/ayuntamiento\/?s={search_term_string}"},"query-input":{"@type":"PropertyValueSpecification","valueRequired":true,"valueName":"search_term_string"}}],"inLanguage":"es"},{"@type":"Person","@id":"https:\/\/www.caudete.org\/ayuntamiento\/#\/schema\/person\/7656a5bb58fca95b9814e940de0fda63","name":"Juan","image":{"@type":"ImageObject","inLanguage":"es","@id":"https:\/\/secure.gravatar.com\/avatar\/dd53e51c0cd6ab23f52d4f3e4f1c59730240727763de3dbbf26750b079a2c292?s=96&d=mm&r=g","url":"https:\/\/secure.gravatar.com\/avatar\/dd53e51c0cd6ab23f52d4f3e4f1c59730240727763de3dbbf26750b079a2c292?s=96&d=mm&r=g","contentUrl":"https:\/\/secure.gravatar.com\/avatar\/dd53e51c0cd6ab23f52d4f3e4f1c59730240727763de3dbbf26750b079a2c292?s=96&d=mm&r=g","caption":"Juan"},"url":"https:\/\/www.caudete.org\/ayuntamiento\/author\/centrodeinternet\/"}]}},"_links":{"self":[{"href":"https:\/\/www.caudete.org\/ayuntamiento\/wp-json\/wp\/v2\/posts\/15460","targetHints":{"allow":["GET"]}}],"collection":[{"href":"https:\/\/www.caudete.org\/ayuntamiento\/wp-json\/wp\/v2\/posts"}],"about":[{"href":"https:\/\/www.caudete.org\/ayuntamiento\/wp-json\/wp\/v2\/types\/post"}],"author":[{"embeddable":true,"href":"https:\/\/www.caudete.org\/ayuntamiento\/wp-json\/wp\/v2\/users\/2"}],"replies":[{"embeddable":true,"href":"https:\/\/www.caudete.org\/ayuntamiento\/wp-json\/wp\/v2\/comments?post=15460"}],"version-history":[{"count":23,"href":"https:\/\/www.caudete.org\/ayuntamiento\/wp-json\/wp\/v2\/posts\/15460\/revisions"}],"predecessor-version":[{"id":15502,"href":"https:\/\/www.caudete.org\/ayuntamiento\/wp-json\/wp\/v2\/posts\/15460\/revisions\/15502"}],"wp:featuredmedia":[{"embeddable":true,"href":"https:\/\/www.caudete.org\/ayuntamiento\/wp-json\/wp\/v2\/media\/15473"}],"wp:attachment":[{"href":"https:\/\/www.caudete.org\/ayuntamiento\/wp-json\/wp\/v2\/media?parent=15460"}],"wp:term":[{"taxonomy":"category","embeddable":true,"href":"https:\/\/www.caudete.org\/ayuntamiento\/wp-json\/wp\/v2\/categories?post=15460"},{"taxonomy":"post_tag","embeddable":true,"href":"https:\/\/www.caudete.org\/ayuntamiento\/wp-json\/wp\/v2\/tags?post=15460"}],"curies":[{"name":"wp","href":"https:\/\/api.w.org\/{rel}","templated":true}]}}