{"id":15514,"date":"2021-07-27T11:00:08","date_gmt":"2021-07-27T09:00:08","guid":{"rendered":"https:\/\/www.caudete.org\/ayuntamiento\/?p=15514"},"modified":"2021-07-26T23:28:28","modified_gmt":"2021-07-26T21:28:28","slug":"la-excavacion-en-el-real-va-descubriendo-restos-constructivos","status":"publish","type":"post","link":"https:\/\/www.caudete.org\/ayuntamiento\/la-excavacion-en-el-real-va-descubriendo-restos-constructivos\/","title":{"rendered":"La excavaci\u00f3n en EL REAL va descubriendo restos constructivos"},"content":{"rendered":"<p style=\"text-align: justify;\">El pasado mi\u00e9rcoles, daba comienzo la esperada prospecci\u00f3n arqueol\u00f3gica en uno de los terrenos de &#8220;El Real&#8221; ante la presencia de posibles restos constructivos, cer\u00e1micos y \u00f3seos.<\/p>\n<p style=\"text-align: justify;\">Esta actuaci\u00f3n fue planteada por el propio Consistorio tras la realizaci\u00f3n de labores b\u00e1sicas de acondicionamiento del terreno para su uso como aparcamiento p\u00fablico. No obstante, donde se evidenciaban restos la maquinaria pesada no trabaj\u00f3, y tampoco fueron cubiertos de zahorra para facilitar su identificaci\u00f3n a la hora de abordar una posible excavaci\u00f3n arqueol\u00f3gica.<\/p>\n<p style=\"text-align: justify;\">Los Arque\u00f3logos Gabriel Segura y Daniel Azor\u00edn son los directores de la excavaci\u00f3n, quienes cuentan con un equipo permanente de 4 peones, 2 de los cuales forman parte del Plan de Empleo +52 de Caudete.<\/p>\n<p style=\"text-align: justify;\">Conforme avanzan las excavaciones se va confirmando la teor\u00eda inicial que databa el yacimiento en el final de la \u00e9poca \u00edbera y parte de \u00e9poca romana. Hasta el momento se han podido ir sacando a la luz un conjunto de muros que van definiendo estancias, a pesar del deterioro que presenta el conjunto, junto a cer\u00e1mica propia de ambas \u00e9pocas. No obstante, los resultados de la excavaci\u00f3n permitir\u00e1n perfilar detalles y conocer m\u00e1s a fondo el yacimiento.<\/p>\n<p>La zona ha sido delimitada y se\u00f1alizada alertando de la prohibici\u00f3n de acceder sin autorizaci\u00f3n, lo que supondr\u00eda un delito contra el Patrimonio Arqueol\u00f3gico.<\/p>\n","protected":false},"excerpt":{"rendered":"<p>El pasado mi\u00e9rcoles, daba comienzo la esperada prospecci\u00f3n arqueol\u00f3gica en uno de los terrenos de &#8220;El Real&#8221; ante la presencia de posibles restos constructivos, cer\u00e1micos y \u00f3seos. Esta actuaci\u00f3n fue planteada por el propio Consistorio tras la realizaci\u00f3n de labores b\u00e1sicas de acondicionamiento del terreno para su uso como aparcamiento p\u00fablico. No obstante, donde se &hellip;<\/p>\n","protected":false},"author":3,"featured_media":15515,"comment_status":"closed","ping_status":"open","sticky":false,"template":"","format":"standard","meta":{"ngg_post_thumbnail":0,"footnotes":""},"categories":[45],"tags":[],"class_list":["post-15514","post","type-post","status-publish","format-standard","has-post-thumbnail","hentry","category-patrimonio"],"yoast_head":"<!-- This site is optimized with the Yoast SEO plugin v27.5 - https:\/\/yoast.com\/product\/yoast-seo-wordpress\/ -->\n<title>La excavaci\u00f3n en EL REAL va descubriendo restos constructivos - MI Ayuntamiento de Caudete<\/title>\n<meta name=\"description\" content=\"P\u00e1gina Oficial del Ayuntamiento de Caudete (Albacete)\" \/>\n<meta name=\"robots\" content=\"index, follow, max-snippet:-1, max-image-preview:large, max-video-preview:-1\" \/>\n<link rel=\"canonical\" href=\"https:\/\/www.caudete.org\/ayuntamiento\/la-excavacion-en-el-real-va-descubriendo-restos-constructivos\/\" \/>\n<meta property=\"og:locale\" content=\"es_ES\" \/>\n<meta property=\"og:type\" content=\"article\" \/>\n<meta property=\"og:title\" content=\"La excavaci\u00f3n en EL REAL va descubriendo restos constructivos - MI Ayuntamiento de Caudete\" \/>\n<meta property=\"og:description\" content=\"P\u00e1gina Oficial del Ayuntamiento de Caudete (Albacete)\" \/>\n<meta property=\"og:url\" content=\"https:\/\/www.caudete.org\/ayuntamiento\/la-excavacion-en-el-real-va-descubriendo-restos-constructivos\/\" \/>\n<meta property=\"og:site_name\" content=\"MI Ayuntamiento de Caudete\" \/>\n<meta property=\"article:publisher\" content=\"https:\/\/www.facebook.com\/ayuntamientocaudete\/\" \/>\n<meta property=\"article:published_time\" content=\"2021-07-27T09:00:08+00:00\" \/>\n<meta property=\"og:image\" content=\"https:\/\/www.caudete.org\/ayuntamiento\/wp-content\/uploads\/2021\/07\/IMG_0013.jpg\" \/>\n\t<meta property=\"og:image:width\" content=\"2048\" \/>\n\t<meta property=\"og:image:height\" content=\"1365\" \/>\n\t<meta property=\"og:image:type\" content=\"image\/jpeg\" \/>\n<meta name=\"author\" content=\"alcalde\" \/>\n<meta name=\"twitter:card\" content=\"summary_large_image\" \/>\n<meta name=\"twitter:label1\" content=\"Escrito por\" \/>\n\t<meta name=\"twitter:data1\" content=\"alcalde\" \/>\n\t<meta name=\"twitter:label2\" content=\"Tiempo de lectura\" \/>\n\t<meta name=\"twitter:data2\" content=\"1 minuto\" \/>\n<script type=\"application\/ld+json\" class=\"yoast-schema-graph\">{\"@context\":\"https:\\\/\\\/schema.org\",\"@graph\":[{\"@type\":\"Article\",\"@id\":\"https:\\\/\\\/www.caudete.org\\\/ayuntamiento\\\/la-excavacion-en-el-real-va-descubriendo-restos-constructivos\\\/#article\",\"isPartOf\":{\"@id\":\"https:\\\/\\\/www.caudete.org\\\/ayuntamiento\\\/la-excavacion-en-el-real-va-descubriendo-restos-constructivos\\\/\"},\"author\":{\"name\":\"alcalde\",\"@id\":\"https:\\\/\\\/www.caudete.org\\\/ayuntamiento\\\/#\\\/schema\\\/person\\\/cc646da9133078ee4d8dd47457947253\"},\"headline\":\"La excavaci\u00f3n en EL REAL va descubriendo restos constructivos\",\"datePublished\":\"2021-07-27T09:00:08+00:00\",\"mainEntityOfPage\":{\"@id\":\"https:\\\/\\\/www.caudete.org\\\/ayuntamiento\\\/la-excavacion-en-el-real-va-descubriendo-restos-constructivos\\\/\"},\"wordCount\":248,\"image\":{\"@id\":\"https:\\\/\\\/www.caudete.org\\\/ayuntamiento\\\/la-excavacion-en-el-real-va-descubriendo-restos-constructivos\\\/#primaryimage\"},\"thumbnailUrl\":\"https:\\\/\\\/www.caudete.org\\\/ayuntamiento\\\/wp-content\\\/uploads\\\/2021\\\/07\\\/IMG_0013.jpg\",\"articleSection\":[\"Patrimonio\"],\"inLanguage\":\"es\"},{\"@type\":\"WebPage\",\"@id\":\"https:\\\/\\\/www.caudete.org\\\/ayuntamiento\\\/la-excavacion-en-el-real-va-descubriendo-restos-constructivos\\\/\",\"url\":\"https:\\\/\\\/www.caudete.org\\\/ayuntamiento\\\/la-excavacion-en-el-real-va-descubriendo-restos-constructivos\\\/\",\"name\":\"La excavaci\u00f3n en EL REAL va descubriendo restos constructivos - MI Ayuntamiento de Caudete\",\"isPartOf\":{\"@id\":\"https:\\\/\\\/www.caudete.org\\\/ayuntamiento\\\/#website\"},\"primaryImageOfPage\":{\"@id\":\"https:\\\/\\\/www.caudete.org\\\/ayuntamiento\\\/la-excavacion-en-el-real-va-descubriendo-restos-constructivos\\\/#primaryimage\"},\"image\":{\"@id\":\"https:\\\/\\\/www.caudete.org\\\/ayuntamiento\\\/la-excavacion-en-el-real-va-descubriendo-restos-constructivos\\\/#primaryimage\"},\"thumbnailUrl\":\"https:\\\/\\\/www.caudete.org\\\/ayuntamiento\\\/wp-content\\\/uploads\\\/2021\\\/07\\\/IMG_0013.jpg\",\"datePublished\":\"2021-07-27T09:00:08+00:00\",\"author\":{\"@id\":\"https:\\\/\\\/www.caudete.org\\\/ayuntamiento\\\/#\\\/schema\\\/person\\\/cc646da9133078ee4d8dd47457947253\"},\"description\":\"P\u00e1gina Oficial del Ayuntamiento de Caudete (Albacete)\",\"breadcrumb\":{\"@id\":\"https:\\\/\\\/www.caudete.org\\\/ayuntamiento\\\/la-excavacion-en-el-real-va-descubriendo-restos-constructivos\\\/#breadcrumb\"},\"inLanguage\":\"es\",\"potentialAction\":[{\"@type\":\"ReadAction\",\"target\":[\"https:\\\/\\\/www.caudete.org\\\/ayuntamiento\\\/la-excavacion-en-el-real-va-descubriendo-restos-constructivos\\\/\"]}]},{\"@type\":\"ImageObject\",\"inLanguage\":\"es\",\"@id\":\"https:\\\/\\\/www.caudete.org\\\/ayuntamiento\\\/la-excavacion-en-el-real-va-descubriendo-restos-constructivos\\\/#primaryimage\",\"url\":\"https:\\\/\\\/www.caudete.org\\\/ayuntamiento\\\/wp-content\\\/uploads\\\/2021\\\/07\\\/IMG_0013.jpg\",\"contentUrl\":\"https:\\\/\\\/www.caudete.org\\\/ayuntamiento\\\/wp-content\\\/uploads\\\/2021\\\/07\\\/IMG_0013.jpg\",\"width\":2048,\"height\":1365},{\"@type\":\"BreadcrumbList\",\"@id\":\"https:\\\/\\\/www.caudete.org\\\/ayuntamiento\\\/la-excavacion-en-el-real-va-descubriendo-restos-constructivos\\\/#breadcrumb\",\"itemListElement\":[{\"@type\":\"ListItem\",\"position\":1,\"name\":\"Inicio\",\"item\":\"https:\\\/\\\/www.caudete.org\\\/ayuntamiento\\\/\"},{\"@type\":\"ListItem\",\"position\":2,\"name\":\"La excavaci\u00f3n en EL REAL va descubriendo restos constructivos\"}]},{\"@type\":\"WebSite\",\"@id\":\"https:\\\/\\\/www.caudete.org\\\/ayuntamiento\\\/#website\",\"url\":\"https:\\\/\\\/www.caudete.org\\\/ayuntamiento\\\/\",\"name\":\"MI Ayuntamiento de Caudete\",\"description\":\"P\u00e1gina Oficial del MI Ayuntamiento de Caudete\",\"potentialAction\":[{\"@type\":\"SearchAction\",\"target\":{\"@type\":\"EntryPoint\",\"urlTemplate\":\"https:\\\/\\\/www.caudete.org\\\/ayuntamiento\\\/?s={search_term_string}\"},\"query-input\":{\"@type\":\"PropertyValueSpecification\",\"valueRequired\":true,\"valueName\":\"search_term_string\"}}],\"inLanguage\":\"es\"},{\"@type\":\"Person\",\"@id\":\"https:\\\/\\\/www.caudete.org\\\/ayuntamiento\\\/#\\\/schema\\\/person\\\/cc646da9133078ee4d8dd47457947253\",\"name\":\"alcalde\",\"image\":{\"@type\":\"ImageObject\",\"inLanguage\":\"es\",\"@id\":\"https:\\\/\\\/secure.gravatar.com\\\/avatar\\\/84a817ba065b29ff08d666b215a215f5c79186a645ccb25b14a663d48a130f77?s=96&d=mm&r=g\",\"url\":\"https:\\\/\\\/secure.gravatar.com\\\/avatar\\\/84a817ba065b29ff08d666b215a215f5c79186a645ccb25b14a663d48a130f77?s=96&d=mm&r=g\",\"contentUrl\":\"https:\\\/\\\/secure.gravatar.com\\\/avatar\\\/84a817ba065b29ff08d666b215a215f5c79186a645ccb25b14a663d48a130f77?s=96&d=mm&r=g\",\"caption\":\"alcalde\"},\"url\":\"https:\\\/\\\/www.caudete.org\\\/ayuntamiento\\\/author\\\/alcalde\\\/\"}]}<\/script>\n<!-- \/ Yoast SEO plugin. -->","yoast_head_json":{"title":"La excavaci\u00f3n en EL REAL va descubriendo restos constructivos - MI Ayuntamiento de Caudete","description":"P\u00e1gina Oficial del Ayuntamiento de Caudete (Albacete)","robots":{"index":"index","follow":"follow","max-snippet":"max-snippet:-1","max-image-preview":"max-image-preview:large","max-video-preview":"max-video-preview:-1"},"canonical":"https:\/\/www.caudete.org\/ayuntamiento\/la-excavacion-en-el-real-va-descubriendo-restos-constructivos\/","og_locale":"es_ES","og_type":"article","og_title":"La excavaci\u00f3n en EL REAL va descubriendo restos constructivos - MI Ayuntamiento de Caudete","og_description":"P\u00e1gina Oficial del Ayuntamiento de Caudete (Albacete)","og_url":"https:\/\/www.caudete.org\/ayuntamiento\/la-excavacion-en-el-real-va-descubriendo-restos-constructivos\/","og_site_name":"MI Ayuntamiento de Caudete","article_publisher":"https:\/\/www.facebook.com\/ayuntamientocaudete\/","article_published_time":"2021-07-27T09:00:08+00:00","og_image":[{"width":2048,"height":1365,"url":"https:\/\/www.caudete.org\/ayuntamiento\/wp-content\/uploads\/2021\/07\/IMG_0013.jpg","type":"image\/jpeg"}],"author":"alcalde","twitter_card":"summary_large_image","twitter_misc":{"Escrito por":"alcalde","Tiempo de lectura":"1 minuto"},"schema":{"@context":"https:\/\/schema.org","@graph":[{"@type":"Article","@id":"https:\/\/www.caudete.org\/ayuntamiento\/la-excavacion-en-el-real-va-descubriendo-restos-constructivos\/#article","isPartOf":{"@id":"https:\/\/www.caudete.org\/ayuntamiento\/la-excavacion-en-el-real-va-descubriendo-restos-constructivos\/"},"author":{"name":"alcalde","@id":"https:\/\/www.caudete.org\/ayuntamiento\/#\/schema\/person\/cc646da9133078ee4d8dd47457947253"},"headline":"La excavaci\u00f3n en EL REAL va descubriendo restos constructivos","datePublished":"2021-07-27T09:00:08+00:00","mainEntityOfPage":{"@id":"https:\/\/www.caudete.org\/ayuntamiento\/la-excavacion-en-el-real-va-descubriendo-restos-constructivos\/"},"wordCount":248,"image":{"@id":"https:\/\/www.caudete.org\/ayuntamiento\/la-excavacion-en-el-real-va-descubriendo-restos-constructivos\/#primaryimage"},"thumbnailUrl":"https:\/\/www.caudete.org\/ayuntamiento\/wp-content\/uploads\/2021\/07\/IMG_0013.jpg","articleSection":["Patrimonio"],"inLanguage":"es"},{"@type":"WebPage","@id":"https:\/\/www.caudete.org\/ayuntamiento\/la-excavacion-en-el-real-va-descubriendo-restos-constructivos\/","url":"https:\/\/www.caudete.org\/ayuntamiento\/la-excavacion-en-el-real-va-descubriendo-restos-constructivos\/","name":"La excavaci\u00f3n en EL REAL va descubriendo restos constructivos - MI Ayuntamiento de Caudete","isPartOf":{"@id":"https:\/\/www.caudete.org\/ayuntamiento\/#website"},"primaryImageOfPage":{"@id":"https:\/\/www.caudete.org\/ayuntamiento\/la-excavacion-en-el-real-va-descubriendo-restos-constructivos\/#primaryimage"},"image":{"@id":"https:\/\/www.caudete.org\/ayuntamiento\/la-excavacion-en-el-real-va-descubriendo-restos-constructivos\/#primaryimage"},"thumbnailUrl":"https:\/\/www.caudete.org\/ayuntamiento\/wp-content\/uploads\/2021\/07\/IMG_0013.jpg","datePublished":"2021-07-27T09:00:08+00:00","author":{"@id":"https:\/\/www.caudete.org\/ayuntamiento\/#\/schema\/person\/cc646da9133078ee4d8dd47457947253"},"description":"P\u00e1gina Oficial del Ayuntamiento de Caudete (Albacete)","breadcrumb":{"@id":"https:\/\/www.caudete.org\/ayuntamiento\/la-excavacion-en-el-real-va-descubriendo-restos-constructivos\/#breadcrumb"},"inLanguage":"es","potentialAction":[{"@type":"ReadAction","target":["https:\/\/www.caudete.org\/ayuntamiento\/la-excavacion-en-el-real-va-descubriendo-restos-constructivos\/"]}]},{"@type":"ImageObject","inLanguage":"es","@id":"https:\/\/www.caudete.org\/ayuntamiento\/la-excavacion-en-el-real-va-descubriendo-restos-constructivos\/#primaryimage","url":"https:\/\/www.caudete.org\/ayuntamiento\/wp-content\/uploads\/2021\/07\/IMG_0013.jpg","contentUrl":"https:\/\/www.caudete.org\/ayuntamiento\/wp-content\/uploads\/2021\/07\/IMG_0013.jpg","width":2048,"height":1365},{"@type":"BreadcrumbList","@id":"https:\/\/www.caudete.org\/ayuntamiento\/la-excavacion-en-el-real-va-descubriendo-restos-constructivos\/#breadcrumb","itemListElement":[{"@type":"ListItem","position":1,"name":"Inicio","item":"https:\/\/www.caudete.org\/ayuntamiento\/"},{"@type":"ListItem","position":2,"name":"La excavaci\u00f3n en EL REAL va descubriendo restos constructivos"}]},{"@type":"WebSite","@id":"https:\/\/www.caudete.org\/ayuntamiento\/#website","url":"https:\/\/www.caudete.org\/ayuntamiento\/","name":"MI Ayuntamiento de Caudete","description":"P\u00e1gina Oficial del MI Ayuntamiento de Caudete","potentialAction":[{"@type":"SearchAction","target":{"@type":"EntryPoint","urlTemplate":"https:\/\/www.caudete.org\/ayuntamiento\/?s={search_term_string}"},"query-input":{"@type":"PropertyValueSpecification","valueRequired":true,"valueName":"search_term_string"}}],"inLanguage":"es"},{"@type":"Person","@id":"https:\/\/www.caudete.org\/ayuntamiento\/#\/schema\/person\/cc646da9133078ee4d8dd47457947253","name":"alcalde","image":{"@type":"ImageObject","inLanguage":"es","@id":"https:\/\/secure.gravatar.com\/avatar\/84a817ba065b29ff08d666b215a215f5c79186a645ccb25b14a663d48a130f77?s=96&d=mm&r=g","url":"https:\/\/secure.gravatar.com\/avatar\/84a817ba065b29ff08d666b215a215f5c79186a645ccb25b14a663d48a130f77?s=96&d=mm&r=g","contentUrl":"https:\/\/secure.gravatar.com\/avatar\/84a817ba065b29ff08d666b215a215f5c79186a645ccb25b14a663d48a130f77?s=96&d=mm&r=g","caption":"alcalde"},"url":"https:\/\/www.caudete.org\/ayuntamiento\/author\/alcalde\/"}]}},"_links":{"self":[{"href":"https:\/\/www.caudete.org\/ayuntamiento\/wp-json\/wp\/v2\/posts\/15514","targetHints":{"allow":["GET"]}}],"collection":[{"href":"https:\/\/www.caudete.org\/ayuntamiento\/wp-json\/wp\/v2\/posts"}],"about":[{"href":"https:\/\/www.caudete.org\/ayuntamiento\/wp-json\/wp\/v2\/types\/post"}],"author":[{"embeddable":true,"href":"https:\/\/www.caudete.org\/ayuntamiento\/wp-json\/wp\/v2\/users\/3"}],"replies":[{"embeddable":true,"href":"https:\/\/www.caudete.org\/ayuntamiento\/wp-json\/wp\/v2\/comments?post=15514"}],"version-history":[{"count":1,"href":"https:\/\/www.caudete.org\/ayuntamiento\/wp-json\/wp\/v2\/posts\/15514\/revisions"}],"predecessor-version":[{"id":15516,"href":"https:\/\/www.caudete.org\/ayuntamiento\/wp-json\/wp\/v2\/posts\/15514\/revisions\/15516"}],"wp:featuredmedia":[{"embeddable":true,"href":"https:\/\/www.caudete.org\/ayuntamiento\/wp-json\/wp\/v2\/media\/15515"}],"wp:attachment":[{"href":"https:\/\/www.caudete.org\/ayuntamiento\/wp-json\/wp\/v2\/media?parent=15514"}],"wp:term":[{"taxonomy":"category","embeddable":true,"href":"https:\/\/www.caudete.org\/ayuntamiento\/wp-json\/wp\/v2\/categories?post=15514"},{"taxonomy":"post_tag","embeddable":true,"href":"https:\/\/www.caudete.org\/ayuntamiento\/wp-json\/wp\/v2\/tags?post=15514"}],"curies":[{"name":"wp","href":"https:\/\/api.w.org\/{rel}","templated":true}]}}