{"id":15585,"date":"2021-07-28T15:43:13","date_gmt":"2021-07-28T13:43:13","guid":{"rendered":"https:\/\/www.caudete.org\/ayuntamiento\/?p=15585"},"modified":"2021-07-28T18:55:56","modified_gmt":"2021-07-28T16:55:56","slug":"actualizacion-de-letreros-de-calles-en-el-casco-antiguo","status":"publish","type":"post","link":"https:\/\/www.caudete.org\/ayuntamiento\/actualizacion-de-letreros-de-calles-en-el-casco-antiguo\/","title":{"rendered":"Actualizaci\u00f3n de letreros de Calles en el Casco Antiguo"},"content":{"rendered":"<p style=\"text-align: justify;\">Esta semana la Brigada de Obras Municipal ha estado realizando trabajos de reposici\u00f3n y renovaci\u00f3n de se\u00f1alizaci\u00f3n en diversas calles del municipio. Entre otros, la Concejal\u00eda de Movilidad ha llevado a cabo la renovaci\u00f3n de los carteles de <em>nomenclator<\/em> de diferentes calles ubicadas en el Casco Antiguo.<\/p>\n<p style=\"text-align: justify;\">Con un nuevo dise\u00f1o, m\u00e1s est\u00e9tico y acorde al entorno, se ha procedido con la sustituci\u00f3n de m\u00e1s de una veintena de placas, que guardan relaci\u00f3n con las ya ubicadas en diferentes zonas de la localidad.<\/p>\n<p style=\"text-align: justify;\">Imitando un conjunto de azulejer\u00eda, con un ligero ribete ornamentado, las calles con mayor historia de la localidad ven mejorada su est\u00e9tica y su legibilidad.<\/p>\n<p style=\"text-align: justify;\">Comentaba el Edil, Joaqu\u00edn Pag\u00e1n, que esta actuaci\u00f3n es una 1\u00aa fase en la zona, quedando pendiente completar con m\u00e1s placas estas mismas calles, y las aleda\u00f1as. As\u00ed pues, mostraba que en cuanto a la sustituci\u00f3n, el objetivo primero es actuar sobre el Casco Antiguo, en concreto Barrio de La Villa, Barrio de Santa Ana, Barrio de El Moto y Barrio de San Francisco; y una vez cubierta estas zonas, actuar en el resto seg\u00fan necesidad.<\/p>\n<p style=\"text-align: justify;\">En esta ocasi\u00f3n, las calles que han visto realizada esta mejora han sido:<\/p>\n<p style=\"text-align: center;\"><strong><span style=\"text-decoration: underline;\">Barrio &#8220;La Villa&#8221;:<\/span><\/strong><\/p>\n<p style=\"text-align: center;\">&#8211; Calle Santa B\u00e1rbara.<\/p>\n<p style=\"text-align: center;\">&#8211; Calle San Antonio Abad.<\/p>\n<p style=\"text-align: center;\">&#8211; Calle Mayor.<\/p>\n<p style=\"text-align: center;\">&#8211; Calle Abad\u00eda.<\/p>\n<p style=\"text-align: center;\">&#8211; Calle El Teatro.<\/p>\n<p style=\"text-align: center;\">&#8211; Calle Jos\u00e9 Olivares.<\/p>\n<p style=\"text-align: center;\">&#8211; Calle Gerardo Mates.<\/p>\n<p style=\"text-align: center;\">&#8211; Calle Jos\u00e9 Ruiz Ruiz.<\/p>\n<p>&nbsp;<\/p>\n<p style=\"text-align: center;\"><strong><span style=\"text-decoration: underline;\">Barrio &#8220;Santa Ana&#8221;:<\/span><\/strong><\/p>\n<p style=\"text-align: center;\">&#8211; Plaza Santa Ana.<\/p>\n<p style=\"text-align: center;\">&#8211; Calle El Calvario.<\/p>\n<p style=\"text-align: center;\">&#8211; Calle San Blas.<\/p>\n<p style=\"text-align: center;\">&#8211; Calle San Juan.<\/p>\n<p style=\"text-align: center;\">&#8211; Calle San Eduardo.<\/p>\n<p style=\"text-align: center;\">&#8211; Calle San Pablo.<\/p>\n<p style=\"text-align: center;\">&#8211; Calle San Miguel.<\/p>\n<p style=\"text-align: center;\">&#8211; Plaza San Crist\u00f3bal.<\/p>\n<p style=\"text-align: center;\">&#8211; Calle Madrid.<\/p>\n<p style=\"text-align: center;\">&#8211; Calle Santa Ana.<\/p>\n<p style=\"text-align: center;\">&#8211; Calle San Pedro.<\/p>\n<p style=\"text-align: center;\">&#8211; Calle San Joaqu\u00edn.<\/p>\n<p style=\"text-align: center;\">&#8211; Calle San El\u00edas.<\/p>\n<p>&nbsp;<\/p>\n<p style=\"text-align: center;\"><strong><span style=\"text-decoration: underline;\">Barrio &#8220;El Moto&#8221;:<\/span><\/strong><\/p>\n<p style=\"text-align: center;\">&#8211; Calle El \u00c1ngel.<\/p>\n<p style=\"text-align: center;\">&#8211; Calle Juan \u00c1ngel Amor\u00f3s.<\/p>\n<p><a href=\"https:\/\/www.caudete.org\/ayuntamiento\/wp-content\/uploads\/2021\/07\/IMG_20210728_104401-scaled.jpg\" rel='prettyPhoto'><img fetchpriority=\"high\" decoding=\"async\" class=\"aligncenter wp-image-15586 size-medium\" src=\"https:\/\/www.caudete.org\/ayuntamiento\/wp-content\/uploads\/2021\/07\/IMG_20210728_104401-300x225.jpg\" alt=\"\" width=\"300\" height=\"225\" srcset=\"https:\/\/www.caudete.org\/ayuntamiento\/wp-content\/uploads\/2021\/07\/IMG_20210728_104401-300x225.jpg 300w, https:\/\/www.caudete.org\/ayuntamiento\/wp-content\/uploads\/2021\/07\/IMG_20210728_104401-1024x768.jpg 1024w, https:\/\/www.caudete.org\/ayuntamiento\/wp-content\/uploads\/2021\/07\/IMG_20210728_104401-768x576.jpg 768w, https:\/\/www.caudete.org\/ayuntamiento\/wp-content\/uploads\/2021\/07\/IMG_20210728_104401-1536x1152.jpg 1536w, https:\/\/www.caudete.org\/ayuntamiento\/wp-content\/uploads\/2021\/07\/IMG_20210728_104401-2048x1536.jpg 2048w\" sizes=\"(max-width: 300px) 100vw, 300px\" \/><\/a><\/p>\n","protected":false},"excerpt":{"rendered":"<p>Esta semana la Brigada de Obras Municipal ha estado realizando trabajos de reposici\u00f3n y renovaci\u00f3n de se\u00f1alizaci\u00f3n en diversas calles del municipio. Entre otros, la Concejal\u00eda de Movilidad ha llevado a cabo la renovaci\u00f3n de los carteles de nomenclator de diferentes calles ubicadas en el Casco Antiguo. Con un nuevo dise\u00f1o, m\u00e1s est\u00e9tico y acorde &hellip;<\/p>\n","protected":false},"author":3,"featured_media":15586,"comment_status":"closed","ping_status":"open","sticky":false,"template":"","format":"standard","meta":{"ngg_post_thumbnail":0,"footnotes":""},"categories":[46],"tags":[],"class_list":["post-15585","post","type-post","status-publish","format-standard","has-post-thumbnail","hentry","category-movilidad-urbana"],"yoast_head":"<!-- This site is optimized with the Yoast SEO plugin v27.5 - https:\/\/yoast.com\/product\/yoast-seo-wordpress\/ -->\n<title>Actualizaci\u00f3n de letreros de Calles en el Casco Antiguo - MI Ayuntamiento de Caudete<\/title>\n<meta name=\"description\" content=\"P\u00e1gina Oficial del Ayuntamiento de Caudete (Albacete)\" \/>\n<meta name=\"robots\" content=\"index, follow, max-snippet:-1, max-image-preview:large, max-video-preview:-1\" \/>\n<link rel=\"canonical\" href=\"https:\/\/www.caudete.org\/ayuntamiento\/actualizacion-de-letreros-de-calles-en-el-casco-antiguo\/\" \/>\n<meta property=\"og:locale\" content=\"es_ES\" \/>\n<meta property=\"og:type\" content=\"article\" \/>\n<meta property=\"og:title\" content=\"Actualizaci\u00f3n de letreros de Calles en el Casco Antiguo - MI Ayuntamiento de Caudete\" \/>\n<meta property=\"og:description\" content=\"P\u00e1gina Oficial del Ayuntamiento de Caudete (Albacete)\" \/>\n<meta property=\"og:url\" content=\"https:\/\/www.caudete.org\/ayuntamiento\/actualizacion-de-letreros-de-calles-en-el-casco-antiguo\/\" \/>\n<meta property=\"og:site_name\" content=\"MI Ayuntamiento de Caudete\" \/>\n<meta property=\"article:publisher\" content=\"https:\/\/www.facebook.com\/ayuntamientocaudete\/\" \/>\n<meta property=\"article:published_time\" content=\"2021-07-28T13:43:13+00:00\" \/>\n<meta property=\"article:modified_time\" content=\"2021-07-28T16:55:56+00:00\" \/>\n<meta property=\"og:image\" content=\"https:\/\/www.caudete.org\/ayuntamiento\/wp-content\/uploads\/2021\/07\/IMG_20210728_104401-scaled.jpg\" \/>\n\t<meta property=\"og:image:width\" content=\"2560\" \/>\n\t<meta property=\"og:image:height\" content=\"1920\" \/>\n\t<meta property=\"og:image:type\" content=\"image\/jpeg\" \/>\n<meta name=\"author\" content=\"alcalde\" \/>\n<meta name=\"twitter:card\" content=\"summary_large_image\" \/>\n<meta name=\"twitter:label1\" content=\"Escrito por\" \/>\n\t<meta name=\"twitter:data1\" content=\"alcalde\" \/>\n\t<meta name=\"twitter:label2\" content=\"Tiempo de lectura\" \/>\n\t<meta name=\"twitter:data2\" content=\"2 minutos\" \/>\n<script type=\"application\/ld+json\" class=\"yoast-schema-graph\">{\"@context\":\"https:\\\/\\\/schema.org\",\"@graph\":[{\"@type\":\"Article\",\"@id\":\"https:\\\/\\\/www.caudete.org\\\/ayuntamiento\\\/actualizacion-de-letreros-de-calles-en-el-casco-antiguo\\\/#article\",\"isPartOf\":{\"@id\":\"https:\\\/\\\/www.caudete.org\\\/ayuntamiento\\\/actualizacion-de-letreros-de-calles-en-el-casco-antiguo\\\/\"},\"author\":{\"name\":\"alcalde\",\"@id\":\"https:\\\/\\\/www.caudete.org\\\/ayuntamiento\\\/#\\\/schema\\\/person\\\/cc646da9133078ee4d8dd47457947253\"},\"headline\":\"Actualizaci\u00f3n de letreros de Calles en el Casco Antiguo\",\"datePublished\":\"2021-07-28T13:43:13+00:00\",\"dateModified\":\"2021-07-28T16:55:56+00:00\",\"mainEntityOfPage\":{\"@id\":\"https:\\\/\\\/www.caudete.org\\\/ayuntamiento\\\/actualizacion-de-letreros-de-calles-en-el-casco-antiguo\\\/\"},\"wordCount\":337,\"image\":{\"@id\":\"https:\\\/\\\/www.caudete.org\\\/ayuntamiento\\\/actualizacion-de-letreros-de-calles-en-el-casco-antiguo\\\/#primaryimage\"},\"thumbnailUrl\":\"https:\\\/\\\/www.caudete.org\\\/ayuntamiento\\\/wp-content\\\/uploads\\\/2021\\\/07\\\/IMG_20210728_104401-scaled.jpg\",\"articleSection\":[\"Movilidad Urbana\"],\"inLanguage\":\"es\"},{\"@type\":\"WebPage\",\"@id\":\"https:\\\/\\\/www.caudete.org\\\/ayuntamiento\\\/actualizacion-de-letreros-de-calles-en-el-casco-antiguo\\\/\",\"url\":\"https:\\\/\\\/www.caudete.org\\\/ayuntamiento\\\/actualizacion-de-letreros-de-calles-en-el-casco-antiguo\\\/\",\"name\":\"Actualizaci\u00f3n de letreros de Calles en el Casco Antiguo - MI Ayuntamiento de Caudete\",\"isPartOf\":{\"@id\":\"https:\\\/\\\/www.caudete.org\\\/ayuntamiento\\\/#website\"},\"primaryImageOfPage\":{\"@id\":\"https:\\\/\\\/www.caudete.org\\\/ayuntamiento\\\/actualizacion-de-letreros-de-calles-en-el-casco-antiguo\\\/#primaryimage\"},\"image\":{\"@id\":\"https:\\\/\\\/www.caudete.org\\\/ayuntamiento\\\/actualizacion-de-letreros-de-calles-en-el-casco-antiguo\\\/#primaryimage\"},\"thumbnailUrl\":\"https:\\\/\\\/www.caudete.org\\\/ayuntamiento\\\/wp-content\\\/uploads\\\/2021\\\/07\\\/IMG_20210728_104401-scaled.jpg\",\"datePublished\":\"2021-07-28T13:43:13+00:00\",\"dateModified\":\"2021-07-28T16:55:56+00:00\",\"author\":{\"@id\":\"https:\\\/\\\/www.caudete.org\\\/ayuntamiento\\\/#\\\/schema\\\/person\\\/cc646da9133078ee4d8dd47457947253\"},\"description\":\"P\u00e1gina Oficial del Ayuntamiento de Caudete (Albacete)\",\"breadcrumb\":{\"@id\":\"https:\\\/\\\/www.caudete.org\\\/ayuntamiento\\\/actualizacion-de-letreros-de-calles-en-el-casco-antiguo\\\/#breadcrumb\"},\"inLanguage\":\"es\",\"potentialAction\":[{\"@type\":\"ReadAction\",\"target\":[\"https:\\\/\\\/www.caudete.org\\\/ayuntamiento\\\/actualizacion-de-letreros-de-calles-en-el-casco-antiguo\\\/\"]}]},{\"@type\":\"ImageObject\",\"inLanguage\":\"es\",\"@id\":\"https:\\\/\\\/www.caudete.org\\\/ayuntamiento\\\/actualizacion-de-letreros-de-calles-en-el-casco-antiguo\\\/#primaryimage\",\"url\":\"https:\\\/\\\/www.caudete.org\\\/ayuntamiento\\\/wp-content\\\/uploads\\\/2021\\\/07\\\/IMG_20210728_104401-scaled.jpg\",\"contentUrl\":\"https:\\\/\\\/www.caudete.org\\\/ayuntamiento\\\/wp-content\\\/uploads\\\/2021\\\/07\\\/IMG_20210728_104401-scaled.jpg\",\"width\":2560,\"height\":1920},{\"@type\":\"BreadcrumbList\",\"@id\":\"https:\\\/\\\/www.caudete.org\\\/ayuntamiento\\\/actualizacion-de-letreros-de-calles-en-el-casco-antiguo\\\/#breadcrumb\",\"itemListElement\":[{\"@type\":\"ListItem\",\"position\":1,\"name\":\"Inicio\",\"item\":\"https:\\\/\\\/www.caudete.org\\\/ayuntamiento\\\/\"},{\"@type\":\"ListItem\",\"position\":2,\"name\":\"Actualizaci\u00f3n de letreros de Calles en el Casco Antiguo\"}]},{\"@type\":\"WebSite\",\"@id\":\"https:\\\/\\\/www.caudete.org\\\/ayuntamiento\\\/#website\",\"url\":\"https:\\\/\\\/www.caudete.org\\\/ayuntamiento\\\/\",\"name\":\"MI Ayuntamiento de Caudete\",\"description\":\"P\u00e1gina Oficial del MI Ayuntamiento de Caudete\",\"potentialAction\":[{\"@type\":\"SearchAction\",\"target\":{\"@type\":\"EntryPoint\",\"urlTemplate\":\"https:\\\/\\\/www.caudete.org\\\/ayuntamiento\\\/?s={search_term_string}\"},\"query-input\":{\"@type\":\"PropertyValueSpecification\",\"valueRequired\":true,\"valueName\":\"search_term_string\"}}],\"inLanguage\":\"es\"},{\"@type\":\"Person\",\"@id\":\"https:\\\/\\\/www.caudete.org\\\/ayuntamiento\\\/#\\\/schema\\\/person\\\/cc646da9133078ee4d8dd47457947253\",\"name\":\"alcalde\",\"image\":{\"@type\":\"ImageObject\",\"inLanguage\":\"es\",\"@id\":\"https:\\\/\\\/secure.gravatar.com\\\/avatar\\\/84a817ba065b29ff08d666b215a215f5c79186a645ccb25b14a663d48a130f77?s=96&d=mm&r=g\",\"url\":\"https:\\\/\\\/secure.gravatar.com\\\/avatar\\\/84a817ba065b29ff08d666b215a215f5c79186a645ccb25b14a663d48a130f77?s=96&d=mm&r=g\",\"contentUrl\":\"https:\\\/\\\/secure.gravatar.com\\\/avatar\\\/84a817ba065b29ff08d666b215a215f5c79186a645ccb25b14a663d48a130f77?s=96&d=mm&r=g\",\"caption\":\"alcalde\"},\"url\":\"https:\\\/\\\/www.caudete.org\\\/ayuntamiento\\\/author\\\/alcalde\\\/\"}]}<\/script>\n<!-- \/ Yoast SEO plugin. -->","yoast_head_json":{"title":"Actualizaci\u00f3n de letreros de Calles en el Casco Antiguo - MI Ayuntamiento de Caudete","description":"P\u00e1gina Oficial del Ayuntamiento de Caudete (Albacete)","robots":{"index":"index","follow":"follow","max-snippet":"max-snippet:-1","max-image-preview":"max-image-preview:large","max-video-preview":"max-video-preview:-1"},"canonical":"https:\/\/www.caudete.org\/ayuntamiento\/actualizacion-de-letreros-de-calles-en-el-casco-antiguo\/","og_locale":"es_ES","og_type":"article","og_title":"Actualizaci\u00f3n de letreros de Calles en el Casco Antiguo - MI Ayuntamiento de Caudete","og_description":"P\u00e1gina Oficial del Ayuntamiento de Caudete (Albacete)","og_url":"https:\/\/www.caudete.org\/ayuntamiento\/actualizacion-de-letreros-de-calles-en-el-casco-antiguo\/","og_site_name":"MI Ayuntamiento de Caudete","article_publisher":"https:\/\/www.facebook.com\/ayuntamientocaudete\/","article_published_time":"2021-07-28T13:43:13+00:00","article_modified_time":"2021-07-28T16:55:56+00:00","og_image":[{"width":2560,"height":1920,"url":"https:\/\/www.caudete.org\/ayuntamiento\/wp-content\/uploads\/2021\/07\/IMG_20210728_104401-scaled.jpg","type":"image\/jpeg"}],"author":"alcalde","twitter_card":"summary_large_image","twitter_misc":{"Escrito por":"alcalde","Tiempo de lectura":"2 minutos"},"schema":{"@context":"https:\/\/schema.org","@graph":[{"@type":"Article","@id":"https:\/\/www.caudete.org\/ayuntamiento\/actualizacion-de-letreros-de-calles-en-el-casco-antiguo\/#article","isPartOf":{"@id":"https:\/\/www.caudete.org\/ayuntamiento\/actualizacion-de-letreros-de-calles-en-el-casco-antiguo\/"},"author":{"name":"alcalde","@id":"https:\/\/www.caudete.org\/ayuntamiento\/#\/schema\/person\/cc646da9133078ee4d8dd47457947253"},"headline":"Actualizaci\u00f3n de letreros de Calles en el Casco Antiguo","datePublished":"2021-07-28T13:43:13+00:00","dateModified":"2021-07-28T16:55:56+00:00","mainEntityOfPage":{"@id":"https:\/\/www.caudete.org\/ayuntamiento\/actualizacion-de-letreros-de-calles-en-el-casco-antiguo\/"},"wordCount":337,"image":{"@id":"https:\/\/www.caudete.org\/ayuntamiento\/actualizacion-de-letreros-de-calles-en-el-casco-antiguo\/#primaryimage"},"thumbnailUrl":"https:\/\/www.caudete.org\/ayuntamiento\/wp-content\/uploads\/2021\/07\/IMG_20210728_104401-scaled.jpg","articleSection":["Movilidad Urbana"],"inLanguage":"es"},{"@type":"WebPage","@id":"https:\/\/www.caudete.org\/ayuntamiento\/actualizacion-de-letreros-de-calles-en-el-casco-antiguo\/","url":"https:\/\/www.caudete.org\/ayuntamiento\/actualizacion-de-letreros-de-calles-en-el-casco-antiguo\/","name":"Actualizaci\u00f3n de letreros de Calles en el Casco Antiguo - MI Ayuntamiento de Caudete","isPartOf":{"@id":"https:\/\/www.caudete.org\/ayuntamiento\/#website"},"primaryImageOfPage":{"@id":"https:\/\/www.caudete.org\/ayuntamiento\/actualizacion-de-letreros-de-calles-en-el-casco-antiguo\/#primaryimage"},"image":{"@id":"https:\/\/www.caudete.org\/ayuntamiento\/actualizacion-de-letreros-de-calles-en-el-casco-antiguo\/#primaryimage"},"thumbnailUrl":"https:\/\/www.caudete.org\/ayuntamiento\/wp-content\/uploads\/2021\/07\/IMG_20210728_104401-scaled.jpg","datePublished":"2021-07-28T13:43:13+00:00","dateModified":"2021-07-28T16:55:56+00:00","author":{"@id":"https:\/\/www.caudete.org\/ayuntamiento\/#\/schema\/person\/cc646da9133078ee4d8dd47457947253"},"description":"P\u00e1gina Oficial del Ayuntamiento de Caudete (Albacete)","breadcrumb":{"@id":"https:\/\/www.caudete.org\/ayuntamiento\/actualizacion-de-letreros-de-calles-en-el-casco-antiguo\/#breadcrumb"},"inLanguage":"es","potentialAction":[{"@type":"ReadAction","target":["https:\/\/www.caudete.org\/ayuntamiento\/actualizacion-de-letreros-de-calles-en-el-casco-antiguo\/"]}]},{"@type":"ImageObject","inLanguage":"es","@id":"https:\/\/www.caudete.org\/ayuntamiento\/actualizacion-de-letreros-de-calles-en-el-casco-antiguo\/#primaryimage","url":"https:\/\/www.caudete.org\/ayuntamiento\/wp-content\/uploads\/2021\/07\/IMG_20210728_104401-scaled.jpg","contentUrl":"https:\/\/www.caudete.org\/ayuntamiento\/wp-content\/uploads\/2021\/07\/IMG_20210728_104401-scaled.jpg","width":2560,"height":1920},{"@type":"BreadcrumbList","@id":"https:\/\/www.caudete.org\/ayuntamiento\/actualizacion-de-letreros-de-calles-en-el-casco-antiguo\/#breadcrumb","itemListElement":[{"@type":"ListItem","position":1,"name":"Inicio","item":"https:\/\/www.caudete.org\/ayuntamiento\/"},{"@type":"ListItem","position":2,"name":"Actualizaci\u00f3n de letreros de Calles en el Casco Antiguo"}]},{"@type":"WebSite","@id":"https:\/\/www.caudete.org\/ayuntamiento\/#website","url":"https:\/\/www.caudete.org\/ayuntamiento\/","name":"MI Ayuntamiento de Caudete","description":"P\u00e1gina Oficial del MI Ayuntamiento de Caudete","potentialAction":[{"@type":"SearchAction","target":{"@type":"EntryPoint","urlTemplate":"https:\/\/www.caudete.org\/ayuntamiento\/?s={search_term_string}"},"query-input":{"@type":"PropertyValueSpecification","valueRequired":true,"valueName":"search_term_string"}}],"inLanguage":"es"},{"@type":"Person","@id":"https:\/\/www.caudete.org\/ayuntamiento\/#\/schema\/person\/cc646da9133078ee4d8dd47457947253","name":"alcalde","image":{"@type":"ImageObject","inLanguage":"es","@id":"https:\/\/secure.gravatar.com\/avatar\/84a817ba065b29ff08d666b215a215f5c79186a645ccb25b14a663d48a130f77?s=96&d=mm&r=g","url":"https:\/\/secure.gravatar.com\/avatar\/84a817ba065b29ff08d666b215a215f5c79186a645ccb25b14a663d48a130f77?s=96&d=mm&r=g","contentUrl":"https:\/\/secure.gravatar.com\/avatar\/84a817ba065b29ff08d666b215a215f5c79186a645ccb25b14a663d48a130f77?s=96&d=mm&r=g","caption":"alcalde"},"url":"https:\/\/www.caudete.org\/ayuntamiento\/author\/alcalde\/"}]}},"_links":{"self":[{"href":"https:\/\/www.caudete.org\/ayuntamiento\/wp-json\/wp\/v2\/posts\/15585","targetHints":{"allow":["GET"]}}],"collection":[{"href":"https:\/\/www.caudete.org\/ayuntamiento\/wp-json\/wp\/v2\/posts"}],"about":[{"href":"https:\/\/www.caudete.org\/ayuntamiento\/wp-json\/wp\/v2\/types\/post"}],"author":[{"embeddable":true,"href":"https:\/\/www.caudete.org\/ayuntamiento\/wp-json\/wp\/v2\/users\/3"}],"replies":[{"embeddable":true,"href":"https:\/\/www.caudete.org\/ayuntamiento\/wp-json\/wp\/v2\/comments?post=15585"}],"version-history":[{"count":4,"href":"https:\/\/www.caudete.org\/ayuntamiento\/wp-json\/wp\/v2\/posts\/15585\/revisions"}],"predecessor-version":[{"id":15596,"href":"https:\/\/www.caudete.org\/ayuntamiento\/wp-json\/wp\/v2\/posts\/15585\/revisions\/15596"}],"wp:featuredmedia":[{"embeddable":true,"href":"https:\/\/www.caudete.org\/ayuntamiento\/wp-json\/wp\/v2\/media\/15586"}],"wp:attachment":[{"href":"https:\/\/www.caudete.org\/ayuntamiento\/wp-json\/wp\/v2\/media?parent=15585"}],"wp:term":[{"taxonomy":"category","embeddable":true,"href":"https:\/\/www.caudete.org\/ayuntamiento\/wp-json\/wp\/v2\/categories?post=15585"},{"taxonomy":"post_tag","embeddable":true,"href":"https:\/\/www.caudete.org\/ayuntamiento\/wp-json\/wp\/v2\/tags?post=15585"}],"curies":[{"name":"wp","href":"https:\/\/api.w.org\/{rel}","templated":true}]}}