{"id":15651,"date":"2021-08-02T18:24:56","date_gmt":"2021-08-02T16:24:56","guid":{"rendered":"https:\/\/www.caudete.org\/ayuntamiento\/?p=15651"},"modified":"2021-08-02T19:22:13","modified_gmt":"2021-08-02T17:22:13","slug":"convocadas-4-nuevas-plazas-de-policia-local","status":"publish","type":"post","link":"https:\/\/www.caudete.org\/ayuntamiento\/convocadas-4-nuevas-plazas-de-policia-local\/","title":{"rendered":"Convocadas 4 nuevas plazas de POLIC\u00cdA LOCAL"},"content":{"rendered":"<p style=\"text-align: justify;\">Esta ma\u00f1ana, el Alcalde Mois\u00e9s L\u00f3pez y la Concejal de Interior M\u00aadel Mar Requena, informaban de la recientemente aprobada Convocatoria y Bases de la Polic\u00eda Local, que permitir\u00e1 ampliar la plantilla en los t\u00e9rminos expresados por el Equipo de Gobierno en Enero de 2021, cuando la Concejal responsable del \u00e1rea adelantaba tal circunstancia.<\/p>\n<p style=\"text-align: justify;\">Dichas plazas, figuraron en las Ofertas de Empleo P\u00fablico 2020 y 2021 respaldadas hace unas semanas, por lo que el expediente del \u00e1rea de Personal lleva una tramitaci\u00f3n urgente y prioritaria dentro del Consistorio.<\/p>\n<p style=\"text-align: justify;\">Una plaza de OFICIAL y tres de AGENTE, por turno libre, son objeto de una convocatoria que ser\u00e1 activada una vez que sean publicadas las Bases \u00edntegras en el BOP y BOE. Las bases pueden ser consultadas en el Tabl\u00f3n de Anuncios <a href=\"https:\/\/caudete.sedipualba.es\/tablondeanuncios\/default.aspx\" target=\"_blank\" rel=\"nofollow\">https:\/\/caudete.sedipualba.es\/tablondeanuncios\/default.aspx<\/a><\/p>\n<p style=\"text-align: justify;\">As\u00ed pues, se espera que &#8220;<em>el proceso selectivo se realice tras el verano y antes de que acabe el a\u00f1o, para que quienes superen las pruebas puedan marchar a realizar la formaci\u00f3n en el mes de Enero<\/em>&#8220;, tal y como comentaba la Edil M\u00aa del Mar Requena, quien tambi\u00e9n a\u00f1ad\u00eda que &#8220;<em>para el pr\u00f3ximo a\u00f1o 2022 figura entre los objetivos el realizar una nueva Convocatoria con m\u00e1s plazas para Polic\u00eda Local<\/em>&#8220;.<\/p>\n<p style=\"text-align: justify;\">El Alcalde, por su parte, ha remarcado el &#8220;<em>compromiso del Gobierno Municipal en mejorar la seguridad ciudadana, entre cuyas acciones figura el establecer una plantilla de efectivos que permita cubrir la totalidad de servicios e incluso permita tener refuerzo en aquellos turnos que se consideren de mayor inter\u00e9s<\/em>\u201d.<\/p>\n<p style=\"text-align: justify;\">No obstante, adelantaba que se encuentran &#8220;t<em>rabajando en otras medidas que permitir\u00e1n ser \u00fatiles para los ciudadanos, y para quienes tiene la tarea de proteger y socorrer a la ciudadan\u00eda, como lo es la Red de Videovigilancia Urbana, o el Plan de Autoprotecci\u00f3n de Segundas Residencias<\/em>&#8220;.<\/p>\n","protected":false},"excerpt":{"rendered":"<p>Esta ma\u00f1ana, el Alcalde Mois\u00e9s L\u00f3pez y la Concejal de Interior M\u00aadel Mar Requena, informaban de la recientemente aprobada Convocatoria y Bases de la Polic\u00eda Local, que permitir\u00e1 ampliar la plantilla en los t\u00e9rminos expresados por el Equipo de Gobierno en Enero de 2021, cuando la Concejal responsable del \u00e1rea adelantaba tal circunstancia. Dichas plazas, &hellip;<\/p>\n","protected":false},"author":3,"featured_media":15654,"comment_status":"closed","ping_status":"open","sticky":false,"template":"","format":"standard","meta":{"ngg_post_thumbnail":0,"footnotes":""},"categories":[34],"tags":[],"class_list":["post-15651","post","type-post","status-publish","format-standard","has-post-thumbnail","hentry","category-interior"],"yoast_head":"<!-- This site is optimized with the Yoast SEO plugin v27.5 - https:\/\/yoast.com\/product\/yoast-seo-wordpress\/ -->\n<title>Convocadas 4 nuevas plazas de POLIC\u00cdA LOCAL - MI Ayuntamiento de Caudete<\/title>\n<meta name=\"description\" content=\"P\u00e1gina Oficial del Ayuntamiento de Caudete (Albacete)\" \/>\n<meta name=\"robots\" content=\"index, follow, max-snippet:-1, max-image-preview:large, max-video-preview:-1\" \/>\n<link rel=\"canonical\" href=\"https:\/\/www.caudete.org\/ayuntamiento\/convocadas-4-nuevas-plazas-de-policia-local\/\" \/>\n<meta property=\"og:locale\" content=\"es_ES\" \/>\n<meta property=\"og:type\" content=\"article\" \/>\n<meta property=\"og:title\" content=\"Convocadas 4 nuevas plazas de POLIC\u00cdA LOCAL - MI Ayuntamiento de Caudete\" \/>\n<meta property=\"og:description\" content=\"P\u00e1gina Oficial del Ayuntamiento de Caudete (Albacete)\" \/>\n<meta property=\"og:url\" content=\"https:\/\/www.caudete.org\/ayuntamiento\/convocadas-4-nuevas-plazas-de-policia-local\/\" \/>\n<meta property=\"og:site_name\" content=\"MI Ayuntamiento de Caudete\" \/>\n<meta property=\"article:publisher\" content=\"https:\/\/www.facebook.com\/ayuntamientocaudete\/\" \/>\n<meta property=\"article:published_time\" content=\"2021-08-02T16:24:56+00:00\" \/>\n<meta property=\"article:modified_time\" content=\"2021-08-02T17:22:13+00:00\" \/>\n<meta property=\"og:image\" content=\"https:\/\/www.caudete.org\/ayuntamiento\/wp-content\/uploads\/2021\/08\/Plazas-Policia-WEB.jpg\" \/>\n\t<meta property=\"og:image:width\" content=\"864\" \/>\n\t<meta property=\"og:image:height\" content=\"380\" \/>\n\t<meta property=\"og:image:type\" content=\"image\/jpeg\" \/>\n<meta name=\"author\" content=\"alcalde\" \/>\n<meta name=\"twitter:card\" content=\"summary_large_image\" \/>\n<meta name=\"twitter:label1\" content=\"Escrito por\" \/>\n\t<meta name=\"twitter:data1\" content=\"alcalde\" \/>\n\t<meta name=\"twitter:label2\" content=\"Tiempo de lectura\" \/>\n\t<meta name=\"twitter:data2\" content=\"2 minutos\" \/>\n<script type=\"application\/ld+json\" class=\"yoast-schema-graph\">{\"@context\":\"https:\\\/\\\/schema.org\",\"@graph\":[{\"@type\":\"Article\",\"@id\":\"https:\\\/\\\/www.caudete.org\\\/ayuntamiento\\\/convocadas-4-nuevas-plazas-de-policia-local\\\/#article\",\"isPartOf\":{\"@id\":\"https:\\\/\\\/www.caudete.org\\\/ayuntamiento\\\/convocadas-4-nuevas-plazas-de-policia-local\\\/\"},\"author\":{\"name\":\"alcalde\",\"@id\":\"https:\\\/\\\/www.caudete.org\\\/ayuntamiento\\\/#\\\/schema\\\/person\\\/cc646da9133078ee4d8dd47457947253\"},\"headline\":\"Convocadas 4 nuevas plazas de POLIC\u00cdA LOCAL\",\"datePublished\":\"2021-08-02T16:24:56+00:00\",\"dateModified\":\"2021-08-02T17:22:13+00:00\",\"mainEntityOfPage\":{\"@id\":\"https:\\\/\\\/www.caudete.org\\\/ayuntamiento\\\/convocadas-4-nuevas-plazas-de-policia-local\\\/\"},\"wordCount\":326,\"image\":{\"@id\":\"https:\\\/\\\/www.caudete.org\\\/ayuntamiento\\\/convocadas-4-nuevas-plazas-de-policia-local\\\/#primaryimage\"},\"thumbnailUrl\":\"https:\\\/\\\/www.caudete.org\\\/ayuntamiento\\\/wp-content\\\/uploads\\\/2021\\\/08\\\/Plazas-Policia-WEB.jpg\",\"articleSection\":[\"Interior\"],\"inLanguage\":\"es\"},{\"@type\":\"WebPage\",\"@id\":\"https:\\\/\\\/www.caudete.org\\\/ayuntamiento\\\/convocadas-4-nuevas-plazas-de-policia-local\\\/\",\"url\":\"https:\\\/\\\/www.caudete.org\\\/ayuntamiento\\\/convocadas-4-nuevas-plazas-de-policia-local\\\/\",\"name\":\"Convocadas 4 nuevas plazas de POLIC\u00cdA LOCAL - MI Ayuntamiento de Caudete\",\"isPartOf\":{\"@id\":\"https:\\\/\\\/www.caudete.org\\\/ayuntamiento\\\/#website\"},\"primaryImageOfPage\":{\"@id\":\"https:\\\/\\\/www.caudete.org\\\/ayuntamiento\\\/convocadas-4-nuevas-plazas-de-policia-local\\\/#primaryimage\"},\"image\":{\"@id\":\"https:\\\/\\\/www.caudete.org\\\/ayuntamiento\\\/convocadas-4-nuevas-plazas-de-policia-local\\\/#primaryimage\"},\"thumbnailUrl\":\"https:\\\/\\\/www.caudete.org\\\/ayuntamiento\\\/wp-content\\\/uploads\\\/2021\\\/08\\\/Plazas-Policia-WEB.jpg\",\"datePublished\":\"2021-08-02T16:24:56+00:00\",\"dateModified\":\"2021-08-02T17:22:13+00:00\",\"author\":{\"@id\":\"https:\\\/\\\/www.caudete.org\\\/ayuntamiento\\\/#\\\/schema\\\/person\\\/cc646da9133078ee4d8dd47457947253\"},\"description\":\"P\u00e1gina Oficial del Ayuntamiento de Caudete (Albacete)\",\"breadcrumb\":{\"@id\":\"https:\\\/\\\/www.caudete.org\\\/ayuntamiento\\\/convocadas-4-nuevas-plazas-de-policia-local\\\/#breadcrumb\"},\"inLanguage\":\"es\",\"potentialAction\":[{\"@type\":\"ReadAction\",\"target\":[\"https:\\\/\\\/www.caudete.org\\\/ayuntamiento\\\/convocadas-4-nuevas-plazas-de-policia-local\\\/\"]}]},{\"@type\":\"ImageObject\",\"inLanguage\":\"es\",\"@id\":\"https:\\\/\\\/www.caudete.org\\\/ayuntamiento\\\/convocadas-4-nuevas-plazas-de-policia-local\\\/#primaryimage\",\"url\":\"https:\\\/\\\/www.caudete.org\\\/ayuntamiento\\\/wp-content\\\/uploads\\\/2021\\\/08\\\/Plazas-Policia-WEB.jpg\",\"contentUrl\":\"https:\\\/\\\/www.caudete.org\\\/ayuntamiento\\\/wp-content\\\/uploads\\\/2021\\\/08\\\/Plazas-Policia-WEB.jpg\",\"width\":864,\"height\":380},{\"@type\":\"BreadcrumbList\",\"@id\":\"https:\\\/\\\/www.caudete.org\\\/ayuntamiento\\\/convocadas-4-nuevas-plazas-de-policia-local\\\/#breadcrumb\",\"itemListElement\":[{\"@type\":\"ListItem\",\"position\":1,\"name\":\"Inicio\",\"item\":\"https:\\\/\\\/www.caudete.org\\\/ayuntamiento\\\/\"},{\"@type\":\"ListItem\",\"position\":2,\"name\":\"Convocadas 4 nuevas plazas de POLIC\u00cdA LOCAL\"}]},{\"@type\":\"WebSite\",\"@id\":\"https:\\\/\\\/www.caudete.org\\\/ayuntamiento\\\/#website\",\"url\":\"https:\\\/\\\/www.caudete.org\\\/ayuntamiento\\\/\",\"name\":\"MI Ayuntamiento de Caudete\",\"description\":\"P\u00e1gina Oficial del MI Ayuntamiento de Caudete\",\"potentialAction\":[{\"@type\":\"SearchAction\",\"target\":{\"@type\":\"EntryPoint\",\"urlTemplate\":\"https:\\\/\\\/www.caudete.org\\\/ayuntamiento\\\/?s={search_term_string}\"},\"query-input\":{\"@type\":\"PropertyValueSpecification\",\"valueRequired\":true,\"valueName\":\"search_term_string\"}}],\"inLanguage\":\"es\"},{\"@type\":\"Person\",\"@id\":\"https:\\\/\\\/www.caudete.org\\\/ayuntamiento\\\/#\\\/schema\\\/person\\\/cc646da9133078ee4d8dd47457947253\",\"name\":\"alcalde\",\"image\":{\"@type\":\"ImageObject\",\"inLanguage\":\"es\",\"@id\":\"https:\\\/\\\/secure.gravatar.com\\\/avatar\\\/84a817ba065b29ff08d666b215a215f5c79186a645ccb25b14a663d48a130f77?s=96&d=mm&r=g\",\"url\":\"https:\\\/\\\/secure.gravatar.com\\\/avatar\\\/84a817ba065b29ff08d666b215a215f5c79186a645ccb25b14a663d48a130f77?s=96&d=mm&r=g\",\"contentUrl\":\"https:\\\/\\\/secure.gravatar.com\\\/avatar\\\/84a817ba065b29ff08d666b215a215f5c79186a645ccb25b14a663d48a130f77?s=96&d=mm&r=g\",\"caption\":\"alcalde\"},\"url\":\"https:\\\/\\\/www.caudete.org\\\/ayuntamiento\\\/author\\\/alcalde\\\/\"}]}<\/script>\n<!-- \/ Yoast SEO plugin. -->","yoast_head_json":{"title":"Convocadas 4 nuevas plazas de POLIC\u00cdA LOCAL - MI Ayuntamiento de Caudete","description":"P\u00e1gina Oficial del Ayuntamiento de Caudete (Albacete)","robots":{"index":"index","follow":"follow","max-snippet":"max-snippet:-1","max-image-preview":"max-image-preview:large","max-video-preview":"max-video-preview:-1"},"canonical":"https:\/\/www.caudete.org\/ayuntamiento\/convocadas-4-nuevas-plazas-de-policia-local\/","og_locale":"es_ES","og_type":"article","og_title":"Convocadas 4 nuevas plazas de POLIC\u00cdA LOCAL - MI Ayuntamiento de Caudete","og_description":"P\u00e1gina Oficial del Ayuntamiento de Caudete (Albacete)","og_url":"https:\/\/www.caudete.org\/ayuntamiento\/convocadas-4-nuevas-plazas-de-policia-local\/","og_site_name":"MI Ayuntamiento de Caudete","article_publisher":"https:\/\/www.facebook.com\/ayuntamientocaudete\/","article_published_time":"2021-08-02T16:24:56+00:00","article_modified_time":"2021-08-02T17:22:13+00:00","og_image":[{"width":864,"height":380,"url":"https:\/\/www.caudete.org\/ayuntamiento\/wp-content\/uploads\/2021\/08\/Plazas-Policia-WEB.jpg","type":"image\/jpeg"}],"author":"alcalde","twitter_card":"summary_large_image","twitter_misc":{"Escrito por":"alcalde","Tiempo de lectura":"2 minutos"},"schema":{"@context":"https:\/\/schema.org","@graph":[{"@type":"Article","@id":"https:\/\/www.caudete.org\/ayuntamiento\/convocadas-4-nuevas-plazas-de-policia-local\/#article","isPartOf":{"@id":"https:\/\/www.caudete.org\/ayuntamiento\/convocadas-4-nuevas-plazas-de-policia-local\/"},"author":{"name":"alcalde","@id":"https:\/\/www.caudete.org\/ayuntamiento\/#\/schema\/person\/cc646da9133078ee4d8dd47457947253"},"headline":"Convocadas 4 nuevas plazas de POLIC\u00cdA LOCAL","datePublished":"2021-08-02T16:24:56+00:00","dateModified":"2021-08-02T17:22:13+00:00","mainEntityOfPage":{"@id":"https:\/\/www.caudete.org\/ayuntamiento\/convocadas-4-nuevas-plazas-de-policia-local\/"},"wordCount":326,"image":{"@id":"https:\/\/www.caudete.org\/ayuntamiento\/convocadas-4-nuevas-plazas-de-policia-local\/#primaryimage"},"thumbnailUrl":"https:\/\/www.caudete.org\/ayuntamiento\/wp-content\/uploads\/2021\/08\/Plazas-Policia-WEB.jpg","articleSection":["Interior"],"inLanguage":"es"},{"@type":"WebPage","@id":"https:\/\/www.caudete.org\/ayuntamiento\/convocadas-4-nuevas-plazas-de-policia-local\/","url":"https:\/\/www.caudete.org\/ayuntamiento\/convocadas-4-nuevas-plazas-de-policia-local\/","name":"Convocadas 4 nuevas plazas de POLIC\u00cdA LOCAL - MI Ayuntamiento de Caudete","isPartOf":{"@id":"https:\/\/www.caudete.org\/ayuntamiento\/#website"},"primaryImageOfPage":{"@id":"https:\/\/www.caudete.org\/ayuntamiento\/convocadas-4-nuevas-plazas-de-policia-local\/#primaryimage"},"image":{"@id":"https:\/\/www.caudete.org\/ayuntamiento\/convocadas-4-nuevas-plazas-de-policia-local\/#primaryimage"},"thumbnailUrl":"https:\/\/www.caudete.org\/ayuntamiento\/wp-content\/uploads\/2021\/08\/Plazas-Policia-WEB.jpg","datePublished":"2021-08-02T16:24:56+00:00","dateModified":"2021-08-02T17:22:13+00:00","author":{"@id":"https:\/\/www.caudete.org\/ayuntamiento\/#\/schema\/person\/cc646da9133078ee4d8dd47457947253"},"description":"P\u00e1gina Oficial del Ayuntamiento de Caudete (Albacete)","breadcrumb":{"@id":"https:\/\/www.caudete.org\/ayuntamiento\/convocadas-4-nuevas-plazas-de-policia-local\/#breadcrumb"},"inLanguage":"es","potentialAction":[{"@type":"ReadAction","target":["https:\/\/www.caudete.org\/ayuntamiento\/convocadas-4-nuevas-plazas-de-policia-local\/"]}]},{"@type":"ImageObject","inLanguage":"es","@id":"https:\/\/www.caudete.org\/ayuntamiento\/convocadas-4-nuevas-plazas-de-policia-local\/#primaryimage","url":"https:\/\/www.caudete.org\/ayuntamiento\/wp-content\/uploads\/2021\/08\/Plazas-Policia-WEB.jpg","contentUrl":"https:\/\/www.caudete.org\/ayuntamiento\/wp-content\/uploads\/2021\/08\/Plazas-Policia-WEB.jpg","width":864,"height":380},{"@type":"BreadcrumbList","@id":"https:\/\/www.caudete.org\/ayuntamiento\/convocadas-4-nuevas-plazas-de-policia-local\/#breadcrumb","itemListElement":[{"@type":"ListItem","position":1,"name":"Inicio","item":"https:\/\/www.caudete.org\/ayuntamiento\/"},{"@type":"ListItem","position":2,"name":"Convocadas 4 nuevas plazas de POLIC\u00cdA LOCAL"}]},{"@type":"WebSite","@id":"https:\/\/www.caudete.org\/ayuntamiento\/#website","url":"https:\/\/www.caudete.org\/ayuntamiento\/","name":"MI Ayuntamiento de Caudete","description":"P\u00e1gina Oficial del MI Ayuntamiento de Caudete","potentialAction":[{"@type":"SearchAction","target":{"@type":"EntryPoint","urlTemplate":"https:\/\/www.caudete.org\/ayuntamiento\/?s={search_term_string}"},"query-input":{"@type":"PropertyValueSpecification","valueRequired":true,"valueName":"search_term_string"}}],"inLanguage":"es"},{"@type":"Person","@id":"https:\/\/www.caudete.org\/ayuntamiento\/#\/schema\/person\/cc646da9133078ee4d8dd47457947253","name":"alcalde","image":{"@type":"ImageObject","inLanguage":"es","@id":"https:\/\/secure.gravatar.com\/avatar\/84a817ba065b29ff08d666b215a215f5c79186a645ccb25b14a663d48a130f77?s=96&d=mm&r=g","url":"https:\/\/secure.gravatar.com\/avatar\/84a817ba065b29ff08d666b215a215f5c79186a645ccb25b14a663d48a130f77?s=96&d=mm&r=g","contentUrl":"https:\/\/secure.gravatar.com\/avatar\/84a817ba065b29ff08d666b215a215f5c79186a645ccb25b14a663d48a130f77?s=96&d=mm&r=g","caption":"alcalde"},"url":"https:\/\/www.caudete.org\/ayuntamiento\/author\/alcalde\/"}]}},"_links":{"self":[{"href":"https:\/\/www.caudete.org\/ayuntamiento\/wp-json\/wp\/v2\/posts\/15651","targetHints":{"allow":["GET"]}}],"collection":[{"href":"https:\/\/www.caudete.org\/ayuntamiento\/wp-json\/wp\/v2\/posts"}],"about":[{"href":"https:\/\/www.caudete.org\/ayuntamiento\/wp-json\/wp\/v2\/types\/post"}],"author":[{"embeddable":true,"href":"https:\/\/www.caudete.org\/ayuntamiento\/wp-json\/wp\/v2\/users\/3"}],"replies":[{"embeddable":true,"href":"https:\/\/www.caudete.org\/ayuntamiento\/wp-json\/wp\/v2\/comments?post=15651"}],"version-history":[{"count":1,"href":"https:\/\/www.caudete.org\/ayuntamiento\/wp-json\/wp\/v2\/posts\/15651\/revisions"}],"predecessor-version":[{"id":15653,"href":"https:\/\/www.caudete.org\/ayuntamiento\/wp-json\/wp\/v2\/posts\/15651\/revisions\/15653"}],"wp:featuredmedia":[{"embeddable":true,"href":"https:\/\/www.caudete.org\/ayuntamiento\/wp-json\/wp\/v2\/media\/15654"}],"wp:attachment":[{"href":"https:\/\/www.caudete.org\/ayuntamiento\/wp-json\/wp\/v2\/media?parent=15651"}],"wp:term":[{"taxonomy":"category","embeddable":true,"href":"https:\/\/www.caudete.org\/ayuntamiento\/wp-json\/wp\/v2\/categories?post=15651"},{"taxonomy":"post_tag","embeddable":true,"href":"https:\/\/www.caudete.org\/ayuntamiento\/wp-json\/wp\/v2\/tags?post=15651"}],"curies":[{"name":"wp","href":"https:\/\/api.w.org\/{rel}","templated":true}]}}