{"id":15655,"date":"2021-08-02T19:32:08","date_gmt":"2021-08-02T17:32:08","guid":{"rendered":"https:\/\/www.caudete.org\/ayuntamiento\/?p=15655"},"modified":"2021-08-02T20:14:09","modified_gmt":"2021-08-02T18:14:09","slug":"hasta-el-13-agosto-se-podra-solicitar-inscripcion-al-plan-de-empleo","status":"publish","type":"post","link":"https:\/\/www.caudete.org\/ayuntamiento\/hasta-el-13-agosto-se-podra-solicitar-inscripcion-al-plan-de-empleo\/","title":{"rendered":"Hasta el 13 Agosto se podr\u00e1 solicitar inscripci\u00f3n al PLAN DE EMPLEO"},"content":{"rendered":"<p style=\"text-align: left;\">La Concejal de Empleo y Formaci\u00f3n, M\u00aa del Mar Requena, ha recordado esta ma\u00f1ana que el periodo de solicitud de inscripci\u00f3n al Plan de Empleo 2021 concluir\u00e1 el pr\u00f3ximo viernes 13 de Agosto.<\/p>\n<p style=\"text-align: left;\">La resoluci\u00f3n de esta nueva convocatoria otorga a Caudete un total de 79 contratos, los cuales se celebrar\u00e1n desde Septiembre 2021 hasta Noviembre 2022, periodo m\u00e1ximo que permiten las Bases de la JCCM. La duraci\u00f3n m\u00e1xima de cada uno de ellos ser\u00e1 de 6 meses, y se distribuir\u00e1n en los siguientes proyectos:<\/p>\n<p>&nbsp;<\/p>\n<table style=\"width: 62.1399%; height: 169px;\" width=\"499\">\n<tbody>\n<tr style=\"height: 55px;\">\n<td style=\"width: 79.2633%; height: 36px;\" width=\"225\"><strong>PROYECTO APOYO \u00c1REA MEDIOAMBIENTAL<\/strong><\/td>\n<td style=\"width: 58.0052%; height: 36px; text-align: center;\" width=\"91\"><strong>24<\/strong><\/td>\n<\/tr>\n<tr style=\"height: 55px;\">\n<td style=\"width: 79.2633%; height: 34px;\" width=\"225\"><strong>PROYECTO APOYO TAREAS CONTROL ACCESO EDIFICIOS P\u00daBLICOS<\/strong><\/td>\n<td style=\"width: 58.0052%; height: 34px; text-align: center;\" width=\"91\"><strong>23<\/strong><\/td>\n<\/tr>\n<tr style=\"height: 55px;\">\n<td style=\"width: 79.2633%; height: 30px;\" width=\"225\"><strong>PROYECTO APOYO SERVICIOS ADMINISTRATIVOS MUNICIPALES<\/strong><\/td>\n<td style=\"width: 58.0052%; height: 30px; text-align: center;\" width=\"91\"><strong>14<\/strong><\/td>\n<\/tr>\n<tr style=\"height: 55px;\">\n<td style=\"width: 79.2633%; height: 36px;\" width=\"225\"><strong>PROYECTO ADECUACI\u00d3N EDIFICIOS, VIAS E INSTALACIONES P\u00daBLICAS<\/strong><\/td>\n<td style=\"width: 58.0052%; height: 36px; text-align: center;\" width=\"91\"><strong>10<\/strong><\/td>\n<\/tr>\n<tr style=\"height: 33px;\">\n<td style=\"width: 79.2633%; height: 33px;\" width=\"225\"><strong>PROYECTO APOYO LIMPIEZA INSTALACIONES P\u00daBLICAS<\/strong><\/td>\n<td style=\"width: 58.0052%; height: 33px; text-align: center;\" width=\"91\"><strong>8<\/strong><\/td>\n<\/tr>\n<\/tbody>\n<\/table>\n<p>&nbsp;<\/p>\n<p style=\"text-align: left;\">Las bases pueden consultarse en el Tablon de Anuncios Municipal\u00a0<a href=\"https:\/\/caudete.sedipualba.es\/tablondeanuncios\/anuncio.aspx?id=31865\" target=\"_blank\" rel=\"nofollow\">https:\/\/caudete.sedipualba.es\/tablondeanuncios\/anuncio.aspx?id=31865<\/a> donde quedan especificados los requisitos, baremaci\u00f3n y dem\u00e1s cuestiones de inter\u00e9s de la presente convocatoria.<\/p>\n<p>&nbsp;<\/p>\n","protected":false},"excerpt":{"rendered":"<p>La Concejal de Empleo y Formaci\u00f3n, M\u00aa del Mar Requena, ha recordado esta ma\u00f1ana que el periodo de solicitud de inscripci\u00f3n al Plan de Empleo 2021 concluir\u00e1 el pr\u00f3ximo viernes 13 de Agosto. La resoluci\u00f3n de esta nueva convocatoria otorga a Caudete un total de 79 contratos, los cuales se celebrar\u00e1n desde Septiembre 2021 hasta &hellip;<\/p>\n","protected":false},"author":3,"featured_media":15664,"comment_status":"closed","ping_status":"open","sticky":false,"template":"","format":"standard","meta":{"ngg_post_thumbnail":0,"footnotes":""},"categories":[37],"tags":[],"class_list":["post-15655","post","type-post","status-publish","format-standard","has-post-thumbnail","hentry","category-empleo-y-formacion"],"yoast_head":"<!-- This site is optimized with the Yoast SEO plugin v27.4 - https:\/\/yoast.com\/product\/yoast-seo-wordpress\/ -->\n<title>Hasta el 13 Agosto se podr\u00e1 solicitar inscripci\u00f3n al PLAN DE EMPLEO - MI Ayuntamiento de Caudete<\/title>\n<meta name=\"description\" content=\"P\u00e1gina Oficial del Ayuntamiento de Caudete (Albacete)\" \/>\n<meta name=\"robots\" content=\"index, follow, max-snippet:-1, max-image-preview:large, max-video-preview:-1\" \/>\n<link rel=\"canonical\" href=\"https:\/\/www.caudete.org\/ayuntamiento\/hasta-el-13-agosto-se-podra-solicitar-inscripcion-al-plan-de-empleo\/\" \/>\n<meta property=\"og:locale\" content=\"es_ES\" \/>\n<meta property=\"og:type\" content=\"article\" \/>\n<meta property=\"og:title\" content=\"Hasta el 13 Agosto se podr\u00e1 solicitar inscripci\u00f3n al PLAN DE EMPLEO - MI Ayuntamiento de Caudete\" \/>\n<meta property=\"og:description\" content=\"P\u00e1gina Oficial del Ayuntamiento de Caudete (Albacete)\" \/>\n<meta property=\"og:url\" content=\"https:\/\/www.caudete.org\/ayuntamiento\/hasta-el-13-agosto-se-podra-solicitar-inscripcion-al-plan-de-empleo\/\" \/>\n<meta property=\"og:site_name\" content=\"MI Ayuntamiento de Caudete\" \/>\n<meta property=\"article:publisher\" content=\"https:\/\/www.facebook.com\/ayuntamientocaudete\/\" \/>\n<meta property=\"article:published_time\" content=\"2021-08-02T17:32:08+00:00\" \/>\n<meta property=\"article:modified_time\" content=\"2021-08-02T18:14:09+00:00\" \/>\n<meta property=\"og:image\" content=\"https:\/\/www.caudete.org\/ayuntamiento\/wp-content\/uploads\/2021\/08\/Plan-de-Empleo-WEB.jpg\" \/>\n\t<meta property=\"og:image:width\" content=\"864\" \/>\n\t<meta property=\"og:image:height\" content=\"380\" \/>\n\t<meta property=\"og:image:type\" content=\"image\/jpeg\" \/>\n<meta name=\"author\" content=\"alcalde\" \/>\n<meta name=\"twitter:card\" content=\"summary_large_image\" \/>\n<meta name=\"twitter:label1\" content=\"Escrito por\" \/>\n\t<meta name=\"twitter:data1\" content=\"alcalde\" \/>\n\t<meta name=\"twitter:label2\" content=\"Tiempo de lectura\" \/>\n\t<meta name=\"twitter:data2\" content=\"1 minuto\" \/>\n<script type=\"application\/ld+json\" class=\"yoast-schema-graph\">{\"@context\":\"https:\\\/\\\/schema.org\",\"@graph\":[{\"@type\":\"Article\",\"@id\":\"https:\\\/\\\/www.caudete.org\\\/ayuntamiento\\\/hasta-el-13-agosto-se-podra-solicitar-inscripcion-al-plan-de-empleo\\\/#article\",\"isPartOf\":{\"@id\":\"https:\\\/\\\/www.caudete.org\\\/ayuntamiento\\\/hasta-el-13-agosto-se-podra-solicitar-inscripcion-al-plan-de-empleo\\\/\"},\"author\":{\"name\":\"alcalde\",\"@id\":\"https:\\\/\\\/www.caudete.org\\\/ayuntamiento\\\/#\\\/schema\\\/person\\\/cc646da9133078ee4d8dd47457947253\"},\"headline\":\"Hasta el 13 Agosto se podr\u00e1 solicitar inscripci\u00f3n al PLAN DE EMPLEO\",\"datePublished\":\"2021-08-02T17:32:08+00:00\",\"dateModified\":\"2021-08-02T18:14:09+00:00\",\"mainEntityOfPage\":{\"@id\":\"https:\\\/\\\/www.caudete.org\\\/ayuntamiento\\\/hasta-el-13-agosto-se-podra-solicitar-inscripcion-al-plan-de-empleo\\\/\"},\"wordCount\":172,\"publisher\":{\"@id\":\"https:\\\/\\\/www.caudete.org\\\/ayuntamiento\\\/#organization\"},\"image\":{\"@id\":\"https:\\\/\\\/www.caudete.org\\\/ayuntamiento\\\/hasta-el-13-agosto-se-podra-solicitar-inscripcion-al-plan-de-empleo\\\/#primaryimage\"},\"thumbnailUrl\":\"https:\\\/\\\/www.caudete.org\\\/ayuntamiento\\\/wp-content\\\/uploads\\\/2021\\\/08\\\/Plan-de-Empleo-WEB.jpg\",\"articleSection\":[\"Empleo y Formaci\u00f3n\"],\"inLanguage\":\"es\"},{\"@type\":\"WebPage\",\"@id\":\"https:\\\/\\\/www.caudete.org\\\/ayuntamiento\\\/hasta-el-13-agosto-se-podra-solicitar-inscripcion-al-plan-de-empleo\\\/\",\"url\":\"https:\\\/\\\/www.caudete.org\\\/ayuntamiento\\\/hasta-el-13-agosto-se-podra-solicitar-inscripcion-al-plan-de-empleo\\\/\",\"name\":\"Hasta el 13 Agosto se podr\u00e1 solicitar inscripci\u00f3n al PLAN DE EMPLEO - MI Ayuntamiento de Caudete\",\"isPartOf\":{\"@id\":\"https:\\\/\\\/www.caudete.org\\\/ayuntamiento\\\/#website\"},\"primaryImageOfPage\":{\"@id\":\"https:\\\/\\\/www.caudete.org\\\/ayuntamiento\\\/hasta-el-13-agosto-se-podra-solicitar-inscripcion-al-plan-de-empleo\\\/#primaryimage\"},\"image\":{\"@id\":\"https:\\\/\\\/www.caudete.org\\\/ayuntamiento\\\/hasta-el-13-agosto-se-podra-solicitar-inscripcion-al-plan-de-empleo\\\/#primaryimage\"},\"thumbnailUrl\":\"https:\\\/\\\/www.caudete.org\\\/ayuntamiento\\\/wp-content\\\/uploads\\\/2021\\\/08\\\/Plan-de-Empleo-WEB.jpg\",\"datePublished\":\"2021-08-02T17:32:08+00:00\",\"dateModified\":\"2021-08-02T18:14:09+00:00\",\"description\":\"P\u00e1gina Oficial del Ayuntamiento de Caudete (Albacete)\",\"breadcrumb\":{\"@id\":\"https:\\\/\\\/www.caudete.org\\\/ayuntamiento\\\/hasta-el-13-agosto-se-podra-solicitar-inscripcion-al-plan-de-empleo\\\/#breadcrumb\"},\"inLanguage\":\"es\",\"potentialAction\":[{\"@type\":\"ReadAction\",\"target\":[\"https:\\\/\\\/www.caudete.org\\\/ayuntamiento\\\/hasta-el-13-agosto-se-podra-solicitar-inscripcion-al-plan-de-empleo\\\/\"]}]},{\"@type\":\"ImageObject\",\"inLanguage\":\"es\",\"@id\":\"https:\\\/\\\/www.caudete.org\\\/ayuntamiento\\\/hasta-el-13-agosto-se-podra-solicitar-inscripcion-al-plan-de-empleo\\\/#primaryimage\",\"url\":\"https:\\\/\\\/www.caudete.org\\\/ayuntamiento\\\/wp-content\\\/uploads\\\/2021\\\/08\\\/Plan-de-Empleo-WEB.jpg\",\"contentUrl\":\"https:\\\/\\\/www.caudete.org\\\/ayuntamiento\\\/wp-content\\\/uploads\\\/2021\\\/08\\\/Plan-de-Empleo-WEB.jpg\",\"width\":864,\"height\":380},{\"@type\":\"BreadcrumbList\",\"@id\":\"https:\\\/\\\/www.caudete.org\\\/ayuntamiento\\\/hasta-el-13-agosto-se-podra-solicitar-inscripcion-al-plan-de-empleo\\\/#breadcrumb\",\"itemListElement\":[{\"@type\":\"ListItem\",\"position\":1,\"name\":\"Inicio\",\"item\":\"https:\\\/\\\/www.caudete.org\\\/ayuntamiento\\\/\"},{\"@type\":\"ListItem\",\"position\":2,\"name\":\"Hasta el 13 Agosto se podr\u00e1 solicitar inscripci\u00f3n al PLAN DE EMPLEO\"}]},{\"@type\":\"WebSite\",\"@id\":\"https:\\\/\\\/www.caudete.org\\\/ayuntamiento\\\/#website\",\"url\":\"https:\\\/\\\/www.caudete.org\\\/ayuntamiento\\\/\",\"name\":\"MI Ayuntamiento de Caudete\",\"description\":\"P\u00e1gina Oficial del MI Ayuntamiento de Caudete\",\"publisher\":{\"@id\":\"https:\\\/\\\/www.caudete.org\\\/ayuntamiento\\\/#organization\"},\"potentialAction\":[{\"@type\":\"SearchAction\",\"target\":{\"@type\":\"EntryPoint\",\"urlTemplate\":\"https:\\\/\\\/www.caudete.org\\\/ayuntamiento\\\/?s={search_term_string}\"},\"query-input\":{\"@type\":\"PropertyValueSpecification\",\"valueRequired\":true,\"valueName\":\"search_term_string\"}}],\"inLanguage\":\"es\"},{\"@type\":\"Organization\",\"@id\":\"https:\\\/\\\/www.caudete.org\\\/ayuntamiento\\\/#organization\",\"name\":\"Ayuntamiento de Caudete\",\"url\":\"https:\\\/\\\/www.caudete.org\\\/ayuntamiento\\\/\",\"logo\":{\"@type\":\"ImageObject\",\"inLanguage\":\"es\",\"@id\":\"https:\\\/\\\/www.caudete.org\\\/ayuntamiento\\\/#\\\/schema\\\/logo\\\/image\\\/\",\"url\":\"https:\\\/\\\/www.caudete.org\\\/ayuntamiento\\\/wp-content\\\/uploads\\\/2020\\\/11\\\/logo_ayuntamiento_caudete.jpg\",\"contentUrl\":\"https:\\\/\\\/www.caudete.org\\\/ayuntamiento\\\/wp-content\\\/uploads\\\/2020\\\/11\\\/logo_ayuntamiento_caudete.jpg\",\"width\":600,\"height\":150,\"caption\":\"Ayuntamiento de Caudete\"},\"image\":{\"@id\":\"https:\\\/\\\/www.caudete.org\\\/ayuntamiento\\\/#\\\/schema\\\/logo\\\/image\\\/\"},\"sameAs\":[\"https:\\\/\\\/www.facebook.com\\\/ayuntamientocaudete\\\/\",\"https:\\\/\\\/www.youtube.com\\\/channel\\\/UC6VztHaooNsGpw-tNoBEFnQ\"]},{\"@type\":\"Person\",\"@id\":\"https:\\\/\\\/www.caudete.org\\\/ayuntamiento\\\/#\\\/schema\\\/person\\\/cc646da9133078ee4d8dd47457947253\",\"name\":\"alcalde\",\"image\":{\"@type\":\"ImageObject\",\"inLanguage\":\"es\",\"@id\":\"https:\\\/\\\/secure.gravatar.com\\\/avatar\\\/84a817ba065b29ff08d666b215a215f5c79186a645ccb25b14a663d48a130f77?s=96&d=mm&r=g\",\"url\":\"https:\\\/\\\/secure.gravatar.com\\\/avatar\\\/84a817ba065b29ff08d666b215a215f5c79186a645ccb25b14a663d48a130f77?s=96&d=mm&r=g\",\"contentUrl\":\"https:\\\/\\\/secure.gravatar.com\\\/avatar\\\/84a817ba065b29ff08d666b215a215f5c79186a645ccb25b14a663d48a130f77?s=96&d=mm&r=g\",\"caption\":\"alcalde\"},\"url\":\"https:\\\/\\\/www.caudete.org\\\/ayuntamiento\\\/author\\\/alcalde\\\/\"}]}<\/script>\n<!-- \/ Yoast SEO plugin. -->","yoast_head_json":{"title":"Hasta el 13 Agosto se podr\u00e1 solicitar inscripci\u00f3n al PLAN DE EMPLEO - MI Ayuntamiento de Caudete","description":"P\u00e1gina Oficial del Ayuntamiento de Caudete (Albacete)","robots":{"index":"index","follow":"follow","max-snippet":"max-snippet:-1","max-image-preview":"max-image-preview:large","max-video-preview":"max-video-preview:-1"},"canonical":"https:\/\/www.caudete.org\/ayuntamiento\/hasta-el-13-agosto-se-podra-solicitar-inscripcion-al-plan-de-empleo\/","og_locale":"es_ES","og_type":"article","og_title":"Hasta el 13 Agosto se podr\u00e1 solicitar inscripci\u00f3n al PLAN DE EMPLEO - MI Ayuntamiento de Caudete","og_description":"P\u00e1gina Oficial del Ayuntamiento de Caudete (Albacete)","og_url":"https:\/\/www.caudete.org\/ayuntamiento\/hasta-el-13-agosto-se-podra-solicitar-inscripcion-al-plan-de-empleo\/","og_site_name":"MI Ayuntamiento de Caudete","article_publisher":"https:\/\/www.facebook.com\/ayuntamientocaudete\/","article_published_time":"2021-08-02T17:32:08+00:00","article_modified_time":"2021-08-02T18:14:09+00:00","og_image":[{"width":864,"height":380,"url":"https:\/\/www.caudete.org\/ayuntamiento\/wp-content\/uploads\/2021\/08\/Plan-de-Empleo-WEB.jpg","type":"image\/jpeg"}],"author":"alcalde","twitter_card":"summary_large_image","twitter_misc":{"Escrito por":"alcalde","Tiempo de lectura":"1 minuto"},"schema":{"@context":"https:\/\/schema.org","@graph":[{"@type":"Article","@id":"https:\/\/www.caudete.org\/ayuntamiento\/hasta-el-13-agosto-se-podra-solicitar-inscripcion-al-plan-de-empleo\/#article","isPartOf":{"@id":"https:\/\/www.caudete.org\/ayuntamiento\/hasta-el-13-agosto-se-podra-solicitar-inscripcion-al-plan-de-empleo\/"},"author":{"name":"alcalde","@id":"https:\/\/www.caudete.org\/ayuntamiento\/#\/schema\/person\/cc646da9133078ee4d8dd47457947253"},"headline":"Hasta el 13 Agosto se podr\u00e1 solicitar inscripci\u00f3n al PLAN DE EMPLEO","datePublished":"2021-08-02T17:32:08+00:00","dateModified":"2021-08-02T18:14:09+00:00","mainEntityOfPage":{"@id":"https:\/\/www.caudete.org\/ayuntamiento\/hasta-el-13-agosto-se-podra-solicitar-inscripcion-al-plan-de-empleo\/"},"wordCount":172,"publisher":{"@id":"https:\/\/www.caudete.org\/ayuntamiento\/#organization"},"image":{"@id":"https:\/\/www.caudete.org\/ayuntamiento\/hasta-el-13-agosto-se-podra-solicitar-inscripcion-al-plan-de-empleo\/#primaryimage"},"thumbnailUrl":"https:\/\/www.caudete.org\/ayuntamiento\/wp-content\/uploads\/2021\/08\/Plan-de-Empleo-WEB.jpg","articleSection":["Empleo y Formaci\u00f3n"],"inLanguage":"es"},{"@type":"WebPage","@id":"https:\/\/www.caudete.org\/ayuntamiento\/hasta-el-13-agosto-se-podra-solicitar-inscripcion-al-plan-de-empleo\/","url":"https:\/\/www.caudete.org\/ayuntamiento\/hasta-el-13-agosto-se-podra-solicitar-inscripcion-al-plan-de-empleo\/","name":"Hasta el 13 Agosto se podr\u00e1 solicitar inscripci\u00f3n al PLAN DE EMPLEO - MI Ayuntamiento de Caudete","isPartOf":{"@id":"https:\/\/www.caudete.org\/ayuntamiento\/#website"},"primaryImageOfPage":{"@id":"https:\/\/www.caudete.org\/ayuntamiento\/hasta-el-13-agosto-se-podra-solicitar-inscripcion-al-plan-de-empleo\/#primaryimage"},"image":{"@id":"https:\/\/www.caudete.org\/ayuntamiento\/hasta-el-13-agosto-se-podra-solicitar-inscripcion-al-plan-de-empleo\/#primaryimage"},"thumbnailUrl":"https:\/\/www.caudete.org\/ayuntamiento\/wp-content\/uploads\/2021\/08\/Plan-de-Empleo-WEB.jpg","datePublished":"2021-08-02T17:32:08+00:00","dateModified":"2021-08-02T18:14:09+00:00","description":"P\u00e1gina Oficial del Ayuntamiento de Caudete (Albacete)","breadcrumb":{"@id":"https:\/\/www.caudete.org\/ayuntamiento\/hasta-el-13-agosto-se-podra-solicitar-inscripcion-al-plan-de-empleo\/#breadcrumb"},"inLanguage":"es","potentialAction":[{"@type":"ReadAction","target":["https:\/\/www.caudete.org\/ayuntamiento\/hasta-el-13-agosto-se-podra-solicitar-inscripcion-al-plan-de-empleo\/"]}]},{"@type":"ImageObject","inLanguage":"es","@id":"https:\/\/www.caudete.org\/ayuntamiento\/hasta-el-13-agosto-se-podra-solicitar-inscripcion-al-plan-de-empleo\/#primaryimage","url":"https:\/\/www.caudete.org\/ayuntamiento\/wp-content\/uploads\/2021\/08\/Plan-de-Empleo-WEB.jpg","contentUrl":"https:\/\/www.caudete.org\/ayuntamiento\/wp-content\/uploads\/2021\/08\/Plan-de-Empleo-WEB.jpg","width":864,"height":380},{"@type":"BreadcrumbList","@id":"https:\/\/www.caudete.org\/ayuntamiento\/hasta-el-13-agosto-se-podra-solicitar-inscripcion-al-plan-de-empleo\/#breadcrumb","itemListElement":[{"@type":"ListItem","position":1,"name":"Inicio","item":"https:\/\/www.caudete.org\/ayuntamiento\/"},{"@type":"ListItem","position":2,"name":"Hasta el 13 Agosto se podr\u00e1 solicitar inscripci\u00f3n al PLAN DE EMPLEO"}]},{"@type":"WebSite","@id":"https:\/\/www.caudete.org\/ayuntamiento\/#website","url":"https:\/\/www.caudete.org\/ayuntamiento\/","name":"MI Ayuntamiento de Caudete","description":"P\u00e1gina Oficial del MI Ayuntamiento de Caudete","publisher":{"@id":"https:\/\/www.caudete.org\/ayuntamiento\/#organization"},"potentialAction":[{"@type":"SearchAction","target":{"@type":"EntryPoint","urlTemplate":"https:\/\/www.caudete.org\/ayuntamiento\/?s={search_term_string}"},"query-input":{"@type":"PropertyValueSpecification","valueRequired":true,"valueName":"search_term_string"}}],"inLanguage":"es"},{"@type":"Organization","@id":"https:\/\/www.caudete.org\/ayuntamiento\/#organization","name":"Ayuntamiento de Caudete","url":"https:\/\/www.caudete.org\/ayuntamiento\/","logo":{"@type":"ImageObject","inLanguage":"es","@id":"https:\/\/www.caudete.org\/ayuntamiento\/#\/schema\/logo\/image\/","url":"https:\/\/www.caudete.org\/ayuntamiento\/wp-content\/uploads\/2020\/11\/logo_ayuntamiento_caudete.jpg","contentUrl":"https:\/\/www.caudete.org\/ayuntamiento\/wp-content\/uploads\/2020\/11\/logo_ayuntamiento_caudete.jpg","width":600,"height":150,"caption":"Ayuntamiento de Caudete"},"image":{"@id":"https:\/\/www.caudete.org\/ayuntamiento\/#\/schema\/logo\/image\/"},"sameAs":["https:\/\/www.facebook.com\/ayuntamientocaudete\/","https:\/\/www.youtube.com\/channel\/UC6VztHaooNsGpw-tNoBEFnQ"]},{"@type":"Person","@id":"https:\/\/www.caudete.org\/ayuntamiento\/#\/schema\/person\/cc646da9133078ee4d8dd47457947253","name":"alcalde","image":{"@type":"ImageObject","inLanguage":"es","@id":"https:\/\/secure.gravatar.com\/avatar\/84a817ba065b29ff08d666b215a215f5c79186a645ccb25b14a663d48a130f77?s=96&d=mm&r=g","url":"https:\/\/secure.gravatar.com\/avatar\/84a817ba065b29ff08d666b215a215f5c79186a645ccb25b14a663d48a130f77?s=96&d=mm&r=g","contentUrl":"https:\/\/secure.gravatar.com\/avatar\/84a817ba065b29ff08d666b215a215f5c79186a645ccb25b14a663d48a130f77?s=96&d=mm&r=g","caption":"alcalde"},"url":"https:\/\/www.caudete.org\/ayuntamiento\/author\/alcalde\/"}]}},"_links":{"self":[{"href":"https:\/\/www.caudete.org\/ayuntamiento\/wp-json\/wp\/v2\/posts\/15655","targetHints":{"allow":["GET"]}}],"collection":[{"href":"https:\/\/www.caudete.org\/ayuntamiento\/wp-json\/wp\/v2\/posts"}],"about":[{"href":"https:\/\/www.caudete.org\/ayuntamiento\/wp-json\/wp\/v2\/types\/post"}],"author":[{"embeddable":true,"href":"https:\/\/www.caudete.org\/ayuntamiento\/wp-json\/wp\/v2\/users\/3"}],"replies":[{"embeddable":true,"href":"https:\/\/www.caudete.org\/ayuntamiento\/wp-json\/wp\/v2\/comments?post=15655"}],"version-history":[{"count":3,"href":"https:\/\/www.caudete.org\/ayuntamiento\/wp-json\/wp\/v2\/posts\/15655\/revisions"}],"predecessor-version":[{"id":15660,"href":"https:\/\/www.caudete.org\/ayuntamiento\/wp-json\/wp\/v2\/posts\/15655\/revisions\/15660"}],"wp:featuredmedia":[{"embeddable":true,"href":"https:\/\/www.caudete.org\/ayuntamiento\/wp-json\/wp\/v2\/media\/15664"}],"wp:attachment":[{"href":"https:\/\/www.caudete.org\/ayuntamiento\/wp-json\/wp\/v2\/media?parent=15655"}],"wp:term":[{"taxonomy":"category","embeddable":true,"href":"https:\/\/www.caudete.org\/ayuntamiento\/wp-json\/wp\/v2\/categories?post=15655"},{"taxonomy":"post_tag","embeddable":true,"href":"https:\/\/www.caudete.org\/ayuntamiento\/wp-json\/wp\/v2\/tags?post=15655"}],"curies":[{"name":"wp","href":"https:\/\/api.w.org\/{rel}","templated":true}]}}