{"id":15674,"date":"2021-08-04T15:09:18","date_gmt":"2021-08-04T13:09:18","guid":{"rendered":"https:\/\/www.caudete.org\/ayuntamiento\/?p=15674"},"modified":"2021-08-04T15:09:18","modified_gmt":"2021-08-04T13:09:18","slug":"aprobada-la-cuenta-general-2020-con-1-456-000e-de-remanente-y-una-deuda-del-3866","status":"publish","type":"post","link":"https:\/\/www.caudete.org\/ayuntamiento\/aprobada-la-cuenta-general-2020-con-1-456-000e-de-remanente-y-una-deuda-del-3866\/","title":{"rendered":"Aprobada la Cuenta General 2020 con 1.456.000\u20ac de Remanente y una Deuda del 38&#8217;66%"},"content":{"rendered":"<p style=\"text-align: justify;\"><span style=\"font-family: helvetica, arial, sans-serif;\">Luis Felipe Ba\u00f1\u00f3n, Concejal de Econom\u00eda y Hacienda, ha comparecido para informar sobre la Cuenta General 2020, recientemente aprobada por el Pleno Municipal, y con los votos de todos los partidos pol\u00edticos, a excepci\u00f3n del Grupo PSOE. Esta aprobaci\u00f3n, de hecho, se produce tras una aprobaci\u00f3n inicial un\u00e1nime de la Corporaci\u00f3n Municipal, y tras un periodo de exposici\u00f3n p\u00fablica, en el que no se produjeron alegaciones.<\/span><\/p>\n<p style=\"text-align: justify;\"><span style=\"font-family: helvetica, arial, sans-serif;\">Ba\u00f1\u00f3n ha remarcado los valores positivos en todas las variables econ\u00f3micas obtenidas tras el cierre del ejercicio 2020, destacando el <strong>remanente de tesorer\u00eda que alcanzaba 1.456.458\u201958 \u20ac<\/strong><\/span><\/p>\n<p style=\"text-align: justify;\"><span style=\"font-family: helvetica, arial, sans-serif;\">A ello, se le suma un <strong>resultado presupuestario positivo de 527.911\u201947 \u20ac<\/strong>, y una estabilidad presupuestaria importante que permite al Ayuntamiento una <strong>capacidad de financiaci\u00f3n positiva de 1.373.569\u201973 \u20ac<\/strong><\/span><\/p>\n<p style=\"text-align: justify;\"><span style=\"font-family: helvetica, arial, sans-serif;\">La sostenibilidad financiera es otra de las variables que ha destacado el Edil, pues \u201c<em>alcanza su mejor comportamiento en m\u00e1s de 10 a\u00f1os, con un <strong>porcentaje de deuda viva de tan solo el 38,66%<\/strong>\u201d.<\/em><\/span><\/p>\n<p style=\"text-align: justify;\"><span style=\"font-family: helvetica, arial, sans-serif;\">A este respecto ha querido incidir en que dicho porcentaje lleg\u00f3 a estar por encima del 110% hace tan solo 6 a\u00f1os, lo que oblig\u00f3 al Consistorio a realizar un Plan Econ\u00f3mico-Financiero para reducir dicho endeudamiento, el cual evidentemente, \u201c<em>y pese a los grandes esfuerzos soportados por todos los caudetanos, vemos como hoy da un respiro a las cuentas municipales y permite abordar inversiones de calado en diferentes espacios, v\u00edas y edificios municipales<\/em>\u201d.<\/span><\/p>\n<p style=\"text-align: justify;\"><span style=\"font-family: helvetica, arial, sans-serif;\">Igualmente, ha querido refrescar el esfuerzo llevado a cabo por el actual Equipo de Gobierno y sus dos predecesores en materia econ\u00f3mica \u201c<em>centrados en sanear las cuentas municipales, lo que ha permitido reducir la deuda desde los 12 millones de \u20ac de hace 10 a\u00f1os, a los 2\u20193 millones existentes a d\u00eda de hoy<\/em>\u201d (y que provienen del pago a proveedores). La otra cuesti\u00f3n m\u00e1s que rese\u00f1able, es el promedio de tiempo en que \u201c<em>el Ayuntamiento paga a sus proveedores, cuyo valor es de 9\u20191 d\u00edas, lej\u00edsimos ya de aquellos tiempos de hace 10 a\u00f1os, en los que los proveedores del Ayuntamiento tardaban casi dos a\u00f1os en cobrar<\/em>\u201d.<\/span><\/p>\n<p style=\"text-align: justify;\"><span style=\"font-family: helvetica, arial, sans-serif;\">Con todos estos datos y variables, Luis Felipe expon\u00eda que \u201c<em>cualquier ciudadano puede darse cuenta de que la situaci\u00f3n econ\u00f3mico-financiera ha cambiado de forma radical, lo cual no significa que no debamos seguir perseverando en la mejora de la misma, sino que seguimos deber velando por ella por responsabilidad como Gobierno Municipal<\/em>\u201d.<\/span><\/p>\n","protected":false},"excerpt":{"rendered":"<p>Luis Felipe Ba\u00f1\u00f3n, Concejal de Econom\u00eda y Hacienda, ha comparecido para informar sobre la Cuenta General 2020, recientemente aprobada por el Pleno Municipal, y con los votos de todos los partidos pol\u00edticos, a excepci\u00f3n del Grupo PSOE. Esta aprobaci\u00f3n, de hecho, se produce tras una aprobaci\u00f3n inicial un\u00e1nime de la Corporaci\u00f3n Municipal, y tras un &hellip;<\/p>\n","protected":false},"author":3,"featured_media":15676,"comment_status":"closed","ping_status":"open","sticky":false,"template":"","format":"standard","meta":{"ngg_post_thumbnail":0,"footnotes":""},"categories":[28],"tags":[],"class_list":["post-15674","post","type-post","status-publish","format-standard","has-post-thumbnail","hentry","category-economia"],"yoast_head":"<!-- This site is optimized with the Yoast SEO plugin v27.5 - https:\/\/yoast.com\/product\/yoast-seo-wordpress\/ -->\n<title>Aprobada la Cuenta General 2020 con 1.456.000\u20ac de Remanente y una Deuda del 38&#039;66% - MI Ayuntamiento de Caudete<\/title>\n<meta name=\"description\" content=\"P\u00e1gina Oficial del Ayuntamiento de Caudete (Albacete)\" \/>\n<meta name=\"robots\" content=\"index, follow, max-snippet:-1, max-image-preview:large, max-video-preview:-1\" \/>\n<link rel=\"canonical\" href=\"https:\/\/www.caudete.org\/ayuntamiento\/aprobada-la-cuenta-general-2020-con-1-456-000e-de-remanente-y-una-deuda-del-3866\/\" \/>\n<meta property=\"og:locale\" content=\"es_ES\" \/>\n<meta property=\"og:type\" content=\"article\" \/>\n<meta property=\"og:title\" content=\"Aprobada la Cuenta General 2020 con 1.456.000\u20ac de Remanente y una Deuda del 38&#039;66% - MI Ayuntamiento de Caudete\" \/>\n<meta property=\"og:description\" content=\"P\u00e1gina Oficial del Ayuntamiento de Caudete (Albacete)\" \/>\n<meta property=\"og:url\" content=\"https:\/\/www.caudete.org\/ayuntamiento\/aprobada-la-cuenta-general-2020-con-1-456-000e-de-remanente-y-una-deuda-del-3866\/\" \/>\n<meta property=\"og:site_name\" content=\"MI Ayuntamiento de Caudete\" \/>\n<meta property=\"article:publisher\" content=\"https:\/\/www.facebook.com\/ayuntamientocaudete\/\" \/>\n<meta property=\"article:published_time\" content=\"2021-08-04T13:09:18+00:00\" \/>\n<meta property=\"og:image\" content=\"https:\/\/www.caudete.org\/ayuntamiento\/wp-content\/uploads\/2021\/08\/102327302_1316077311921295_3250936045709033472_n.jpg\" \/>\n\t<meta property=\"og:image:width\" content=\"620\" \/>\n\t<meta property=\"og:image:height\" content=\"319\" \/>\n\t<meta property=\"og:image:type\" content=\"image\/jpeg\" \/>\n<meta name=\"author\" content=\"alcalde\" \/>\n<meta name=\"twitter:card\" content=\"summary_large_image\" \/>\n<meta name=\"twitter:label1\" content=\"Escrito por\" \/>\n\t<meta name=\"twitter:data1\" content=\"alcalde\" \/>\n\t<meta name=\"twitter:label2\" content=\"Tiempo de lectura\" \/>\n\t<meta name=\"twitter:data2\" content=\"2 minutos\" \/>\n<script type=\"application\/ld+json\" class=\"yoast-schema-graph\">{\"@context\":\"https:\\\/\\\/schema.org\",\"@graph\":[{\"@type\":\"Article\",\"@id\":\"https:\\\/\\\/www.caudete.org\\\/ayuntamiento\\\/aprobada-la-cuenta-general-2020-con-1-456-000e-de-remanente-y-una-deuda-del-3866\\\/#article\",\"isPartOf\":{\"@id\":\"https:\\\/\\\/www.caudete.org\\\/ayuntamiento\\\/aprobada-la-cuenta-general-2020-con-1-456-000e-de-remanente-y-una-deuda-del-3866\\\/\"},\"author\":{\"name\":\"alcalde\",\"@id\":\"https:\\\/\\\/www.caudete.org\\\/ayuntamiento\\\/#\\\/schema\\\/person\\\/cc646da9133078ee4d8dd47457947253\"},\"headline\":\"Aprobada la Cuenta General 2020 con 1.456.000\u20ac de Remanente y una Deuda del 38&#8217;66%\",\"datePublished\":\"2021-08-04T13:09:18+00:00\",\"mainEntityOfPage\":{\"@id\":\"https:\\\/\\\/www.caudete.org\\\/ayuntamiento\\\/aprobada-la-cuenta-general-2020-con-1-456-000e-de-remanente-y-una-deuda-del-3866\\\/\"},\"wordCount\":414,\"publisher\":{\"@id\":\"https:\\\/\\\/www.caudete.org\\\/ayuntamiento\\\/#organization\"},\"image\":{\"@id\":\"https:\\\/\\\/www.caudete.org\\\/ayuntamiento\\\/aprobada-la-cuenta-general-2020-con-1-456-000e-de-remanente-y-una-deuda-del-3866\\\/#primaryimage\"},\"thumbnailUrl\":\"https:\\\/\\\/www.caudete.org\\\/ayuntamiento\\\/wp-content\\\/uploads\\\/2021\\\/08\\\/102327302_1316077311921295_3250936045709033472_n.jpg\",\"articleSection\":[\"Econom\u00eda\"],\"inLanguage\":\"es\"},{\"@type\":\"WebPage\",\"@id\":\"https:\\\/\\\/www.caudete.org\\\/ayuntamiento\\\/aprobada-la-cuenta-general-2020-con-1-456-000e-de-remanente-y-una-deuda-del-3866\\\/\",\"url\":\"https:\\\/\\\/www.caudete.org\\\/ayuntamiento\\\/aprobada-la-cuenta-general-2020-con-1-456-000e-de-remanente-y-una-deuda-del-3866\\\/\",\"name\":\"Aprobada la Cuenta General 2020 con 1.456.000\u20ac de Remanente y una Deuda del 38'66% - MI Ayuntamiento de Caudete\",\"isPartOf\":{\"@id\":\"https:\\\/\\\/www.caudete.org\\\/ayuntamiento\\\/#website\"},\"primaryImageOfPage\":{\"@id\":\"https:\\\/\\\/www.caudete.org\\\/ayuntamiento\\\/aprobada-la-cuenta-general-2020-con-1-456-000e-de-remanente-y-una-deuda-del-3866\\\/#primaryimage\"},\"image\":{\"@id\":\"https:\\\/\\\/www.caudete.org\\\/ayuntamiento\\\/aprobada-la-cuenta-general-2020-con-1-456-000e-de-remanente-y-una-deuda-del-3866\\\/#primaryimage\"},\"thumbnailUrl\":\"https:\\\/\\\/www.caudete.org\\\/ayuntamiento\\\/wp-content\\\/uploads\\\/2021\\\/08\\\/102327302_1316077311921295_3250936045709033472_n.jpg\",\"datePublished\":\"2021-08-04T13:09:18+00:00\",\"description\":\"P\u00e1gina Oficial del Ayuntamiento de Caudete (Albacete)\",\"breadcrumb\":{\"@id\":\"https:\\\/\\\/www.caudete.org\\\/ayuntamiento\\\/aprobada-la-cuenta-general-2020-con-1-456-000e-de-remanente-y-una-deuda-del-3866\\\/#breadcrumb\"},\"inLanguage\":\"es\",\"potentialAction\":[{\"@type\":\"ReadAction\",\"target\":[\"https:\\\/\\\/www.caudete.org\\\/ayuntamiento\\\/aprobada-la-cuenta-general-2020-con-1-456-000e-de-remanente-y-una-deuda-del-3866\\\/\"]}]},{\"@type\":\"ImageObject\",\"inLanguage\":\"es\",\"@id\":\"https:\\\/\\\/www.caudete.org\\\/ayuntamiento\\\/aprobada-la-cuenta-general-2020-con-1-456-000e-de-remanente-y-una-deuda-del-3866\\\/#primaryimage\",\"url\":\"https:\\\/\\\/www.caudete.org\\\/ayuntamiento\\\/wp-content\\\/uploads\\\/2021\\\/08\\\/102327302_1316077311921295_3250936045709033472_n.jpg\",\"contentUrl\":\"https:\\\/\\\/www.caudete.org\\\/ayuntamiento\\\/wp-content\\\/uploads\\\/2021\\\/08\\\/102327302_1316077311921295_3250936045709033472_n.jpg\",\"width\":620,\"height\":319},{\"@type\":\"BreadcrumbList\",\"@id\":\"https:\\\/\\\/www.caudete.org\\\/ayuntamiento\\\/aprobada-la-cuenta-general-2020-con-1-456-000e-de-remanente-y-una-deuda-del-3866\\\/#breadcrumb\",\"itemListElement\":[{\"@type\":\"ListItem\",\"position\":1,\"name\":\"Inicio\",\"item\":\"https:\\\/\\\/www.caudete.org\\\/ayuntamiento\\\/\"},{\"@type\":\"ListItem\",\"position\":2,\"name\":\"Aprobada la Cuenta General 2020 con 1.456.000\u20ac de Remanente y una Deuda del 38&#8217;66%\"}]},{\"@type\":\"WebSite\",\"@id\":\"https:\\\/\\\/www.caudete.org\\\/ayuntamiento\\\/#website\",\"url\":\"https:\\\/\\\/www.caudete.org\\\/ayuntamiento\\\/\",\"name\":\"MI Ayuntamiento de Caudete\",\"description\":\"P\u00e1gina Oficial del MI Ayuntamiento de Caudete\",\"publisher\":{\"@id\":\"https:\\\/\\\/www.caudete.org\\\/ayuntamiento\\\/#organization\"},\"potentialAction\":[{\"@type\":\"SearchAction\",\"target\":{\"@type\":\"EntryPoint\",\"urlTemplate\":\"https:\\\/\\\/www.caudete.org\\\/ayuntamiento\\\/?s={search_term_string}\"},\"query-input\":{\"@type\":\"PropertyValueSpecification\",\"valueRequired\":true,\"valueName\":\"search_term_string\"}}],\"inLanguage\":\"es\"},{\"@type\":\"Organization\",\"@id\":\"https:\\\/\\\/www.caudete.org\\\/ayuntamiento\\\/#organization\",\"name\":\"Ayuntamiento de Caudete\",\"url\":\"https:\\\/\\\/www.caudete.org\\\/ayuntamiento\\\/\",\"logo\":{\"@type\":\"ImageObject\",\"inLanguage\":\"es\",\"@id\":\"https:\\\/\\\/www.caudete.org\\\/ayuntamiento\\\/#\\\/schema\\\/logo\\\/image\\\/\",\"url\":\"https:\\\/\\\/www.caudete.org\\\/ayuntamiento\\\/wp-content\\\/uploads\\\/2020\\\/11\\\/logo_ayuntamiento_caudete.jpg\",\"contentUrl\":\"https:\\\/\\\/www.caudete.org\\\/ayuntamiento\\\/wp-content\\\/uploads\\\/2020\\\/11\\\/logo_ayuntamiento_caudete.jpg\",\"width\":600,\"height\":150,\"caption\":\"Ayuntamiento de Caudete\"},\"image\":{\"@id\":\"https:\\\/\\\/www.caudete.org\\\/ayuntamiento\\\/#\\\/schema\\\/logo\\\/image\\\/\"},\"sameAs\":[\"https:\\\/\\\/www.facebook.com\\\/ayuntamientocaudete\\\/\",\"https:\\\/\\\/www.youtube.com\\\/channel\\\/UC6VztHaooNsGpw-tNoBEFnQ\"]},{\"@type\":\"Person\",\"@id\":\"https:\\\/\\\/www.caudete.org\\\/ayuntamiento\\\/#\\\/schema\\\/person\\\/cc646da9133078ee4d8dd47457947253\",\"name\":\"alcalde\",\"image\":{\"@type\":\"ImageObject\",\"inLanguage\":\"es\",\"@id\":\"https:\\\/\\\/secure.gravatar.com\\\/avatar\\\/84a817ba065b29ff08d666b215a215f5c79186a645ccb25b14a663d48a130f77?s=96&d=mm&r=g\",\"url\":\"https:\\\/\\\/secure.gravatar.com\\\/avatar\\\/84a817ba065b29ff08d666b215a215f5c79186a645ccb25b14a663d48a130f77?s=96&d=mm&r=g\",\"contentUrl\":\"https:\\\/\\\/secure.gravatar.com\\\/avatar\\\/84a817ba065b29ff08d666b215a215f5c79186a645ccb25b14a663d48a130f77?s=96&d=mm&r=g\",\"caption\":\"alcalde\"},\"url\":\"https:\\\/\\\/www.caudete.org\\\/ayuntamiento\\\/author\\\/alcalde\\\/\"}]}<\/script>\n<!-- \/ Yoast SEO plugin. -->","yoast_head_json":{"title":"Aprobada la Cuenta General 2020 con 1.456.000\u20ac de Remanente y una Deuda del 38'66% - MI Ayuntamiento de Caudete","description":"P\u00e1gina Oficial del Ayuntamiento de Caudete (Albacete)","robots":{"index":"index","follow":"follow","max-snippet":"max-snippet:-1","max-image-preview":"max-image-preview:large","max-video-preview":"max-video-preview:-1"},"canonical":"https:\/\/www.caudete.org\/ayuntamiento\/aprobada-la-cuenta-general-2020-con-1-456-000e-de-remanente-y-una-deuda-del-3866\/","og_locale":"es_ES","og_type":"article","og_title":"Aprobada la Cuenta General 2020 con 1.456.000\u20ac de Remanente y una Deuda del 38'66% - MI Ayuntamiento de Caudete","og_description":"P\u00e1gina Oficial del Ayuntamiento de Caudete (Albacete)","og_url":"https:\/\/www.caudete.org\/ayuntamiento\/aprobada-la-cuenta-general-2020-con-1-456-000e-de-remanente-y-una-deuda-del-3866\/","og_site_name":"MI Ayuntamiento de Caudete","article_publisher":"https:\/\/www.facebook.com\/ayuntamientocaudete\/","article_published_time":"2021-08-04T13:09:18+00:00","og_image":[{"width":620,"height":319,"url":"https:\/\/www.caudete.org\/ayuntamiento\/wp-content\/uploads\/2021\/08\/102327302_1316077311921295_3250936045709033472_n.jpg","type":"image\/jpeg"}],"author":"alcalde","twitter_card":"summary_large_image","twitter_misc":{"Escrito por":"alcalde","Tiempo de lectura":"2 minutos"},"schema":{"@context":"https:\/\/schema.org","@graph":[{"@type":"Article","@id":"https:\/\/www.caudete.org\/ayuntamiento\/aprobada-la-cuenta-general-2020-con-1-456-000e-de-remanente-y-una-deuda-del-3866\/#article","isPartOf":{"@id":"https:\/\/www.caudete.org\/ayuntamiento\/aprobada-la-cuenta-general-2020-con-1-456-000e-de-remanente-y-una-deuda-del-3866\/"},"author":{"name":"alcalde","@id":"https:\/\/www.caudete.org\/ayuntamiento\/#\/schema\/person\/cc646da9133078ee4d8dd47457947253"},"headline":"Aprobada la Cuenta General 2020 con 1.456.000\u20ac de Remanente y una Deuda del 38&#8217;66%","datePublished":"2021-08-04T13:09:18+00:00","mainEntityOfPage":{"@id":"https:\/\/www.caudete.org\/ayuntamiento\/aprobada-la-cuenta-general-2020-con-1-456-000e-de-remanente-y-una-deuda-del-3866\/"},"wordCount":414,"publisher":{"@id":"https:\/\/www.caudete.org\/ayuntamiento\/#organization"},"image":{"@id":"https:\/\/www.caudete.org\/ayuntamiento\/aprobada-la-cuenta-general-2020-con-1-456-000e-de-remanente-y-una-deuda-del-3866\/#primaryimage"},"thumbnailUrl":"https:\/\/www.caudete.org\/ayuntamiento\/wp-content\/uploads\/2021\/08\/102327302_1316077311921295_3250936045709033472_n.jpg","articleSection":["Econom\u00eda"],"inLanguage":"es"},{"@type":"WebPage","@id":"https:\/\/www.caudete.org\/ayuntamiento\/aprobada-la-cuenta-general-2020-con-1-456-000e-de-remanente-y-una-deuda-del-3866\/","url":"https:\/\/www.caudete.org\/ayuntamiento\/aprobada-la-cuenta-general-2020-con-1-456-000e-de-remanente-y-una-deuda-del-3866\/","name":"Aprobada la Cuenta General 2020 con 1.456.000\u20ac de Remanente y una Deuda del 38'66% - MI Ayuntamiento de Caudete","isPartOf":{"@id":"https:\/\/www.caudete.org\/ayuntamiento\/#website"},"primaryImageOfPage":{"@id":"https:\/\/www.caudete.org\/ayuntamiento\/aprobada-la-cuenta-general-2020-con-1-456-000e-de-remanente-y-una-deuda-del-3866\/#primaryimage"},"image":{"@id":"https:\/\/www.caudete.org\/ayuntamiento\/aprobada-la-cuenta-general-2020-con-1-456-000e-de-remanente-y-una-deuda-del-3866\/#primaryimage"},"thumbnailUrl":"https:\/\/www.caudete.org\/ayuntamiento\/wp-content\/uploads\/2021\/08\/102327302_1316077311921295_3250936045709033472_n.jpg","datePublished":"2021-08-04T13:09:18+00:00","description":"P\u00e1gina Oficial del Ayuntamiento de Caudete (Albacete)","breadcrumb":{"@id":"https:\/\/www.caudete.org\/ayuntamiento\/aprobada-la-cuenta-general-2020-con-1-456-000e-de-remanente-y-una-deuda-del-3866\/#breadcrumb"},"inLanguage":"es","potentialAction":[{"@type":"ReadAction","target":["https:\/\/www.caudete.org\/ayuntamiento\/aprobada-la-cuenta-general-2020-con-1-456-000e-de-remanente-y-una-deuda-del-3866\/"]}]},{"@type":"ImageObject","inLanguage":"es","@id":"https:\/\/www.caudete.org\/ayuntamiento\/aprobada-la-cuenta-general-2020-con-1-456-000e-de-remanente-y-una-deuda-del-3866\/#primaryimage","url":"https:\/\/www.caudete.org\/ayuntamiento\/wp-content\/uploads\/2021\/08\/102327302_1316077311921295_3250936045709033472_n.jpg","contentUrl":"https:\/\/www.caudete.org\/ayuntamiento\/wp-content\/uploads\/2021\/08\/102327302_1316077311921295_3250936045709033472_n.jpg","width":620,"height":319},{"@type":"BreadcrumbList","@id":"https:\/\/www.caudete.org\/ayuntamiento\/aprobada-la-cuenta-general-2020-con-1-456-000e-de-remanente-y-una-deuda-del-3866\/#breadcrumb","itemListElement":[{"@type":"ListItem","position":1,"name":"Inicio","item":"https:\/\/www.caudete.org\/ayuntamiento\/"},{"@type":"ListItem","position":2,"name":"Aprobada la Cuenta General 2020 con 1.456.000\u20ac de Remanente y una Deuda del 38&#8217;66%"}]},{"@type":"WebSite","@id":"https:\/\/www.caudete.org\/ayuntamiento\/#website","url":"https:\/\/www.caudete.org\/ayuntamiento\/","name":"MI Ayuntamiento de Caudete","description":"P\u00e1gina Oficial del MI Ayuntamiento de Caudete","publisher":{"@id":"https:\/\/www.caudete.org\/ayuntamiento\/#organization"},"potentialAction":[{"@type":"SearchAction","target":{"@type":"EntryPoint","urlTemplate":"https:\/\/www.caudete.org\/ayuntamiento\/?s={search_term_string}"},"query-input":{"@type":"PropertyValueSpecification","valueRequired":true,"valueName":"search_term_string"}}],"inLanguage":"es"},{"@type":"Organization","@id":"https:\/\/www.caudete.org\/ayuntamiento\/#organization","name":"Ayuntamiento de Caudete","url":"https:\/\/www.caudete.org\/ayuntamiento\/","logo":{"@type":"ImageObject","inLanguage":"es","@id":"https:\/\/www.caudete.org\/ayuntamiento\/#\/schema\/logo\/image\/","url":"https:\/\/www.caudete.org\/ayuntamiento\/wp-content\/uploads\/2020\/11\/logo_ayuntamiento_caudete.jpg","contentUrl":"https:\/\/www.caudete.org\/ayuntamiento\/wp-content\/uploads\/2020\/11\/logo_ayuntamiento_caudete.jpg","width":600,"height":150,"caption":"Ayuntamiento de Caudete"},"image":{"@id":"https:\/\/www.caudete.org\/ayuntamiento\/#\/schema\/logo\/image\/"},"sameAs":["https:\/\/www.facebook.com\/ayuntamientocaudete\/","https:\/\/www.youtube.com\/channel\/UC6VztHaooNsGpw-tNoBEFnQ"]},{"@type":"Person","@id":"https:\/\/www.caudete.org\/ayuntamiento\/#\/schema\/person\/cc646da9133078ee4d8dd47457947253","name":"alcalde","image":{"@type":"ImageObject","inLanguage":"es","@id":"https:\/\/secure.gravatar.com\/avatar\/84a817ba065b29ff08d666b215a215f5c79186a645ccb25b14a663d48a130f77?s=96&d=mm&r=g","url":"https:\/\/secure.gravatar.com\/avatar\/84a817ba065b29ff08d666b215a215f5c79186a645ccb25b14a663d48a130f77?s=96&d=mm&r=g","contentUrl":"https:\/\/secure.gravatar.com\/avatar\/84a817ba065b29ff08d666b215a215f5c79186a645ccb25b14a663d48a130f77?s=96&d=mm&r=g","caption":"alcalde"},"url":"https:\/\/www.caudete.org\/ayuntamiento\/author\/alcalde\/"}]}},"_links":{"self":[{"href":"https:\/\/www.caudete.org\/ayuntamiento\/wp-json\/wp\/v2\/posts\/15674","targetHints":{"allow":["GET"]}}],"collection":[{"href":"https:\/\/www.caudete.org\/ayuntamiento\/wp-json\/wp\/v2\/posts"}],"about":[{"href":"https:\/\/www.caudete.org\/ayuntamiento\/wp-json\/wp\/v2\/types\/post"}],"author":[{"embeddable":true,"href":"https:\/\/www.caudete.org\/ayuntamiento\/wp-json\/wp\/v2\/users\/3"}],"replies":[{"embeddable":true,"href":"https:\/\/www.caudete.org\/ayuntamiento\/wp-json\/wp\/v2\/comments?post=15674"}],"version-history":[{"count":1,"href":"https:\/\/www.caudete.org\/ayuntamiento\/wp-json\/wp\/v2\/posts\/15674\/revisions"}],"predecessor-version":[{"id":15677,"href":"https:\/\/www.caudete.org\/ayuntamiento\/wp-json\/wp\/v2\/posts\/15674\/revisions\/15677"}],"wp:featuredmedia":[{"embeddable":true,"href":"https:\/\/www.caudete.org\/ayuntamiento\/wp-json\/wp\/v2\/media\/15676"}],"wp:attachment":[{"href":"https:\/\/www.caudete.org\/ayuntamiento\/wp-json\/wp\/v2\/media?parent=15674"}],"wp:term":[{"taxonomy":"category","embeddable":true,"href":"https:\/\/www.caudete.org\/ayuntamiento\/wp-json\/wp\/v2\/categories?post=15674"},{"taxonomy":"post_tag","embeddable":true,"href":"https:\/\/www.caudete.org\/ayuntamiento\/wp-json\/wp\/v2\/tags?post=15674"}],"curies":[{"name":"wp","href":"https:\/\/api.w.org\/{rel}","templated":true}]}}