{"id":15678,"date":"2021-08-04T15:40:18","date_gmt":"2021-08-04T13:40:18","guid":{"rendered":"https:\/\/www.caudete.org\/ayuntamiento\/?p=15678"},"modified":"2021-08-04T15:40:18","modified_gmt":"2021-08-04T13:40:18","slug":"el-ayuntamiento-contratara-la-redaccion-del-plan-director-del-castillo","status":"publish","type":"post","link":"https:\/\/www.caudete.org\/ayuntamiento\/el-ayuntamiento-contratara-la-redaccion-del-plan-director-del-castillo\/","title":{"rendered":"El Ayuntamiento contratar\u00e1 la redacci\u00f3n del PLAN DIRECTOR DEL CASTILLO"},"content":{"rendered":"<p style=\"text-align: justify;\">Esta ma\u00f1ana, el Alcalde Mois\u00e9s L\u00f3pez y el Concejal de Patrimonio, Diego Cuenca, anunciaban la inminente contrataci\u00f3n t\u00e9cnica para la redacci\u00f3n del Plan Director del Castillo, gracias a la partida presupuestaria habilitada por medio del Remanente 2020, y cuantificada en 12.000 \u20ac<\/p>\n<p style=\"text-align: justify;\">El Concejal responsable alud\u00eda al objetivo 2021 en materia de Patrimonio Hist\u00f3rico, donde en el \u00e1mbito de la fortaleza caudetana se prev\u00e9 un vuelco significativo, al conseguir el Plan Director que establezca no solo c\u00f3mo actuar sobre el Castillo, sino tambi\u00e9n establecer su consolidaci\u00f3n y por tanto asegurar los restos existentes, adem\u00e1s de marcar las directrices para su puesta en valor.<\/p>\n<p style=\"text-align: justify;\">En opini\u00f3n del Edil &#8220;<em>este proyecto tendr\u00eda que haberse trabajado y obtenido desde el inicio de sus intervenciones, hace ya 20 a\u00f1os<\/em>&#8221; lo que hubiese sido positivo para el edificio, estableciendo previsiones, prioridades e inversiones cuantificadas.<\/p>\n<p style=\"text-align: justify;\">No obstante, la redacci\u00f3n del Plan Director del Castillo es el primer proyecto de calado que consigue impulsar la Concejal\u00eda de Patrimonio Hist\u00f3rico, creada en el presente mandato, y que &#8220;<em>permitir\u00e1 en convocatorias pr\u00f3ximas, poder optar al 1&#8217;5% cultural del Ministerio de Fomento<\/em>&#8220;, para lo cual, las negociaciones con el Obispado sobre la renovaci\u00f3n de la cesi\u00f3n del inmueble llevan buen camino.<\/p>\n<p style=\"text-align: justify;\">Supone por tanto una gu\u00eda de trabajo a medio plazo, que ir\u00e1 consiguiendo alcanzar metas en funci\u00f3n de la inversi\u00f3n econ\u00f3mica que en cada momento pueda realizarse sobre el, pero que ya ha adelantado el Regidor Mois\u00e9s L\u00f3pez &#8220;<em>necesitar\u00e1 del compromiso del Pleno de aportar anualmente en el Presupuesto una cantidad base sobre la que ir trabajando<\/em>&#8221; para que se vea ampliada con subvenciones de otras entidades.<\/p>\n<p style=\"text-align: justify;\">El Plan Director, explicaba, identificar\u00e1 el estado de conservaci\u00f3n de las diferentes \u00e1reas del castillo, definir\u00e1 unidades de actuaci\u00f3n seg\u00fan objetivos, fases de intervenci\u00f3n y actuaciones a llevar a cabo en cada unidad, fijando un plan a medio y largo plazo para la recuperaci\u00f3n de edificio, as\u00ed como para su puesta en valor como elemento de inter\u00e9s hist\u00f3rico, patrimonial y tur\u00edstico para el municipio.<\/p>\n<p style=\"text-align: justify;\">Adem\u00e1s, el Alcalde ha remarcado el &#8220;<em>excepcional resultado obtenido en la \u00faltima excavaci\u00f3n arqueol\u00f3gica llevada a cabo en Septiembre-Octubre del pasado 2020, y que permiti\u00f3 localizar e identificar la 4\u00aa torre, y con ello, obtener una vista idealizada 3D de la fortaleza<\/em>&#8221; siglos atr\u00e1s.<\/p>\n<p style=\"text-align: justify;\">Por \u00faltimo, ha mostrado el compromiso del Gobierno Municipal con el Patrimonio Hist\u00f3rico local para el mandato 2019-2023, pues adem\u00e1s de las inversiones y actuaciones previstas en el Castillo, tambi\u00e9n las hay sobre la Plaza de Toros, el Molino de San Ant\u00f3n, Lavadero de San Ant\u00f3n y la Torre de Bogarra, as\u00ed como el estudio del yacimiento Ibero-Romano del Real que est\u00e1 ejecut\u00e1ndose actualmente o el realizado preliminar en 2019 sobre la Iglesia-Convento de Capuchinos; adem\u00e1s de la futura ampliaci\u00f3n del Centro de Interpretaci\u00f3n sobre la que se est\u00e1 trabajando arduamente.<\/p>\n","protected":false},"excerpt":{"rendered":"<p>Esta ma\u00f1ana, el Alcalde Mois\u00e9s L\u00f3pez y el Concejal de Patrimonio, Diego Cuenca, anunciaban la inminente contrataci\u00f3n t\u00e9cnica para la redacci\u00f3n del Plan Director del Castillo, gracias a la partida presupuestaria habilitada por medio del Remanente 2020, y cuantificada en 12.000 \u20ac El Concejal responsable alud\u00eda al objetivo 2021 en materia de Patrimonio Hist\u00f3rico, donde &hellip;<\/p>\n","protected":false},"author":3,"featured_media":15679,"comment_status":"closed","ping_status":"open","sticky":false,"template":"","format":"standard","meta":{"ngg_post_thumbnail":0,"footnotes":""},"categories":[45],"tags":[],"class_list":["post-15678","post","type-post","status-publish","format-standard","has-post-thumbnail","hentry","category-patrimonio"],"yoast_head":"<!-- This site is optimized with the Yoast SEO plugin v27.5 - https:\/\/yoast.com\/product\/yoast-seo-wordpress\/ -->\n<title>El Ayuntamiento contratar\u00e1 la redacci\u00f3n del PLAN DIRECTOR DEL CASTILLO - MI Ayuntamiento de Caudete<\/title>\n<meta name=\"description\" content=\"P\u00e1gina Oficial del Ayuntamiento de Caudete (Albacete)\" \/>\n<meta name=\"robots\" content=\"index, follow, max-snippet:-1, max-image-preview:large, max-video-preview:-1\" \/>\n<link rel=\"canonical\" href=\"https:\/\/www.caudete.org\/ayuntamiento\/el-ayuntamiento-contratara-la-redaccion-del-plan-director-del-castillo\/\" \/>\n<meta property=\"og:locale\" content=\"es_ES\" \/>\n<meta property=\"og:type\" content=\"article\" \/>\n<meta property=\"og:title\" content=\"El Ayuntamiento contratar\u00e1 la redacci\u00f3n del PLAN DIRECTOR DEL CASTILLO - MI Ayuntamiento de Caudete\" \/>\n<meta property=\"og:description\" content=\"P\u00e1gina Oficial del Ayuntamiento de Caudete (Albacete)\" \/>\n<meta property=\"og:url\" content=\"https:\/\/www.caudete.org\/ayuntamiento\/el-ayuntamiento-contratara-la-redaccion-del-plan-director-del-castillo\/\" \/>\n<meta property=\"og:site_name\" content=\"MI Ayuntamiento de Caudete\" \/>\n<meta property=\"article:publisher\" content=\"https:\/\/www.facebook.com\/ayuntamientocaudete\/\" \/>\n<meta property=\"article:published_time\" content=\"2021-08-04T13:40:18+00:00\" \/>\n<meta property=\"og:image\" content=\"https:\/\/www.caudete.org\/ayuntamiento\/wp-content\/uploads\/2021\/08\/130867731_1474819046047120_1931790717107767492_n.jpg\" \/>\n\t<meta property=\"og:image:width\" content=\"960\" \/>\n\t<meta property=\"og:image:height\" content=\"548\" \/>\n\t<meta property=\"og:image:type\" content=\"image\/jpeg\" \/>\n<meta name=\"author\" content=\"alcalde\" \/>\n<meta name=\"twitter:card\" content=\"summary_large_image\" \/>\n<meta name=\"twitter:label1\" content=\"Escrito por\" \/>\n\t<meta name=\"twitter:data1\" content=\"alcalde\" \/>\n\t<meta name=\"twitter:label2\" content=\"Tiempo de lectura\" \/>\n\t<meta name=\"twitter:data2\" content=\"3 minutos\" \/>\n<script type=\"application\/ld+json\" class=\"yoast-schema-graph\">{\"@context\":\"https:\\\/\\\/schema.org\",\"@graph\":[{\"@type\":\"Article\",\"@id\":\"https:\\\/\\\/www.caudete.org\\\/ayuntamiento\\\/el-ayuntamiento-contratara-la-redaccion-del-plan-director-del-castillo\\\/#article\",\"isPartOf\":{\"@id\":\"https:\\\/\\\/www.caudete.org\\\/ayuntamiento\\\/el-ayuntamiento-contratara-la-redaccion-del-plan-director-del-castillo\\\/\"},\"author\":{\"name\":\"alcalde\",\"@id\":\"https:\\\/\\\/www.caudete.org\\\/ayuntamiento\\\/#\\\/schema\\\/person\\\/cc646da9133078ee4d8dd47457947253\"},\"headline\":\"El Ayuntamiento contratar\u00e1 la redacci\u00f3n del PLAN DIRECTOR DEL CASTILLO\",\"datePublished\":\"2021-08-04T13:40:18+00:00\",\"mainEntityOfPage\":{\"@id\":\"https:\\\/\\\/www.caudete.org\\\/ayuntamiento\\\/el-ayuntamiento-contratara-la-redaccion-del-plan-director-del-castillo\\\/\"},\"wordCount\":517,\"image\":{\"@id\":\"https:\\\/\\\/www.caudete.org\\\/ayuntamiento\\\/el-ayuntamiento-contratara-la-redaccion-del-plan-director-del-castillo\\\/#primaryimage\"},\"thumbnailUrl\":\"https:\\\/\\\/www.caudete.org\\\/ayuntamiento\\\/wp-content\\\/uploads\\\/2021\\\/08\\\/130867731_1474819046047120_1931790717107767492_n.jpg\",\"articleSection\":[\"Patrimonio\"],\"inLanguage\":\"es\"},{\"@type\":\"WebPage\",\"@id\":\"https:\\\/\\\/www.caudete.org\\\/ayuntamiento\\\/el-ayuntamiento-contratara-la-redaccion-del-plan-director-del-castillo\\\/\",\"url\":\"https:\\\/\\\/www.caudete.org\\\/ayuntamiento\\\/el-ayuntamiento-contratara-la-redaccion-del-plan-director-del-castillo\\\/\",\"name\":\"El Ayuntamiento contratar\u00e1 la redacci\u00f3n del PLAN DIRECTOR DEL CASTILLO - MI Ayuntamiento de Caudete\",\"isPartOf\":{\"@id\":\"https:\\\/\\\/www.caudete.org\\\/ayuntamiento\\\/#website\"},\"primaryImageOfPage\":{\"@id\":\"https:\\\/\\\/www.caudete.org\\\/ayuntamiento\\\/el-ayuntamiento-contratara-la-redaccion-del-plan-director-del-castillo\\\/#primaryimage\"},\"image\":{\"@id\":\"https:\\\/\\\/www.caudete.org\\\/ayuntamiento\\\/el-ayuntamiento-contratara-la-redaccion-del-plan-director-del-castillo\\\/#primaryimage\"},\"thumbnailUrl\":\"https:\\\/\\\/www.caudete.org\\\/ayuntamiento\\\/wp-content\\\/uploads\\\/2021\\\/08\\\/130867731_1474819046047120_1931790717107767492_n.jpg\",\"datePublished\":\"2021-08-04T13:40:18+00:00\",\"author\":{\"@id\":\"https:\\\/\\\/www.caudete.org\\\/ayuntamiento\\\/#\\\/schema\\\/person\\\/cc646da9133078ee4d8dd47457947253\"},\"description\":\"P\u00e1gina Oficial del Ayuntamiento de Caudete (Albacete)\",\"breadcrumb\":{\"@id\":\"https:\\\/\\\/www.caudete.org\\\/ayuntamiento\\\/el-ayuntamiento-contratara-la-redaccion-del-plan-director-del-castillo\\\/#breadcrumb\"},\"inLanguage\":\"es\",\"potentialAction\":[{\"@type\":\"ReadAction\",\"target\":[\"https:\\\/\\\/www.caudete.org\\\/ayuntamiento\\\/el-ayuntamiento-contratara-la-redaccion-del-plan-director-del-castillo\\\/\"]}]},{\"@type\":\"ImageObject\",\"inLanguage\":\"es\",\"@id\":\"https:\\\/\\\/www.caudete.org\\\/ayuntamiento\\\/el-ayuntamiento-contratara-la-redaccion-del-plan-director-del-castillo\\\/#primaryimage\",\"url\":\"https:\\\/\\\/www.caudete.org\\\/ayuntamiento\\\/wp-content\\\/uploads\\\/2021\\\/08\\\/130867731_1474819046047120_1931790717107767492_n.jpg\",\"contentUrl\":\"https:\\\/\\\/www.caudete.org\\\/ayuntamiento\\\/wp-content\\\/uploads\\\/2021\\\/08\\\/130867731_1474819046047120_1931790717107767492_n.jpg\",\"width\":960,\"height\":548},{\"@type\":\"BreadcrumbList\",\"@id\":\"https:\\\/\\\/www.caudete.org\\\/ayuntamiento\\\/el-ayuntamiento-contratara-la-redaccion-del-plan-director-del-castillo\\\/#breadcrumb\",\"itemListElement\":[{\"@type\":\"ListItem\",\"position\":1,\"name\":\"Inicio\",\"item\":\"https:\\\/\\\/www.caudete.org\\\/ayuntamiento\\\/\"},{\"@type\":\"ListItem\",\"position\":2,\"name\":\"El Ayuntamiento contratar\u00e1 la redacci\u00f3n del PLAN DIRECTOR DEL CASTILLO\"}]},{\"@type\":\"WebSite\",\"@id\":\"https:\\\/\\\/www.caudete.org\\\/ayuntamiento\\\/#website\",\"url\":\"https:\\\/\\\/www.caudete.org\\\/ayuntamiento\\\/\",\"name\":\"MI Ayuntamiento de Caudete\",\"description\":\"P\u00e1gina Oficial del MI Ayuntamiento de Caudete\",\"potentialAction\":[{\"@type\":\"SearchAction\",\"target\":{\"@type\":\"EntryPoint\",\"urlTemplate\":\"https:\\\/\\\/www.caudete.org\\\/ayuntamiento\\\/?s={search_term_string}\"},\"query-input\":{\"@type\":\"PropertyValueSpecification\",\"valueRequired\":true,\"valueName\":\"search_term_string\"}}],\"inLanguage\":\"es\"},{\"@type\":\"Person\",\"@id\":\"https:\\\/\\\/www.caudete.org\\\/ayuntamiento\\\/#\\\/schema\\\/person\\\/cc646da9133078ee4d8dd47457947253\",\"name\":\"alcalde\",\"image\":{\"@type\":\"ImageObject\",\"inLanguage\":\"es\",\"@id\":\"https:\\\/\\\/secure.gravatar.com\\\/avatar\\\/84a817ba065b29ff08d666b215a215f5c79186a645ccb25b14a663d48a130f77?s=96&d=mm&r=g\",\"url\":\"https:\\\/\\\/secure.gravatar.com\\\/avatar\\\/84a817ba065b29ff08d666b215a215f5c79186a645ccb25b14a663d48a130f77?s=96&d=mm&r=g\",\"contentUrl\":\"https:\\\/\\\/secure.gravatar.com\\\/avatar\\\/84a817ba065b29ff08d666b215a215f5c79186a645ccb25b14a663d48a130f77?s=96&d=mm&r=g\",\"caption\":\"alcalde\"},\"url\":\"https:\\\/\\\/www.caudete.org\\\/ayuntamiento\\\/author\\\/alcalde\\\/\"}]}<\/script>\n<!-- \/ Yoast SEO plugin. -->","yoast_head_json":{"title":"El Ayuntamiento contratar\u00e1 la redacci\u00f3n del PLAN DIRECTOR DEL CASTILLO - MI Ayuntamiento de Caudete","description":"P\u00e1gina Oficial del Ayuntamiento de Caudete (Albacete)","robots":{"index":"index","follow":"follow","max-snippet":"max-snippet:-1","max-image-preview":"max-image-preview:large","max-video-preview":"max-video-preview:-1"},"canonical":"https:\/\/www.caudete.org\/ayuntamiento\/el-ayuntamiento-contratara-la-redaccion-del-plan-director-del-castillo\/","og_locale":"es_ES","og_type":"article","og_title":"El Ayuntamiento contratar\u00e1 la redacci\u00f3n del PLAN DIRECTOR DEL CASTILLO - MI Ayuntamiento de Caudete","og_description":"P\u00e1gina Oficial del Ayuntamiento de Caudete (Albacete)","og_url":"https:\/\/www.caudete.org\/ayuntamiento\/el-ayuntamiento-contratara-la-redaccion-del-plan-director-del-castillo\/","og_site_name":"MI Ayuntamiento de Caudete","article_publisher":"https:\/\/www.facebook.com\/ayuntamientocaudete\/","article_published_time":"2021-08-04T13:40:18+00:00","og_image":[{"width":960,"height":548,"url":"https:\/\/www.caudete.org\/ayuntamiento\/wp-content\/uploads\/2021\/08\/130867731_1474819046047120_1931790717107767492_n.jpg","type":"image\/jpeg"}],"author":"alcalde","twitter_card":"summary_large_image","twitter_misc":{"Escrito por":"alcalde","Tiempo de lectura":"3 minutos"},"schema":{"@context":"https:\/\/schema.org","@graph":[{"@type":"Article","@id":"https:\/\/www.caudete.org\/ayuntamiento\/el-ayuntamiento-contratara-la-redaccion-del-plan-director-del-castillo\/#article","isPartOf":{"@id":"https:\/\/www.caudete.org\/ayuntamiento\/el-ayuntamiento-contratara-la-redaccion-del-plan-director-del-castillo\/"},"author":{"name":"alcalde","@id":"https:\/\/www.caudete.org\/ayuntamiento\/#\/schema\/person\/cc646da9133078ee4d8dd47457947253"},"headline":"El Ayuntamiento contratar\u00e1 la redacci\u00f3n del PLAN DIRECTOR DEL CASTILLO","datePublished":"2021-08-04T13:40:18+00:00","mainEntityOfPage":{"@id":"https:\/\/www.caudete.org\/ayuntamiento\/el-ayuntamiento-contratara-la-redaccion-del-plan-director-del-castillo\/"},"wordCount":517,"image":{"@id":"https:\/\/www.caudete.org\/ayuntamiento\/el-ayuntamiento-contratara-la-redaccion-del-plan-director-del-castillo\/#primaryimage"},"thumbnailUrl":"https:\/\/www.caudete.org\/ayuntamiento\/wp-content\/uploads\/2021\/08\/130867731_1474819046047120_1931790717107767492_n.jpg","articleSection":["Patrimonio"],"inLanguage":"es"},{"@type":"WebPage","@id":"https:\/\/www.caudete.org\/ayuntamiento\/el-ayuntamiento-contratara-la-redaccion-del-plan-director-del-castillo\/","url":"https:\/\/www.caudete.org\/ayuntamiento\/el-ayuntamiento-contratara-la-redaccion-del-plan-director-del-castillo\/","name":"El Ayuntamiento contratar\u00e1 la redacci\u00f3n del PLAN DIRECTOR DEL CASTILLO - MI Ayuntamiento de Caudete","isPartOf":{"@id":"https:\/\/www.caudete.org\/ayuntamiento\/#website"},"primaryImageOfPage":{"@id":"https:\/\/www.caudete.org\/ayuntamiento\/el-ayuntamiento-contratara-la-redaccion-del-plan-director-del-castillo\/#primaryimage"},"image":{"@id":"https:\/\/www.caudete.org\/ayuntamiento\/el-ayuntamiento-contratara-la-redaccion-del-plan-director-del-castillo\/#primaryimage"},"thumbnailUrl":"https:\/\/www.caudete.org\/ayuntamiento\/wp-content\/uploads\/2021\/08\/130867731_1474819046047120_1931790717107767492_n.jpg","datePublished":"2021-08-04T13:40:18+00:00","author":{"@id":"https:\/\/www.caudete.org\/ayuntamiento\/#\/schema\/person\/cc646da9133078ee4d8dd47457947253"},"description":"P\u00e1gina Oficial del Ayuntamiento de Caudete (Albacete)","breadcrumb":{"@id":"https:\/\/www.caudete.org\/ayuntamiento\/el-ayuntamiento-contratara-la-redaccion-del-plan-director-del-castillo\/#breadcrumb"},"inLanguage":"es","potentialAction":[{"@type":"ReadAction","target":["https:\/\/www.caudete.org\/ayuntamiento\/el-ayuntamiento-contratara-la-redaccion-del-plan-director-del-castillo\/"]}]},{"@type":"ImageObject","inLanguage":"es","@id":"https:\/\/www.caudete.org\/ayuntamiento\/el-ayuntamiento-contratara-la-redaccion-del-plan-director-del-castillo\/#primaryimage","url":"https:\/\/www.caudete.org\/ayuntamiento\/wp-content\/uploads\/2021\/08\/130867731_1474819046047120_1931790717107767492_n.jpg","contentUrl":"https:\/\/www.caudete.org\/ayuntamiento\/wp-content\/uploads\/2021\/08\/130867731_1474819046047120_1931790717107767492_n.jpg","width":960,"height":548},{"@type":"BreadcrumbList","@id":"https:\/\/www.caudete.org\/ayuntamiento\/el-ayuntamiento-contratara-la-redaccion-del-plan-director-del-castillo\/#breadcrumb","itemListElement":[{"@type":"ListItem","position":1,"name":"Inicio","item":"https:\/\/www.caudete.org\/ayuntamiento\/"},{"@type":"ListItem","position":2,"name":"El Ayuntamiento contratar\u00e1 la redacci\u00f3n del PLAN DIRECTOR DEL CASTILLO"}]},{"@type":"WebSite","@id":"https:\/\/www.caudete.org\/ayuntamiento\/#website","url":"https:\/\/www.caudete.org\/ayuntamiento\/","name":"MI Ayuntamiento de Caudete","description":"P\u00e1gina Oficial del MI Ayuntamiento de Caudete","potentialAction":[{"@type":"SearchAction","target":{"@type":"EntryPoint","urlTemplate":"https:\/\/www.caudete.org\/ayuntamiento\/?s={search_term_string}"},"query-input":{"@type":"PropertyValueSpecification","valueRequired":true,"valueName":"search_term_string"}}],"inLanguage":"es"},{"@type":"Person","@id":"https:\/\/www.caudete.org\/ayuntamiento\/#\/schema\/person\/cc646da9133078ee4d8dd47457947253","name":"alcalde","image":{"@type":"ImageObject","inLanguage":"es","@id":"https:\/\/secure.gravatar.com\/avatar\/84a817ba065b29ff08d666b215a215f5c79186a645ccb25b14a663d48a130f77?s=96&d=mm&r=g","url":"https:\/\/secure.gravatar.com\/avatar\/84a817ba065b29ff08d666b215a215f5c79186a645ccb25b14a663d48a130f77?s=96&d=mm&r=g","contentUrl":"https:\/\/secure.gravatar.com\/avatar\/84a817ba065b29ff08d666b215a215f5c79186a645ccb25b14a663d48a130f77?s=96&d=mm&r=g","caption":"alcalde"},"url":"https:\/\/www.caudete.org\/ayuntamiento\/author\/alcalde\/"}]}},"_links":{"self":[{"href":"https:\/\/www.caudete.org\/ayuntamiento\/wp-json\/wp\/v2\/posts\/15678","targetHints":{"allow":["GET"]}}],"collection":[{"href":"https:\/\/www.caudete.org\/ayuntamiento\/wp-json\/wp\/v2\/posts"}],"about":[{"href":"https:\/\/www.caudete.org\/ayuntamiento\/wp-json\/wp\/v2\/types\/post"}],"author":[{"embeddable":true,"href":"https:\/\/www.caudete.org\/ayuntamiento\/wp-json\/wp\/v2\/users\/3"}],"replies":[{"embeddable":true,"href":"https:\/\/www.caudete.org\/ayuntamiento\/wp-json\/wp\/v2\/comments?post=15678"}],"version-history":[{"count":1,"href":"https:\/\/www.caudete.org\/ayuntamiento\/wp-json\/wp\/v2\/posts\/15678\/revisions"}],"predecessor-version":[{"id":15680,"href":"https:\/\/www.caudete.org\/ayuntamiento\/wp-json\/wp\/v2\/posts\/15678\/revisions\/15680"}],"wp:featuredmedia":[{"embeddable":true,"href":"https:\/\/www.caudete.org\/ayuntamiento\/wp-json\/wp\/v2\/media\/15679"}],"wp:attachment":[{"href":"https:\/\/www.caudete.org\/ayuntamiento\/wp-json\/wp\/v2\/media?parent=15678"}],"wp:term":[{"taxonomy":"category","embeddable":true,"href":"https:\/\/www.caudete.org\/ayuntamiento\/wp-json\/wp\/v2\/categories?post=15678"},{"taxonomy":"post_tag","embeddable":true,"href":"https:\/\/www.caudete.org\/ayuntamiento\/wp-json\/wp\/v2\/tags?post=15678"}],"curies":[{"name":"wp","href":"https:\/\/api.w.org\/{rel}","templated":true}]}}