{"id":15690,"date":"2021-08-09T10:18:42","date_gmt":"2021-08-09T08:18:42","guid":{"rendered":"https:\/\/www.caudete.org\/ayuntamiento\/?p=15690"},"modified":"2021-08-09T11:34:26","modified_gmt":"2021-08-09T09:34:26","slug":"la-concejal-de-sanidad-informa-sobre-la-situacion-covid-19-en-caudete","status":"publish","type":"post","link":"https:\/\/www.caudete.org\/ayuntamiento\/la-concejal-de-sanidad-informa-sobre-la-situacion-covid-19-en-caudete\/","title":{"rendered":"La Concejal de Sanidad informa sobre la situaci\u00f3n Covid-19 en Caudete"},"content":{"rendered":"<p style=\"text-align: justify;\">La Concejal de Sanidad, Inma Garc\u00eda, informa de las actuaciones con respecto al Covid-19 llevadas a cabo por el Ayuntamiento ante una mayor incidencia de casos en nuestro municipio, los cuales han mostrado un cambio de tendencia en \u00e9stas \u00faltimas semanas.<\/p>\n<p style=\"text-align: justify;\">Remarcaba la Edil que desde el Gobierno Municipal <em>&#8220;hemos estado aplicado las medidas de contenci\u00f3n, velando para que en los distintos espacios p\u00fablicos y privados respeten y hagan cumplir las normas sanitarias.&#8221;<\/em> A tal fin, se est\u00e1n llevando a cabo por los diferentes cuerpos de seguridad operantes en el municipio tareas de vigilancia, inspecci\u00f3n y control del cumplimiento de las medidas de prevenci\u00f3n, para garantizar los deberes sanitarios y derechos de la ciudadan\u00eda.<\/p>\n<p style=\"text-align: justify;\">A nivel interno del Ayuntamiento, se contin\u00faa con las medidas de ventilaci\u00f3n, limpieza y desinfecci\u00f3n adecuadas a las caracter\u00edsticas e intensidad de uso de los centros y espacios municipales, con arreglo a los protocolos que se establezcan en cada caso, y colaboraci\u00f3n con las entidades representativas del sector para el estudio e implementaci\u00f3n de las medidas de prevenci\u00f3n aplicables, como lo son la Delegaci\u00f3n Provincial de Albacete, Gerencia del Hospital de Almansa, Centro de Salud, Polic\u00eda Local y Guardia Civil.<\/p>\n<p style=\"text-align: justify;\">Destaca Inma Garc\u00eda que &#8220;<em>desde la posici\u00f3n municipal estamos contribuyendo al manejo adecuado que permita controlar la situaci\u00f3n<\/em>&#8220;, pero Remarcaba que &#8220;<em>tambi\u00e9n dependemos de las Autoridades competentes en la materia, que son las que decretan las normas sanitarias Covid<\/em>&#8220;, careciendo por parto el Ayuntamiento de potestad alguna de decretar restricciones.<\/p>\n<p>&nbsp;<\/p>\n<p style=\"text-align: justify;\">Ha informado igualmente que &#8220;<em>con la Consejer\u00eda de Sanidad de Albacete se valor\u00f3 el poder poner restricciones c\u00f3mo, toque de queda, reducci\u00f3n de aforos, limitar los grupos a un m\u00e1ximo de 10 personas, salvo las personas convivientes, y evitar encuentros sociales o familiares fuera del grupo de convivencia estable<\/em>&#8220;, pero la falta de un marco jur\u00eddico a nivel regional anulaba todas las posibilidades a la Delegaci\u00f3n Provincial, y por ende, al Ayuntamiento.<\/p>\n<p style=\"text-align: justify;\">Adem\u00e1s &#8220;<em>a la Gerencia del Hospital de Almansa le hemos solicitado en varias ocasiones, sin \u00e9xito alguno, refuerzos para poder llevar mejor \u00e9sta situaci\u00f3n en la Atenci\u00f3n Primaria de nuestro Centro de Salud<\/em>&#8220;.<\/p>\n<p style=\"text-align: justify;\">Siendo la situaci\u00f3n delicada en nuestro municipio, &#8220;<em>desde el Ayuntamiento tambi\u00e9n hemos solicitado a la Gerencia del Hospital de Almansa la realizaci\u00f3n de un cribado masivo<\/em>&#8221; siendo solamente ellos los que pod\u00edan determinar \u00e9stas soluciones, pero sin respuesta hasta el momento.<\/p>\n<p style=\"text-align: justify;\">Polic\u00eda Local y Guardia Civil est\u00e1n manteniendo actualmente el control respecto a las concentraciones de aforo de los botellones, y recordaba que como medida eficaz el Ayuntamiento va a implementar una Ordenanza Reguladora para controlar dicha situaci\u00f3n, ya que en la legislaci\u00f3n de Castilla La Mancha no existe normativa que lo sancione, quedando a potestad de cada municipio su regulaci\u00f3n y permisividad. De esta forma, se intentar\u00e1 adem\u00e1s resolver los diversos problemas que se generan respecto al vecindario y conductas inc\u00edvicas.<\/p>\n<p style=\"text-align: justify;\">Por ello frente a la Covid-19, no bajes la guardia., las vacunas funcionan, las medidas de protecci\u00f3n siguen funcionando.<\/p>\n<p style=\"text-align: justify;\">Desde el Consistorio caudetano pedimos sensibilizaci\u00f3n sobre la necesidad de cumplir las cuarentenas y el n\u00famero limitado de personas en reuniones sociales o familiares.<\/p>\n","protected":false},"excerpt":{"rendered":"<p>La Concejal de Sanidad, Inma Garc\u00eda, informa de las actuaciones con respecto al Covid-19 llevadas a cabo por el Ayuntamiento ante una mayor incidencia de casos en nuestro municipio, los cuales han mostrado un cambio de tendencia en \u00e9stas \u00faltimas semanas. Remarcaba la Edil que desde el Gobierno Municipal &#8220;hemos estado aplicado las medidas de &hellip;<\/p>\n","protected":false},"author":3,"featured_media":15691,"comment_status":"closed","ping_status":"open","sticky":false,"template":"","format":"standard","meta":{"ngg_post_thumbnail":0,"footnotes":""},"categories":[16],"tags":[],"class_list":["post-15690","post","type-post","status-publish","format-standard","has-post-thumbnail","hentry","category-sanidad"],"yoast_head":"<!-- This site is optimized with the Yoast SEO plugin v27.5 - https:\/\/yoast.com\/product\/yoast-seo-wordpress\/ -->\n<title>La Concejal de Sanidad informa sobre la situaci\u00f3n Covid-19 en Caudete - MI Ayuntamiento de Caudete<\/title>\n<meta name=\"description\" content=\"P\u00e1gina Oficial del Ayuntamiento de Caudete (Albacete)\" \/>\n<meta name=\"robots\" content=\"index, follow, max-snippet:-1, max-image-preview:large, max-video-preview:-1\" \/>\n<link rel=\"canonical\" href=\"https:\/\/www.caudete.org\/ayuntamiento\/la-concejal-de-sanidad-informa-sobre-la-situacion-covid-19-en-caudete\/\" \/>\n<meta property=\"og:locale\" content=\"es_ES\" \/>\n<meta property=\"og:type\" content=\"article\" \/>\n<meta property=\"og:title\" content=\"La Concejal de Sanidad informa sobre la situaci\u00f3n Covid-19 en Caudete - MI Ayuntamiento de Caudete\" \/>\n<meta property=\"og:description\" content=\"P\u00e1gina Oficial del Ayuntamiento de Caudete (Albacete)\" \/>\n<meta property=\"og:url\" content=\"https:\/\/www.caudete.org\/ayuntamiento\/la-concejal-de-sanidad-informa-sobre-la-situacion-covid-19-en-caudete\/\" \/>\n<meta property=\"og:site_name\" content=\"MI Ayuntamiento de Caudete\" \/>\n<meta property=\"article:publisher\" content=\"https:\/\/www.facebook.com\/ayuntamientocaudete\/\" \/>\n<meta property=\"article:published_time\" content=\"2021-08-09T08:18:42+00:00\" \/>\n<meta property=\"article:modified_time\" content=\"2021-08-09T09:34:26+00:00\" \/>\n<meta property=\"og:image\" content=\"https:\/\/www.caudete.org\/ayuntamiento\/wp-content\/uploads\/2021\/08\/IMG-20210808-WA0017.jpg\" \/>\n\t<meta property=\"og:image:width\" content=\"421\" \/>\n\t<meta property=\"og:image:height\" content=\"410\" \/>\n\t<meta property=\"og:image:type\" content=\"image\/jpeg\" \/>\n<meta name=\"author\" content=\"alcalde\" \/>\n<meta name=\"twitter:card\" content=\"summary_large_image\" \/>\n<meta name=\"twitter:label1\" content=\"Escrito por\" \/>\n\t<meta name=\"twitter:data1\" content=\"alcalde\" \/>\n\t<meta name=\"twitter:label2\" content=\"Tiempo de lectura\" \/>\n\t<meta name=\"twitter:data2\" content=\"3 minutos\" \/>\n<script type=\"application\/ld+json\" class=\"yoast-schema-graph\">{\"@context\":\"https:\\\/\\\/schema.org\",\"@graph\":[{\"@type\":\"Article\",\"@id\":\"https:\\\/\\\/www.caudete.org\\\/ayuntamiento\\\/la-concejal-de-sanidad-informa-sobre-la-situacion-covid-19-en-caudete\\\/#article\",\"isPartOf\":{\"@id\":\"https:\\\/\\\/www.caudete.org\\\/ayuntamiento\\\/la-concejal-de-sanidad-informa-sobre-la-situacion-covid-19-en-caudete\\\/\"},\"author\":{\"name\":\"alcalde\",\"@id\":\"https:\\\/\\\/www.caudete.org\\\/ayuntamiento\\\/#\\\/schema\\\/person\\\/cc646da9133078ee4d8dd47457947253\"},\"headline\":\"La Concejal de Sanidad informa sobre la situaci\u00f3n Covid-19 en Caudete\",\"datePublished\":\"2021-08-09T08:18:42+00:00\",\"dateModified\":\"2021-08-09T09:34:26+00:00\",\"mainEntityOfPage\":{\"@id\":\"https:\\\/\\\/www.caudete.org\\\/ayuntamiento\\\/la-concejal-de-sanidad-informa-sobre-la-situacion-covid-19-en-caudete\\\/\"},\"wordCount\":569,\"image\":{\"@id\":\"https:\\\/\\\/www.caudete.org\\\/ayuntamiento\\\/la-concejal-de-sanidad-informa-sobre-la-situacion-covid-19-en-caudete\\\/#primaryimage\"},\"thumbnailUrl\":\"https:\\\/\\\/www.caudete.org\\\/ayuntamiento\\\/wp-content\\\/uploads\\\/2021\\\/08\\\/IMG-20210808-WA0017.jpg\",\"articleSection\":[\"Sanidad\"],\"inLanguage\":\"es\"},{\"@type\":\"WebPage\",\"@id\":\"https:\\\/\\\/www.caudete.org\\\/ayuntamiento\\\/la-concejal-de-sanidad-informa-sobre-la-situacion-covid-19-en-caudete\\\/\",\"url\":\"https:\\\/\\\/www.caudete.org\\\/ayuntamiento\\\/la-concejal-de-sanidad-informa-sobre-la-situacion-covid-19-en-caudete\\\/\",\"name\":\"La Concejal de Sanidad informa sobre la situaci\u00f3n Covid-19 en Caudete - MI Ayuntamiento de Caudete\",\"isPartOf\":{\"@id\":\"https:\\\/\\\/www.caudete.org\\\/ayuntamiento\\\/#website\"},\"primaryImageOfPage\":{\"@id\":\"https:\\\/\\\/www.caudete.org\\\/ayuntamiento\\\/la-concejal-de-sanidad-informa-sobre-la-situacion-covid-19-en-caudete\\\/#primaryimage\"},\"image\":{\"@id\":\"https:\\\/\\\/www.caudete.org\\\/ayuntamiento\\\/la-concejal-de-sanidad-informa-sobre-la-situacion-covid-19-en-caudete\\\/#primaryimage\"},\"thumbnailUrl\":\"https:\\\/\\\/www.caudete.org\\\/ayuntamiento\\\/wp-content\\\/uploads\\\/2021\\\/08\\\/IMG-20210808-WA0017.jpg\",\"datePublished\":\"2021-08-09T08:18:42+00:00\",\"dateModified\":\"2021-08-09T09:34:26+00:00\",\"author\":{\"@id\":\"https:\\\/\\\/www.caudete.org\\\/ayuntamiento\\\/#\\\/schema\\\/person\\\/cc646da9133078ee4d8dd47457947253\"},\"description\":\"P\u00e1gina Oficial del Ayuntamiento de Caudete (Albacete)\",\"breadcrumb\":{\"@id\":\"https:\\\/\\\/www.caudete.org\\\/ayuntamiento\\\/la-concejal-de-sanidad-informa-sobre-la-situacion-covid-19-en-caudete\\\/#breadcrumb\"},\"inLanguage\":\"es\",\"potentialAction\":[{\"@type\":\"ReadAction\",\"target\":[\"https:\\\/\\\/www.caudete.org\\\/ayuntamiento\\\/la-concejal-de-sanidad-informa-sobre-la-situacion-covid-19-en-caudete\\\/\"]}]},{\"@type\":\"ImageObject\",\"inLanguage\":\"es\",\"@id\":\"https:\\\/\\\/www.caudete.org\\\/ayuntamiento\\\/la-concejal-de-sanidad-informa-sobre-la-situacion-covid-19-en-caudete\\\/#primaryimage\",\"url\":\"https:\\\/\\\/www.caudete.org\\\/ayuntamiento\\\/wp-content\\\/uploads\\\/2021\\\/08\\\/IMG-20210808-WA0017.jpg\",\"contentUrl\":\"https:\\\/\\\/www.caudete.org\\\/ayuntamiento\\\/wp-content\\\/uploads\\\/2021\\\/08\\\/IMG-20210808-WA0017.jpg\",\"width\":421,\"height\":410},{\"@type\":\"BreadcrumbList\",\"@id\":\"https:\\\/\\\/www.caudete.org\\\/ayuntamiento\\\/la-concejal-de-sanidad-informa-sobre-la-situacion-covid-19-en-caudete\\\/#breadcrumb\",\"itemListElement\":[{\"@type\":\"ListItem\",\"position\":1,\"name\":\"Inicio\",\"item\":\"https:\\\/\\\/www.caudete.org\\\/ayuntamiento\\\/\"},{\"@type\":\"ListItem\",\"position\":2,\"name\":\"La Concejal de Sanidad informa sobre la situaci\u00f3n Covid-19 en Caudete\"}]},{\"@type\":\"WebSite\",\"@id\":\"https:\\\/\\\/www.caudete.org\\\/ayuntamiento\\\/#website\",\"url\":\"https:\\\/\\\/www.caudete.org\\\/ayuntamiento\\\/\",\"name\":\"MI Ayuntamiento de Caudete\",\"description\":\"P\u00e1gina Oficial del MI Ayuntamiento de Caudete\",\"potentialAction\":[{\"@type\":\"SearchAction\",\"target\":{\"@type\":\"EntryPoint\",\"urlTemplate\":\"https:\\\/\\\/www.caudete.org\\\/ayuntamiento\\\/?s={search_term_string}\"},\"query-input\":{\"@type\":\"PropertyValueSpecification\",\"valueRequired\":true,\"valueName\":\"search_term_string\"}}],\"inLanguage\":\"es\"},{\"@type\":\"Person\",\"@id\":\"https:\\\/\\\/www.caudete.org\\\/ayuntamiento\\\/#\\\/schema\\\/person\\\/cc646da9133078ee4d8dd47457947253\",\"name\":\"alcalde\",\"image\":{\"@type\":\"ImageObject\",\"inLanguage\":\"es\",\"@id\":\"https:\\\/\\\/secure.gravatar.com\\\/avatar\\\/84a817ba065b29ff08d666b215a215f5c79186a645ccb25b14a663d48a130f77?s=96&d=mm&r=g\",\"url\":\"https:\\\/\\\/secure.gravatar.com\\\/avatar\\\/84a817ba065b29ff08d666b215a215f5c79186a645ccb25b14a663d48a130f77?s=96&d=mm&r=g\",\"contentUrl\":\"https:\\\/\\\/secure.gravatar.com\\\/avatar\\\/84a817ba065b29ff08d666b215a215f5c79186a645ccb25b14a663d48a130f77?s=96&d=mm&r=g\",\"caption\":\"alcalde\"},\"url\":\"https:\\\/\\\/www.caudete.org\\\/ayuntamiento\\\/author\\\/alcalde\\\/\"}]}<\/script>\n<!-- \/ Yoast SEO plugin. -->","yoast_head_json":{"title":"La Concejal de Sanidad informa sobre la situaci\u00f3n Covid-19 en Caudete - MI Ayuntamiento de Caudete","description":"P\u00e1gina Oficial del Ayuntamiento de Caudete (Albacete)","robots":{"index":"index","follow":"follow","max-snippet":"max-snippet:-1","max-image-preview":"max-image-preview:large","max-video-preview":"max-video-preview:-1"},"canonical":"https:\/\/www.caudete.org\/ayuntamiento\/la-concejal-de-sanidad-informa-sobre-la-situacion-covid-19-en-caudete\/","og_locale":"es_ES","og_type":"article","og_title":"La Concejal de Sanidad informa sobre la situaci\u00f3n Covid-19 en Caudete - MI Ayuntamiento de Caudete","og_description":"P\u00e1gina Oficial del Ayuntamiento de Caudete (Albacete)","og_url":"https:\/\/www.caudete.org\/ayuntamiento\/la-concejal-de-sanidad-informa-sobre-la-situacion-covid-19-en-caudete\/","og_site_name":"MI Ayuntamiento de Caudete","article_publisher":"https:\/\/www.facebook.com\/ayuntamientocaudete\/","article_published_time":"2021-08-09T08:18:42+00:00","article_modified_time":"2021-08-09T09:34:26+00:00","og_image":[{"width":421,"height":410,"url":"https:\/\/www.caudete.org\/ayuntamiento\/wp-content\/uploads\/2021\/08\/IMG-20210808-WA0017.jpg","type":"image\/jpeg"}],"author":"alcalde","twitter_card":"summary_large_image","twitter_misc":{"Escrito por":"alcalde","Tiempo de lectura":"3 minutos"},"schema":{"@context":"https:\/\/schema.org","@graph":[{"@type":"Article","@id":"https:\/\/www.caudete.org\/ayuntamiento\/la-concejal-de-sanidad-informa-sobre-la-situacion-covid-19-en-caudete\/#article","isPartOf":{"@id":"https:\/\/www.caudete.org\/ayuntamiento\/la-concejal-de-sanidad-informa-sobre-la-situacion-covid-19-en-caudete\/"},"author":{"name":"alcalde","@id":"https:\/\/www.caudete.org\/ayuntamiento\/#\/schema\/person\/cc646da9133078ee4d8dd47457947253"},"headline":"La Concejal de Sanidad informa sobre la situaci\u00f3n Covid-19 en Caudete","datePublished":"2021-08-09T08:18:42+00:00","dateModified":"2021-08-09T09:34:26+00:00","mainEntityOfPage":{"@id":"https:\/\/www.caudete.org\/ayuntamiento\/la-concejal-de-sanidad-informa-sobre-la-situacion-covid-19-en-caudete\/"},"wordCount":569,"image":{"@id":"https:\/\/www.caudete.org\/ayuntamiento\/la-concejal-de-sanidad-informa-sobre-la-situacion-covid-19-en-caudete\/#primaryimage"},"thumbnailUrl":"https:\/\/www.caudete.org\/ayuntamiento\/wp-content\/uploads\/2021\/08\/IMG-20210808-WA0017.jpg","articleSection":["Sanidad"],"inLanguage":"es"},{"@type":"WebPage","@id":"https:\/\/www.caudete.org\/ayuntamiento\/la-concejal-de-sanidad-informa-sobre-la-situacion-covid-19-en-caudete\/","url":"https:\/\/www.caudete.org\/ayuntamiento\/la-concejal-de-sanidad-informa-sobre-la-situacion-covid-19-en-caudete\/","name":"La Concejal de Sanidad informa sobre la situaci\u00f3n Covid-19 en Caudete - MI Ayuntamiento de Caudete","isPartOf":{"@id":"https:\/\/www.caudete.org\/ayuntamiento\/#website"},"primaryImageOfPage":{"@id":"https:\/\/www.caudete.org\/ayuntamiento\/la-concejal-de-sanidad-informa-sobre-la-situacion-covid-19-en-caudete\/#primaryimage"},"image":{"@id":"https:\/\/www.caudete.org\/ayuntamiento\/la-concejal-de-sanidad-informa-sobre-la-situacion-covid-19-en-caudete\/#primaryimage"},"thumbnailUrl":"https:\/\/www.caudete.org\/ayuntamiento\/wp-content\/uploads\/2021\/08\/IMG-20210808-WA0017.jpg","datePublished":"2021-08-09T08:18:42+00:00","dateModified":"2021-08-09T09:34:26+00:00","author":{"@id":"https:\/\/www.caudete.org\/ayuntamiento\/#\/schema\/person\/cc646da9133078ee4d8dd47457947253"},"description":"P\u00e1gina Oficial del Ayuntamiento de Caudete (Albacete)","breadcrumb":{"@id":"https:\/\/www.caudete.org\/ayuntamiento\/la-concejal-de-sanidad-informa-sobre-la-situacion-covid-19-en-caudete\/#breadcrumb"},"inLanguage":"es","potentialAction":[{"@type":"ReadAction","target":["https:\/\/www.caudete.org\/ayuntamiento\/la-concejal-de-sanidad-informa-sobre-la-situacion-covid-19-en-caudete\/"]}]},{"@type":"ImageObject","inLanguage":"es","@id":"https:\/\/www.caudete.org\/ayuntamiento\/la-concejal-de-sanidad-informa-sobre-la-situacion-covid-19-en-caudete\/#primaryimage","url":"https:\/\/www.caudete.org\/ayuntamiento\/wp-content\/uploads\/2021\/08\/IMG-20210808-WA0017.jpg","contentUrl":"https:\/\/www.caudete.org\/ayuntamiento\/wp-content\/uploads\/2021\/08\/IMG-20210808-WA0017.jpg","width":421,"height":410},{"@type":"BreadcrumbList","@id":"https:\/\/www.caudete.org\/ayuntamiento\/la-concejal-de-sanidad-informa-sobre-la-situacion-covid-19-en-caudete\/#breadcrumb","itemListElement":[{"@type":"ListItem","position":1,"name":"Inicio","item":"https:\/\/www.caudete.org\/ayuntamiento\/"},{"@type":"ListItem","position":2,"name":"La Concejal de Sanidad informa sobre la situaci\u00f3n Covid-19 en Caudete"}]},{"@type":"WebSite","@id":"https:\/\/www.caudete.org\/ayuntamiento\/#website","url":"https:\/\/www.caudete.org\/ayuntamiento\/","name":"MI Ayuntamiento de Caudete","description":"P\u00e1gina Oficial del MI Ayuntamiento de Caudete","potentialAction":[{"@type":"SearchAction","target":{"@type":"EntryPoint","urlTemplate":"https:\/\/www.caudete.org\/ayuntamiento\/?s={search_term_string}"},"query-input":{"@type":"PropertyValueSpecification","valueRequired":true,"valueName":"search_term_string"}}],"inLanguage":"es"},{"@type":"Person","@id":"https:\/\/www.caudete.org\/ayuntamiento\/#\/schema\/person\/cc646da9133078ee4d8dd47457947253","name":"alcalde","image":{"@type":"ImageObject","inLanguage":"es","@id":"https:\/\/secure.gravatar.com\/avatar\/84a817ba065b29ff08d666b215a215f5c79186a645ccb25b14a663d48a130f77?s=96&d=mm&r=g","url":"https:\/\/secure.gravatar.com\/avatar\/84a817ba065b29ff08d666b215a215f5c79186a645ccb25b14a663d48a130f77?s=96&d=mm&r=g","contentUrl":"https:\/\/secure.gravatar.com\/avatar\/84a817ba065b29ff08d666b215a215f5c79186a645ccb25b14a663d48a130f77?s=96&d=mm&r=g","caption":"alcalde"},"url":"https:\/\/www.caudete.org\/ayuntamiento\/author\/alcalde\/"}]}},"_links":{"self":[{"href":"https:\/\/www.caudete.org\/ayuntamiento\/wp-json\/wp\/v2\/posts\/15690","targetHints":{"allow":["GET"]}}],"collection":[{"href":"https:\/\/www.caudete.org\/ayuntamiento\/wp-json\/wp\/v2\/posts"}],"about":[{"href":"https:\/\/www.caudete.org\/ayuntamiento\/wp-json\/wp\/v2\/types\/post"}],"author":[{"embeddable":true,"href":"https:\/\/www.caudete.org\/ayuntamiento\/wp-json\/wp\/v2\/users\/3"}],"replies":[{"embeddable":true,"href":"https:\/\/www.caudete.org\/ayuntamiento\/wp-json\/wp\/v2\/comments?post=15690"}],"version-history":[{"count":1,"href":"https:\/\/www.caudete.org\/ayuntamiento\/wp-json\/wp\/v2\/posts\/15690\/revisions"}],"predecessor-version":[{"id":15692,"href":"https:\/\/www.caudete.org\/ayuntamiento\/wp-json\/wp\/v2\/posts\/15690\/revisions\/15692"}],"wp:featuredmedia":[{"embeddable":true,"href":"https:\/\/www.caudete.org\/ayuntamiento\/wp-json\/wp\/v2\/media\/15691"}],"wp:attachment":[{"href":"https:\/\/www.caudete.org\/ayuntamiento\/wp-json\/wp\/v2\/media?parent=15690"}],"wp:term":[{"taxonomy":"category","embeddable":true,"href":"https:\/\/www.caudete.org\/ayuntamiento\/wp-json\/wp\/v2\/categories?post=15690"},{"taxonomy":"post_tag","embeddable":true,"href":"https:\/\/www.caudete.org\/ayuntamiento\/wp-json\/wp\/v2\/tags?post=15690"}],"curies":[{"name":"wp","href":"https:\/\/api.w.org\/{rel}","templated":true}]}}