{"id":15698,"date":"2021-08-12T09:40:34","date_gmt":"2021-08-12T07:40:34","guid":{"rendered":"https:\/\/www.caudete.org\/ayuntamiento\/?p=15698"},"modified":"2021-08-12T10:41:12","modified_gmt":"2021-08-12T08:41:12","slug":"adif-sustituira-el-puente-de-la-estacion-por-uno-nuevo-y-contara-con-carril-bici-y-peatonal","status":"publish","type":"post","link":"https:\/\/www.caudete.org\/ayuntamiento\/adif-sustituira-el-puente-de-la-estacion-por-uno-nuevo-y-contara-con-carril-bici-y-peatonal\/","title":{"rendered":"ADIF sustituir\u00e1 el PUENTE de &#8220;LA ESTACI\u00d3N&#8221; por uno nuevo, y contar\u00e1 con Carril Bici y Peatonal"},"content":{"rendered":"<p style=\"text-align: justify;\">Esta ma\u00f1ana los Concejales de Urbanismo y Movilidad, Marian Ballester y Joaqu\u00edn Pag\u00e1n respectivamente han informado del proyecto en el que ADIF trabaja y que afecta a nuestro municipio, encaminado a establecer el ancho est\u00e1ndar en el Corredor Mediterr\u00e1neo, perteneciente al tramo Castellbisbal-Murcia, subtramo: La Encina-Bifurcaci\u00f3n Alicante.<\/p>\n<p style=\"text-align: justify;\">El Concejal Joaqu\u00edn Pag\u00e1n interven\u00eda manifestando que &#8220;<em>dicha actuaci\u00f3n requiere proyectar una nueva estructura de Paso Superior sobre la l\u00ednea de ferrocarril convencional<\/em>&#8221; 330 (Madrid-Alicante), ubicada en el PK 383+230 de la l\u00ednea, dentro del vial denominado como AB-4240, &#8220;<em>que conecta el municipio de Caudete con el Parque Tecnol\u00f3gico Empresarial de Caudete (PTEC), vial que formaba parte antiguamente de la N-344 y fue transferida su titularidad al Ayuntamiento con la ejecuci\u00f3n de la Variante (ahora transformada en la A-33 Valencia-Murcia)<\/em>&#8220;.<\/p>\n<p>\u00a0<a href=\"https:\/\/www.caudete.org\/ayuntamiento\/wp-content\/uploads\/2021\/08\/Puente-Estacion-vista-pajaro.jpeg\" rel='prettyPhoto'><img fetchpriority=\"high\" decoding=\"async\" class=\"aligncenter wp-image-15701 size-medium\" src=\"https:\/\/www.caudete.org\/ayuntamiento\/wp-content\/uploads\/2021\/08\/Puente-Estacion-vista-pajaro-300x191.jpeg\" alt=\"\" width=\"300\" height=\"191\" srcset=\"https:\/\/www.caudete.org\/ayuntamiento\/wp-content\/uploads\/2021\/08\/Puente-Estacion-vista-pajaro-300x191.jpeg 300w, https:\/\/www.caudete.org\/ayuntamiento\/wp-content\/uploads\/2021\/08\/Puente-Estacion-vista-pajaro-1024x651.jpeg 1024w, https:\/\/www.caudete.org\/ayuntamiento\/wp-content\/uploads\/2021\/08\/Puente-Estacion-vista-pajaro-768x488.jpeg 768w, https:\/\/www.caudete.org\/ayuntamiento\/wp-content\/uploads\/2021\/08\/Puente-Estacion-vista-pajaro.jpeg 1251w\" sizes=\"(max-width: 300px) 100vw, 300px\" \/><\/a><\/p>\n<p style=\"text-align: justify;\">Continuaba Marian Ballester para informar que desde hace unos meses la consultora encargada de la redacci\u00f3n del proyecto t\u00e9cnico comenz\u00f3 a trabajar dicha cuesti\u00f3n con los Servicios T\u00e9cnicos Municipales implic\u00e1ndose en ello las Concejal\u00edas de Urbanismo y Movilidad, entre quienes se han realizado diversos contactos y reuniones de trabajo &#8220;<em>con el objetivo de elaborar una propuesta meditada y \u00f3ptima, valorando muy positivamente la evoluci\u00f3n de las mismas y el resultado obtenido<\/em>&#8220;.<\/p>\n<p style=\"text-align: justify;\">La propuesta t\u00e9cnica inicialmente presentada en el Ayuntamiento, tan solo planteaba un nuevo Paso Superior similar al actual en secci\u00f3n, pero desplazado ligeramente hacia los terrenos municipales ubicados delante de la empresa Crisnova. Analizada, desde el Ayuntamiento se barajaron una serie de modificaciones con el fin de mejorar la nueva infraestructura proyectada con el fin de dotar de mayores cotas de seguridad y funcionalidad a quienes lo transiten.<\/p>\n<p style=\"text-align: justify;\">Con todo ello, el Consistorio caudetano consigui\u00f3 hacer valer su propuesta, que incluye respecto a la inicial incorporar en ambos sentidos y\u00a0 tras la zona de tr\u00e1nsito y arc\u00e9n, una banda de 2&#8217;5m de ancho en la que a\u00f1adir el Carril Bici y una Acera para Peatones.<\/p>\n<p><a href=\"https:\/\/www.caudete.org\/ayuntamiento\/wp-content\/uploads\/2021\/08\/seccion-puente-estacion.png\" rel='prettyPhoto'><img decoding=\"async\" class=\"aligncenter wp-image-15699 size-medium\" src=\"https:\/\/www.caudete.org\/ayuntamiento\/wp-content\/uploads\/2021\/08\/seccion-puente-estacion-300x124.png\" alt=\"\" width=\"300\" height=\"124\" srcset=\"https:\/\/www.caudete.org\/ayuntamiento\/wp-content\/uploads\/2021\/08\/seccion-puente-estacion-300x124.png 300w, https:\/\/www.caudete.org\/ayuntamiento\/wp-content\/uploads\/2021\/08\/seccion-puente-estacion-1024x423.png 1024w, https:\/\/www.caudete.org\/ayuntamiento\/wp-content\/uploads\/2021\/08\/seccion-puente-estacion-768x317.png 768w, https:\/\/www.caudete.org\/ayuntamiento\/wp-content\/uploads\/2021\/08\/seccion-puente-estacion-1536x634.png 1536w, https:\/\/www.caudete.org\/ayuntamiento\/wp-content\/uploads\/2021\/08\/seccion-puente-estacion.png 1748w\" sizes=\"(max-width: 300px) 100vw, 300px\" \/><\/a><\/p>\n<p style=\"text-align: justify;\">Dicha &#8220;<em>modificaci\u00f3n sustancial supondr\u00e1 una importante mejora para los caudetanos en materia de seguridad vial<\/em>&#8221; tal y como indicaba el Edil Pag\u00e1n, puesto que &#8220;<em>no solamente trabajadores del PTEC, sino tambi\u00e9n ciudadanos en general podr\u00e1n transitar la zona<\/em>&#8221; con total tranquilidad.<\/p>\n<p style=\"text-align: justify;\">No obstante, el Ayuntamiento tendr\u00e1 posteriormente que conectar con Carril Bici y Zona de Peatonal dicha infraestructura tanto con el PTEC como con el Pol\u00edgono Industrial Los Villares, al fin de darle continuidad y sentido al mismo.<\/p>\n<p><a href=\"https:\/\/www.caudete.org\/ayuntamiento\/wp-content\/uploads\/2021\/08\/Puente-Estacion-fotos-varias-estructura.jpeg\" rel='prettyPhoto'><img decoding=\"async\" class=\"aligncenter wp-image-15702 size-medium\" src=\"https:\/\/www.caudete.org\/ayuntamiento\/wp-content\/uploads\/2021\/08\/Puente-Estacion-fotos-varias-estructura-300x223.jpeg\" alt=\"\" width=\"300\" height=\"223\" srcset=\"https:\/\/www.caudete.org\/ayuntamiento\/wp-content\/uploads\/2021\/08\/Puente-Estacion-fotos-varias-estructura-300x223.jpeg 300w, https:\/\/www.caudete.org\/ayuntamiento\/wp-content\/uploads\/2021\/08\/Puente-Estacion-fotos-varias-estructura.jpeg 602w\" sizes=\"(max-width: 300px) 100vw, 300px\" \/><\/a><\/p>\n<p style=\"text-align: justify;\">Adem\u00e1s, incid\u00eda en el hito para Caudete de conseguir esta nueva infraestructura, ya que el Ayuntamiento ha estado peleando con el Ministerio la ejecuci\u00f3n de un nuevo Paso Superior ante el desgaste del firme y estructura, y patolog\u00edas detectadas antes y durante la absorci\u00f3n del tr\u00e1fico rodado de la A-33 debido a las obras de las mismas.<\/p>\n<p style=\"text-align: justify;\">Por su parte, la Edil de Urbanismo ha adelantado que una vez ADIF licite las obras, cuesti\u00f3n sobre la que actualmente se desconocen los plazos que manejan, la ejecuci\u00f3n de las mismas no interferir\u00e1 negativamente el acceso al PTEC ni el tr\u00e1nsito de veh\u00edculos en dicha v\u00eda, ya que el acceso se mantendr\u00e1 por el Paso Superior actual hasta que finalicen las obras del nuevo, tras lo cual se proceder\u00e1 al derribo del viejo y a la restauraci\u00f3n de la zona.<\/p>\n","protected":false},"excerpt":{"rendered":"<p>Esta ma\u00f1ana los Concejales de Urbanismo y Movilidad, Marian Ballester y Joaqu\u00edn Pag\u00e1n respectivamente han informado del proyecto en el que ADIF trabaja y que afecta a nuestro municipio, encaminado a establecer el ancho est\u00e1ndar en el Corredor Mediterr\u00e1neo, perteneciente al tramo Castellbisbal-Murcia, subtramo: La Encina-Bifurcaci\u00f3n Alicante. El Concejal Joaqu\u00edn Pag\u00e1n interven\u00eda manifestando que &#8220;dicha &hellip;<\/p>\n","protected":false},"author":3,"featured_media":15700,"comment_status":"closed","ping_status":"open","sticky":false,"template":"","format":"standard","meta":{"ngg_post_thumbnail":0,"footnotes":""},"categories":[46],"tags":[],"class_list":["post-15698","post","type-post","status-publish","format-standard","has-post-thumbnail","hentry","category-movilidad-urbana"],"yoast_head":"<!-- This site is optimized with the Yoast SEO plugin v27.5 - https:\/\/yoast.com\/product\/yoast-seo-wordpress\/ -->\n<title>ADIF sustituir\u00e1 el PUENTE de &quot;LA ESTACI\u00d3N&quot; por uno nuevo, y contar\u00e1 con Carril Bici y Peatonal - MI Ayuntamiento de Caudete<\/title>\n<meta name=\"description\" content=\"P\u00e1gina Oficial del Ayuntamiento de Caudete (Albacete)\" \/>\n<meta name=\"robots\" content=\"index, follow, max-snippet:-1, max-image-preview:large, max-video-preview:-1\" \/>\n<link rel=\"canonical\" href=\"https:\/\/www.caudete.org\/ayuntamiento\/adif-sustituira-el-puente-de-la-estacion-por-uno-nuevo-y-contara-con-carril-bici-y-peatonal\/\" \/>\n<meta property=\"og:locale\" content=\"es_ES\" \/>\n<meta property=\"og:type\" content=\"article\" \/>\n<meta property=\"og:title\" content=\"ADIF sustituir\u00e1 el PUENTE de &quot;LA ESTACI\u00d3N&quot; por uno nuevo, y contar\u00e1 con Carril Bici y Peatonal - MI Ayuntamiento de Caudete\" \/>\n<meta property=\"og:description\" content=\"P\u00e1gina Oficial del Ayuntamiento de Caudete (Albacete)\" \/>\n<meta property=\"og:url\" content=\"https:\/\/www.caudete.org\/ayuntamiento\/adif-sustituira-el-puente-de-la-estacion-por-uno-nuevo-y-contara-con-carril-bici-y-peatonal\/\" \/>\n<meta property=\"og:site_name\" content=\"MI Ayuntamiento de Caudete\" \/>\n<meta property=\"article:publisher\" content=\"https:\/\/www.facebook.com\/ayuntamientocaudete\/\" \/>\n<meta property=\"article:published_time\" content=\"2021-08-12T07:40:34+00:00\" \/>\n<meta property=\"article:modified_time\" content=\"2021-08-12T08:41:12+00:00\" \/>\n<meta property=\"og:image\" content=\"https:\/\/www.caudete.org\/ayuntamiento\/wp-content\/uploads\/2021\/08\/Puente-Estacion-propuesta.jpeg\" \/>\n\t<meta property=\"og:image:width\" content=\"1077\" \/>\n\t<meta property=\"og:image:height\" content=\"731\" \/>\n\t<meta property=\"og:image:type\" content=\"image\/jpeg\" \/>\n<meta name=\"author\" content=\"alcalde\" \/>\n<meta name=\"twitter:card\" content=\"summary_large_image\" \/>\n<meta name=\"twitter:label1\" content=\"Escrito por\" \/>\n\t<meta name=\"twitter:data1\" content=\"alcalde\" \/>\n\t<meta name=\"twitter:label2\" content=\"Tiempo de lectura\" \/>\n\t<meta name=\"twitter:data2\" content=\"3 minutos\" \/>\n<script type=\"application\/ld+json\" class=\"yoast-schema-graph\">{\"@context\":\"https:\\\/\\\/schema.org\",\"@graph\":[{\"@type\":\"Article\",\"@id\":\"https:\\\/\\\/www.caudete.org\\\/ayuntamiento\\\/adif-sustituira-el-puente-de-la-estacion-por-uno-nuevo-y-contara-con-carril-bici-y-peatonal\\\/#article\",\"isPartOf\":{\"@id\":\"https:\\\/\\\/www.caudete.org\\\/ayuntamiento\\\/adif-sustituira-el-puente-de-la-estacion-por-uno-nuevo-y-contara-con-carril-bici-y-peatonal\\\/\"},\"author\":{\"name\":\"alcalde\",\"@id\":\"https:\\\/\\\/www.caudete.org\\\/ayuntamiento\\\/#\\\/schema\\\/person\\\/cc646da9133078ee4d8dd47457947253\"},\"headline\":\"ADIF sustituir\u00e1 el PUENTE de &#8220;LA ESTACI\u00d3N&#8221; por uno nuevo, y contar\u00e1 con Carril Bici y Peatonal\",\"datePublished\":\"2021-08-12T07:40:34+00:00\",\"dateModified\":\"2021-08-12T08:41:12+00:00\",\"mainEntityOfPage\":{\"@id\":\"https:\\\/\\\/www.caudete.org\\\/ayuntamiento\\\/adif-sustituira-el-puente-de-la-estacion-por-uno-nuevo-y-contara-con-carril-bici-y-peatonal\\\/\"},\"wordCount\":588,\"image\":{\"@id\":\"https:\\\/\\\/www.caudete.org\\\/ayuntamiento\\\/adif-sustituira-el-puente-de-la-estacion-por-uno-nuevo-y-contara-con-carril-bici-y-peatonal\\\/#primaryimage\"},\"thumbnailUrl\":\"https:\\\/\\\/www.caudete.org\\\/ayuntamiento\\\/wp-content\\\/uploads\\\/2021\\\/08\\\/Puente-Estacion-propuesta.jpeg\",\"articleSection\":[\"Movilidad Urbana\"],\"inLanguage\":\"es\"},{\"@type\":\"WebPage\",\"@id\":\"https:\\\/\\\/www.caudete.org\\\/ayuntamiento\\\/adif-sustituira-el-puente-de-la-estacion-por-uno-nuevo-y-contara-con-carril-bici-y-peatonal\\\/\",\"url\":\"https:\\\/\\\/www.caudete.org\\\/ayuntamiento\\\/adif-sustituira-el-puente-de-la-estacion-por-uno-nuevo-y-contara-con-carril-bici-y-peatonal\\\/\",\"name\":\"ADIF sustituir\u00e1 el PUENTE de \\\"LA ESTACI\u00d3N\\\" por uno nuevo, y contar\u00e1 con Carril Bici y Peatonal - MI Ayuntamiento de Caudete\",\"isPartOf\":{\"@id\":\"https:\\\/\\\/www.caudete.org\\\/ayuntamiento\\\/#website\"},\"primaryImageOfPage\":{\"@id\":\"https:\\\/\\\/www.caudete.org\\\/ayuntamiento\\\/adif-sustituira-el-puente-de-la-estacion-por-uno-nuevo-y-contara-con-carril-bici-y-peatonal\\\/#primaryimage\"},\"image\":{\"@id\":\"https:\\\/\\\/www.caudete.org\\\/ayuntamiento\\\/adif-sustituira-el-puente-de-la-estacion-por-uno-nuevo-y-contara-con-carril-bici-y-peatonal\\\/#primaryimage\"},\"thumbnailUrl\":\"https:\\\/\\\/www.caudete.org\\\/ayuntamiento\\\/wp-content\\\/uploads\\\/2021\\\/08\\\/Puente-Estacion-propuesta.jpeg\",\"datePublished\":\"2021-08-12T07:40:34+00:00\",\"dateModified\":\"2021-08-12T08:41:12+00:00\",\"author\":{\"@id\":\"https:\\\/\\\/www.caudete.org\\\/ayuntamiento\\\/#\\\/schema\\\/person\\\/cc646da9133078ee4d8dd47457947253\"},\"description\":\"P\u00e1gina Oficial del Ayuntamiento de Caudete (Albacete)\",\"breadcrumb\":{\"@id\":\"https:\\\/\\\/www.caudete.org\\\/ayuntamiento\\\/adif-sustituira-el-puente-de-la-estacion-por-uno-nuevo-y-contara-con-carril-bici-y-peatonal\\\/#breadcrumb\"},\"inLanguage\":\"es\",\"potentialAction\":[{\"@type\":\"ReadAction\",\"target\":[\"https:\\\/\\\/www.caudete.org\\\/ayuntamiento\\\/adif-sustituira-el-puente-de-la-estacion-por-uno-nuevo-y-contara-con-carril-bici-y-peatonal\\\/\"]}]},{\"@type\":\"ImageObject\",\"inLanguage\":\"es\",\"@id\":\"https:\\\/\\\/www.caudete.org\\\/ayuntamiento\\\/adif-sustituira-el-puente-de-la-estacion-por-uno-nuevo-y-contara-con-carril-bici-y-peatonal\\\/#primaryimage\",\"url\":\"https:\\\/\\\/www.caudete.org\\\/ayuntamiento\\\/wp-content\\\/uploads\\\/2021\\\/08\\\/Puente-Estacion-propuesta.jpeg\",\"contentUrl\":\"https:\\\/\\\/www.caudete.org\\\/ayuntamiento\\\/wp-content\\\/uploads\\\/2021\\\/08\\\/Puente-Estacion-propuesta.jpeg\",\"width\":1077,\"height\":731},{\"@type\":\"BreadcrumbList\",\"@id\":\"https:\\\/\\\/www.caudete.org\\\/ayuntamiento\\\/adif-sustituira-el-puente-de-la-estacion-por-uno-nuevo-y-contara-con-carril-bici-y-peatonal\\\/#breadcrumb\",\"itemListElement\":[{\"@type\":\"ListItem\",\"position\":1,\"name\":\"Inicio\",\"item\":\"https:\\\/\\\/www.caudete.org\\\/ayuntamiento\\\/\"},{\"@type\":\"ListItem\",\"position\":2,\"name\":\"ADIF sustituir\u00e1 el PUENTE de &#8220;LA ESTACI\u00d3N&#8221; por uno nuevo, y contar\u00e1 con Carril Bici y Peatonal\"}]},{\"@type\":\"WebSite\",\"@id\":\"https:\\\/\\\/www.caudete.org\\\/ayuntamiento\\\/#website\",\"url\":\"https:\\\/\\\/www.caudete.org\\\/ayuntamiento\\\/\",\"name\":\"MI Ayuntamiento de Caudete\",\"description\":\"P\u00e1gina Oficial del MI Ayuntamiento de Caudete\",\"potentialAction\":[{\"@type\":\"SearchAction\",\"target\":{\"@type\":\"EntryPoint\",\"urlTemplate\":\"https:\\\/\\\/www.caudete.org\\\/ayuntamiento\\\/?s={search_term_string}\"},\"query-input\":{\"@type\":\"PropertyValueSpecification\",\"valueRequired\":true,\"valueName\":\"search_term_string\"}}],\"inLanguage\":\"es\"},{\"@type\":\"Person\",\"@id\":\"https:\\\/\\\/www.caudete.org\\\/ayuntamiento\\\/#\\\/schema\\\/person\\\/cc646da9133078ee4d8dd47457947253\",\"name\":\"alcalde\",\"image\":{\"@type\":\"ImageObject\",\"inLanguage\":\"es\",\"@id\":\"https:\\\/\\\/secure.gravatar.com\\\/avatar\\\/84a817ba065b29ff08d666b215a215f5c79186a645ccb25b14a663d48a130f77?s=96&d=mm&r=g\",\"url\":\"https:\\\/\\\/secure.gravatar.com\\\/avatar\\\/84a817ba065b29ff08d666b215a215f5c79186a645ccb25b14a663d48a130f77?s=96&d=mm&r=g\",\"contentUrl\":\"https:\\\/\\\/secure.gravatar.com\\\/avatar\\\/84a817ba065b29ff08d666b215a215f5c79186a645ccb25b14a663d48a130f77?s=96&d=mm&r=g\",\"caption\":\"alcalde\"},\"url\":\"https:\\\/\\\/www.caudete.org\\\/ayuntamiento\\\/author\\\/alcalde\\\/\"}]}<\/script>\n<!-- \/ Yoast SEO plugin. -->","yoast_head_json":{"title":"ADIF sustituir\u00e1 el PUENTE de \"LA ESTACI\u00d3N\" por uno nuevo, y contar\u00e1 con Carril Bici y Peatonal - MI Ayuntamiento de Caudete","description":"P\u00e1gina Oficial del Ayuntamiento de Caudete (Albacete)","robots":{"index":"index","follow":"follow","max-snippet":"max-snippet:-1","max-image-preview":"max-image-preview:large","max-video-preview":"max-video-preview:-1"},"canonical":"https:\/\/www.caudete.org\/ayuntamiento\/adif-sustituira-el-puente-de-la-estacion-por-uno-nuevo-y-contara-con-carril-bici-y-peatonal\/","og_locale":"es_ES","og_type":"article","og_title":"ADIF sustituir\u00e1 el PUENTE de \"LA ESTACI\u00d3N\" por uno nuevo, y contar\u00e1 con Carril Bici y Peatonal - MI Ayuntamiento de Caudete","og_description":"P\u00e1gina Oficial del Ayuntamiento de Caudete (Albacete)","og_url":"https:\/\/www.caudete.org\/ayuntamiento\/adif-sustituira-el-puente-de-la-estacion-por-uno-nuevo-y-contara-con-carril-bici-y-peatonal\/","og_site_name":"MI Ayuntamiento de Caudete","article_publisher":"https:\/\/www.facebook.com\/ayuntamientocaudete\/","article_published_time":"2021-08-12T07:40:34+00:00","article_modified_time":"2021-08-12T08:41:12+00:00","og_image":[{"width":1077,"height":731,"url":"https:\/\/www.caudete.org\/ayuntamiento\/wp-content\/uploads\/2021\/08\/Puente-Estacion-propuesta.jpeg","type":"image\/jpeg"}],"author":"alcalde","twitter_card":"summary_large_image","twitter_misc":{"Escrito por":"alcalde","Tiempo de lectura":"3 minutos"},"schema":{"@context":"https:\/\/schema.org","@graph":[{"@type":"Article","@id":"https:\/\/www.caudete.org\/ayuntamiento\/adif-sustituira-el-puente-de-la-estacion-por-uno-nuevo-y-contara-con-carril-bici-y-peatonal\/#article","isPartOf":{"@id":"https:\/\/www.caudete.org\/ayuntamiento\/adif-sustituira-el-puente-de-la-estacion-por-uno-nuevo-y-contara-con-carril-bici-y-peatonal\/"},"author":{"name":"alcalde","@id":"https:\/\/www.caudete.org\/ayuntamiento\/#\/schema\/person\/cc646da9133078ee4d8dd47457947253"},"headline":"ADIF sustituir\u00e1 el PUENTE de &#8220;LA ESTACI\u00d3N&#8221; por uno nuevo, y contar\u00e1 con Carril Bici y Peatonal","datePublished":"2021-08-12T07:40:34+00:00","dateModified":"2021-08-12T08:41:12+00:00","mainEntityOfPage":{"@id":"https:\/\/www.caudete.org\/ayuntamiento\/adif-sustituira-el-puente-de-la-estacion-por-uno-nuevo-y-contara-con-carril-bici-y-peatonal\/"},"wordCount":588,"image":{"@id":"https:\/\/www.caudete.org\/ayuntamiento\/adif-sustituira-el-puente-de-la-estacion-por-uno-nuevo-y-contara-con-carril-bici-y-peatonal\/#primaryimage"},"thumbnailUrl":"https:\/\/www.caudete.org\/ayuntamiento\/wp-content\/uploads\/2021\/08\/Puente-Estacion-propuesta.jpeg","articleSection":["Movilidad Urbana"],"inLanguage":"es"},{"@type":"WebPage","@id":"https:\/\/www.caudete.org\/ayuntamiento\/adif-sustituira-el-puente-de-la-estacion-por-uno-nuevo-y-contara-con-carril-bici-y-peatonal\/","url":"https:\/\/www.caudete.org\/ayuntamiento\/adif-sustituira-el-puente-de-la-estacion-por-uno-nuevo-y-contara-con-carril-bici-y-peatonal\/","name":"ADIF sustituir\u00e1 el PUENTE de \"LA ESTACI\u00d3N\" por uno nuevo, y contar\u00e1 con Carril Bici y Peatonal - MI Ayuntamiento de Caudete","isPartOf":{"@id":"https:\/\/www.caudete.org\/ayuntamiento\/#website"},"primaryImageOfPage":{"@id":"https:\/\/www.caudete.org\/ayuntamiento\/adif-sustituira-el-puente-de-la-estacion-por-uno-nuevo-y-contara-con-carril-bici-y-peatonal\/#primaryimage"},"image":{"@id":"https:\/\/www.caudete.org\/ayuntamiento\/adif-sustituira-el-puente-de-la-estacion-por-uno-nuevo-y-contara-con-carril-bici-y-peatonal\/#primaryimage"},"thumbnailUrl":"https:\/\/www.caudete.org\/ayuntamiento\/wp-content\/uploads\/2021\/08\/Puente-Estacion-propuesta.jpeg","datePublished":"2021-08-12T07:40:34+00:00","dateModified":"2021-08-12T08:41:12+00:00","author":{"@id":"https:\/\/www.caudete.org\/ayuntamiento\/#\/schema\/person\/cc646da9133078ee4d8dd47457947253"},"description":"P\u00e1gina Oficial del Ayuntamiento de Caudete (Albacete)","breadcrumb":{"@id":"https:\/\/www.caudete.org\/ayuntamiento\/adif-sustituira-el-puente-de-la-estacion-por-uno-nuevo-y-contara-con-carril-bici-y-peatonal\/#breadcrumb"},"inLanguage":"es","potentialAction":[{"@type":"ReadAction","target":["https:\/\/www.caudete.org\/ayuntamiento\/adif-sustituira-el-puente-de-la-estacion-por-uno-nuevo-y-contara-con-carril-bici-y-peatonal\/"]}]},{"@type":"ImageObject","inLanguage":"es","@id":"https:\/\/www.caudete.org\/ayuntamiento\/adif-sustituira-el-puente-de-la-estacion-por-uno-nuevo-y-contara-con-carril-bici-y-peatonal\/#primaryimage","url":"https:\/\/www.caudete.org\/ayuntamiento\/wp-content\/uploads\/2021\/08\/Puente-Estacion-propuesta.jpeg","contentUrl":"https:\/\/www.caudete.org\/ayuntamiento\/wp-content\/uploads\/2021\/08\/Puente-Estacion-propuesta.jpeg","width":1077,"height":731},{"@type":"BreadcrumbList","@id":"https:\/\/www.caudete.org\/ayuntamiento\/adif-sustituira-el-puente-de-la-estacion-por-uno-nuevo-y-contara-con-carril-bici-y-peatonal\/#breadcrumb","itemListElement":[{"@type":"ListItem","position":1,"name":"Inicio","item":"https:\/\/www.caudete.org\/ayuntamiento\/"},{"@type":"ListItem","position":2,"name":"ADIF sustituir\u00e1 el PUENTE de &#8220;LA ESTACI\u00d3N&#8221; por uno nuevo, y contar\u00e1 con Carril Bici y Peatonal"}]},{"@type":"WebSite","@id":"https:\/\/www.caudete.org\/ayuntamiento\/#website","url":"https:\/\/www.caudete.org\/ayuntamiento\/","name":"MI Ayuntamiento de Caudete","description":"P\u00e1gina Oficial del MI Ayuntamiento de Caudete","potentialAction":[{"@type":"SearchAction","target":{"@type":"EntryPoint","urlTemplate":"https:\/\/www.caudete.org\/ayuntamiento\/?s={search_term_string}"},"query-input":{"@type":"PropertyValueSpecification","valueRequired":true,"valueName":"search_term_string"}}],"inLanguage":"es"},{"@type":"Person","@id":"https:\/\/www.caudete.org\/ayuntamiento\/#\/schema\/person\/cc646da9133078ee4d8dd47457947253","name":"alcalde","image":{"@type":"ImageObject","inLanguage":"es","@id":"https:\/\/secure.gravatar.com\/avatar\/84a817ba065b29ff08d666b215a215f5c79186a645ccb25b14a663d48a130f77?s=96&d=mm&r=g","url":"https:\/\/secure.gravatar.com\/avatar\/84a817ba065b29ff08d666b215a215f5c79186a645ccb25b14a663d48a130f77?s=96&d=mm&r=g","contentUrl":"https:\/\/secure.gravatar.com\/avatar\/84a817ba065b29ff08d666b215a215f5c79186a645ccb25b14a663d48a130f77?s=96&d=mm&r=g","caption":"alcalde"},"url":"https:\/\/www.caudete.org\/ayuntamiento\/author\/alcalde\/"}]}},"_links":{"self":[{"href":"https:\/\/www.caudete.org\/ayuntamiento\/wp-json\/wp\/v2\/posts\/15698","targetHints":{"allow":["GET"]}}],"collection":[{"href":"https:\/\/www.caudete.org\/ayuntamiento\/wp-json\/wp\/v2\/posts"}],"about":[{"href":"https:\/\/www.caudete.org\/ayuntamiento\/wp-json\/wp\/v2\/types\/post"}],"author":[{"embeddable":true,"href":"https:\/\/www.caudete.org\/ayuntamiento\/wp-json\/wp\/v2\/users\/3"}],"replies":[{"embeddable":true,"href":"https:\/\/www.caudete.org\/ayuntamiento\/wp-json\/wp\/v2\/comments?post=15698"}],"version-history":[{"count":3,"href":"https:\/\/www.caudete.org\/ayuntamiento\/wp-json\/wp\/v2\/posts\/15698\/revisions"}],"predecessor-version":[{"id":15709,"href":"https:\/\/www.caudete.org\/ayuntamiento\/wp-json\/wp\/v2\/posts\/15698\/revisions\/15709"}],"wp:featuredmedia":[{"embeddable":true,"href":"https:\/\/www.caudete.org\/ayuntamiento\/wp-json\/wp\/v2\/media\/15700"}],"wp:attachment":[{"href":"https:\/\/www.caudete.org\/ayuntamiento\/wp-json\/wp\/v2\/media?parent=15698"}],"wp:term":[{"taxonomy":"category","embeddable":true,"href":"https:\/\/www.caudete.org\/ayuntamiento\/wp-json\/wp\/v2\/categories?post=15698"},{"taxonomy":"post_tag","embeddable":true,"href":"https:\/\/www.caudete.org\/ayuntamiento\/wp-json\/wp\/v2\/tags?post=15698"}],"curies":[{"name":"wp","href":"https:\/\/api.w.org\/{rel}","templated":true}]}}