{"id":15704,"date":"2021-08-12T09:00:55","date_gmt":"2021-08-12T07:00:55","guid":{"rendered":"https:\/\/www.caudete.org\/ayuntamiento\/?p=15704"},"modified":"2021-08-12T10:34:31","modified_gmt":"2021-08-12T08:34:31","slug":"finalizada-la-excavacion-arqueologica-en-el-real-comienza-la-fase-de-estudio-de-los-restos","status":"publish","type":"post","link":"https:\/\/www.caudete.org\/ayuntamiento\/finalizada-la-excavacion-arqueologica-en-el-real-comienza-la-fase-de-estudio-de-los-restos\/","title":{"rendered":"Finalizada la excavaci\u00f3n arqueol\u00f3gica en EL REAL, comienza la fase de estudio de los restos"},"content":{"rendered":"<p style=\"text-align: justify;\">Diego Cuenca, Concejal de Patrimonio ha informado a los caudetanos de la finalizaci\u00f3n de los trabajos de campo proyectados sobre una de las parcelas de EL REAL.<\/p>\n<p style=\"text-align: justify;\">Durante algo m\u00e1s de 3 semanas, los Arque\u00f3logos Gabriel Segura y Daniel Azor\u00edn, junto a un nutrido grupo de peones y voluntarios, han procedido a realizar la excavaci\u00f3n arqueol\u00f3gica que el Ayuntamiento de Caudete ha impulsado y sufragada \u00edntegramente, por aproximadamente 6.000\u20ac.<\/p>\n<p><a href=\"https:\/\/www.caudete.org\/ayuntamiento\/wp-content\/uploads\/2021\/07\/IMG_0013.jpg\" rel='prettyPhoto'><img fetchpriority=\"high\" decoding=\"async\" class=\"aligncenter wp-image-15515 size-medium\" src=\"https:\/\/www.caudete.org\/ayuntamiento\/wp-content\/uploads\/2021\/07\/IMG_0013-300x200.jpg\" alt=\"\" width=\"300\" height=\"200\" srcset=\"https:\/\/www.caudete.org\/ayuntamiento\/wp-content\/uploads\/2021\/07\/IMG_0013-300x200.jpg 300w, https:\/\/www.caudete.org\/ayuntamiento\/wp-content\/uploads\/2021\/07\/IMG_0013-1024x683.jpg 1024w, https:\/\/www.caudete.org\/ayuntamiento\/wp-content\/uploads\/2021\/07\/IMG_0013-768x512.jpg 768w, https:\/\/www.caudete.org\/ayuntamiento\/wp-content\/uploads\/2021\/07\/IMG_0013-1536x1024.jpg 1536w, https:\/\/www.caudete.org\/ayuntamiento\/wp-content\/uploads\/2021\/07\/IMG_0013.jpg 2048w\" sizes=\"(max-width: 300px) 100vw, 300px\" \/><\/a><\/p>\n<p style=\"text-align: justify;\">La prospecci\u00f3n se plante\u00f3 a la JCCM por medio de la Delegaci\u00f3n Provincial de Educaci\u00f3n, Cultura y Deportes, tras evidenciarse restos constructivos en una de las parcelas proyectadas a aparcamiento municipal de veh\u00edculos. Realizada la propuesta t\u00e9cnica de intervenci\u00f3n, y autorizada la misma por Patrimonio, los trabajos en campo han podido rescatar a escasos cent\u00edmetros de la superficie restos de construcciones diversas, as\u00ed como material arqueol\u00f3gico variado.<\/p>\n<p style=\"text-align: justify;\">El Concejal ha destacado que &#8220;<em>tras los trabajos desarrollados in situ, ahora se abre una segunda fase en la cual los Arque\u00f3logos tienen que estudiar los restos en su conjunto para realizar los pertinentes informes y memoria de resultados, la cual esperamos conocer a lo largo del mes de Septiembre<\/em>&#8220;.<\/p>\n<p style=\"text-align: justify;\">Sobre la zona excavada, informaba que &#8220;<em>hasta que no finalice esa segunda fase de estudio de gabinete, la superficie quedar\u00e1 acordonada, manteniendo la prohibici\u00f3n de acceso, siendo posteriormente tapados los restos constructivos<\/em>&#8221; con las t\u00e9cnicas correctas, de forma que queden protegidas, no se vean afectadas y en caso de necesidad, puedan ser vueltas a estudiar.<\/p>\n<p style=\"text-align: justify;\">Igualmente, adelantaba el Edil que &#8220;<em>una vez finalizado en su conjunto el proyecto de intervenci\u00f3n<\/em>&#8221; (prospecci\u00f3n y estudio de restos y materiales), &#8220;<em>se realizar\u00e1 una rueda de prensa en la que participar\u00e1n los Arque\u00f3logos para informar del resultado de la misma<\/em>&#8220;, al igual que se hizo el pasado 2020, y por separado, con las intervenciones arqueol\u00f3gicas llevadas a cabo en Santa Ana y en el Castillo.<\/p>\n<p style=\"text-align: justify;\">Finalizaba la comparecencia el Concejal de Patrimonio Diego Cuenca, agradeciendo a los voluntarios su predisposici\u00f3n, entrega, profesionalidad y admiraci\u00f3n demostrada con el Equipo Profesional, con el Yacimiento y con la historia y el patrimonio de Caudete, anim\u00e1ndoles a participar en pr\u00f3ximas convocatorias de Voluntariado Arqueol\u00f3gico.<\/p>\n<p><a href=\"https:\/\/www.caudete.org\/ayuntamiento\/wp-content\/uploads\/2021\/07\/IMG_20210729_090942-scaled.jpg\" rel='prettyPhoto'><img decoding=\"async\" class=\"aligncenter wp-image-15636 size-medium\" src=\"https:\/\/www.caudete.org\/ayuntamiento\/wp-content\/uploads\/2021\/07\/IMG_20210729_090942-300x225.jpg\" alt=\"\" width=\"300\" height=\"225\" srcset=\"https:\/\/www.caudete.org\/ayuntamiento\/wp-content\/uploads\/2021\/07\/IMG_20210729_090942-300x225.jpg 300w, https:\/\/www.caudete.org\/ayuntamiento\/wp-content\/uploads\/2021\/07\/IMG_20210729_090942-1024x768.jpg 1024w, https:\/\/www.caudete.org\/ayuntamiento\/wp-content\/uploads\/2021\/07\/IMG_20210729_090942-768x576.jpg 768w, https:\/\/www.caudete.org\/ayuntamiento\/wp-content\/uploads\/2021\/07\/IMG_20210729_090942-1536x1152.jpg 1536w, https:\/\/www.caudete.org\/ayuntamiento\/wp-content\/uploads\/2021\/07\/IMG_20210729_090942-2048x1536.jpg 2048w\" sizes=\"(max-width: 300px) 100vw, 300px\" \/><\/a><\/p>\n","protected":false},"excerpt":{"rendered":"<p>Diego Cuenca, Concejal de Patrimonio ha informado a los caudetanos de la finalizaci\u00f3n de los trabajos de campo proyectados sobre una de las parcelas de EL REAL. Durante algo m\u00e1s de 3 semanas, los Arque\u00f3logos Gabriel Segura y Daniel Azor\u00edn, junto a un nutrido grupo de peones y voluntarios, han procedido a realizar la excavaci\u00f3n &hellip;<\/p>\n","protected":false},"author":3,"featured_media":15705,"comment_status":"closed","ping_status":"open","sticky":false,"template":"","format":"standard","meta":{"ngg_post_thumbnail":0,"footnotes":""},"categories":[45],"tags":[],"class_list":["post-15704","post","type-post","status-publish","format-standard","has-post-thumbnail","hentry","category-patrimonio"],"yoast_head":"<!-- This site is optimized with the Yoast SEO plugin v27.5 - https:\/\/yoast.com\/product\/yoast-seo-wordpress\/ -->\n<title>Finalizada la excavaci\u00f3n arqueol\u00f3gica en EL REAL, comienza la fase de estudio de los restos - MI Ayuntamiento de Caudete<\/title>\n<meta name=\"description\" content=\"P\u00e1gina Oficial del Ayuntamiento de Caudete (Albacete)\" \/>\n<meta name=\"robots\" content=\"index, follow, max-snippet:-1, max-image-preview:large, max-video-preview:-1\" \/>\n<link rel=\"canonical\" href=\"https:\/\/www.caudete.org\/ayuntamiento\/finalizada-la-excavacion-arqueologica-en-el-real-comienza-la-fase-de-estudio-de-los-restos\/\" \/>\n<meta property=\"og:locale\" content=\"es_ES\" \/>\n<meta property=\"og:type\" content=\"article\" \/>\n<meta property=\"og:title\" content=\"Finalizada la excavaci\u00f3n arqueol\u00f3gica en EL REAL, comienza la fase de estudio de los restos - MI Ayuntamiento de Caudete\" \/>\n<meta property=\"og:description\" content=\"P\u00e1gina Oficial del Ayuntamiento de Caudete (Albacete)\" \/>\n<meta property=\"og:url\" content=\"https:\/\/www.caudete.org\/ayuntamiento\/finalizada-la-excavacion-arqueologica-en-el-real-comienza-la-fase-de-estudio-de-los-restos\/\" \/>\n<meta property=\"og:site_name\" content=\"MI Ayuntamiento de Caudete\" \/>\n<meta property=\"article:publisher\" content=\"https:\/\/www.facebook.com\/ayuntamientocaudete\/\" \/>\n<meta property=\"article:published_time\" content=\"2021-08-12T07:00:55+00:00\" \/>\n<meta property=\"article:modified_time\" content=\"2021-08-12T08:34:31+00:00\" \/>\n<meta property=\"og:image\" content=\"https:\/\/www.caudete.org\/ayuntamiento\/wp-content\/uploads\/2021\/08\/Excavacion-Arqueologica-El-Real.jpeg\" \/>\n\t<meta property=\"og:image:width\" content=\"1600\" \/>\n\t<meta property=\"og:image:height\" content=\"1062\" \/>\n\t<meta property=\"og:image:type\" content=\"image\/jpeg\" \/>\n<meta name=\"author\" content=\"alcalde\" \/>\n<meta name=\"twitter:card\" content=\"summary_large_image\" \/>\n<meta name=\"twitter:label1\" content=\"Escrito por\" \/>\n\t<meta name=\"twitter:data1\" content=\"alcalde\" \/>\n\t<meta name=\"twitter:label2\" content=\"Tiempo de lectura\" \/>\n\t<meta name=\"twitter:data2\" content=\"2 minutos\" \/>\n<script type=\"application\/ld+json\" class=\"yoast-schema-graph\">{\"@context\":\"https:\\\/\\\/schema.org\",\"@graph\":[{\"@type\":\"Article\",\"@id\":\"https:\\\/\\\/www.caudete.org\\\/ayuntamiento\\\/finalizada-la-excavacion-arqueologica-en-el-real-comienza-la-fase-de-estudio-de-los-restos\\\/#article\",\"isPartOf\":{\"@id\":\"https:\\\/\\\/www.caudete.org\\\/ayuntamiento\\\/finalizada-la-excavacion-arqueologica-en-el-real-comienza-la-fase-de-estudio-de-los-restos\\\/\"},\"author\":{\"name\":\"alcalde\",\"@id\":\"https:\\\/\\\/www.caudete.org\\\/ayuntamiento\\\/#\\\/schema\\\/person\\\/cc646da9133078ee4d8dd47457947253\"},\"headline\":\"Finalizada la excavaci\u00f3n arqueol\u00f3gica en EL REAL, comienza la fase de estudio de los restos\",\"datePublished\":\"2021-08-12T07:00:55+00:00\",\"dateModified\":\"2021-08-12T08:34:31+00:00\",\"mainEntityOfPage\":{\"@id\":\"https:\\\/\\\/www.caudete.org\\\/ayuntamiento\\\/finalizada-la-excavacion-arqueologica-en-el-real-comienza-la-fase-de-estudio-de-los-restos\\\/\"},\"wordCount\":393,\"image\":{\"@id\":\"https:\\\/\\\/www.caudete.org\\\/ayuntamiento\\\/finalizada-la-excavacion-arqueologica-en-el-real-comienza-la-fase-de-estudio-de-los-restos\\\/#primaryimage\"},\"thumbnailUrl\":\"https:\\\/\\\/www.caudete.org\\\/ayuntamiento\\\/wp-content\\\/uploads\\\/2021\\\/08\\\/Excavacion-Arqueologica-El-Real.jpeg\",\"articleSection\":[\"Patrimonio\"],\"inLanguage\":\"es\"},{\"@type\":\"WebPage\",\"@id\":\"https:\\\/\\\/www.caudete.org\\\/ayuntamiento\\\/finalizada-la-excavacion-arqueologica-en-el-real-comienza-la-fase-de-estudio-de-los-restos\\\/\",\"url\":\"https:\\\/\\\/www.caudete.org\\\/ayuntamiento\\\/finalizada-la-excavacion-arqueologica-en-el-real-comienza-la-fase-de-estudio-de-los-restos\\\/\",\"name\":\"Finalizada la excavaci\u00f3n arqueol\u00f3gica en EL REAL, comienza la fase de estudio de los restos - MI Ayuntamiento de Caudete\",\"isPartOf\":{\"@id\":\"https:\\\/\\\/www.caudete.org\\\/ayuntamiento\\\/#website\"},\"primaryImageOfPage\":{\"@id\":\"https:\\\/\\\/www.caudete.org\\\/ayuntamiento\\\/finalizada-la-excavacion-arqueologica-en-el-real-comienza-la-fase-de-estudio-de-los-restos\\\/#primaryimage\"},\"image\":{\"@id\":\"https:\\\/\\\/www.caudete.org\\\/ayuntamiento\\\/finalizada-la-excavacion-arqueologica-en-el-real-comienza-la-fase-de-estudio-de-los-restos\\\/#primaryimage\"},\"thumbnailUrl\":\"https:\\\/\\\/www.caudete.org\\\/ayuntamiento\\\/wp-content\\\/uploads\\\/2021\\\/08\\\/Excavacion-Arqueologica-El-Real.jpeg\",\"datePublished\":\"2021-08-12T07:00:55+00:00\",\"dateModified\":\"2021-08-12T08:34:31+00:00\",\"author\":{\"@id\":\"https:\\\/\\\/www.caudete.org\\\/ayuntamiento\\\/#\\\/schema\\\/person\\\/cc646da9133078ee4d8dd47457947253\"},\"description\":\"P\u00e1gina Oficial del Ayuntamiento de Caudete (Albacete)\",\"breadcrumb\":{\"@id\":\"https:\\\/\\\/www.caudete.org\\\/ayuntamiento\\\/finalizada-la-excavacion-arqueologica-en-el-real-comienza-la-fase-de-estudio-de-los-restos\\\/#breadcrumb\"},\"inLanguage\":\"es\",\"potentialAction\":[{\"@type\":\"ReadAction\",\"target\":[\"https:\\\/\\\/www.caudete.org\\\/ayuntamiento\\\/finalizada-la-excavacion-arqueologica-en-el-real-comienza-la-fase-de-estudio-de-los-restos\\\/\"]}]},{\"@type\":\"ImageObject\",\"inLanguage\":\"es\",\"@id\":\"https:\\\/\\\/www.caudete.org\\\/ayuntamiento\\\/finalizada-la-excavacion-arqueologica-en-el-real-comienza-la-fase-de-estudio-de-los-restos\\\/#primaryimage\",\"url\":\"https:\\\/\\\/www.caudete.org\\\/ayuntamiento\\\/wp-content\\\/uploads\\\/2021\\\/08\\\/Excavacion-Arqueologica-El-Real.jpeg\",\"contentUrl\":\"https:\\\/\\\/www.caudete.org\\\/ayuntamiento\\\/wp-content\\\/uploads\\\/2021\\\/08\\\/Excavacion-Arqueologica-El-Real.jpeg\",\"width\":1600,\"height\":1062},{\"@type\":\"BreadcrumbList\",\"@id\":\"https:\\\/\\\/www.caudete.org\\\/ayuntamiento\\\/finalizada-la-excavacion-arqueologica-en-el-real-comienza-la-fase-de-estudio-de-los-restos\\\/#breadcrumb\",\"itemListElement\":[{\"@type\":\"ListItem\",\"position\":1,\"name\":\"Inicio\",\"item\":\"https:\\\/\\\/www.caudete.org\\\/ayuntamiento\\\/\"},{\"@type\":\"ListItem\",\"position\":2,\"name\":\"Finalizada la excavaci\u00f3n arqueol\u00f3gica en EL REAL, comienza la fase de estudio de los restos\"}]},{\"@type\":\"WebSite\",\"@id\":\"https:\\\/\\\/www.caudete.org\\\/ayuntamiento\\\/#website\",\"url\":\"https:\\\/\\\/www.caudete.org\\\/ayuntamiento\\\/\",\"name\":\"MI Ayuntamiento de Caudete\",\"description\":\"P\u00e1gina Oficial del MI Ayuntamiento de Caudete\",\"potentialAction\":[{\"@type\":\"SearchAction\",\"target\":{\"@type\":\"EntryPoint\",\"urlTemplate\":\"https:\\\/\\\/www.caudete.org\\\/ayuntamiento\\\/?s={search_term_string}\"},\"query-input\":{\"@type\":\"PropertyValueSpecification\",\"valueRequired\":true,\"valueName\":\"search_term_string\"}}],\"inLanguage\":\"es\"},{\"@type\":\"Person\",\"@id\":\"https:\\\/\\\/www.caudete.org\\\/ayuntamiento\\\/#\\\/schema\\\/person\\\/cc646da9133078ee4d8dd47457947253\",\"name\":\"alcalde\",\"image\":{\"@type\":\"ImageObject\",\"inLanguage\":\"es\",\"@id\":\"https:\\\/\\\/secure.gravatar.com\\\/avatar\\\/84a817ba065b29ff08d666b215a215f5c79186a645ccb25b14a663d48a130f77?s=96&d=mm&r=g\",\"url\":\"https:\\\/\\\/secure.gravatar.com\\\/avatar\\\/84a817ba065b29ff08d666b215a215f5c79186a645ccb25b14a663d48a130f77?s=96&d=mm&r=g\",\"contentUrl\":\"https:\\\/\\\/secure.gravatar.com\\\/avatar\\\/84a817ba065b29ff08d666b215a215f5c79186a645ccb25b14a663d48a130f77?s=96&d=mm&r=g\",\"caption\":\"alcalde\"},\"url\":\"https:\\\/\\\/www.caudete.org\\\/ayuntamiento\\\/author\\\/alcalde\\\/\"}]}<\/script>\n<!-- \/ Yoast SEO plugin. -->","yoast_head_json":{"title":"Finalizada la excavaci\u00f3n arqueol\u00f3gica en EL REAL, comienza la fase de estudio de los restos - MI Ayuntamiento de Caudete","description":"P\u00e1gina Oficial del Ayuntamiento de Caudete (Albacete)","robots":{"index":"index","follow":"follow","max-snippet":"max-snippet:-1","max-image-preview":"max-image-preview:large","max-video-preview":"max-video-preview:-1"},"canonical":"https:\/\/www.caudete.org\/ayuntamiento\/finalizada-la-excavacion-arqueologica-en-el-real-comienza-la-fase-de-estudio-de-los-restos\/","og_locale":"es_ES","og_type":"article","og_title":"Finalizada la excavaci\u00f3n arqueol\u00f3gica en EL REAL, comienza la fase de estudio de los restos - MI Ayuntamiento de Caudete","og_description":"P\u00e1gina Oficial del Ayuntamiento de Caudete (Albacete)","og_url":"https:\/\/www.caudete.org\/ayuntamiento\/finalizada-la-excavacion-arqueologica-en-el-real-comienza-la-fase-de-estudio-de-los-restos\/","og_site_name":"MI Ayuntamiento de Caudete","article_publisher":"https:\/\/www.facebook.com\/ayuntamientocaudete\/","article_published_time":"2021-08-12T07:00:55+00:00","article_modified_time":"2021-08-12T08:34:31+00:00","og_image":[{"width":1600,"height":1062,"url":"https:\/\/www.caudete.org\/ayuntamiento\/wp-content\/uploads\/2021\/08\/Excavacion-Arqueologica-El-Real.jpeg","type":"image\/jpeg"}],"author":"alcalde","twitter_card":"summary_large_image","twitter_misc":{"Escrito por":"alcalde","Tiempo de lectura":"2 minutos"},"schema":{"@context":"https:\/\/schema.org","@graph":[{"@type":"Article","@id":"https:\/\/www.caudete.org\/ayuntamiento\/finalizada-la-excavacion-arqueologica-en-el-real-comienza-la-fase-de-estudio-de-los-restos\/#article","isPartOf":{"@id":"https:\/\/www.caudete.org\/ayuntamiento\/finalizada-la-excavacion-arqueologica-en-el-real-comienza-la-fase-de-estudio-de-los-restos\/"},"author":{"name":"alcalde","@id":"https:\/\/www.caudete.org\/ayuntamiento\/#\/schema\/person\/cc646da9133078ee4d8dd47457947253"},"headline":"Finalizada la excavaci\u00f3n arqueol\u00f3gica en EL REAL, comienza la fase de estudio de los restos","datePublished":"2021-08-12T07:00:55+00:00","dateModified":"2021-08-12T08:34:31+00:00","mainEntityOfPage":{"@id":"https:\/\/www.caudete.org\/ayuntamiento\/finalizada-la-excavacion-arqueologica-en-el-real-comienza-la-fase-de-estudio-de-los-restos\/"},"wordCount":393,"image":{"@id":"https:\/\/www.caudete.org\/ayuntamiento\/finalizada-la-excavacion-arqueologica-en-el-real-comienza-la-fase-de-estudio-de-los-restos\/#primaryimage"},"thumbnailUrl":"https:\/\/www.caudete.org\/ayuntamiento\/wp-content\/uploads\/2021\/08\/Excavacion-Arqueologica-El-Real.jpeg","articleSection":["Patrimonio"],"inLanguage":"es"},{"@type":"WebPage","@id":"https:\/\/www.caudete.org\/ayuntamiento\/finalizada-la-excavacion-arqueologica-en-el-real-comienza-la-fase-de-estudio-de-los-restos\/","url":"https:\/\/www.caudete.org\/ayuntamiento\/finalizada-la-excavacion-arqueologica-en-el-real-comienza-la-fase-de-estudio-de-los-restos\/","name":"Finalizada la excavaci\u00f3n arqueol\u00f3gica en EL REAL, comienza la fase de estudio de los restos - MI Ayuntamiento de Caudete","isPartOf":{"@id":"https:\/\/www.caudete.org\/ayuntamiento\/#website"},"primaryImageOfPage":{"@id":"https:\/\/www.caudete.org\/ayuntamiento\/finalizada-la-excavacion-arqueologica-en-el-real-comienza-la-fase-de-estudio-de-los-restos\/#primaryimage"},"image":{"@id":"https:\/\/www.caudete.org\/ayuntamiento\/finalizada-la-excavacion-arqueologica-en-el-real-comienza-la-fase-de-estudio-de-los-restos\/#primaryimage"},"thumbnailUrl":"https:\/\/www.caudete.org\/ayuntamiento\/wp-content\/uploads\/2021\/08\/Excavacion-Arqueologica-El-Real.jpeg","datePublished":"2021-08-12T07:00:55+00:00","dateModified":"2021-08-12T08:34:31+00:00","author":{"@id":"https:\/\/www.caudete.org\/ayuntamiento\/#\/schema\/person\/cc646da9133078ee4d8dd47457947253"},"description":"P\u00e1gina Oficial del Ayuntamiento de Caudete (Albacete)","breadcrumb":{"@id":"https:\/\/www.caudete.org\/ayuntamiento\/finalizada-la-excavacion-arqueologica-en-el-real-comienza-la-fase-de-estudio-de-los-restos\/#breadcrumb"},"inLanguage":"es","potentialAction":[{"@type":"ReadAction","target":["https:\/\/www.caudete.org\/ayuntamiento\/finalizada-la-excavacion-arqueologica-en-el-real-comienza-la-fase-de-estudio-de-los-restos\/"]}]},{"@type":"ImageObject","inLanguage":"es","@id":"https:\/\/www.caudete.org\/ayuntamiento\/finalizada-la-excavacion-arqueologica-en-el-real-comienza-la-fase-de-estudio-de-los-restos\/#primaryimage","url":"https:\/\/www.caudete.org\/ayuntamiento\/wp-content\/uploads\/2021\/08\/Excavacion-Arqueologica-El-Real.jpeg","contentUrl":"https:\/\/www.caudete.org\/ayuntamiento\/wp-content\/uploads\/2021\/08\/Excavacion-Arqueologica-El-Real.jpeg","width":1600,"height":1062},{"@type":"BreadcrumbList","@id":"https:\/\/www.caudete.org\/ayuntamiento\/finalizada-la-excavacion-arqueologica-en-el-real-comienza-la-fase-de-estudio-de-los-restos\/#breadcrumb","itemListElement":[{"@type":"ListItem","position":1,"name":"Inicio","item":"https:\/\/www.caudete.org\/ayuntamiento\/"},{"@type":"ListItem","position":2,"name":"Finalizada la excavaci\u00f3n arqueol\u00f3gica en EL REAL, comienza la fase de estudio de los restos"}]},{"@type":"WebSite","@id":"https:\/\/www.caudete.org\/ayuntamiento\/#website","url":"https:\/\/www.caudete.org\/ayuntamiento\/","name":"MI Ayuntamiento de Caudete","description":"P\u00e1gina Oficial del MI Ayuntamiento de Caudete","potentialAction":[{"@type":"SearchAction","target":{"@type":"EntryPoint","urlTemplate":"https:\/\/www.caudete.org\/ayuntamiento\/?s={search_term_string}"},"query-input":{"@type":"PropertyValueSpecification","valueRequired":true,"valueName":"search_term_string"}}],"inLanguage":"es"},{"@type":"Person","@id":"https:\/\/www.caudete.org\/ayuntamiento\/#\/schema\/person\/cc646da9133078ee4d8dd47457947253","name":"alcalde","image":{"@type":"ImageObject","inLanguage":"es","@id":"https:\/\/secure.gravatar.com\/avatar\/84a817ba065b29ff08d666b215a215f5c79186a645ccb25b14a663d48a130f77?s=96&d=mm&r=g","url":"https:\/\/secure.gravatar.com\/avatar\/84a817ba065b29ff08d666b215a215f5c79186a645ccb25b14a663d48a130f77?s=96&d=mm&r=g","contentUrl":"https:\/\/secure.gravatar.com\/avatar\/84a817ba065b29ff08d666b215a215f5c79186a645ccb25b14a663d48a130f77?s=96&d=mm&r=g","caption":"alcalde"},"url":"https:\/\/www.caudete.org\/ayuntamiento\/author\/alcalde\/"}]}},"_links":{"self":[{"href":"https:\/\/www.caudete.org\/ayuntamiento\/wp-json\/wp\/v2\/posts\/15704","targetHints":{"allow":["GET"]}}],"collection":[{"href":"https:\/\/www.caudete.org\/ayuntamiento\/wp-json\/wp\/v2\/posts"}],"about":[{"href":"https:\/\/www.caudete.org\/ayuntamiento\/wp-json\/wp\/v2\/types\/post"}],"author":[{"embeddable":true,"href":"https:\/\/www.caudete.org\/ayuntamiento\/wp-json\/wp\/v2\/users\/3"}],"replies":[{"embeddable":true,"href":"https:\/\/www.caudete.org\/ayuntamiento\/wp-json\/wp\/v2\/comments?post=15704"}],"version-history":[{"count":2,"href":"https:\/\/www.caudete.org\/ayuntamiento\/wp-json\/wp\/v2\/posts\/15704\/revisions"}],"predecessor-version":[{"id":15707,"href":"https:\/\/www.caudete.org\/ayuntamiento\/wp-json\/wp\/v2\/posts\/15704\/revisions\/15707"}],"wp:featuredmedia":[{"embeddable":true,"href":"https:\/\/www.caudete.org\/ayuntamiento\/wp-json\/wp\/v2\/media\/15705"}],"wp:attachment":[{"href":"https:\/\/www.caudete.org\/ayuntamiento\/wp-json\/wp\/v2\/media?parent=15704"}],"wp:term":[{"taxonomy":"category","embeddable":true,"href":"https:\/\/www.caudete.org\/ayuntamiento\/wp-json\/wp\/v2\/categories?post=15704"},{"taxonomy":"post_tag","embeddable":true,"href":"https:\/\/www.caudete.org\/ayuntamiento\/wp-json\/wp\/v2\/tags?post=15704"}],"curies":[{"name":"wp","href":"https:\/\/api.w.org\/{rel}","templated":true}]}}