{"id":15717,"date":"2021-08-13T13:52:57","date_gmt":"2021-08-13T11:52:57","guid":{"rendered":"https:\/\/www.caudete.org\/ayuntamiento\/?p=15717"},"modified":"2021-08-13T13:53:32","modified_gmt":"2021-08-13T11:53:32","slug":"leve-mejoria-en-caudete-50-positivos-y-200-aislados-segun-la-g-a-i-del-hospital","status":"publish","type":"post","link":"https:\/\/www.caudete.org\/ayuntamiento\/leve-mejoria-en-caudete-50-positivos-y-200-aislados-segun-la-g-a-i-del-hospital\/","title":{"rendered":"Leve mejor\u00eda en Caudete: 50 positivos y 200 aislados seg\u00fan la G.A.I. del Hospital"},"content":{"rendered":"<p style=\"text-align: justify;\">Hace unos instantes, el Alcalde comunicaba en rueda de prensa la situaci\u00f3n de la\u00a0Covid-19 en Caudete, una vez que la Gerencia de Atenci\u00f3n Integrada de Almansa ha hecho p\u00fablicos los datos a fecha de hoy, como cada viernes.<\/p>\n<p style=\"text-align: justify;\">La situaci\u00f3n mejora levemente con respecto a la semana pasada, pues se registra un descenso importante de nuevos positivos.<\/p>\n<p style=\"text-align: justify;\">As\u00ed pues, Caudete pasa de los 149 positivos de la semana anterior a 50 a d\u00eda de hoy,\u00a0y de 556 confinados a 200.<\/p>\n<p style=\"text-align: justify;\">Con ello, y teniendo en cuenta los datos oficiales publicados en el d\u00eda de ayer por la Consejer\u00eda de Sanidad de la JCCM, podemos conocer con m\u00e1s detalle la situaci\u00f3n real epidemiol\u00f3gica en nuestra localidad.<\/p>\n<p style=\"text-align: justify;\">Es evidente que a pesar del descenso de positivos y contactos aislados, la situaci\u00f3n sigue siendo muy delicada, por lo que se ruega encarecidamente a toda la poblaci\u00f3n, y visitantes, el cumplimiento \u00edntegro de las recomendaciones y medidas sanitarias, as\u00ed como responsabilidad personal y social, para poder frenar la Covid-19.<\/p>\n","protected":false},"excerpt":{"rendered":"<p>Hace unos instantes, el Alcalde comunicaba en rueda de prensa la situaci\u00f3n de la\u00a0Covid-19 en Caudete, una vez que la Gerencia de Atenci\u00f3n Integrada de Almansa ha hecho p\u00fablicos los datos a fecha de hoy, como cada viernes. La situaci\u00f3n mejora levemente con respecto a la semana pasada, pues se registra un descenso importante de &hellip;<\/p>\n","protected":false},"author":3,"featured_media":15714,"comment_status":"closed","ping_status":"open","sticky":false,"template":"","format":"standard","meta":{"ngg_post_thumbnail":0,"footnotes":""},"categories":[16],"tags":[],"class_list":["post-15717","post","type-post","status-publish","format-standard","has-post-thumbnail","hentry","category-sanidad"],"yoast_head":"<!-- This site is optimized with the Yoast SEO plugin v27.5 - https:\/\/yoast.com\/product\/yoast-seo-wordpress\/ -->\n<title>Leve mejor\u00eda en Caudete: 50 positivos y 200 aislados seg\u00fan la G.A.I. del Hospital - MI Ayuntamiento de Caudete<\/title>\n<meta name=\"description\" content=\"P\u00e1gina Oficial del Ayuntamiento de Caudete (Albacete)\" \/>\n<meta name=\"robots\" content=\"index, follow, max-snippet:-1, max-image-preview:large, max-video-preview:-1\" \/>\n<link rel=\"canonical\" href=\"https:\/\/www.caudete.org\/ayuntamiento\/leve-mejoria-en-caudete-50-positivos-y-200-aislados-segun-la-g-a-i-del-hospital\/\" \/>\n<meta property=\"og:locale\" content=\"es_ES\" \/>\n<meta property=\"og:type\" content=\"article\" \/>\n<meta property=\"og:title\" content=\"Leve mejor\u00eda en Caudete: 50 positivos y 200 aislados seg\u00fan la G.A.I. del Hospital - MI Ayuntamiento de Caudete\" \/>\n<meta property=\"og:description\" content=\"P\u00e1gina Oficial del Ayuntamiento de Caudete (Albacete)\" \/>\n<meta property=\"og:url\" content=\"https:\/\/www.caudete.org\/ayuntamiento\/leve-mejoria-en-caudete-50-positivos-y-200-aislados-segun-la-g-a-i-del-hospital\/\" \/>\n<meta property=\"og:site_name\" content=\"MI Ayuntamiento de Caudete\" \/>\n<meta property=\"article:publisher\" content=\"https:\/\/www.facebook.com\/ayuntamientocaudete\/\" \/>\n<meta property=\"article:published_time\" content=\"2021-08-13T11:52:57+00:00\" \/>\n<meta property=\"article:modified_time\" content=\"2021-08-13T11:53:32+00:00\" \/>\n<meta property=\"og:image\" content=\"https:\/\/www.caudete.org\/ayuntamiento\/wp-content\/uploads\/2021\/08\/hospital-almansa-covid-p6h5o91vnegjj86m45mitz2lmbew929lcnhfzddun8.jpg\" \/>\n\t<meta property=\"og:image:width\" content=\"1200\" \/>\n\t<meta property=\"og:image:height\" content=\"650\" \/>\n\t<meta property=\"og:image:type\" content=\"image\/jpeg\" \/>\n<meta name=\"author\" content=\"alcalde\" \/>\n<meta name=\"twitter:card\" content=\"summary_large_image\" \/>\n<meta name=\"twitter:label1\" content=\"Escrito por\" \/>\n\t<meta name=\"twitter:data1\" content=\"alcalde\" \/>\n\t<meta name=\"twitter:label2\" content=\"Tiempo de lectura\" \/>\n\t<meta name=\"twitter:data2\" content=\"1 minuto\" \/>\n<script type=\"application\/ld+json\" class=\"yoast-schema-graph\">{\"@context\":\"https:\\\/\\\/schema.org\",\"@graph\":[{\"@type\":\"Article\",\"@id\":\"https:\\\/\\\/www.caudete.org\\\/ayuntamiento\\\/leve-mejoria-en-caudete-50-positivos-y-200-aislados-segun-la-g-a-i-del-hospital\\\/#article\",\"isPartOf\":{\"@id\":\"https:\\\/\\\/www.caudete.org\\\/ayuntamiento\\\/leve-mejoria-en-caudete-50-positivos-y-200-aislados-segun-la-g-a-i-del-hospital\\\/\"},\"author\":{\"name\":\"alcalde\",\"@id\":\"https:\\\/\\\/www.caudete.org\\\/ayuntamiento\\\/#\\\/schema\\\/person\\\/cc646da9133078ee4d8dd47457947253\"},\"headline\":\"Leve mejor\u00eda en Caudete: 50 positivos y 200 aislados seg\u00fan la G.A.I. del Hospital\",\"datePublished\":\"2021-08-13T11:52:57+00:00\",\"dateModified\":\"2021-08-13T11:53:32+00:00\",\"mainEntityOfPage\":{\"@id\":\"https:\\\/\\\/www.caudete.org\\\/ayuntamiento\\\/leve-mejoria-en-caudete-50-positivos-y-200-aislados-segun-la-g-a-i-del-hospital\\\/\"},\"wordCount\":191,\"image\":{\"@id\":\"https:\\\/\\\/www.caudete.org\\\/ayuntamiento\\\/leve-mejoria-en-caudete-50-positivos-y-200-aislados-segun-la-g-a-i-del-hospital\\\/#primaryimage\"},\"thumbnailUrl\":\"https:\\\/\\\/www.caudete.org\\\/ayuntamiento\\\/wp-content\\\/uploads\\\/2021\\\/08\\\/hospital-almansa-covid-p6h5o91vnegjj86m45mitz2lmbew929lcnhfzddun8.jpg\",\"articleSection\":[\"Sanidad\"],\"inLanguage\":\"es\"},{\"@type\":\"WebPage\",\"@id\":\"https:\\\/\\\/www.caudete.org\\\/ayuntamiento\\\/leve-mejoria-en-caudete-50-positivos-y-200-aislados-segun-la-g-a-i-del-hospital\\\/\",\"url\":\"https:\\\/\\\/www.caudete.org\\\/ayuntamiento\\\/leve-mejoria-en-caudete-50-positivos-y-200-aislados-segun-la-g-a-i-del-hospital\\\/\",\"name\":\"Leve mejor\u00eda en Caudete: 50 positivos y 200 aislados seg\u00fan la G.A.I. del Hospital - MI Ayuntamiento de Caudete\",\"isPartOf\":{\"@id\":\"https:\\\/\\\/www.caudete.org\\\/ayuntamiento\\\/#website\"},\"primaryImageOfPage\":{\"@id\":\"https:\\\/\\\/www.caudete.org\\\/ayuntamiento\\\/leve-mejoria-en-caudete-50-positivos-y-200-aislados-segun-la-g-a-i-del-hospital\\\/#primaryimage\"},\"image\":{\"@id\":\"https:\\\/\\\/www.caudete.org\\\/ayuntamiento\\\/leve-mejoria-en-caudete-50-positivos-y-200-aislados-segun-la-g-a-i-del-hospital\\\/#primaryimage\"},\"thumbnailUrl\":\"https:\\\/\\\/www.caudete.org\\\/ayuntamiento\\\/wp-content\\\/uploads\\\/2021\\\/08\\\/hospital-almansa-covid-p6h5o91vnegjj86m45mitz2lmbew929lcnhfzddun8.jpg\",\"datePublished\":\"2021-08-13T11:52:57+00:00\",\"dateModified\":\"2021-08-13T11:53:32+00:00\",\"author\":{\"@id\":\"https:\\\/\\\/www.caudete.org\\\/ayuntamiento\\\/#\\\/schema\\\/person\\\/cc646da9133078ee4d8dd47457947253\"},\"description\":\"P\u00e1gina Oficial del Ayuntamiento de Caudete (Albacete)\",\"breadcrumb\":{\"@id\":\"https:\\\/\\\/www.caudete.org\\\/ayuntamiento\\\/leve-mejoria-en-caudete-50-positivos-y-200-aislados-segun-la-g-a-i-del-hospital\\\/#breadcrumb\"},\"inLanguage\":\"es\",\"potentialAction\":[{\"@type\":\"ReadAction\",\"target\":[\"https:\\\/\\\/www.caudete.org\\\/ayuntamiento\\\/leve-mejoria-en-caudete-50-positivos-y-200-aislados-segun-la-g-a-i-del-hospital\\\/\"]}]},{\"@type\":\"ImageObject\",\"inLanguage\":\"es\",\"@id\":\"https:\\\/\\\/www.caudete.org\\\/ayuntamiento\\\/leve-mejoria-en-caudete-50-positivos-y-200-aislados-segun-la-g-a-i-del-hospital\\\/#primaryimage\",\"url\":\"https:\\\/\\\/www.caudete.org\\\/ayuntamiento\\\/wp-content\\\/uploads\\\/2021\\\/08\\\/hospital-almansa-covid-p6h5o91vnegjj86m45mitz2lmbew929lcnhfzddun8.jpg\",\"contentUrl\":\"https:\\\/\\\/www.caudete.org\\\/ayuntamiento\\\/wp-content\\\/uploads\\\/2021\\\/08\\\/hospital-almansa-covid-p6h5o91vnegjj86m45mitz2lmbew929lcnhfzddun8.jpg\",\"width\":1200,\"height\":650},{\"@type\":\"BreadcrumbList\",\"@id\":\"https:\\\/\\\/www.caudete.org\\\/ayuntamiento\\\/leve-mejoria-en-caudete-50-positivos-y-200-aislados-segun-la-g-a-i-del-hospital\\\/#breadcrumb\",\"itemListElement\":[{\"@type\":\"ListItem\",\"position\":1,\"name\":\"Inicio\",\"item\":\"https:\\\/\\\/www.caudete.org\\\/ayuntamiento\\\/\"},{\"@type\":\"ListItem\",\"position\":2,\"name\":\"Leve mejor\u00eda en Caudete: 50 positivos y 200 aislados seg\u00fan la G.A.I. del Hospital\"}]},{\"@type\":\"WebSite\",\"@id\":\"https:\\\/\\\/www.caudete.org\\\/ayuntamiento\\\/#website\",\"url\":\"https:\\\/\\\/www.caudete.org\\\/ayuntamiento\\\/\",\"name\":\"MI Ayuntamiento de Caudete\",\"description\":\"P\u00e1gina Oficial del MI Ayuntamiento de Caudete\",\"potentialAction\":[{\"@type\":\"SearchAction\",\"target\":{\"@type\":\"EntryPoint\",\"urlTemplate\":\"https:\\\/\\\/www.caudete.org\\\/ayuntamiento\\\/?s={search_term_string}\"},\"query-input\":{\"@type\":\"PropertyValueSpecification\",\"valueRequired\":true,\"valueName\":\"search_term_string\"}}],\"inLanguage\":\"es\"},{\"@type\":\"Person\",\"@id\":\"https:\\\/\\\/www.caudete.org\\\/ayuntamiento\\\/#\\\/schema\\\/person\\\/cc646da9133078ee4d8dd47457947253\",\"name\":\"alcalde\",\"image\":{\"@type\":\"ImageObject\",\"inLanguage\":\"es\",\"@id\":\"https:\\\/\\\/secure.gravatar.com\\\/avatar\\\/84a817ba065b29ff08d666b215a215f5c79186a645ccb25b14a663d48a130f77?s=96&d=mm&r=g\",\"url\":\"https:\\\/\\\/secure.gravatar.com\\\/avatar\\\/84a817ba065b29ff08d666b215a215f5c79186a645ccb25b14a663d48a130f77?s=96&d=mm&r=g\",\"contentUrl\":\"https:\\\/\\\/secure.gravatar.com\\\/avatar\\\/84a817ba065b29ff08d666b215a215f5c79186a645ccb25b14a663d48a130f77?s=96&d=mm&r=g\",\"caption\":\"alcalde\"},\"url\":\"https:\\\/\\\/www.caudete.org\\\/ayuntamiento\\\/author\\\/alcalde\\\/\"}]}<\/script>\n<!-- \/ Yoast SEO plugin. -->","yoast_head_json":{"title":"Leve mejor\u00eda en Caudete: 50 positivos y 200 aislados seg\u00fan la G.A.I. del Hospital - MI Ayuntamiento de Caudete","description":"P\u00e1gina Oficial del Ayuntamiento de Caudete (Albacete)","robots":{"index":"index","follow":"follow","max-snippet":"max-snippet:-1","max-image-preview":"max-image-preview:large","max-video-preview":"max-video-preview:-1"},"canonical":"https:\/\/www.caudete.org\/ayuntamiento\/leve-mejoria-en-caudete-50-positivos-y-200-aislados-segun-la-g-a-i-del-hospital\/","og_locale":"es_ES","og_type":"article","og_title":"Leve mejor\u00eda en Caudete: 50 positivos y 200 aislados seg\u00fan la G.A.I. del Hospital - MI Ayuntamiento de Caudete","og_description":"P\u00e1gina Oficial del Ayuntamiento de Caudete (Albacete)","og_url":"https:\/\/www.caudete.org\/ayuntamiento\/leve-mejoria-en-caudete-50-positivos-y-200-aislados-segun-la-g-a-i-del-hospital\/","og_site_name":"MI Ayuntamiento de Caudete","article_publisher":"https:\/\/www.facebook.com\/ayuntamientocaudete\/","article_published_time":"2021-08-13T11:52:57+00:00","article_modified_time":"2021-08-13T11:53:32+00:00","og_image":[{"width":1200,"height":650,"url":"https:\/\/www.caudete.org\/ayuntamiento\/wp-content\/uploads\/2021\/08\/hospital-almansa-covid-p6h5o91vnegjj86m45mitz2lmbew929lcnhfzddun8.jpg","type":"image\/jpeg"}],"author":"alcalde","twitter_card":"summary_large_image","twitter_misc":{"Escrito por":"alcalde","Tiempo de lectura":"1 minuto"},"schema":{"@context":"https:\/\/schema.org","@graph":[{"@type":"Article","@id":"https:\/\/www.caudete.org\/ayuntamiento\/leve-mejoria-en-caudete-50-positivos-y-200-aislados-segun-la-g-a-i-del-hospital\/#article","isPartOf":{"@id":"https:\/\/www.caudete.org\/ayuntamiento\/leve-mejoria-en-caudete-50-positivos-y-200-aislados-segun-la-g-a-i-del-hospital\/"},"author":{"name":"alcalde","@id":"https:\/\/www.caudete.org\/ayuntamiento\/#\/schema\/person\/cc646da9133078ee4d8dd47457947253"},"headline":"Leve mejor\u00eda en Caudete: 50 positivos y 200 aislados seg\u00fan la G.A.I. del Hospital","datePublished":"2021-08-13T11:52:57+00:00","dateModified":"2021-08-13T11:53:32+00:00","mainEntityOfPage":{"@id":"https:\/\/www.caudete.org\/ayuntamiento\/leve-mejoria-en-caudete-50-positivos-y-200-aislados-segun-la-g-a-i-del-hospital\/"},"wordCount":191,"image":{"@id":"https:\/\/www.caudete.org\/ayuntamiento\/leve-mejoria-en-caudete-50-positivos-y-200-aislados-segun-la-g-a-i-del-hospital\/#primaryimage"},"thumbnailUrl":"https:\/\/www.caudete.org\/ayuntamiento\/wp-content\/uploads\/2021\/08\/hospital-almansa-covid-p6h5o91vnegjj86m45mitz2lmbew929lcnhfzddun8.jpg","articleSection":["Sanidad"],"inLanguage":"es"},{"@type":"WebPage","@id":"https:\/\/www.caudete.org\/ayuntamiento\/leve-mejoria-en-caudete-50-positivos-y-200-aislados-segun-la-g-a-i-del-hospital\/","url":"https:\/\/www.caudete.org\/ayuntamiento\/leve-mejoria-en-caudete-50-positivos-y-200-aislados-segun-la-g-a-i-del-hospital\/","name":"Leve mejor\u00eda en Caudete: 50 positivos y 200 aislados seg\u00fan la G.A.I. del Hospital - MI Ayuntamiento de Caudete","isPartOf":{"@id":"https:\/\/www.caudete.org\/ayuntamiento\/#website"},"primaryImageOfPage":{"@id":"https:\/\/www.caudete.org\/ayuntamiento\/leve-mejoria-en-caudete-50-positivos-y-200-aislados-segun-la-g-a-i-del-hospital\/#primaryimage"},"image":{"@id":"https:\/\/www.caudete.org\/ayuntamiento\/leve-mejoria-en-caudete-50-positivos-y-200-aislados-segun-la-g-a-i-del-hospital\/#primaryimage"},"thumbnailUrl":"https:\/\/www.caudete.org\/ayuntamiento\/wp-content\/uploads\/2021\/08\/hospital-almansa-covid-p6h5o91vnegjj86m45mitz2lmbew929lcnhfzddun8.jpg","datePublished":"2021-08-13T11:52:57+00:00","dateModified":"2021-08-13T11:53:32+00:00","author":{"@id":"https:\/\/www.caudete.org\/ayuntamiento\/#\/schema\/person\/cc646da9133078ee4d8dd47457947253"},"description":"P\u00e1gina Oficial del Ayuntamiento de Caudete (Albacete)","breadcrumb":{"@id":"https:\/\/www.caudete.org\/ayuntamiento\/leve-mejoria-en-caudete-50-positivos-y-200-aislados-segun-la-g-a-i-del-hospital\/#breadcrumb"},"inLanguage":"es","potentialAction":[{"@type":"ReadAction","target":["https:\/\/www.caudete.org\/ayuntamiento\/leve-mejoria-en-caudete-50-positivos-y-200-aislados-segun-la-g-a-i-del-hospital\/"]}]},{"@type":"ImageObject","inLanguage":"es","@id":"https:\/\/www.caudete.org\/ayuntamiento\/leve-mejoria-en-caudete-50-positivos-y-200-aislados-segun-la-g-a-i-del-hospital\/#primaryimage","url":"https:\/\/www.caudete.org\/ayuntamiento\/wp-content\/uploads\/2021\/08\/hospital-almansa-covid-p6h5o91vnegjj86m45mitz2lmbew929lcnhfzddun8.jpg","contentUrl":"https:\/\/www.caudete.org\/ayuntamiento\/wp-content\/uploads\/2021\/08\/hospital-almansa-covid-p6h5o91vnegjj86m45mitz2lmbew929lcnhfzddun8.jpg","width":1200,"height":650},{"@type":"BreadcrumbList","@id":"https:\/\/www.caudete.org\/ayuntamiento\/leve-mejoria-en-caudete-50-positivos-y-200-aislados-segun-la-g-a-i-del-hospital\/#breadcrumb","itemListElement":[{"@type":"ListItem","position":1,"name":"Inicio","item":"https:\/\/www.caudete.org\/ayuntamiento\/"},{"@type":"ListItem","position":2,"name":"Leve mejor\u00eda en Caudete: 50 positivos y 200 aislados seg\u00fan la G.A.I. del Hospital"}]},{"@type":"WebSite","@id":"https:\/\/www.caudete.org\/ayuntamiento\/#website","url":"https:\/\/www.caudete.org\/ayuntamiento\/","name":"MI Ayuntamiento de Caudete","description":"P\u00e1gina Oficial del MI Ayuntamiento de Caudete","potentialAction":[{"@type":"SearchAction","target":{"@type":"EntryPoint","urlTemplate":"https:\/\/www.caudete.org\/ayuntamiento\/?s={search_term_string}"},"query-input":{"@type":"PropertyValueSpecification","valueRequired":true,"valueName":"search_term_string"}}],"inLanguage":"es"},{"@type":"Person","@id":"https:\/\/www.caudete.org\/ayuntamiento\/#\/schema\/person\/cc646da9133078ee4d8dd47457947253","name":"alcalde","image":{"@type":"ImageObject","inLanguage":"es","@id":"https:\/\/secure.gravatar.com\/avatar\/84a817ba065b29ff08d666b215a215f5c79186a645ccb25b14a663d48a130f77?s=96&d=mm&r=g","url":"https:\/\/secure.gravatar.com\/avatar\/84a817ba065b29ff08d666b215a215f5c79186a645ccb25b14a663d48a130f77?s=96&d=mm&r=g","contentUrl":"https:\/\/secure.gravatar.com\/avatar\/84a817ba065b29ff08d666b215a215f5c79186a645ccb25b14a663d48a130f77?s=96&d=mm&r=g","caption":"alcalde"},"url":"https:\/\/www.caudete.org\/ayuntamiento\/author\/alcalde\/"}]}},"_links":{"self":[{"href":"https:\/\/www.caudete.org\/ayuntamiento\/wp-json\/wp\/v2\/posts\/15717","targetHints":{"allow":["GET"]}}],"collection":[{"href":"https:\/\/www.caudete.org\/ayuntamiento\/wp-json\/wp\/v2\/posts"}],"about":[{"href":"https:\/\/www.caudete.org\/ayuntamiento\/wp-json\/wp\/v2\/types\/post"}],"author":[{"embeddable":true,"href":"https:\/\/www.caudete.org\/ayuntamiento\/wp-json\/wp\/v2\/users\/3"}],"replies":[{"embeddable":true,"href":"https:\/\/www.caudete.org\/ayuntamiento\/wp-json\/wp\/v2\/comments?post=15717"}],"version-history":[{"count":1,"href":"https:\/\/www.caudete.org\/ayuntamiento\/wp-json\/wp\/v2\/posts\/15717\/revisions"}],"predecessor-version":[{"id":15718,"href":"https:\/\/www.caudete.org\/ayuntamiento\/wp-json\/wp\/v2\/posts\/15717\/revisions\/15718"}],"wp:featuredmedia":[{"embeddable":true,"href":"https:\/\/www.caudete.org\/ayuntamiento\/wp-json\/wp\/v2\/media\/15714"}],"wp:attachment":[{"href":"https:\/\/www.caudete.org\/ayuntamiento\/wp-json\/wp\/v2\/media?parent=15717"}],"wp:term":[{"taxonomy":"category","embeddable":true,"href":"https:\/\/www.caudete.org\/ayuntamiento\/wp-json\/wp\/v2\/categories?post=15717"},{"taxonomy":"post_tag","embeddable":true,"href":"https:\/\/www.caudete.org\/ayuntamiento\/wp-json\/wp\/v2\/tags?post=15717"}],"curies":[{"name":"wp","href":"https:\/\/api.w.org\/{rel}","templated":true}]}}