{"id":15730,"date":"2021-08-16T09:00:00","date_gmt":"2021-08-16T07:00:00","guid":{"rendered":"https:\/\/www.caudete.org\/ayuntamiento\/?p=15730"},"modified":"2021-08-16T10:04:08","modified_gmt":"2021-08-16T08:04:08","slug":"nueva-zona-de-carga-y-descarga-en-c-luis-pascual","status":"publish","type":"post","link":"https:\/\/www.caudete.org\/ayuntamiento\/nueva-zona-de-carga-y-descarga-en-c-luis-pascual\/","title":{"rendered":"Nueva zona de CARGA Y DESCARGA en C\/Luis Pascual"},"content":{"rendered":"<p style=\"text-align: justify;\"><span style=\"font-weight: 400;\">El Concejal de Movilidad Joaqu\u00edn Pag\u00e1n, ha presentado esta ma\u00f1ana la nueva zona de carga y descarga que se ha ejecutado en la C\/Alcalde Luis Pascual, justo delante de las Oficinas de Correos.<\/span><\/p>\n<p style=\"text-align: justify;\"><span style=\"font-weight: 400;\">Se da la circunstancia que la C\/Alcalde Luis Pascual es una de las v\u00edas comerciales de la localidad, y posee por tanto en toda su extensi\u00f3n un tr\u00e1fico denso, produci\u00e9ndose estacionamientos en doble fila en determinados tramos.<\/span><\/p>\n<p style=\"text-align: justify;\"><span style=\"font-weight: 400;\">Desde las 08:00 hasta las 14:00 a la Oficina de Correos\u00a0 llegan constantes veh\u00edculos y camiones para labores de descarga de mercanc\u00eda, teniendo que estacionar, con bastante frecuencia, en doble fila, circunstancia que igualmente se produce con otras actividades comerciales en dicha calle. La circulaci\u00f3n de veh\u00edculos se ve por tanto afectada.<\/span><\/p>\n<p style=\"text-align: justify;\"><span style=\"font-weight: 400;\">Segun remarcaba el Edil &#8220;<em>ahora los comercios de esta calle y zonas pr\u00f3ximas dispondr\u00e1n de una zona de carga y descarga com\u00fan para el uso de sus proveedores<\/em>&#8220;, pero a\u00f1ad\u00eda &#8220;<em>los ciudadanos no tenemos que confundir estas \u00e1reas de carga y descarga, con un lugar de aparcamiento de corta duraci\u00f3n cuando vamos a un comercio<\/em>&#8220;.<\/span><\/p>\n<p style=\"text-align: justify;\">A la se\u00f1alizaci\u00f3n efectuada sobre el pavimento, de color amarillo, le refuerza y clarifica la se\u00f1alizaci\u00f3n vertical, en concreto la <span style=\"font-weight: 400;\">R-308, que posee la leyenda: \u201c<em>Zona de carga y descarga<\/em>\u201d donde claramente especifica que est\u00e1 destinada para \u201c<em>Veh\u00edculos industriales<\/em>\u201d y con un \u201c<em>Tiempo m\u00e1ximo 20 minutos<\/em>\u201c por veh\u00edculo para su uso. Al igual que otras \u00e1reas similares, dicho servicio se mantiene \u201c<em>De Lunes a Viernes de 08:00 a 20:00<\/em>\u201d y los \u201c<em>S\u00e1bados de 8:00 a 15:00 H<\/em>\u201d, cubriendo as\u00ed el horario comercial. la cual complementa al rayado en color amarillo pintado sobre el asfalto.<\/span><\/p>\n<p style=\"text-align: justify;\"><span style=\"font-weight: 400;\">Este asunto fue dictaminado favorablemente por la Junta de Gobierno Local hace unas semanas, previa gesti\u00f3n del oportuno expediente y entra dentro de las actuaciones fijadas para el presente 2021 del Plan Municipal de Accesibilidad y Movilidad Urbana, en cuyo caso, el objetivo busca mejorar la circulaci\u00f3n de veh\u00edculos en el casco urbano y la eliminaci\u00f3n de puntos o zonas negros.<\/span><\/p>\n<p><a href=\"https:\/\/www.caudete.org\/ayuntamiento\/wp-content\/uploads\/2021\/08\/WhatsApp-Image-2021-08-13-at-11.46.19.jpeg\" rel='prettyPhoto'><img fetchpriority=\"high\" decoding=\"async\" class=\"aligncenter wp-image-15732 size-medium\" src=\"https:\/\/www.caudete.org\/ayuntamiento\/wp-content\/uploads\/2021\/08\/WhatsApp-Image-2021-08-13-at-11.46.19-300x225.jpeg\" alt=\"\" width=\"300\" height=\"225\" srcset=\"https:\/\/www.caudete.org\/ayuntamiento\/wp-content\/uploads\/2021\/08\/WhatsApp-Image-2021-08-13-at-11.46.19-300x225.jpeg 300w, https:\/\/www.caudete.org\/ayuntamiento\/wp-content\/uploads\/2021\/08\/WhatsApp-Image-2021-08-13-at-11.46.19-1024x768.jpeg 1024w, https:\/\/www.caudete.org\/ayuntamiento\/wp-content\/uploads\/2021\/08\/WhatsApp-Image-2021-08-13-at-11.46.19-768x576.jpeg 768w, https:\/\/www.caudete.org\/ayuntamiento\/wp-content\/uploads\/2021\/08\/WhatsApp-Image-2021-08-13-at-11.46.19-1536x1152.jpeg 1536w, https:\/\/www.caudete.org\/ayuntamiento\/wp-content\/uploads\/2021\/08\/WhatsApp-Image-2021-08-13-at-11.46.19.jpeg 2048w\" sizes=\"(max-width: 300px) 100vw, 300px\" \/><\/a><\/p>\n","protected":false},"excerpt":{"rendered":"<p>El Concejal de Movilidad Joaqu\u00edn Pag\u00e1n, ha presentado esta ma\u00f1ana la nueva zona de carga y descarga que se ha ejecutado en la C\/Alcalde Luis Pascual, justo delante de las Oficinas de Correos. Se da la circunstancia que la C\/Alcalde Luis Pascual es una de las v\u00edas comerciales de la localidad, y posee por tanto &hellip;<\/p>\n","protected":false},"author":3,"featured_media":15731,"comment_status":"closed","ping_status":"open","sticky":false,"template":"","format":"standard","meta":{"ngg_post_thumbnail":0,"footnotes":""},"categories":[46],"tags":[],"class_list":["post-15730","post","type-post","status-publish","format-standard","has-post-thumbnail","hentry","category-movilidad-urbana"],"yoast_head":"<!-- This site is optimized with the Yoast SEO plugin v27.5 - https:\/\/yoast.com\/product\/yoast-seo-wordpress\/ -->\n<title>Nueva zona de CARGA Y DESCARGA en C\/Luis Pascual - MI Ayuntamiento de Caudete<\/title>\n<meta name=\"description\" content=\"P\u00e1gina Oficial del Ayuntamiento de Caudete (Albacete)\" \/>\n<meta name=\"robots\" content=\"index, follow, max-snippet:-1, max-image-preview:large, max-video-preview:-1\" \/>\n<link rel=\"canonical\" href=\"https:\/\/www.caudete.org\/ayuntamiento\/nueva-zona-de-carga-y-descarga-en-c-luis-pascual\/\" \/>\n<meta property=\"og:locale\" content=\"es_ES\" \/>\n<meta property=\"og:type\" content=\"article\" \/>\n<meta property=\"og:title\" content=\"Nueva zona de CARGA Y DESCARGA en C\/Luis Pascual - MI Ayuntamiento de Caudete\" \/>\n<meta property=\"og:description\" content=\"P\u00e1gina Oficial del Ayuntamiento de Caudete (Albacete)\" \/>\n<meta property=\"og:url\" content=\"https:\/\/www.caudete.org\/ayuntamiento\/nueva-zona-de-carga-y-descarga-en-c-luis-pascual\/\" \/>\n<meta property=\"og:site_name\" content=\"MI Ayuntamiento de Caudete\" \/>\n<meta property=\"article:publisher\" content=\"https:\/\/www.facebook.com\/ayuntamientocaudete\/\" \/>\n<meta property=\"article:published_time\" content=\"2021-08-16T07:00:00+00:00\" \/>\n<meta property=\"article:modified_time\" content=\"2021-08-16T08:04:08+00:00\" \/>\n<meta property=\"og:image\" content=\"https:\/\/www.caudete.org\/ayuntamiento\/wp-content\/uploads\/2021\/08\/WhatsApp-Image-2021-08-13-at-11.46.19-1.jpeg\" \/>\n\t<meta property=\"og:image:width\" content=\"2048\" \/>\n\t<meta property=\"og:image:height\" content=\"1536\" \/>\n\t<meta property=\"og:image:type\" content=\"image\/jpeg\" \/>\n<meta name=\"author\" content=\"alcalde\" \/>\n<meta name=\"twitter:card\" content=\"summary_large_image\" \/>\n<meta name=\"twitter:label1\" content=\"Escrito por\" \/>\n\t<meta name=\"twitter:data1\" content=\"alcalde\" \/>\n\t<meta name=\"twitter:label2\" content=\"Tiempo de lectura\" \/>\n\t<meta name=\"twitter:data2\" content=\"2 minutos\" \/>\n<script type=\"application\/ld+json\" class=\"yoast-schema-graph\">{\"@context\":\"https:\\\/\\\/schema.org\",\"@graph\":[{\"@type\":\"Article\",\"@id\":\"https:\\\/\\\/www.caudete.org\\\/ayuntamiento\\\/nueva-zona-de-carga-y-descarga-en-c-luis-pascual\\\/#article\",\"isPartOf\":{\"@id\":\"https:\\\/\\\/www.caudete.org\\\/ayuntamiento\\\/nueva-zona-de-carga-y-descarga-en-c-luis-pascual\\\/\"},\"author\":{\"name\":\"alcalde\",\"@id\":\"https:\\\/\\\/www.caudete.org\\\/ayuntamiento\\\/#\\\/schema\\\/person\\\/cc646da9133078ee4d8dd47457947253\"},\"headline\":\"Nueva zona de CARGA Y DESCARGA en C\\\/Luis Pascual\",\"datePublished\":\"2021-08-16T07:00:00+00:00\",\"dateModified\":\"2021-08-16T08:04:08+00:00\",\"mainEntityOfPage\":{\"@id\":\"https:\\\/\\\/www.caudete.org\\\/ayuntamiento\\\/nueva-zona-de-carga-y-descarga-en-c-luis-pascual\\\/\"},\"wordCount\":365,\"image\":{\"@id\":\"https:\\\/\\\/www.caudete.org\\\/ayuntamiento\\\/nueva-zona-de-carga-y-descarga-en-c-luis-pascual\\\/#primaryimage\"},\"thumbnailUrl\":\"https:\\\/\\\/www.caudete.org\\\/ayuntamiento\\\/wp-content\\\/uploads\\\/2021\\\/08\\\/WhatsApp-Image-2021-08-13-at-11.46.19-1.jpeg\",\"articleSection\":[\"Movilidad Urbana\"],\"inLanguage\":\"es\"},{\"@type\":\"WebPage\",\"@id\":\"https:\\\/\\\/www.caudete.org\\\/ayuntamiento\\\/nueva-zona-de-carga-y-descarga-en-c-luis-pascual\\\/\",\"url\":\"https:\\\/\\\/www.caudete.org\\\/ayuntamiento\\\/nueva-zona-de-carga-y-descarga-en-c-luis-pascual\\\/\",\"name\":\"Nueva zona de CARGA Y DESCARGA en C\\\/Luis Pascual - MI Ayuntamiento de Caudete\",\"isPartOf\":{\"@id\":\"https:\\\/\\\/www.caudete.org\\\/ayuntamiento\\\/#website\"},\"primaryImageOfPage\":{\"@id\":\"https:\\\/\\\/www.caudete.org\\\/ayuntamiento\\\/nueva-zona-de-carga-y-descarga-en-c-luis-pascual\\\/#primaryimage\"},\"image\":{\"@id\":\"https:\\\/\\\/www.caudete.org\\\/ayuntamiento\\\/nueva-zona-de-carga-y-descarga-en-c-luis-pascual\\\/#primaryimage\"},\"thumbnailUrl\":\"https:\\\/\\\/www.caudete.org\\\/ayuntamiento\\\/wp-content\\\/uploads\\\/2021\\\/08\\\/WhatsApp-Image-2021-08-13-at-11.46.19-1.jpeg\",\"datePublished\":\"2021-08-16T07:00:00+00:00\",\"dateModified\":\"2021-08-16T08:04:08+00:00\",\"author\":{\"@id\":\"https:\\\/\\\/www.caudete.org\\\/ayuntamiento\\\/#\\\/schema\\\/person\\\/cc646da9133078ee4d8dd47457947253\"},\"description\":\"P\u00e1gina Oficial del Ayuntamiento de Caudete (Albacete)\",\"breadcrumb\":{\"@id\":\"https:\\\/\\\/www.caudete.org\\\/ayuntamiento\\\/nueva-zona-de-carga-y-descarga-en-c-luis-pascual\\\/#breadcrumb\"},\"inLanguage\":\"es\",\"potentialAction\":[{\"@type\":\"ReadAction\",\"target\":[\"https:\\\/\\\/www.caudete.org\\\/ayuntamiento\\\/nueva-zona-de-carga-y-descarga-en-c-luis-pascual\\\/\"]}]},{\"@type\":\"ImageObject\",\"inLanguage\":\"es\",\"@id\":\"https:\\\/\\\/www.caudete.org\\\/ayuntamiento\\\/nueva-zona-de-carga-y-descarga-en-c-luis-pascual\\\/#primaryimage\",\"url\":\"https:\\\/\\\/www.caudete.org\\\/ayuntamiento\\\/wp-content\\\/uploads\\\/2021\\\/08\\\/WhatsApp-Image-2021-08-13-at-11.46.19-1.jpeg\",\"contentUrl\":\"https:\\\/\\\/www.caudete.org\\\/ayuntamiento\\\/wp-content\\\/uploads\\\/2021\\\/08\\\/WhatsApp-Image-2021-08-13-at-11.46.19-1.jpeg\",\"width\":2048,\"height\":1536},{\"@type\":\"BreadcrumbList\",\"@id\":\"https:\\\/\\\/www.caudete.org\\\/ayuntamiento\\\/nueva-zona-de-carga-y-descarga-en-c-luis-pascual\\\/#breadcrumb\",\"itemListElement\":[{\"@type\":\"ListItem\",\"position\":1,\"name\":\"Inicio\",\"item\":\"https:\\\/\\\/www.caudete.org\\\/ayuntamiento\\\/\"},{\"@type\":\"ListItem\",\"position\":2,\"name\":\"Nueva zona de CARGA Y DESCARGA en C\\\/Luis Pascual\"}]},{\"@type\":\"WebSite\",\"@id\":\"https:\\\/\\\/www.caudete.org\\\/ayuntamiento\\\/#website\",\"url\":\"https:\\\/\\\/www.caudete.org\\\/ayuntamiento\\\/\",\"name\":\"MI Ayuntamiento de Caudete\",\"description\":\"P\u00e1gina Oficial del MI Ayuntamiento de Caudete\",\"potentialAction\":[{\"@type\":\"SearchAction\",\"target\":{\"@type\":\"EntryPoint\",\"urlTemplate\":\"https:\\\/\\\/www.caudete.org\\\/ayuntamiento\\\/?s={search_term_string}\"},\"query-input\":{\"@type\":\"PropertyValueSpecification\",\"valueRequired\":true,\"valueName\":\"search_term_string\"}}],\"inLanguage\":\"es\"},{\"@type\":\"Person\",\"@id\":\"https:\\\/\\\/www.caudete.org\\\/ayuntamiento\\\/#\\\/schema\\\/person\\\/cc646da9133078ee4d8dd47457947253\",\"name\":\"alcalde\",\"image\":{\"@type\":\"ImageObject\",\"inLanguage\":\"es\",\"@id\":\"https:\\\/\\\/secure.gravatar.com\\\/avatar\\\/84a817ba065b29ff08d666b215a215f5c79186a645ccb25b14a663d48a130f77?s=96&d=mm&r=g\",\"url\":\"https:\\\/\\\/secure.gravatar.com\\\/avatar\\\/84a817ba065b29ff08d666b215a215f5c79186a645ccb25b14a663d48a130f77?s=96&d=mm&r=g\",\"contentUrl\":\"https:\\\/\\\/secure.gravatar.com\\\/avatar\\\/84a817ba065b29ff08d666b215a215f5c79186a645ccb25b14a663d48a130f77?s=96&d=mm&r=g\",\"caption\":\"alcalde\"},\"url\":\"https:\\\/\\\/www.caudete.org\\\/ayuntamiento\\\/author\\\/alcalde\\\/\"}]}<\/script>\n<!-- \/ Yoast SEO plugin. -->","yoast_head_json":{"title":"Nueva zona de CARGA Y DESCARGA en C\/Luis Pascual - MI Ayuntamiento de Caudete","description":"P\u00e1gina Oficial del Ayuntamiento de Caudete (Albacete)","robots":{"index":"index","follow":"follow","max-snippet":"max-snippet:-1","max-image-preview":"max-image-preview:large","max-video-preview":"max-video-preview:-1"},"canonical":"https:\/\/www.caudete.org\/ayuntamiento\/nueva-zona-de-carga-y-descarga-en-c-luis-pascual\/","og_locale":"es_ES","og_type":"article","og_title":"Nueva zona de CARGA Y DESCARGA en C\/Luis Pascual - MI Ayuntamiento de Caudete","og_description":"P\u00e1gina Oficial del Ayuntamiento de Caudete (Albacete)","og_url":"https:\/\/www.caudete.org\/ayuntamiento\/nueva-zona-de-carga-y-descarga-en-c-luis-pascual\/","og_site_name":"MI Ayuntamiento de Caudete","article_publisher":"https:\/\/www.facebook.com\/ayuntamientocaudete\/","article_published_time":"2021-08-16T07:00:00+00:00","article_modified_time":"2021-08-16T08:04:08+00:00","og_image":[{"width":2048,"height":1536,"url":"https:\/\/www.caudete.org\/ayuntamiento\/wp-content\/uploads\/2021\/08\/WhatsApp-Image-2021-08-13-at-11.46.19-1.jpeg","type":"image\/jpeg"}],"author":"alcalde","twitter_card":"summary_large_image","twitter_misc":{"Escrito por":"alcalde","Tiempo de lectura":"2 minutos"},"schema":{"@context":"https:\/\/schema.org","@graph":[{"@type":"Article","@id":"https:\/\/www.caudete.org\/ayuntamiento\/nueva-zona-de-carga-y-descarga-en-c-luis-pascual\/#article","isPartOf":{"@id":"https:\/\/www.caudete.org\/ayuntamiento\/nueva-zona-de-carga-y-descarga-en-c-luis-pascual\/"},"author":{"name":"alcalde","@id":"https:\/\/www.caudete.org\/ayuntamiento\/#\/schema\/person\/cc646da9133078ee4d8dd47457947253"},"headline":"Nueva zona de CARGA Y DESCARGA en C\/Luis Pascual","datePublished":"2021-08-16T07:00:00+00:00","dateModified":"2021-08-16T08:04:08+00:00","mainEntityOfPage":{"@id":"https:\/\/www.caudete.org\/ayuntamiento\/nueva-zona-de-carga-y-descarga-en-c-luis-pascual\/"},"wordCount":365,"image":{"@id":"https:\/\/www.caudete.org\/ayuntamiento\/nueva-zona-de-carga-y-descarga-en-c-luis-pascual\/#primaryimage"},"thumbnailUrl":"https:\/\/www.caudete.org\/ayuntamiento\/wp-content\/uploads\/2021\/08\/WhatsApp-Image-2021-08-13-at-11.46.19-1.jpeg","articleSection":["Movilidad Urbana"],"inLanguage":"es"},{"@type":"WebPage","@id":"https:\/\/www.caudete.org\/ayuntamiento\/nueva-zona-de-carga-y-descarga-en-c-luis-pascual\/","url":"https:\/\/www.caudete.org\/ayuntamiento\/nueva-zona-de-carga-y-descarga-en-c-luis-pascual\/","name":"Nueva zona de CARGA Y DESCARGA en C\/Luis Pascual - MI Ayuntamiento de Caudete","isPartOf":{"@id":"https:\/\/www.caudete.org\/ayuntamiento\/#website"},"primaryImageOfPage":{"@id":"https:\/\/www.caudete.org\/ayuntamiento\/nueva-zona-de-carga-y-descarga-en-c-luis-pascual\/#primaryimage"},"image":{"@id":"https:\/\/www.caudete.org\/ayuntamiento\/nueva-zona-de-carga-y-descarga-en-c-luis-pascual\/#primaryimage"},"thumbnailUrl":"https:\/\/www.caudete.org\/ayuntamiento\/wp-content\/uploads\/2021\/08\/WhatsApp-Image-2021-08-13-at-11.46.19-1.jpeg","datePublished":"2021-08-16T07:00:00+00:00","dateModified":"2021-08-16T08:04:08+00:00","author":{"@id":"https:\/\/www.caudete.org\/ayuntamiento\/#\/schema\/person\/cc646da9133078ee4d8dd47457947253"},"description":"P\u00e1gina Oficial del Ayuntamiento de Caudete (Albacete)","breadcrumb":{"@id":"https:\/\/www.caudete.org\/ayuntamiento\/nueva-zona-de-carga-y-descarga-en-c-luis-pascual\/#breadcrumb"},"inLanguage":"es","potentialAction":[{"@type":"ReadAction","target":["https:\/\/www.caudete.org\/ayuntamiento\/nueva-zona-de-carga-y-descarga-en-c-luis-pascual\/"]}]},{"@type":"ImageObject","inLanguage":"es","@id":"https:\/\/www.caudete.org\/ayuntamiento\/nueva-zona-de-carga-y-descarga-en-c-luis-pascual\/#primaryimage","url":"https:\/\/www.caudete.org\/ayuntamiento\/wp-content\/uploads\/2021\/08\/WhatsApp-Image-2021-08-13-at-11.46.19-1.jpeg","contentUrl":"https:\/\/www.caudete.org\/ayuntamiento\/wp-content\/uploads\/2021\/08\/WhatsApp-Image-2021-08-13-at-11.46.19-1.jpeg","width":2048,"height":1536},{"@type":"BreadcrumbList","@id":"https:\/\/www.caudete.org\/ayuntamiento\/nueva-zona-de-carga-y-descarga-en-c-luis-pascual\/#breadcrumb","itemListElement":[{"@type":"ListItem","position":1,"name":"Inicio","item":"https:\/\/www.caudete.org\/ayuntamiento\/"},{"@type":"ListItem","position":2,"name":"Nueva zona de CARGA Y DESCARGA en C\/Luis Pascual"}]},{"@type":"WebSite","@id":"https:\/\/www.caudete.org\/ayuntamiento\/#website","url":"https:\/\/www.caudete.org\/ayuntamiento\/","name":"MI Ayuntamiento de Caudete","description":"P\u00e1gina Oficial del MI Ayuntamiento de Caudete","potentialAction":[{"@type":"SearchAction","target":{"@type":"EntryPoint","urlTemplate":"https:\/\/www.caudete.org\/ayuntamiento\/?s={search_term_string}"},"query-input":{"@type":"PropertyValueSpecification","valueRequired":true,"valueName":"search_term_string"}}],"inLanguage":"es"},{"@type":"Person","@id":"https:\/\/www.caudete.org\/ayuntamiento\/#\/schema\/person\/cc646da9133078ee4d8dd47457947253","name":"alcalde","image":{"@type":"ImageObject","inLanguage":"es","@id":"https:\/\/secure.gravatar.com\/avatar\/84a817ba065b29ff08d666b215a215f5c79186a645ccb25b14a663d48a130f77?s=96&d=mm&r=g","url":"https:\/\/secure.gravatar.com\/avatar\/84a817ba065b29ff08d666b215a215f5c79186a645ccb25b14a663d48a130f77?s=96&d=mm&r=g","contentUrl":"https:\/\/secure.gravatar.com\/avatar\/84a817ba065b29ff08d666b215a215f5c79186a645ccb25b14a663d48a130f77?s=96&d=mm&r=g","caption":"alcalde"},"url":"https:\/\/www.caudete.org\/ayuntamiento\/author\/alcalde\/"}]}},"_links":{"self":[{"href":"https:\/\/www.caudete.org\/ayuntamiento\/wp-json\/wp\/v2\/posts\/15730","targetHints":{"allow":["GET"]}}],"collection":[{"href":"https:\/\/www.caudete.org\/ayuntamiento\/wp-json\/wp\/v2\/posts"}],"about":[{"href":"https:\/\/www.caudete.org\/ayuntamiento\/wp-json\/wp\/v2\/types\/post"}],"author":[{"embeddable":true,"href":"https:\/\/www.caudete.org\/ayuntamiento\/wp-json\/wp\/v2\/users\/3"}],"replies":[{"embeddable":true,"href":"https:\/\/www.caudete.org\/ayuntamiento\/wp-json\/wp\/v2\/comments?post=15730"}],"version-history":[{"count":2,"href":"https:\/\/www.caudete.org\/ayuntamiento\/wp-json\/wp\/v2\/posts\/15730\/revisions"}],"predecessor-version":[{"id":15736,"href":"https:\/\/www.caudete.org\/ayuntamiento\/wp-json\/wp\/v2\/posts\/15730\/revisions\/15736"}],"wp:featuredmedia":[{"embeddable":true,"href":"https:\/\/www.caudete.org\/ayuntamiento\/wp-json\/wp\/v2\/media\/15731"}],"wp:attachment":[{"href":"https:\/\/www.caudete.org\/ayuntamiento\/wp-json\/wp\/v2\/media?parent=15730"}],"wp:term":[{"taxonomy":"category","embeddable":true,"href":"https:\/\/www.caudete.org\/ayuntamiento\/wp-json\/wp\/v2\/categories?post=15730"},{"taxonomy":"post_tag","embeddable":true,"href":"https:\/\/www.caudete.org\/ayuntamiento\/wp-json\/wp\/v2\/tags?post=15730"}],"curies":[{"name":"wp","href":"https:\/\/api.w.org\/{rel}","templated":true}]}}