{"id":15734,"date":"2021-08-16T11:00:25","date_gmt":"2021-08-16T09:00:25","guid":{"rendered":"https:\/\/www.caudete.org\/ayuntamiento\/?p=15734"},"modified":"2021-08-16T12:49:03","modified_gmt":"2021-08-16T10:49:03","slug":"nuevo-camion-volquete-para-el-area-de-servicios-municipales","status":"publish","type":"post","link":"https:\/\/www.caudete.org\/ayuntamiento\/nuevo-camion-volquete-para-el-area-de-servicios-municipales\/","title":{"rendered":"Nuevo CAMION Volquete para el \u00e1rea de Servicios Municipales"},"content":{"rendered":"<p style=\"text-align: justify;\"><span style=\"font-weight: 400;\">Esta ma\u00f1ana, el Alcalde Mois\u00e9s L\u00f3pez, y el Concejal de Servicios Joaqu\u00edn Pag\u00e1n, han presentado ante los medios la nueva incorporaci\u00f3n, a la flota de veh\u00edculos del Ayuntamiento, del nuevo Cami\u00f3n Volquete adquirido para el \u00e1rea de Servicios Municipales.<\/span><\/p>\n<p><a href=\"https:\/\/www.caudete.org\/ayuntamiento\/wp-content\/uploads\/2021\/08\/IMG-20210811-WA0003.jpg\" rel='prettyPhoto'><img fetchpriority=\"high\" decoding=\"async\" class=\"aligncenter wp-image-15739 size-medium\" src=\"https:\/\/www.caudete.org\/ayuntamiento\/wp-content\/uploads\/2021\/08\/IMG-20210811-WA0003-300x225.jpg\" alt=\"\" width=\"300\" height=\"225\" srcset=\"https:\/\/www.caudete.org\/ayuntamiento\/wp-content\/uploads\/2021\/08\/IMG-20210811-WA0003-300x225.jpg 300w, https:\/\/www.caudete.org\/ayuntamiento\/wp-content\/uploads\/2021\/08\/IMG-20210811-WA0003-1024x768.jpg 1024w, https:\/\/www.caudete.org\/ayuntamiento\/wp-content\/uploads\/2021\/08\/IMG-20210811-WA0003-768x576.jpg 768w, https:\/\/www.caudete.org\/ayuntamiento\/wp-content\/uploads\/2021\/08\/IMG-20210811-WA0003-1536x1153.jpg 1536w, https:\/\/www.caudete.org\/ayuntamiento\/wp-content\/uploads\/2021\/08\/IMG-20210811-WA0003.jpg 1599w\" sizes=\"(max-width: 300px) 100vw, 300px\" \/><\/a><\/p>\n<p style=\"text-align: justify;\"><span style=\"font-weight: 400;\">Se trata pues de un cami\u00f3n volquete de caja abierta de la marca Nissan, con capacidad de carga de 1.500 KG. Es un veh\u00edculo de segunda mano sufragado a cargo del Remanente 2020 por un valor de 10.000 \u20ac, y adquirido en un taller de la localidad.<\/span><\/p>\n<p style=\"text-align: justify;\"><span style=\"font-weight: 400;\">El Alcalde manifestaba &#8220;<em>el compromiso del Gobierno Municipal en mejorar los servicios que presta el Consistorio a los ciudadanos, y el mantenimiento \u00f3ptimo del pueblo, para lo cual, es necesario invertir tanto maquinaria como en medios auxiliares&#8221; <\/em>momento en que resaltaba lo esencial que es<em> &#8220;contar con los veh\u00edculos adaptados a las necesidades reales<\/em>&#8221; y recordaba que en los \u00faltimos 4 a\u00f1os &#8220;<em>la renovaci\u00f3n de la flota de veh\u00edculo municipales ha sido uno de los ejes de acci\u00f3n<\/em>&#8221; al haber adquirido, hasta el momento 6 veh\u00edculos con diferente destino, y a\u00f1adiendo &#8220;<em>que aun quedan adquisiciones por ejecutar dentro del presente mandato<\/em>&#8220;.<\/span><\/p>\n<p><a href=\"https:\/\/www.caudete.org\/ayuntamiento\/wp-content\/uploads\/2021\/08\/IMG-20210811-WA0006.jpg\" rel='prettyPhoto'><img decoding=\"async\" class=\"aligncenter wp-image-15740 size-medium\" src=\"https:\/\/www.caudete.org\/ayuntamiento\/wp-content\/uploads\/2021\/08\/IMG-20210811-WA0006-225x300.jpg\" alt=\"\" width=\"225\" height=\"300\" srcset=\"https:\/\/www.caudete.org\/ayuntamiento\/wp-content\/uploads\/2021\/08\/IMG-20210811-WA0006-225x300.jpg 225w, https:\/\/www.caudete.org\/ayuntamiento\/wp-content\/uploads\/2021\/08\/IMG-20210811-WA0006-768x1023.jpg 768w, https:\/\/www.caudete.org\/ayuntamiento\/wp-content\/uploads\/2021\/08\/IMG-20210811-WA0006-1153x1536.jpg 1153w, https:\/\/www.caudete.org\/ayuntamiento\/wp-content\/uploads\/2021\/08\/IMG-20210811-WA0006.jpg 1200w\" sizes=\"(max-width: 225px) 100vw, 225px\" \/><\/a><\/p>\n<p style=\"text-align: justify;\"><span style=\"font-weight: 400;\">Por su parte, Joaqu\u00edn Pag\u00e1n mostraba su satisfacci\u00f3n con esta nueva adquisici\u00f3n al ver que &#8220;<em>el Ayuntamiento llega con m\u00e1s medios a\u00a0 hacer frente a las tareas del d\u00eda a d\u00eda<\/em>&#8220;, a\u00f1adiendo la importancia de contar con un veh\u00edculo que &#8220;<em>permitir\u00e1 descongestionar los momentos de m\u00e1xima carga de trabajo<\/em>&#8221; que se producen con la activaci\u00f3n de diferentes Planes de Empleo, PEEZRD, +52 y otras actuaciones de empleo, &#8220;<em>ya que requieren de autonom\u00eda para sus tareas, bien sea por la ejecuci\u00f3n de obras, o por la retirada de desbroces o podas<\/em>&#8220;<\/span><\/p>\n<p style=\"text-align: justify;\">\n","protected":false},"excerpt":{"rendered":"<p>Esta ma\u00f1ana, el Alcalde Mois\u00e9s L\u00f3pez, y el Concejal de Servicios Joaqu\u00edn Pag\u00e1n, han presentado ante los medios la nueva incorporaci\u00f3n, a la flota de veh\u00edculos del Ayuntamiento, del nuevo Cami\u00f3n Volquete adquirido para el \u00e1rea de Servicios Municipales. Se trata pues de un cami\u00f3n volquete de caja abierta de la marca Nissan, con capacidad &hellip;<\/p>\n","protected":false},"author":3,"featured_media":15737,"comment_status":"closed","ping_status":"open","sticky":false,"template":"","format":"standard","meta":{"ngg_post_thumbnail":0,"footnotes":""},"categories":[270],"tags":[],"class_list":["post-15734","post","type-post","status-publish","format-standard","has-post-thumbnail","hentry","category-servicios"],"yoast_head":"<!-- This site is optimized with the Yoast SEO plugin v27.5 - https:\/\/yoast.com\/product\/yoast-seo-wordpress\/ -->\n<title>Nuevo CAMION Volquete para el \u00e1rea de Servicios Municipales - MI Ayuntamiento de Caudete<\/title>\n<meta name=\"description\" content=\"P\u00e1gina Oficial del Ayuntamiento de Caudete (Albacete)\" \/>\n<meta name=\"robots\" content=\"index, follow, max-snippet:-1, max-image-preview:large, max-video-preview:-1\" \/>\n<link rel=\"canonical\" href=\"https:\/\/www.caudete.org\/ayuntamiento\/nuevo-camion-volquete-para-el-area-de-servicios-municipales\/\" \/>\n<meta property=\"og:locale\" content=\"es_ES\" \/>\n<meta property=\"og:type\" content=\"article\" \/>\n<meta property=\"og:title\" content=\"Nuevo CAMION Volquete para el \u00e1rea de Servicios Municipales - MI Ayuntamiento de Caudete\" \/>\n<meta property=\"og:description\" content=\"P\u00e1gina Oficial del Ayuntamiento de Caudete (Albacete)\" \/>\n<meta property=\"og:url\" content=\"https:\/\/www.caudete.org\/ayuntamiento\/nuevo-camion-volquete-para-el-area-de-servicios-municipales\/\" \/>\n<meta property=\"og:site_name\" content=\"MI Ayuntamiento de Caudete\" \/>\n<meta property=\"article:publisher\" content=\"https:\/\/www.facebook.com\/ayuntamientocaudete\/\" \/>\n<meta property=\"article:published_time\" content=\"2021-08-16T09:00:25+00:00\" \/>\n<meta property=\"article:modified_time\" content=\"2021-08-16T10:49:03+00:00\" \/>\n<meta property=\"og:image\" content=\"https:\/\/www.caudete.org\/ayuntamiento\/wp-content\/uploads\/2021\/08\/IMG_20210816_093410-scaled.jpg\" \/>\n\t<meta property=\"og:image:width\" content=\"2560\" \/>\n\t<meta property=\"og:image:height\" content=\"1920\" \/>\n\t<meta property=\"og:image:type\" content=\"image\/jpeg\" \/>\n<meta name=\"author\" content=\"alcalde\" \/>\n<meta name=\"twitter:card\" content=\"summary_large_image\" \/>\n<meta name=\"twitter:label1\" content=\"Escrito por\" \/>\n\t<meta name=\"twitter:data1\" content=\"alcalde\" \/>\n\t<meta name=\"twitter:label2\" content=\"Tiempo de lectura\" \/>\n\t<meta name=\"twitter:data2\" content=\"2 minutos\" \/>\n<script type=\"application\/ld+json\" class=\"yoast-schema-graph\">{\"@context\":\"https:\\\/\\\/schema.org\",\"@graph\":[{\"@type\":\"Article\",\"@id\":\"https:\\\/\\\/www.caudete.org\\\/ayuntamiento\\\/nuevo-camion-volquete-para-el-area-de-servicios-municipales\\\/#article\",\"isPartOf\":{\"@id\":\"https:\\\/\\\/www.caudete.org\\\/ayuntamiento\\\/nuevo-camion-volquete-para-el-area-de-servicios-municipales\\\/\"},\"author\":{\"name\":\"alcalde\",\"@id\":\"https:\\\/\\\/www.caudete.org\\\/ayuntamiento\\\/#\\\/schema\\\/person\\\/cc646da9133078ee4d8dd47457947253\"},\"headline\":\"Nuevo CAMION Volquete para el \u00e1rea de Servicios Municipales\",\"datePublished\":\"2021-08-16T09:00:25+00:00\",\"dateModified\":\"2021-08-16T10:49:03+00:00\",\"mainEntityOfPage\":{\"@id\":\"https:\\\/\\\/www.caudete.org\\\/ayuntamiento\\\/nuevo-camion-volquete-para-el-area-de-servicios-municipales\\\/\"},\"wordCount\":309,\"publisher\":{\"@id\":\"https:\\\/\\\/www.caudete.org\\\/ayuntamiento\\\/#organization\"},\"image\":{\"@id\":\"https:\\\/\\\/www.caudete.org\\\/ayuntamiento\\\/nuevo-camion-volquete-para-el-area-de-servicios-municipales\\\/#primaryimage\"},\"thumbnailUrl\":\"https:\\\/\\\/www.caudete.org\\\/ayuntamiento\\\/wp-content\\\/uploads\\\/2021\\\/08\\\/IMG_20210816_093410-scaled.jpg\",\"articleSection\":[\"Servicios\"],\"inLanguage\":\"es\"},{\"@type\":\"WebPage\",\"@id\":\"https:\\\/\\\/www.caudete.org\\\/ayuntamiento\\\/nuevo-camion-volquete-para-el-area-de-servicios-municipales\\\/\",\"url\":\"https:\\\/\\\/www.caudete.org\\\/ayuntamiento\\\/nuevo-camion-volquete-para-el-area-de-servicios-municipales\\\/\",\"name\":\"Nuevo CAMION Volquete para el \u00e1rea de Servicios Municipales - MI Ayuntamiento de Caudete\",\"isPartOf\":{\"@id\":\"https:\\\/\\\/www.caudete.org\\\/ayuntamiento\\\/#website\"},\"primaryImageOfPage\":{\"@id\":\"https:\\\/\\\/www.caudete.org\\\/ayuntamiento\\\/nuevo-camion-volquete-para-el-area-de-servicios-municipales\\\/#primaryimage\"},\"image\":{\"@id\":\"https:\\\/\\\/www.caudete.org\\\/ayuntamiento\\\/nuevo-camion-volquete-para-el-area-de-servicios-municipales\\\/#primaryimage\"},\"thumbnailUrl\":\"https:\\\/\\\/www.caudete.org\\\/ayuntamiento\\\/wp-content\\\/uploads\\\/2021\\\/08\\\/IMG_20210816_093410-scaled.jpg\",\"datePublished\":\"2021-08-16T09:00:25+00:00\",\"dateModified\":\"2021-08-16T10:49:03+00:00\",\"description\":\"P\u00e1gina Oficial del Ayuntamiento de Caudete (Albacete)\",\"breadcrumb\":{\"@id\":\"https:\\\/\\\/www.caudete.org\\\/ayuntamiento\\\/nuevo-camion-volquete-para-el-area-de-servicios-municipales\\\/#breadcrumb\"},\"inLanguage\":\"es\",\"potentialAction\":[{\"@type\":\"ReadAction\",\"target\":[\"https:\\\/\\\/www.caudete.org\\\/ayuntamiento\\\/nuevo-camion-volquete-para-el-area-de-servicios-municipales\\\/\"]}]},{\"@type\":\"ImageObject\",\"inLanguage\":\"es\",\"@id\":\"https:\\\/\\\/www.caudete.org\\\/ayuntamiento\\\/nuevo-camion-volquete-para-el-area-de-servicios-municipales\\\/#primaryimage\",\"url\":\"https:\\\/\\\/www.caudete.org\\\/ayuntamiento\\\/wp-content\\\/uploads\\\/2021\\\/08\\\/IMG_20210816_093410-scaled.jpg\",\"contentUrl\":\"https:\\\/\\\/www.caudete.org\\\/ayuntamiento\\\/wp-content\\\/uploads\\\/2021\\\/08\\\/IMG_20210816_093410-scaled.jpg\",\"width\":2560,\"height\":1920},{\"@type\":\"BreadcrumbList\",\"@id\":\"https:\\\/\\\/www.caudete.org\\\/ayuntamiento\\\/nuevo-camion-volquete-para-el-area-de-servicios-municipales\\\/#breadcrumb\",\"itemListElement\":[{\"@type\":\"ListItem\",\"position\":1,\"name\":\"Inicio\",\"item\":\"https:\\\/\\\/www.caudete.org\\\/ayuntamiento\\\/\"},{\"@type\":\"ListItem\",\"position\":2,\"name\":\"Nuevo CAMION Volquete para el \u00e1rea de Servicios Municipales\"}]},{\"@type\":\"WebSite\",\"@id\":\"https:\\\/\\\/www.caudete.org\\\/ayuntamiento\\\/#website\",\"url\":\"https:\\\/\\\/www.caudete.org\\\/ayuntamiento\\\/\",\"name\":\"MI Ayuntamiento de Caudete\",\"description\":\"P\u00e1gina Oficial del MI Ayuntamiento de Caudete\",\"publisher\":{\"@id\":\"https:\\\/\\\/www.caudete.org\\\/ayuntamiento\\\/#organization\"},\"potentialAction\":[{\"@type\":\"SearchAction\",\"target\":{\"@type\":\"EntryPoint\",\"urlTemplate\":\"https:\\\/\\\/www.caudete.org\\\/ayuntamiento\\\/?s={search_term_string}\"},\"query-input\":{\"@type\":\"PropertyValueSpecification\",\"valueRequired\":true,\"valueName\":\"search_term_string\"}}],\"inLanguage\":\"es\"},{\"@type\":\"Organization\",\"@id\":\"https:\\\/\\\/www.caudete.org\\\/ayuntamiento\\\/#organization\",\"name\":\"Ayuntamiento de Caudete\",\"url\":\"https:\\\/\\\/www.caudete.org\\\/ayuntamiento\\\/\",\"logo\":{\"@type\":\"ImageObject\",\"inLanguage\":\"es\",\"@id\":\"https:\\\/\\\/www.caudete.org\\\/ayuntamiento\\\/#\\\/schema\\\/logo\\\/image\\\/\",\"url\":\"https:\\\/\\\/www.caudete.org\\\/ayuntamiento\\\/wp-content\\\/uploads\\\/2020\\\/11\\\/logo_ayuntamiento_caudete.jpg\",\"contentUrl\":\"https:\\\/\\\/www.caudete.org\\\/ayuntamiento\\\/wp-content\\\/uploads\\\/2020\\\/11\\\/logo_ayuntamiento_caudete.jpg\",\"width\":600,\"height\":150,\"caption\":\"Ayuntamiento de Caudete\"},\"image\":{\"@id\":\"https:\\\/\\\/www.caudete.org\\\/ayuntamiento\\\/#\\\/schema\\\/logo\\\/image\\\/\"},\"sameAs\":[\"https:\\\/\\\/www.facebook.com\\\/ayuntamientocaudete\\\/\",\"https:\\\/\\\/www.youtube.com\\\/channel\\\/UC6VztHaooNsGpw-tNoBEFnQ\"]},{\"@type\":\"Person\",\"@id\":\"https:\\\/\\\/www.caudete.org\\\/ayuntamiento\\\/#\\\/schema\\\/person\\\/cc646da9133078ee4d8dd47457947253\",\"name\":\"alcalde\",\"image\":{\"@type\":\"ImageObject\",\"inLanguage\":\"es\",\"@id\":\"https:\\\/\\\/secure.gravatar.com\\\/avatar\\\/84a817ba065b29ff08d666b215a215f5c79186a645ccb25b14a663d48a130f77?s=96&d=mm&r=g\",\"url\":\"https:\\\/\\\/secure.gravatar.com\\\/avatar\\\/84a817ba065b29ff08d666b215a215f5c79186a645ccb25b14a663d48a130f77?s=96&d=mm&r=g\",\"contentUrl\":\"https:\\\/\\\/secure.gravatar.com\\\/avatar\\\/84a817ba065b29ff08d666b215a215f5c79186a645ccb25b14a663d48a130f77?s=96&d=mm&r=g\",\"caption\":\"alcalde\"},\"url\":\"https:\\\/\\\/www.caudete.org\\\/ayuntamiento\\\/author\\\/alcalde\\\/\"}]}<\/script>\n<!-- \/ Yoast SEO plugin. -->","yoast_head_json":{"title":"Nuevo CAMION Volquete para el \u00e1rea de Servicios Municipales - MI Ayuntamiento de Caudete","description":"P\u00e1gina Oficial del Ayuntamiento de Caudete (Albacete)","robots":{"index":"index","follow":"follow","max-snippet":"max-snippet:-1","max-image-preview":"max-image-preview:large","max-video-preview":"max-video-preview:-1"},"canonical":"https:\/\/www.caudete.org\/ayuntamiento\/nuevo-camion-volquete-para-el-area-de-servicios-municipales\/","og_locale":"es_ES","og_type":"article","og_title":"Nuevo CAMION Volquete para el \u00e1rea de Servicios Municipales - MI Ayuntamiento de Caudete","og_description":"P\u00e1gina Oficial del Ayuntamiento de Caudete (Albacete)","og_url":"https:\/\/www.caudete.org\/ayuntamiento\/nuevo-camion-volquete-para-el-area-de-servicios-municipales\/","og_site_name":"MI Ayuntamiento de Caudete","article_publisher":"https:\/\/www.facebook.com\/ayuntamientocaudete\/","article_published_time":"2021-08-16T09:00:25+00:00","article_modified_time":"2021-08-16T10:49:03+00:00","og_image":[{"width":2560,"height":1920,"url":"https:\/\/www.caudete.org\/ayuntamiento\/wp-content\/uploads\/2021\/08\/IMG_20210816_093410-scaled.jpg","type":"image\/jpeg"}],"author":"alcalde","twitter_card":"summary_large_image","twitter_misc":{"Escrito por":"alcalde","Tiempo de lectura":"2 minutos"},"schema":{"@context":"https:\/\/schema.org","@graph":[{"@type":"Article","@id":"https:\/\/www.caudete.org\/ayuntamiento\/nuevo-camion-volquete-para-el-area-de-servicios-municipales\/#article","isPartOf":{"@id":"https:\/\/www.caudete.org\/ayuntamiento\/nuevo-camion-volquete-para-el-area-de-servicios-municipales\/"},"author":{"name":"alcalde","@id":"https:\/\/www.caudete.org\/ayuntamiento\/#\/schema\/person\/cc646da9133078ee4d8dd47457947253"},"headline":"Nuevo CAMION Volquete para el \u00e1rea de Servicios Municipales","datePublished":"2021-08-16T09:00:25+00:00","dateModified":"2021-08-16T10:49:03+00:00","mainEntityOfPage":{"@id":"https:\/\/www.caudete.org\/ayuntamiento\/nuevo-camion-volquete-para-el-area-de-servicios-municipales\/"},"wordCount":309,"publisher":{"@id":"https:\/\/www.caudete.org\/ayuntamiento\/#organization"},"image":{"@id":"https:\/\/www.caudete.org\/ayuntamiento\/nuevo-camion-volquete-para-el-area-de-servicios-municipales\/#primaryimage"},"thumbnailUrl":"https:\/\/www.caudete.org\/ayuntamiento\/wp-content\/uploads\/2021\/08\/IMG_20210816_093410-scaled.jpg","articleSection":["Servicios"],"inLanguage":"es"},{"@type":"WebPage","@id":"https:\/\/www.caudete.org\/ayuntamiento\/nuevo-camion-volquete-para-el-area-de-servicios-municipales\/","url":"https:\/\/www.caudete.org\/ayuntamiento\/nuevo-camion-volquete-para-el-area-de-servicios-municipales\/","name":"Nuevo CAMION Volquete para el \u00e1rea de Servicios Municipales - MI Ayuntamiento de Caudete","isPartOf":{"@id":"https:\/\/www.caudete.org\/ayuntamiento\/#website"},"primaryImageOfPage":{"@id":"https:\/\/www.caudete.org\/ayuntamiento\/nuevo-camion-volquete-para-el-area-de-servicios-municipales\/#primaryimage"},"image":{"@id":"https:\/\/www.caudete.org\/ayuntamiento\/nuevo-camion-volquete-para-el-area-de-servicios-municipales\/#primaryimage"},"thumbnailUrl":"https:\/\/www.caudete.org\/ayuntamiento\/wp-content\/uploads\/2021\/08\/IMG_20210816_093410-scaled.jpg","datePublished":"2021-08-16T09:00:25+00:00","dateModified":"2021-08-16T10:49:03+00:00","description":"P\u00e1gina Oficial del Ayuntamiento de Caudete (Albacete)","breadcrumb":{"@id":"https:\/\/www.caudete.org\/ayuntamiento\/nuevo-camion-volquete-para-el-area-de-servicios-municipales\/#breadcrumb"},"inLanguage":"es","potentialAction":[{"@type":"ReadAction","target":["https:\/\/www.caudete.org\/ayuntamiento\/nuevo-camion-volquete-para-el-area-de-servicios-municipales\/"]}]},{"@type":"ImageObject","inLanguage":"es","@id":"https:\/\/www.caudete.org\/ayuntamiento\/nuevo-camion-volquete-para-el-area-de-servicios-municipales\/#primaryimage","url":"https:\/\/www.caudete.org\/ayuntamiento\/wp-content\/uploads\/2021\/08\/IMG_20210816_093410-scaled.jpg","contentUrl":"https:\/\/www.caudete.org\/ayuntamiento\/wp-content\/uploads\/2021\/08\/IMG_20210816_093410-scaled.jpg","width":2560,"height":1920},{"@type":"BreadcrumbList","@id":"https:\/\/www.caudete.org\/ayuntamiento\/nuevo-camion-volquete-para-el-area-de-servicios-municipales\/#breadcrumb","itemListElement":[{"@type":"ListItem","position":1,"name":"Inicio","item":"https:\/\/www.caudete.org\/ayuntamiento\/"},{"@type":"ListItem","position":2,"name":"Nuevo CAMION Volquete para el \u00e1rea de Servicios Municipales"}]},{"@type":"WebSite","@id":"https:\/\/www.caudete.org\/ayuntamiento\/#website","url":"https:\/\/www.caudete.org\/ayuntamiento\/","name":"MI Ayuntamiento de Caudete","description":"P\u00e1gina Oficial del MI Ayuntamiento de Caudete","publisher":{"@id":"https:\/\/www.caudete.org\/ayuntamiento\/#organization"},"potentialAction":[{"@type":"SearchAction","target":{"@type":"EntryPoint","urlTemplate":"https:\/\/www.caudete.org\/ayuntamiento\/?s={search_term_string}"},"query-input":{"@type":"PropertyValueSpecification","valueRequired":true,"valueName":"search_term_string"}}],"inLanguage":"es"},{"@type":"Organization","@id":"https:\/\/www.caudete.org\/ayuntamiento\/#organization","name":"Ayuntamiento de Caudete","url":"https:\/\/www.caudete.org\/ayuntamiento\/","logo":{"@type":"ImageObject","inLanguage":"es","@id":"https:\/\/www.caudete.org\/ayuntamiento\/#\/schema\/logo\/image\/","url":"https:\/\/www.caudete.org\/ayuntamiento\/wp-content\/uploads\/2020\/11\/logo_ayuntamiento_caudete.jpg","contentUrl":"https:\/\/www.caudete.org\/ayuntamiento\/wp-content\/uploads\/2020\/11\/logo_ayuntamiento_caudete.jpg","width":600,"height":150,"caption":"Ayuntamiento de Caudete"},"image":{"@id":"https:\/\/www.caudete.org\/ayuntamiento\/#\/schema\/logo\/image\/"},"sameAs":["https:\/\/www.facebook.com\/ayuntamientocaudete\/","https:\/\/www.youtube.com\/channel\/UC6VztHaooNsGpw-tNoBEFnQ"]},{"@type":"Person","@id":"https:\/\/www.caudete.org\/ayuntamiento\/#\/schema\/person\/cc646da9133078ee4d8dd47457947253","name":"alcalde","image":{"@type":"ImageObject","inLanguage":"es","@id":"https:\/\/secure.gravatar.com\/avatar\/84a817ba065b29ff08d666b215a215f5c79186a645ccb25b14a663d48a130f77?s=96&d=mm&r=g","url":"https:\/\/secure.gravatar.com\/avatar\/84a817ba065b29ff08d666b215a215f5c79186a645ccb25b14a663d48a130f77?s=96&d=mm&r=g","contentUrl":"https:\/\/secure.gravatar.com\/avatar\/84a817ba065b29ff08d666b215a215f5c79186a645ccb25b14a663d48a130f77?s=96&d=mm&r=g","caption":"alcalde"},"url":"https:\/\/www.caudete.org\/ayuntamiento\/author\/alcalde\/"}]}},"_links":{"self":[{"href":"https:\/\/www.caudete.org\/ayuntamiento\/wp-json\/wp\/v2\/posts\/15734","targetHints":{"allow":["GET"]}}],"collection":[{"href":"https:\/\/www.caudete.org\/ayuntamiento\/wp-json\/wp\/v2\/posts"}],"about":[{"href":"https:\/\/www.caudete.org\/ayuntamiento\/wp-json\/wp\/v2\/types\/post"}],"author":[{"embeddable":true,"href":"https:\/\/www.caudete.org\/ayuntamiento\/wp-json\/wp\/v2\/users\/3"}],"replies":[{"embeddable":true,"href":"https:\/\/www.caudete.org\/ayuntamiento\/wp-json\/wp\/v2\/comments?post=15734"}],"version-history":[{"count":4,"href":"https:\/\/www.caudete.org\/ayuntamiento\/wp-json\/wp\/v2\/posts\/15734\/revisions"}],"predecessor-version":[{"id":15742,"href":"https:\/\/www.caudete.org\/ayuntamiento\/wp-json\/wp\/v2\/posts\/15734\/revisions\/15742"}],"wp:featuredmedia":[{"embeddable":true,"href":"https:\/\/www.caudete.org\/ayuntamiento\/wp-json\/wp\/v2\/media\/15737"}],"wp:attachment":[{"href":"https:\/\/www.caudete.org\/ayuntamiento\/wp-json\/wp\/v2\/media?parent=15734"}],"wp:term":[{"taxonomy":"category","embeddable":true,"href":"https:\/\/www.caudete.org\/ayuntamiento\/wp-json\/wp\/v2\/categories?post=15734"},{"taxonomy":"post_tag","embeddable":true,"href":"https:\/\/www.caudete.org\/ayuntamiento\/wp-json\/wp\/v2\/tags?post=15734"}],"curies":[{"name":"wp","href":"https:\/\/api.w.org\/{rel}","templated":true}]}}