{"id":15751,"date":"2021-08-18T14:08:41","date_gmt":"2021-08-18T12:08:41","guid":{"rendered":"https:\/\/www.caudete.org\/ayuntamiento\/?p=15751"},"modified":"2021-08-18T14:08:41","modified_gmt":"2021-08-18T12:08:41","slug":"muy-buenos-resultados-de-adrian-cantos-este-verano","status":"publish","type":"post","link":"https:\/\/www.caudete.org\/ayuntamiento\/muy-buenos-resultados-de-adrian-cantos-este-verano\/","title":{"rendered":"Muy buenos resultados de Adri\u00e1n Cantos este verano"},"content":{"rendered":"<p>Las Escuelas Deportivas Municipales de Caudete siguen cosechando grandes resultados de la mano de Adri\u00e1n Cantos y su entrenador Javi S\u00e1nchez, que despu\u00e9s de ganar la fase Norte del Circuito \u201cInicia tenis Murciano\u201d disputado en Yecla, jug\u00f3 la fase final en Cieza, alcanzando las semifinales, d\u00f3nde despleg\u00f3 un juego de gran nivel, siendo el jugador que menos juegos hab\u00eda perdido de los 4 semifinalistas, posicion\u00e1ndose as\u00ed como m\u00e1ximo candidato al t\u00edtulo.<\/p>\n<p>Despu\u00e9s de una serie de grandes resultados, que iban mejorando en cada torneo; cuartos de final en los tres torneos del \u201cCircuito Alicantino\u201d, semifinales en el \u201cInicia-tenis y en el RC Pro, el joven caudetano, culmin\u00f3 esa racha el domingo 18 de julio en el CAMV de Villena, no s\u00f3lo alcanzando la final, sino haci\u00e9ndose con el t\u00edtulo del &#8220;Open Nacional Tenis CAMV 2021\u201den la categor\u00eda Benjam\u00edn, al derrotar en el partido decisivo, al jugador del Club de Campo de Elda Manuel Selva\u00a0 por 5-3\/4-1. Una gran proeza que no acaba aqu\u00ed, ya que el 25 de julio, se celebraba en\u00a0 el Club de Campo de Alicante el &#8220;I Torneo Nacional Alitek&#8221; donde\u00a0 Adri\u00e1n se meti\u00f3 en su segunda final consecutiva. Nuestro jugador lleg\u00f3 al \u00faltimo partido, despu\u00e9s de firmar un gran torneo, y sobre todo una semifinal de infarto, donde remont\u00f3 un partido que ten\u00eda pr\u00e1cticamente perdido. Siempre atr\u00e1s en el marcador y remontando puntos de de partido en contra, el de Caudete acab\u00f3 ganando por (2-4)(5-3)(13-11) llegando a su segunda final en dos semanas. En ella perdi\u00f3 (5-4) (4-1) en un aut\u00e9ntico partidazo \u00a0ante el primer cabeza de serie (el ingl\u00e9s Luca Barclay) pero lo hizo dando la cara y llegando a tener bola de set en el primer parcial.<\/p>\n<p>Adrian Cantos ha superado con creces todas las expectativas depositadas en \u00e9l, no s\u00f3lo por sus buenos resultados, sino por el nivel que est\u00e1 dando en los torneos, y la enorme progresi\u00f3n que est\u00e1 teniendo. As\u00ed pues, en los \u00faltimos 4 torneos disputados por la provincia de Alicante, d\u00f3nde el nivel es muy alto. El de Caudete\u00a0 ha conseguido el hito de dos t\u00edtulos y ser finalista en otras dos ocasiones, confirmando que ya est\u00e1 entre los 4 mejores jugadores de su edad en muchos kil\u00f3metros a la redonda.<\/p>\n<p><a href=\"https:\/\/www.caudete.org\/ayuntamiento\/wp-content\/uploads\/2021\/08\/foto-1.jpg\" rel='prettyPhoto'><img fetchpriority=\"high\" decoding=\"async\" class=\"aligncenter wp-image-15753 size-medium\" src=\"https:\/\/www.caudete.org\/ayuntamiento\/wp-content\/uploads\/2021\/08\/foto-1-200x300.jpg\" alt=\"\" width=\"200\" height=\"300\" srcset=\"https:\/\/www.caudete.org\/ayuntamiento\/wp-content\/uploads\/2021\/08\/foto-1-200x300.jpg 200w, https:\/\/www.caudete.org\/ayuntamiento\/wp-content\/uploads\/2021\/08\/foto-1-684x1024.jpg 684w, https:\/\/www.caudete.org\/ayuntamiento\/wp-content\/uploads\/2021\/08\/foto-1.jpg 720w\" sizes=\"(max-width: 200px) 100vw, 200px\" \/><\/a><\/p>\n<p><a href=\"https:\/\/www.caudete.org\/ayuntamiento\/wp-content\/uploads\/2021\/08\/foto-2.jpg\" rel='prettyPhoto'><img decoding=\"async\" class=\"aligncenter wp-image-15754 \" src=\"https:\/\/www.caudete.org\/ayuntamiento\/wp-content\/uploads\/2021\/08\/foto-2-177x300.jpg\" alt=\"\" width=\"202\" height=\"343\" srcset=\"https:\/\/www.caudete.org\/ayuntamiento\/wp-content\/uploads\/2021\/08\/foto-2-177x300.jpg 177w, https:\/\/www.caudete.org\/ayuntamiento\/wp-content\/uploads\/2021\/08\/foto-2-603x1024.jpg 603w, https:\/\/www.caudete.org\/ayuntamiento\/wp-content\/uploads\/2021\/08\/foto-2.jpg 633w\" sizes=\"(max-width: 202px) 100vw, 202px\" \/><\/a><\/p>\n<p>&nbsp;<\/p>\n<p>&nbsp;<\/p>\n","protected":false},"excerpt":{"rendered":"<p>Las Escuelas Deportivas Municipales de Caudete siguen cosechando grandes resultados de la mano de Adri\u00e1n Cantos y su entrenador Javi S\u00e1nchez, que despu\u00e9s de ganar la fase Norte del Circuito \u201cInicia tenis Murciano\u201d disputado en Yecla, jug\u00f3 la fase final en Cieza, alcanzando las semifinales, d\u00f3nde despleg\u00f3 un juego de gran nivel, siendo el jugador &hellip;<\/p>\n","protected":false},"author":2,"featured_media":15755,"comment_status":"closed","ping_status":"open","sticky":false,"template":"","format":"standard","meta":{"ngg_post_thumbnail":0,"footnotes":""},"categories":[23],"tags":[693,622],"class_list":["post-15751","post","type-post","status-publish","format-standard","has-post-thumbnail","hentry","category-deportes","tag-escuela-de-tenis","tag-escuelas-deportivas-municipales"],"yoast_head":"<!-- This site is optimized with the Yoast SEO plugin v27.5 - https:\/\/yoast.com\/product\/yoast-seo-wordpress\/ -->\n<title>Muy buenos resultados de Adri\u00e1n Cantos este verano - MI Ayuntamiento de Caudete<\/title>\n<meta name=\"description\" content=\"P\u00e1gina Oficial del Ayuntamiento de Caudete (Albacete)\" \/>\n<meta name=\"robots\" content=\"index, follow, max-snippet:-1, max-image-preview:large, max-video-preview:-1\" \/>\n<link rel=\"canonical\" href=\"https:\/\/www.caudete.org\/ayuntamiento\/muy-buenos-resultados-de-adrian-cantos-este-verano\/\" \/>\n<meta property=\"og:locale\" content=\"es_ES\" \/>\n<meta property=\"og:type\" content=\"article\" \/>\n<meta property=\"og:title\" content=\"Muy buenos resultados de Adri\u00e1n Cantos este verano - MI Ayuntamiento de Caudete\" \/>\n<meta property=\"og:description\" content=\"P\u00e1gina Oficial del Ayuntamiento de Caudete (Albacete)\" \/>\n<meta property=\"og:url\" content=\"https:\/\/www.caudete.org\/ayuntamiento\/muy-buenos-resultados-de-adrian-cantos-este-verano\/\" \/>\n<meta property=\"og:site_name\" content=\"MI Ayuntamiento de Caudete\" \/>\n<meta property=\"article:publisher\" content=\"https:\/\/www.facebook.com\/ayuntamientocaudete\/\" \/>\n<meta property=\"article:published_time\" content=\"2021-08-18T12:08:41+00:00\" \/>\n<meta property=\"og:image\" content=\"https:\/\/www.caudete.org\/ayuntamiento\/wp-content\/uploads\/2021\/08\/Adrian-Cantos-WEB.jpg\" \/>\n\t<meta property=\"og:image:width\" content=\"864\" \/>\n\t<meta property=\"og:image:height\" content=\"380\" \/>\n\t<meta property=\"og:image:type\" content=\"image\/jpeg\" \/>\n<meta name=\"author\" content=\"Juan\" \/>\n<meta name=\"twitter:card\" content=\"summary_large_image\" \/>\n<meta name=\"twitter:label1\" content=\"Escrito por\" \/>\n\t<meta name=\"twitter:data1\" content=\"Juan\" \/>\n\t<meta name=\"twitter:label2\" content=\"Tiempo de lectura\" \/>\n\t<meta name=\"twitter:data2\" content=\"3 minutos\" \/>\n<script type=\"application\/ld+json\" class=\"yoast-schema-graph\">{\"@context\":\"https:\\\/\\\/schema.org\",\"@graph\":[{\"@type\":\"Article\",\"@id\":\"https:\\\/\\\/www.caudete.org\\\/ayuntamiento\\\/muy-buenos-resultados-de-adrian-cantos-este-verano\\\/#article\",\"isPartOf\":{\"@id\":\"https:\\\/\\\/www.caudete.org\\\/ayuntamiento\\\/muy-buenos-resultados-de-adrian-cantos-este-verano\\\/\"},\"author\":{\"name\":\"Juan\",\"@id\":\"https:\\\/\\\/www.caudete.org\\\/ayuntamiento\\\/#\\\/schema\\\/person\\\/7656a5bb58fca95b9814e940de0fda63\"},\"headline\":\"Muy buenos resultados de Adri\u00e1n Cantos este verano\",\"datePublished\":\"2021-08-18T12:08:41+00:00\",\"mainEntityOfPage\":{\"@id\":\"https:\\\/\\\/www.caudete.org\\\/ayuntamiento\\\/muy-buenos-resultados-de-adrian-cantos-este-verano\\\/\"},\"wordCount\":407,\"image\":{\"@id\":\"https:\\\/\\\/www.caudete.org\\\/ayuntamiento\\\/muy-buenos-resultados-de-adrian-cantos-este-verano\\\/#primaryimage\"},\"thumbnailUrl\":\"https:\\\/\\\/www.caudete.org\\\/ayuntamiento\\\/wp-content\\\/uploads\\\/2021\\\/08\\\/Adrian-Cantos-WEB.jpg\",\"keywords\":[\"Escuela de Tenis\",\"Escuelas Deportivas Municipales\"],\"articleSection\":[\"Deportes\"],\"inLanguage\":\"es\"},{\"@type\":\"WebPage\",\"@id\":\"https:\\\/\\\/www.caudete.org\\\/ayuntamiento\\\/muy-buenos-resultados-de-adrian-cantos-este-verano\\\/\",\"url\":\"https:\\\/\\\/www.caudete.org\\\/ayuntamiento\\\/muy-buenos-resultados-de-adrian-cantos-este-verano\\\/\",\"name\":\"Muy buenos resultados de Adri\u00e1n Cantos este verano - MI Ayuntamiento de Caudete\",\"isPartOf\":{\"@id\":\"https:\\\/\\\/www.caudete.org\\\/ayuntamiento\\\/#website\"},\"primaryImageOfPage\":{\"@id\":\"https:\\\/\\\/www.caudete.org\\\/ayuntamiento\\\/muy-buenos-resultados-de-adrian-cantos-este-verano\\\/#primaryimage\"},\"image\":{\"@id\":\"https:\\\/\\\/www.caudete.org\\\/ayuntamiento\\\/muy-buenos-resultados-de-adrian-cantos-este-verano\\\/#primaryimage\"},\"thumbnailUrl\":\"https:\\\/\\\/www.caudete.org\\\/ayuntamiento\\\/wp-content\\\/uploads\\\/2021\\\/08\\\/Adrian-Cantos-WEB.jpg\",\"datePublished\":\"2021-08-18T12:08:41+00:00\",\"author\":{\"@id\":\"https:\\\/\\\/www.caudete.org\\\/ayuntamiento\\\/#\\\/schema\\\/person\\\/7656a5bb58fca95b9814e940de0fda63\"},\"description\":\"P\u00e1gina Oficial del Ayuntamiento de Caudete (Albacete)\",\"breadcrumb\":{\"@id\":\"https:\\\/\\\/www.caudete.org\\\/ayuntamiento\\\/muy-buenos-resultados-de-adrian-cantos-este-verano\\\/#breadcrumb\"},\"inLanguage\":\"es\",\"potentialAction\":[{\"@type\":\"ReadAction\",\"target\":[\"https:\\\/\\\/www.caudete.org\\\/ayuntamiento\\\/muy-buenos-resultados-de-adrian-cantos-este-verano\\\/\"]}]},{\"@type\":\"ImageObject\",\"inLanguage\":\"es\",\"@id\":\"https:\\\/\\\/www.caudete.org\\\/ayuntamiento\\\/muy-buenos-resultados-de-adrian-cantos-este-verano\\\/#primaryimage\",\"url\":\"https:\\\/\\\/www.caudete.org\\\/ayuntamiento\\\/wp-content\\\/uploads\\\/2021\\\/08\\\/Adrian-Cantos-WEB.jpg\",\"contentUrl\":\"https:\\\/\\\/www.caudete.org\\\/ayuntamiento\\\/wp-content\\\/uploads\\\/2021\\\/08\\\/Adrian-Cantos-WEB.jpg\",\"width\":864,\"height\":380},{\"@type\":\"BreadcrumbList\",\"@id\":\"https:\\\/\\\/www.caudete.org\\\/ayuntamiento\\\/muy-buenos-resultados-de-adrian-cantos-este-verano\\\/#breadcrumb\",\"itemListElement\":[{\"@type\":\"ListItem\",\"position\":1,\"name\":\"Inicio\",\"item\":\"https:\\\/\\\/www.caudete.org\\\/ayuntamiento\\\/\"},{\"@type\":\"ListItem\",\"position\":2,\"name\":\"Muy buenos resultados de Adri\u00e1n Cantos este verano\"}]},{\"@type\":\"WebSite\",\"@id\":\"https:\\\/\\\/www.caudete.org\\\/ayuntamiento\\\/#website\",\"url\":\"https:\\\/\\\/www.caudete.org\\\/ayuntamiento\\\/\",\"name\":\"MI Ayuntamiento de Caudete\",\"description\":\"P\u00e1gina Oficial del MI Ayuntamiento de Caudete\",\"potentialAction\":[{\"@type\":\"SearchAction\",\"target\":{\"@type\":\"EntryPoint\",\"urlTemplate\":\"https:\\\/\\\/www.caudete.org\\\/ayuntamiento\\\/?s={search_term_string}\"},\"query-input\":{\"@type\":\"PropertyValueSpecification\",\"valueRequired\":true,\"valueName\":\"search_term_string\"}}],\"inLanguage\":\"es\"},{\"@type\":\"Person\",\"@id\":\"https:\\\/\\\/www.caudete.org\\\/ayuntamiento\\\/#\\\/schema\\\/person\\\/7656a5bb58fca95b9814e940de0fda63\",\"name\":\"Juan\",\"image\":{\"@type\":\"ImageObject\",\"inLanguage\":\"es\",\"@id\":\"https:\\\/\\\/secure.gravatar.com\\\/avatar\\\/dd53e51c0cd6ab23f52d4f3e4f1c59730240727763de3dbbf26750b079a2c292?s=96&d=mm&r=g\",\"url\":\"https:\\\/\\\/secure.gravatar.com\\\/avatar\\\/dd53e51c0cd6ab23f52d4f3e4f1c59730240727763de3dbbf26750b079a2c292?s=96&d=mm&r=g\",\"contentUrl\":\"https:\\\/\\\/secure.gravatar.com\\\/avatar\\\/dd53e51c0cd6ab23f52d4f3e4f1c59730240727763de3dbbf26750b079a2c292?s=96&d=mm&r=g\",\"caption\":\"Juan\"},\"url\":\"https:\\\/\\\/www.caudete.org\\\/ayuntamiento\\\/author\\\/centrodeinternet\\\/\"}]}<\/script>\n<!-- \/ Yoast SEO plugin. -->","yoast_head_json":{"title":"Muy buenos resultados de Adri\u00e1n Cantos este verano - MI Ayuntamiento de Caudete","description":"P\u00e1gina Oficial del Ayuntamiento de Caudete (Albacete)","robots":{"index":"index","follow":"follow","max-snippet":"max-snippet:-1","max-image-preview":"max-image-preview:large","max-video-preview":"max-video-preview:-1"},"canonical":"https:\/\/www.caudete.org\/ayuntamiento\/muy-buenos-resultados-de-adrian-cantos-este-verano\/","og_locale":"es_ES","og_type":"article","og_title":"Muy buenos resultados de Adri\u00e1n Cantos este verano - MI Ayuntamiento de Caudete","og_description":"P\u00e1gina Oficial del Ayuntamiento de Caudete (Albacete)","og_url":"https:\/\/www.caudete.org\/ayuntamiento\/muy-buenos-resultados-de-adrian-cantos-este-verano\/","og_site_name":"MI Ayuntamiento de Caudete","article_publisher":"https:\/\/www.facebook.com\/ayuntamientocaudete\/","article_published_time":"2021-08-18T12:08:41+00:00","og_image":[{"width":864,"height":380,"url":"https:\/\/www.caudete.org\/ayuntamiento\/wp-content\/uploads\/2021\/08\/Adrian-Cantos-WEB.jpg","type":"image\/jpeg"}],"author":"Juan","twitter_card":"summary_large_image","twitter_misc":{"Escrito por":"Juan","Tiempo de lectura":"3 minutos"},"schema":{"@context":"https:\/\/schema.org","@graph":[{"@type":"Article","@id":"https:\/\/www.caudete.org\/ayuntamiento\/muy-buenos-resultados-de-adrian-cantos-este-verano\/#article","isPartOf":{"@id":"https:\/\/www.caudete.org\/ayuntamiento\/muy-buenos-resultados-de-adrian-cantos-este-verano\/"},"author":{"name":"Juan","@id":"https:\/\/www.caudete.org\/ayuntamiento\/#\/schema\/person\/7656a5bb58fca95b9814e940de0fda63"},"headline":"Muy buenos resultados de Adri\u00e1n Cantos este verano","datePublished":"2021-08-18T12:08:41+00:00","mainEntityOfPage":{"@id":"https:\/\/www.caudete.org\/ayuntamiento\/muy-buenos-resultados-de-adrian-cantos-este-verano\/"},"wordCount":407,"image":{"@id":"https:\/\/www.caudete.org\/ayuntamiento\/muy-buenos-resultados-de-adrian-cantos-este-verano\/#primaryimage"},"thumbnailUrl":"https:\/\/www.caudete.org\/ayuntamiento\/wp-content\/uploads\/2021\/08\/Adrian-Cantos-WEB.jpg","keywords":["Escuela de Tenis","Escuelas Deportivas Municipales"],"articleSection":["Deportes"],"inLanguage":"es"},{"@type":"WebPage","@id":"https:\/\/www.caudete.org\/ayuntamiento\/muy-buenos-resultados-de-adrian-cantos-este-verano\/","url":"https:\/\/www.caudete.org\/ayuntamiento\/muy-buenos-resultados-de-adrian-cantos-este-verano\/","name":"Muy buenos resultados de Adri\u00e1n Cantos este verano - MI Ayuntamiento de Caudete","isPartOf":{"@id":"https:\/\/www.caudete.org\/ayuntamiento\/#website"},"primaryImageOfPage":{"@id":"https:\/\/www.caudete.org\/ayuntamiento\/muy-buenos-resultados-de-adrian-cantos-este-verano\/#primaryimage"},"image":{"@id":"https:\/\/www.caudete.org\/ayuntamiento\/muy-buenos-resultados-de-adrian-cantos-este-verano\/#primaryimage"},"thumbnailUrl":"https:\/\/www.caudete.org\/ayuntamiento\/wp-content\/uploads\/2021\/08\/Adrian-Cantos-WEB.jpg","datePublished":"2021-08-18T12:08:41+00:00","author":{"@id":"https:\/\/www.caudete.org\/ayuntamiento\/#\/schema\/person\/7656a5bb58fca95b9814e940de0fda63"},"description":"P\u00e1gina Oficial del Ayuntamiento de Caudete (Albacete)","breadcrumb":{"@id":"https:\/\/www.caudete.org\/ayuntamiento\/muy-buenos-resultados-de-adrian-cantos-este-verano\/#breadcrumb"},"inLanguage":"es","potentialAction":[{"@type":"ReadAction","target":["https:\/\/www.caudete.org\/ayuntamiento\/muy-buenos-resultados-de-adrian-cantos-este-verano\/"]}]},{"@type":"ImageObject","inLanguage":"es","@id":"https:\/\/www.caudete.org\/ayuntamiento\/muy-buenos-resultados-de-adrian-cantos-este-verano\/#primaryimage","url":"https:\/\/www.caudete.org\/ayuntamiento\/wp-content\/uploads\/2021\/08\/Adrian-Cantos-WEB.jpg","contentUrl":"https:\/\/www.caudete.org\/ayuntamiento\/wp-content\/uploads\/2021\/08\/Adrian-Cantos-WEB.jpg","width":864,"height":380},{"@type":"BreadcrumbList","@id":"https:\/\/www.caudete.org\/ayuntamiento\/muy-buenos-resultados-de-adrian-cantos-este-verano\/#breadcrumb","itemListElement":[{"@type":"ListItem","position":1,"name":"Inicio","item":"https:\/\/www.caudete.org\/ayuntamiento\/"},{"@type":"ListItem","position":2,"name":"Muy buenos resultados de Adri\u00e1n Cantos este verano"}]},{"@type":"WebSite","@id":"https:\/\/www.caudete.org\/ayuntamiento\/#website","url":"https:\/\/www.caudete.org\/ayuntamiento\/","name":"MI Ayuntamiento de Caudete","description":"P\u00e1gina Oficial del MI Ayuntamiento de Caudete","potentialAction":[{"@type":"SearchAction","target":{"@type":"EntryPoint","urlTemplate":"https:\/\/www.caudete.org\/ayuntamiento\/?s={search_term_string}"},"query-input":{"@type":"PropertyValueSpecification","valueRequired":true,"valueName":"search_term_string"}}],"inLanguage":"es"},{"@type":"Person","@id":"https:\/\/www.caudete.org\/ayuntamiento\/#\/schema\/person\/7656a5bb58fca95b9814e940de0fda63","name":"Juan","image":{"@type":"ImageObject","inLanguage":"es","@id":"https:\/\/secure.gravatar.com\/avatar\/dd53e51c0cd6ab23f52d4f3e4f1c59730240727763de3dbbf26750b079a2c292?s=96&d=mm&r=g","url":"https:\/\/secure.gravatar.com\/avatar\/dd53e51c0cd6ab23f52d4f3e4f1c59730240727763de3dbbf26750b079a2c292?s=96&d=mm&r=g","contentUrl":"https:\/\/secure.gravatar.com\/avatar\/dd53e51c0cd6ab23f52d4f3e4f1c59730240727763de3dbbf26750b079a2c292?s=96&d=mm&r=g","caption":"Juan"},"url":"https:\/\/www.caudete.org\/ayuntamiento\/author\/centrodeinternet\/"}]}},"_links":{"self":[{"href":"https:\/\/www.caudete.org\/ayuntamiento\/wp-json\/wp\/v2\/posts\/15751","targetHints":{"allow":["GET"]}}],"collection":[{"href":"https:\/\/www.caudete.org\/ayuntamiento\/wp-json\/wp\/v2\/posts"}],"about":[{"href":"https:\/\/www.caudete.org\/ayuntamiento\/wp-json\/wp\/v2\/types\/post"}],"author":[{"embeddable":true,"href":"https:\/\/www.caudete.org\/ayuntamiento\/wp-json\/wp\/v2\/users\/2"}],"replies":[{"embeddable":true,"href":"https:\/\/www.caudete.org\/ayuntamiento\/wp-json\/wp\/v2\/comments?post=15751"}],"version-history":[{"count":2,"href":"https:\/\/www.caudete.org\/ayuntamiento\/wp-json\/wp\/v2\/posts\/15751\/revisions"}],"predecessor-version":[{"id":15756,"href":"https:\/\/www.caudete.org\/ayuntamiento\/wp-json\/wp\/v2\/posts\/15751\/revisions\/15756"}],"wp:featuredmedia":[{"embeddable":true,"href":"https:\/\/www.caudete.org\/ayuntamiento\/wp-json\/wp\/v2\/media\/15755"}],"wp:attachment":[{"href":"https:\/\/www.caudete.org\/ayuntamiento\/wp-json\/wp\/v2\/media?parent=15751"}],"wp:term":[{"taxonomy":"category","embeddable":true,"href":"https:\/\/www.caudete.org\/ayuntamiento\/wp-json\/wp\/v2\/categories?post=15751"},{"taxonomy":"post_tag","embeddable":true,"href":"https:\/\/www.caudete.org\/ayuntamiento\/wp-json\/wp\/v2\/tags?post=15751"}],"curies":[{"name":"wp","href":"https:\/\/api.w.org\/{rel}","templated":true}]}}