{"id":15757,"date":"2021-08-18T14:20:47","date_gmt":"2021-08-18T12:20:47","guid":{"rendered":"https:\/\/www.caudete.org\/ayuntamiento\/?p=15757"},"modified":"2021-08-18T14:20:47","modified_gmt":"2021-08-18T12:20:47","slug":"un-verano-cargado-de-tenis-para-nuestras-escuelas-deportivas-municipales","status":"publish","type":"post","link":"https:\/\/www.caudete.org\/ayuntamiento\/un-verano-cargado-de-tenis-para-nuestras-escuelas-deportivas-municipales\/","title":{"rendered":"Un verano cargado de TENIS para nuestras ESCUELAS DEPORTIVAS MUNICIPALES"},"content":{"rendered":"<p>Las Escuelas Deportivas Municipales de Tenis en Caudete, no han parado su actividad este verano. La Concejal\u00eda de Deportes,\u00a0 de la mano\u00a0 de Javi S\u00e1nchez\u00a0 ha conseguido un a\u00f1o m\u00e1s, atraer a los j\u00f3venes y no tan j\u00f3venes tenistas del municipio,\u00a0 para seguir con su formaci\u00f3n deportiva y disfrutar de un verano repleto de deporte.<\/p>\n<p>As\u00ed pues, el fin de semana del 2 al 4 de julio, se celebr\u00f3 una concentraci\u00f3n de alumnos en las pistas de tenis Municipales de Montealegre, esta concentraci\u00f3n reuni\u00f3 a 39 jugadores de las Escuelas de Tenis Municipales de Fuente \u00c1lamo, Montealegre Y Caudete. As\u00ed c\u00f3mo, Yecla, Almansa, Corral Rubio y Ontur.\u00a0 Los jugadores jugaron 6 partidos en funci\u00f3n de su nivel y categor\u00eda, durante todo el fin de semana. Tres alumnos de la Escuela Municipal de Caudete tuvieron un destacado papel en este evento:<\/p>\n<p>Adri\u00e1n Cantos consigui\u00f3 la 4\u00aa posici\u00f3n en el Grupo A con 3 partidos ganados y 3 perdidos<\/p>\n<p>Marco L\u00f3pez consiguio la 2\u00aa posici\u00f3n en el Grupo C con 5 partidos ganados y 1 perdido<\/p>\n<p>Pedro L\u00f3pez consigui\u00f3 la 5\u00aa plaza en el Grupo C con 2 partidos ganados y 4 perdidos.<\/p>\n<p>El d\u00eda 10 de julio, se disput\u00f3 el torneo de adultos de la Escuela Municipal de Tenis. El torneo dur\u00f3 de las\u00a0 8:00 de la ma\u00f1ana hasta las 21 horas. Todos los jugadores jugaron un total de 5 partidos cada uno, y a pesar del calor, todos se esforzaron al m\u00e1ximo en cada punto. Pero sobretodo, cabe destacar el buen rollo y la deportividad que reinaron entre los participantes durante todo el torneo. \u00a0Los 6 primeros clasificados de este torneo, fueron los siguientes:<\/p>\n<p>6\u00b0 &#8211; Miguel Vicente<\/p>\n<p>5\u00b0 &#8211; Jorge Romero<\/p>\n<p>4\u00b0 &#8211; Ra\u00fal Castillo<\/p>\n<p>3\u00b0 &#8211; Juan Luis Vicente<\/p>\n<p>2\u00b0 &#8211; Iv\u00e1n Pedron<\/p>\n<p>1\u00b0 &#8211; Israel Agull\u00f3<\/p>\n<p>Por \u00faltimo, el fin de semana del\u00a0 23 al 25 de julio, se celebro en el Club de Tenis de Almansa, el I torneo \u201cSummer Tennis Tournament&#8221; Nuestro alumno Yeray Carreres, particip\u00f3 en este torneo, en la categor\u00eda de sub-13.Yeray que acaba de cumplir los 10 a\u00f1os,\u00a0 tuvo un papel destacado acabando entre los 6 mejores del torneo.<\/p>\n<p>Desde las Escuelas Deportivas Municipales de Tenis, queremos felicitar a todos estos jugadores, por su implicaci\u00f3n y actitud. Es un orgullo contar con ellos, as\u00ed como con todos los dem\u00e1s alumnos que la componen.<\/p>\n<p><a href=\"https:\/\/www.caudete.org\/ayuntamiento\/wp-content\/uploads\/2021\/08\/foto-3.jpg\" rel='prettyPhoto'><img fetchpriority=\"high\" decoding=\"async\" class=\"aligncenter wp-image-15760 size-medium\" src=\"https:\/\/www.caudete.org\/ayuntamiento\/wp-content\/uploads\/2021\/08\/foto-3-225x300.jpg\" alt=\"\" width=\"225\" height=\"300\" srcset=\"https:\/\/www.caudete.org\/ayuntamiento\/wp-content\/uploads\/2021\/08\/foto-3-225x300.jpg 225w, https:\/\/www.caudete.org\/ayuntamiento\/wp-content\/uploads\/2021\/08\/foto-3-768x1024.jpg 768w, https:\/\/www.caudete.org\/ayuntamiento\/wp-content\/uploads\/2021\/08\/foto-3.jpg 774w\" sizes=\"(max-width: 225px) 100vw, 225px\" \/><\/a><\/p>\n<p><a href=\"https:\/\/www.caudete.org\/ayuntamiento\/wp-content\/uploads\/2021\/08\/foto-4.jpg\" rel='prettyPhoto'><img decoding=\"async\" class=\"aligncenter wp-image-15761 size-medium\" src=\"https:\/\/www.caudete.org\/ayuntamiento\/wp-content\/uploads\/2021\/08\/foto-4-300x225.jpg\" alt=\"\" width=\"300\" height=\"225\" srcset=\"https:\/\/www.caudete.org\/ayuntamiento\/wp-content\/uploads\/2021\/08\/foto-4-300x225.jpg 300w, https:\/\/www.caudete.org\/ayuntamiento\/wp-content\/uploads\/2021\/08\/foto-4-1024x768.jpg 1024w, https:\/\/www.caudete.org\/ayuntamiento\/wp-content\/uploads\/2021\/08\/foto-4-768x576.jpg 768w, https:\/\/www.caudete.org\/ayuntamiento\/wp-content\/uploads\/2021\/08\/foto-4.jpg 1299w\" sizes=\"(max-width: 300px) 100vw, 300px\" \/><\/a><\/p>\n<p><a href=\"https:\/\/www.caudete.org\/ayuntamiento\/wp-content\/uploads\/2021\/08\/foto-5.jpg\" rel='prettyPhoto'><img decoding=\"async\" class=\"aligncenter wp-image-15762 size-medium\" src=\"https:\/\/www.caudete.org\/ayuntamiento\/wp-content\/uploads\/2021\/08\/foto-5-225x300.jpg\" alt=\"\" width=\"225\" height=\"300\" srcset=\"https:\/\/www.caudete.org\/ayuntamiento\/wp-content\/uploads\/2021\/08\/foto-5-225x300.jpg 225w, https:\/\/www.caudete.org\/ayuntamiento\/wp-content\/uploads\/2021\/08\/foto-5.jpg 639w\" sizes=\"(max-width: 225px) 100vw, 225px\" \/><\/a><\/p>\n<p>&nbsp;<\/p>\n","protected":false},"excerpt":{"rendered":"<p>Las Escuelas Deportivas Municipales de Tenis en Caudete, no han parado su actividad este verano. La Concejal\u00eda de Deportes,\u00a0 de la mano\u00a0 de Javi S\u00e1nchez\u00a0 ha conseguido un a\u00f1o m\u00e1s, atraer a los j\u00f3venes y no tan j\u00f3venes tenistas del municipio,\u00a0 para seguir con su formaci\u00f3n deportiva y disfrutar de un verano repleto de deporte. &hellip;<\/p>\n","protected":false},"author":2,"featured_media":15759,"comment_status":"closed","ping_status":"open","sticky":false,"template":"","format":"standard","meta":{"ngg_post_thumbnail":0,"footnotes":""},"categories":[23],"tags":[],"class_list":["post-15757","post","type-post","status-publish","format-standard","has-post-thumbnail","hentry","category-deportes"],"yoast_head":"<!-- This site is optimized with the Yoast SEO plugin v27.5 - https:\/\/yoast.com\/product\/yoast-seo-wordpress\/ -->\n<title>Un verano cargado de TENIS para nuestras ESCUELAS DEPORTIVAS MUNICIPALES - MI Ayuntamiento de Caudete<\/title>\n<meta name=\"description\" content=\"P\u00e1gina Oficial del Ayuntamiento de Caudete (Albacete)\" \/>\n<meta name=\"robots\" content=\"index, follow, max-snippet:-1, max-image-preview:large, max-video-preview:-1\" \/>\n<link rel=\"canonical\" href=\"https:\/\/www.caudete.org\/ayuntamiento\/un-verano-cargado-de-tenis-para-nuestras-escuelas-deportivas-municipales\/\" \/>\n<meta property=\"og:locale\" content=\"es_ES\" \/>\n<meta property=\"og:type\" content=\"article\" \/>\n<meta property=\"og:title\" content=\"Un verano cargado de TENIS para nuestras ESCUELAS DEPORTIVAS MUNICIPALES - MI Ayuntamiento de Caudete\" \/>\n<meta property=\"og:description\" content=\"P\u00e1gina Oficial del Ayuntamiento de Caudete (Albacete)\" \/>\n<meta property=\"og:url\" content=\"https:\/\/www.caudete.org\/ayuntamiento\/un-verano-cargado-de-tenis-para-nuestras-escuelas-deportivas-municipales\/\" \/>\n<meta property=\"og:site_name\" content=\"MI Ayuntamiento de Caudete\" \/>\n<meta property=\"article:publisher\" content=\"https:\/\/www.facebook.com\/ayuntamientocaudete\/\" \/>\n<meta property=\"article:published_time\" content=\"2021-08-18T12:20:47+00:00\" \/>\n<meta property=\"og:image\" content=\"https:\/\/www.caudete.org\/ayuntamiento\/wp-content\/uploads\/2021\/08\/Escuelas-Deportivas-Municipales-WEB.jpg\" \/>\n\t<meta property=\"og:image:width\" content=\"864\" \/>\n\t<meta property=\"og:image:height\" content=\"380\" \/>\n\t<meta property=\"og:image:type\" content=\"image\/jpeg\" \/>\n<meta name=\"author\" content=\"Juan\" \/>\n<meta name=\"twitter:card\" content=\"summary_large_image\" \/>\n<meta name=\"twitter:label1\" content=\"Escrito por\" \/>\n\t<meta name=\"twitter:data1\" content=\"Juan\" \/>\n\t<meta name=\"twitter:label2\" content=\"Tiempo de lectura\" \/>\n\t<meta name=\"twitter:data2\" content=\"3 minutos\" \/>\n<script type=\"application\/ld+json\" class=\"yoast-schema-graph\">{\"@context\":\"https:\\\/\\\/schema.org\",\"@graph\":[{\"@type\":\"Article\",\"@id\":\"https:\\\/\\\/www.caudete.org\\\/ayuntamiento\\\/un-verano-cargado-de-tenis-para-nuestras-escuelas-deportivas-municipales\\\/#article\",\"isPartOf\":{\"@id\":\"https:\\\/\\\/www.caudete.org\\\/ayuntamiento\\\/un-verano-cargado-de-tenis-para-nuestras-escuelas-deportivas-municipales\\\/\"},\"author\":{\"name\":\"Juan\",\"@id\":\"https:\\\/\\\/www.caudete.org\\\/ayuntamiento\\\/#\\\/schema\\\/person\\\/7656a5bb58fca95b9814e940de0fda63\"},\"headline\":\"Un verano cargado de TENIS para nuestras ESCUELAS DEPORTIVAS MUNICIPALES\",\"datePublished\":\"2021-08-18T12:20:47+00:00\",\"mainEntityOfPage\":{\"@id\":\"https:\\\/\\\/www.caudete.org\\\/ayuntamiento\\\/un-verano-cargado-de-tenis-para-nuestras-escuelas-deportivas-municipales\\\/\"},\"wordCount\":401,\"image\":{\"@id\":\"https:\\\/\\\/www.caudete.org\\\/ayuntamiento\\\/un-verano-cargado-de-tenis-para-nuestras-escuelas-deportivas-municipales\\\/#primaryimage\"},\"thumbnailUrl\":\"https:\\\/\\\/www.caudete.org\\\/ayuntamiento\\\/wp-content\\\/uploads\\\/2021\\\/08\\\/Escuelas-Deportivas-Municipales-WEB.jpg\",\"articleSection\":[\"Deportes\"],\"inLanguage\":\"es\"},{\"@type\":\"WebPage\",\"@id\":\"https:\\\/\\\/www.caudete.org\\\/ayuntamiento\\\/un-verano-cargado-de-tenis-para-nuestras-escuelas-deportivas-municipales\\\/\",\"url\":\"https:\\\/\\\/www.caudete.org\\\/ayuntamiento\\\/un-verano-cargado-de-tenis-para-nuestras-escuelas-deportivas-municipales\\\/\",\"name\":\"Un verano cargado de TENIS para nuestras ESCUELAS DEPORTIVAS MUNICIPALES - MI Ayuntamiento de Caudete\",\"isPartOf\":{\"@id\":\"https:\\\/\\\/www.caudete.org\\\/ayuntamiento\\\/#website\"},\"primaryImageOfPage\":{\"@id\":\"https:\\\/\\\/www.caudete.org\\\/ayuntamiento\\\/un-verano-cargado-de-tenis-para-nuestras-escuelas-deportivas-municipales\\\/#primaryimage\"},\"image\":{\"@id\":\"https:\\\/\\\/www.caudete.org\\\/ayuntamiento\\\/un-verano-cargado-de-tenis-para-nuestras-escuelas-deportivas-municipales\\\/#primaryimage\"},\"thumbnailUrl\":\"https:\\\/\\\/www.caudete.org\\\/ayuntamiento\\\/wp-content\\\/uploads\\\/2021\\\/08\\\/Escuelas-Deportivas-Municipales-WEB.jpg\",\"datePublished\":\"2021-08-18T12:20:47+00:00\",\"author\":{\"@id\":\"https:\\\/\\\/www.caudete.org\\\/ayuntamiento\\\/#\\\/schema\\\/person\\\/7656a5bb58fca95b9814e940de0fda63\"},\"description\":\"P\u00e1gina Oficial del Ayuntamiento de Caudete (Albacete)\",\"breadcrumb\":{\"@id\":\"https:\\\/\\\/www.caudete.org\\\/ayuntamiento\\\/un-verano-cargado-de-tenis-para-nuestras-escuelas-deportivas-municipales\\\/#breadcrumb\"},\"inLanguage\":\"es\",\"potentialAction\":[{\"@type\":\"ReadAction\",\"target\":[\"https:\\\/\\\/www.caudete.org\\\/ayuntamiento\\\/un-verano-cargado-de-tenis-para-nuestras-escuelas-deportivas-municipales\\\/\"]}]},{\"@type\":\"ImageObject\",\"inLanguage\":\"es\",\"@id\":\"https:\\\/\\\/www.caudete.org\\\/ayuntamiento\\\/un-verano-cargado-de-tenis-para-nuestras-escuelas-deportivas-municipales\\\/#primaryimage\",\"url\":\"https:\\\/\\\/www.caudete.org\\\/ayuntamiento\\\/wp-content\\\/uploads\\\/2021\\\/08\\\/Escuelas-Deportivas-Municipales-WEB.jpg\",\"contentUrl\":\"https:\\\/\\\/www.caudete.org\\\/ayuntamiento\\\/wp-content\\\/uploads\\\/2021\\\/08\\\/Escuelas-Deportivas-Municipales-WEB.jpg\",\"width\":864,\"height\":380},{\"@type\":\"BreadcrumbList\",\"@id\":\"https:\\\/\\\/www.caudete.org\\\/ayuntamiento\\\/un-verano-cargado-de-tenis-para-nuestras-escuelas-deportivas-municipales\\\/#breadcrumb\",\"itemListElement\":[{\"@type\":\"ListItem\",\"position\":1,\"name\":\"Inicio\",\"item\":\"https:\\\/\\\/www.caudete.org\\\/ayuntamiento\\\/\"},{\"@type\":\"ListItem\",\"position\":2,\"name\":\"Un verano cargado de TENIS para nuestras ESCUELAS DEPORTIVAS MUNICIPALES\"}]},{\"@type\":\"WebSite\",\"@id\":\"https:\\\/\\\/www.caudete.org\\\/ayuntamiento\\\/#website\",\"url\":\"https:\\\/\\\/www.caudete.org\\\/ayuntamiento\\\/\",\"name\":\"MI Ayuntamiento de Caudete\",\"description\":\"P\u00e1gina Oficial del MI Ayuntamiento de Caudete\",\"potentialAction\":[{\"@type\":\"SearchAction\",\"target\":{\"@type\":\"EntryPoint\",\"urlTemplate\":\"https:\\\/\\\/www.caudete.org\\\/ayuntamiento\\\/?s={search_term_string}\"},\"query-input\":{\"@type\":\"PropertyValueSpecification\",\"valueRequired\":true,\"valueName\":\"search_term_string\"}}],\"inLanguage\":\"es\"},{\"@type\":\"Person\",\"@id\":\"https:\\\/\\\/www.caudete.org\\\/ayuntamiento\\\/#\\\/schema\\\/person\\\/7656a5bb58fca95b9814e940de0fda63\",\"name\":\"Juan\",\"image\":{\"@type\":\"ImageObject\",\"inLanguage\":\"es\",\"@id\":\"https:\\\/\\\/secure.gravatar.com\\\/avatar\\\/dd53e51c0cd6ab23f52d4f3e4f1c59730240727763de3dbbf26750b079a2c292?s=96&d=mm&r=g\",\"url\":\"https:\\\/\\\/secure.gravatar.com\\\/avatar\\\/dd53e51c0cd6ab23f52d4f3e4f1c59730240727763de3dbbf26750b079a2c292?s=96&d=mm&r=g\",\"contentUrl\":\"https:\\\/\\\/secure.gravatar.com\\\/avatar\\\/dd53e51c0cd6ab23f52d4f3e4f1c59730240727763de3dbbf26750b079a2c292?s=96&d=mm&r=g\",\"caption\":\"Juan\"},\"url\":\"https:\\\/\\\/www.caudete.org\\\/ayuntamiento\\\/author\\\/centrodeinternet\\\/\"}]}<\/script>\n<!-- \/ Yoast SEO plugin. -->","yoast_head_json":{"title":"Un verano cargado de TENIS para nuestras ESCUELAS DEPORTIVAS MUNICIPALES - MI Ayuntamiento de Caudete","description":"P\u00e1gina Oficial del Ayuntamiento de Caudete (Albacete)","robots":{"index":"index","follow":"follow","max-snippet":"max-snippet:-1","max-image-preview":"max-image-preview:large","max-video-preview":"max-video-preview:-1"},"canonical":"https:\/\/www.caudete.org\/ayuntamiento\/un-verano-cargado-de-tenis-para-nuestras-escuelas-deportivas-municipales\/","og_locale":"es_ES","og_type":"article","og_title":"Un verano cargado de TENIS para nuestras ESCUELAS DEPORTIVAS MUNICIPALES - MI Ayuntamiento de Caudete","og_description":"P\u00e1gina Oficial del Ayuntamiento de Caudete (Albacete)","og_url":"https:\/\/www.caudete.org\/ayuntamiento\/un-verano-cargado-de-tenis-para-nuestras-escuelas-deportivas-municipales\/","og_site_name":"MI Ayuntamiento de Caudete","article_publisher":"https:\/\/www.facebook.com\/ayuntamientocaudete\/","article_published_time":"2021-08-18T12:20:47+00:00","og_image":[{"width":864,"height":380,"url":"https:\/\/www.caudete.org\/ayuntamiento\/wp-content\/uploads\/2021\/08\/Escuelas-Deportivas-Municipales-WEB.jpg","type":"image\/jpeg"}],"author":"Juan","twitter_card":"summary_large_image","twitter_misc":{"Escrito por":"Juan","Tiempo de lectura":"3 minutos"},"schema":{"@context":"https:\/\/schema.org","@graph":[{"@type":"Article","@id":"https:\/\/www.caudete.org\/ayuntamiento\/un-verano-cargado-de-tenis-para-nuestras-escuelas-deportivas-municipales\/#article","isPartOf":{"@id":"https:\/\/www.caudete.org\/ayuntamiento\/un-verano-cargado-de-tenis-para-nuestras-escuelas-deportivas-municipales\/"},"author":{"name":"Juan","@id":"https:\/\/www.caudete.org\/ayuntamiento\/#\/schema\/person\/7656a5bb58fca95b9814e940de0fda63"},"headline":"Un verano cargado de TENIS para nuestras ESCUELAS DEPORTIVAS MUNICIPALES","datePublished":"2021-08-18T12:20:47+00:00","mainEntityOfPage":{"@id":"https:\/\/www.caudete.org\/ayuntamiento\/un-verano-cargado-de-tenis-para-nuestras-escuelas-deportivas-municipales\/"},"wordCount":401,"image":{"@id":"https:\/\/www.caudete.org\/ayuntamiento\/un-verano-cargado-de-tenis-para-nuestras-escuelas-deportivas-municipales\/#primaryimage"},"thumbnailUrl":"https:\/\/www.caudete.org\/ayuntamiento\/wp-content\/uploads\/2021\/08\/Escuelas-Deportivas-Municipales-WEB.jpg","articleSection":["Deportes"],"inLanguage":"es"},{"@type":"WebPage","@id":"https:\/\/www.caudete.org\/ayuntamiento\/un-verano-cargado-de-tenis-para-nuestras-escuelas-deportivas-municipales\/","url":"https:\/\/www.caudete.org\/ayuntamiento\/un-verano-cargado-de-tenis-para-nuestras-escuelas-deportivas-municipales\/","name":"Un verano cargado de TENIS para nuestras ESCUELAS DEPORTIVAS MUNICIPALES - MI Ayuntamiento de Caudete","isPartOf":{"@id":"https:\/\/www.caudete.org\/ayuntamiento\/#website"},"primaryImageOfPage":{"@id":"https:\/\/www.caudete.org\/ayuntamiento\/un-verano-cargado-de-tenis-para-nuestras-escuelas-deportivas-municipales\/#primaryimage"},"image":{"@id":"https:\/\/www.caudete.org\/ayuntamiento\/un-verano-cargado-de-tenis-para-nuestras-escuelas-deportivas-municipales\/#primaryimage"},"thumbnailUrl":"https:\/\/www.caudete.org\/ayuntamiento\/wp-content\/uploads\/2021\/08\/Escuelas-Deportivas-Municipales-WEB.jpg","datePublished":"2021-08-18T12:20:47+00:00","author":{"@id":"https:\/\/www.caudete.org\/ayuntamiento\/#\/schema\/person\/7656a5bb58fca95b9814e940de0fda63"},"description":"P\u00e1gina Oficial del Ayuntamiento de Caudete (Albacete)","breadcrumb":{"@id":"https:\/\/www.caudete.org\/ayuntamiento\/un-verano-cargado-de-tenis-para-nuestras-escuelas-deportivas-municipales\/#breadcrumb"},"inLanguage":"es","potentialAction":[{"@type":"ReadAction","target":["https:\/\/www.caudete.org\/ayuntamiento\/un-verano-cargado-de-tenis-para-nuestras-escuelas-deportivas-municipales\/"]}]},{"@type":"ImageObject","inLanguage":"es","@id":"https:\/\/www.caudete.org\/ayuntamiento\/un-verano-cargado-de-tenis-para-nuestras-escuelas-deportivas-municipales\/#primaryimage","url":"https:\/\/www.caudete.org\/ayuntamiento\/wp-content\/uploads\/2021\/08\/Escuelas-Deportivas-Municipales-WEB.jpg","contentUrl":"https:\/\/www.caudete.org\/ayuntamiento\/wp-content\/uploads\/2021\/08\/Escuelas-Deportivas-Municipales-WEB.jpg","width":864,"height":380},{"@type":"BreadcrumbList","@id":"https:\/\/www.caudete.org\/ayuntamiento\/un-verano-cargado-de-tenis-para-nuestras-escuelas-deportivas-municipales\/#breadcrumb","itemListElement":[{"@type":"ListItem","position":1,"name":"Inicio","item":"https:\/\/www.caudete.org\/ayuntamiento\/"},{"@type":"ListItem","position":2,"name":"Un verano cargado de TENIS para nuestras ESCUELAS DEPORTIVAS MUNICIPALES"}]},{"@type":"WebSite","@id":"https:\/\/www.caudete.org\/ayuntamiento\/#website","url":"https:\/\/www.caudete.org\/ayuntamiento\/","name":"MI Ayuntamiento de Caudete","description":"P\u00e1gina Oficial del MI Ayuntamiento de Caudete","potentialAction":[{"@type":"SearchAction","target":{"@type":"EntryPoint","urlTemplate":"https:\/\/www.caudete.org\/ayuntamiento\/?s={search_term_string}"},"query-input":{"@type":"PropertyValueSpecification","valueRequired":true,"valueName":"search_term_string"}}],"inLanguage":"es"},{"@type":"Person","@id":"https:\/\/www.caudete.org\/ayuntamiento\/#\/schema\/person\/7656a5bb58fca95b9814e940de0fda63","name":"Juan","image":{"@type":"ImageObject","inLanguage":"es","@id":"https:\/\/secure.gravatar.com\/avatar\/dd53e51c0cd6ab23f52d4f3e4f1c59730240727763de3dbbf26750b079a2c292?s=96&d=mm&r=g","url":"https:\/\/secure.gravatar.com\/avatar\/dd53e51c0cd6ab23f52d4f3e4f1c59730240727763de3dbbf26750b079a2c292?s=96&d=mm&r=g","contentUrl":"https:\/\/secure.gravatar.com\/avatar\/dd53e51c0cd6ab23f52d4f3e4f1c59730240727763de3dbbf26750b079a2c292?s=96&d=mm&r=g","caption":"Juan"},"url":"https:\/\/www.caudete.org\/ayuntamiento\/author\/centrodeinternet\/"}]}},"_links":{"self":[{"href":"https:\/\/www.caudete.org\/ayuntamiento\/wp-json\/wp\/v2\/posts\/15757","targetHints":{"allow":["GET"]}}],"collection":[{"href":"https:\/\/www.caudete.org\/ayuntamiento\/wp-json\/wp\/v2\/posts"}],"about":[{"href":"https:\/\/www.caudete.org\/ayuntamiento\/wp-json\/wp\/v2\/types\/post"}],"author":[{"embeddable":true,"href":"https:\/\/www.caudete.org\/ayuntamiento\/wp-json\/wp\/v2\/users\/2"}],"replies":[{"embeddable":true,"href":"https:\/\/www.caudete.org\/ayuntamiento\/wp-json\/wp\/v2\/comments?post=15757"}],"version-history":[{"count":2,"href":"https:\/\/www.caudete.org\/ayuntamiento\/wp-json\/wp\/v2\/posts\/15757\/revisions"}],"predecessor-version":[{"id":15763,"href":"https:\/\/www.caudete.org\/ayuntamiento\/wp-json\/wp\/v2\/posts\/15757\/revisions\/15763"}],"wp:featuredmedia":[{"embeddable":true,"href":"https:\/\/www.caudete.org\/ayuntamiento\/wp-json\/wp\/v2\/media\/15759"}],"wp:attachment":[{"href":"https:\/\/www.caudete.org\/ayuntamiento\/wp-json\/wp\/v2\/media?parent=15757"}],"wp:term":[{"taxonomy":"category","embeddable":true,"href":"https:\/\/www.caudete.org\/ayuntamiento\/wp-json\/wp\/v2\/categories?post=15757"},{"taxonomy":"post_tag","embeddable":true,"href":"https:\/\/www.caudete.org\/ayuntamiento\/wp-json\/wp\/v2\/tags?post=15757"}],"curies":[{"name":"wp","href":"https:\/\/api.w.org\/{rel}","templated":true}]}}