{"id":15769,"date":"2021-08-20T11:54:09","date_gmt":"2021-08-20T09:54:09","guid":{"rendered":"https:\/\/www.caudete.org\/ayuntamiento\/?p=15769"},"modified":"2021-08-20T12:12:37","modified_gmt":"2021-08-20T10:12:37","slug":"programada-una-actuacion-de-mejora-de-la-accesibilidad-por-25-000e","status":"publish","type":"post","link":"https:\/\/www.caudete.org\/ayuntamiento\/programada-una-actuacion-de-mejora-de-la-accesibilidad-por-25-000e\/","title":{"rendered":"Programada una actuaci\u00f3n de Mejora de la Accesibilidad por 25.000\u20ac"},"content":{"rendered":"<p style=\"text-align: justify;\">La Concejal\u00eda de Accesibilidad elevaba la pasada semana a aprobaci\u00f3n de la Junta de Gobierno Local la aprobaci\u00f3n del proyecto de obras encaminado\u00a0 a mejorar la accesibilidad del municipio, con un actuaci\u00f3n concreta en diferentes puntos de la localidad, adapt\u00e1ndose a normativa vigente.<\/p>\n<p style=\"text-align: justify;\">Su Concejal, Joaqu\u00edn Pagan, as\u00ed lo anunciaba est\u00e1 ma\u00f1ana en nota de prensa, especificando que la actuaci\u00f3n tendr\u00e1 dos modalidades:<\/p>\n<p style=\"text-align: justify;\">A) continuar ejecutando vados peatonales, eliminando as\u00ed barreras arquitect\u00f3nicas existentes en nuestras calles y dotando por tanto de seguridad y facilidad de tr\u00e1nsito a los peatones.<\/p>\n<p style=\"text-align: justify;\">B) ejecutar alineaci\u00f3n de bordillo en zonas urbanas, donde o bien no existe o se ha deteriorado, con el objetivo de definir al completo calles transitadas, y otorgar a las mismas una continuidad y conjunto al pavimento de rodadura, otorgando seguridad a la v\u00eda y permitiendo el estacionamiento de veh\u00edculos de una forma \u00f3ptima y segura.<\/p>\n<p style=\"text-align: justify;\">Con un presupuesto de ejecuci\u00f3n de las obras de 24.999&#8217;97\u20ac, se ha proyectado actuar en los puntos siguientes:<\/p>\n<p style=\"text-align: justify;\"><span style=\"text-decoration: underline;\">EJECUCI\u00d3N DE VADOS PEATONALES:<\/span><\/p>\n<p style=\"text-align: justify;\">-N\u00ba 1: Calle El Molino-calle La Huerta.<\/p>\n<p style=\"text-align: justify;\">-N\u00ba 2: Calle El Molino (Residencia Ancianos).<\/p>\n<p style=\"text-align: justify;\">-N\u00ba 3: Calle Poeta Evaristo Ba\u00f1\u00f3n-calle Atleta Antonio Amor\u00f3s.<\/p>\n<p style=\"text-align: justify;\">-N\u00ba 4: Calle Echegaray-calle Alcalde Luis Pascual.<\/p>\n<p style=\"text-align: justify;\">-N\u00ba 5: Calle Miguel Hern\u00e1ndez (frente a la farmacia).<\/p>\n<p style=\"text-align: justify;\">N\u00ba 6: Calle Miguel Hernandez (Euro-hogar)<\/p>\n<p style=\"text-align: justify;\">-N.\u00ba 7: Calle Atleta Antonio Amor\u00f3s.<\/p>\n<p style=\"text-align: justify;\"><span style=\"text-decoration: underline;\">DELIMITACI\u00d3N CON BORDILLO:<\/span><\/p>\n<p style=\"text-align: justify;\">-N.\u00ba 1: Calle Juan Carlos I (frente a &#8220;Bicis Manol\u00edn&#8221;).<\/p>\n<p style=\"text-align: justify;\">-N\u00ba 2: Garcia Lorca (frente a las &#8220;pistas verdes&#8221;).<\/p>\n<p style=\"text-align: justify;\">-N\u00ba 3: El Real (dentro de la zona habilitada como aparcamiento p\u00fablico).<\/p>\n<p style=\"text-align: justify;\">Con la presente actuaci\u00f3n, se va dando cumplimiento al compromiso adquirido por el Gobierno Municipal de mejorar a\u00f1o tras a\u00f1o nuestras calles y aceras, y con ello el tr\u00e1nsito de personas, teniendo muy presente a aquellos que presentan movilidad reducida, que son quienes sufren principalmente todo tipo de obst\u00e1culos, y la falta de vados peatonales.<\/p>\n<p style=\"text-align: justify;\">As\u00ed pues, desde los Servicios T\u00e9cnicos Municipales, y con la Concejal\u00eda de Accesibilidad, en este caso al frente, se contin\u00faa trabajando para proyectar actuaciones futuras que vengan a incrementar este tipo de mejoras en nuestro pueblo.<\/p>\n","protected":false},"excerpt":{"rendered":"<p>La Concejal\u00eda de Accesibilidad elevaba la pasada semana a aprobaci\u00f3n de la Junta de Gobierno Local la aprobaci\u00f3n del proyecto de obras encaminado\u00a0 a mejorar la accesibilidad del municipio, con un actuaci\u00f3n concreta en diferentes puntos de la localidad, adapt\u00e1ndose a normativa vigente. Su Concejal, Joaqu\u00edn Pagan, as\u00ed lo anunciaba est\u00e1 ma\u00f1ana en nota de &hellip;<\/p>\n","protected":false},"author":3,"featured_media":15776,"comment_status":"closed","ping_status":"open","sticky":false,"template":"","format":"standard","meta":{"ngg_post_thumbnail":0,"footnotes":""},"categories":[47],"tags":[],"class_list":["post-15769","post","type-post","status-publish","format-standard","has-post-thumbnail","hentry","category-accesibilidad"],"yoast_head":"<!-- This site is optimized with the Yoast SEO plugin v27.4 - https:\/\/yoast.com\/product\/yoast-seo-wordpress\/ -->\n<title>Programada una actuaci\u00f3n de Mejora de la Accesibilidad por 25.000\u20ac - MI Ayuntamiento de Caudete<\/title>\n<meta name=\"description\" content=\"P\u00e1gina Oficial del Ayuntamiento de Caudete (Albacete)\" \/>\n<meta name=\"robots\" content=\"index, follow, max-snippet:-1, max-image-preview:large, max-video-preview:-1\" \/>\n<link rel=\"canonical\" href=\"https:\/\/www.caudete.org\/ayuntamiento\/programada-una-actuacion-de-mejora-de-la-accesibilidad-por-25-000e\/\" \/>\n<meta property=\"og:locale\" content=\"es_ES\" \/>\n<meta property=\"og:type\" content=\"article\" \/>\n<meta property=\"og:title\" content=\"Programada una actuaci\u00f3n de Mejora de la Accesibilidad por 25.000\u20ac - MI Ayuntamiento de Caudete\" \/>\n<meta property=\"og:description\" content=\"P\u00e1gina Oficial del Ayuntamiento de Caudete (Albacete)\" \/>\n<meta property=\"og:url\" content=\"https:\/\/www.caudete.org\/ayuntamiento\/programada-una-actuacion-de-mejora-de-la-accesibilidad-por-25-000e\/\" \/>\n<meta property=\"og:site_name\" content=\"MI Ayuntamiento de Caudete\" \/>\n<meta property=\"article:publisher\" content=\"https:\/\/www.facebook.com\/ayuntamientocaudete\/\" \/>\n<meta property=\"article:published_time\" content=\"2021-08-20T09:54:09+00:00\" \/>\n<meta property=\"article:modified_time\" content=\"2021-08-20T10:12:37+00:00\" \/>\n<meta property=\"og:image\" content=\"https:\/\/www.caudete.org\/ayuntamiento\/wp-content\/uploads\/2021\/08\/Plano-accesibilidad-2.jpg\" \/>\n\t<meta property=\"og:image:width\" content=\"864\" \/>\n\t<meta property=\"og:image:height\" content=\"380\" \/>\n\t<meta property=\"og:image:type\" content=\"image\/jpeg\" \/>\n<meta name=\"author\" content=\"alcalde\" \/>\n<meta name=\"twitter:card\" content=\"summary_large_image\" \/>\n<meta name=\"twitter:label1\" content=\"Escrito por\" \/>\n\t<meta name=\"twitter:data1\" content=\"alcalde\" \/>\n\t<meta name=\"twitter:label2\" content=\"Tiempo de lectura\" \/>\n\t<meta name=\"twitter:data2\" content=\"2 minutos\" \/>\n<script type=\"application\/ld+json\" class=\"yoast-schema-graph\">{\"@context\":\"https:\\\/\\\/schema.org\",\"@graph\":[{\"@type\":\"Article\",\"@id\":\"https:\\\/\\\/www.caudete.org\\\/ayuntamiento\\\/programada-una-actuacion-de-mejora-de-la-accesibilidad-por-25-000e\\\/#article\",\"isPartOf\":{\"@id\":\"https:\\\/\\\/www.caudete.org\\\/ayuntamiento\\\/programada-una-actuacion-de-mejora-de-la-accesibilidad-por-25-000e\\\/\"},\"author\":{\"name\":\"alcalde\",\"@id\":\"https:\\\/\\\/www.caudete.org\\\/ayuntamiento\\\/#\\\/schema\\\/person\\\/cc646da9133078ee4d8dd47457947253\"},\"headline\":\"Programada una actuaci\u00f3n de Mejora de la Accesibilidad por 25.000\u20ac\",\"datePublished\":\"2021-08-20T09:54:09+00:00\",\"dateModified\":\"2021-08-20T10:12:37+00:00\",\"mainEntityOfPage\":{\"@id\":\"https:\\\/\\\/www.caudete.org\\\/ayuntamiento\\\/programada-una-actuacion-de-mejora-de-la-accesibilidad-por-25-000e\\\/\"},\"wordCount\":372,\"publisher\":{\"@id\":\"https:\\\/\\\/www.caudete.org\\\/ayuntamiento\\\/#organization\"},\"image\":{\"@id\":\"https:\\\/\\\/www.caudete.org\\\/ayuntamiento\\\/programada-una-actuacion-de-mejora-de-la-accesibilidad-por-25-000e\\\/#primaryimage\"},\"thumbnailUrl\":\"https:\\\/\\\/www.caudete.org\\\/ayuntamiento\\\/wp-content\\\/uploads\\\/2021\\\/08\\\/Plano-accesibilidad-2.jpg\",\"articleSection\":[\"Accesibilidad\"],\"inLanguage\":\"es\"},{\"@type\":\"WebPage\",\"@id\":\"https:\\\/\\\/www.caudete.org\\\/ayuntamiento\\\/programada-una-actuacion-de-mejora-de-la-accesibilidad-por-25-000e\\\/\",\"url\":\"https:\\\/\\\/www.caudete.org\\\/ayuntamiento\\\/programada-una-actuacion-de-mejora-de-la-accesibilidad-por-25-000e\\\/\",\"name\":\"Programada una actuaci\u00f3n de Mejora de la Accesibilidad por 25.000\u20ac - MI Ayuntamiento de Caudete\",\"isPartOf\":{\"@id\":\"https:\\\/\\\/www.caudete.org\\\/ayuntamiento\\\/#website\"},\"primaryImageOfPage\":{\"@id\":\"https:\\\/\\\/www.caudete.org\\\/ayuntamiento\\\/programada-una-actuacion-de-mejora-de-la-accesibilidad-por-25-000e\\\/#primaryimage\"},\"image\":{\"@id\":\"https:\\\/\\\/www.caudete.org\\\/ayuntamiento\\\/programada-una-actuacion-de-mejora-de-la-accesibilidad-por-25-000e\\\/#primaryimage\"},\"thumbnailUrl\":\"https:\\\/\\\/www.caudete.org\\\/ayuntamiento\\\/wp-content\\\/uploads\\\/2021\\\/08\\\/Plano-accesibilidad-2.jpg\",\"datePublished\":\"2021-08-20T09:54:09+00:00\",\"dateModified\":\"2021-08-20T10:12:37+00:00\",\"description\":\"P\u00e1gina Oficial del Ayuntamiento de Caudete (Albacete)\",\"breadcrumb\":{\"@id\":\"https:\\\/\\\/www.caudete.org\\\/ayuntamiento\\\/programada-una-actuacion-de-mejora-de-la-accesibilidad-por-25-000e\\\/#breadcrumb\"},\"inLanguage\":\"es\",\"potentialAction\":[{\"@type\":\"ReadAction\",\"target\":[\"https:\\\/\\\/www.caudete.org\\\/ayuntamiento\\\/programada-una-actuacion-de-mejora-de-la-accesibilidad-por-25-000e\\\/\"]}]},{\"@type\":\"ImageObject\",\"inLanguage\":\"es\",\"@id\":\"https:\\\/\\\/www.caudete.org\\\/ayuntamiento\\\/programada-una-actuacion-de-mejora-de-la-accesibilidad-por-25-000e\\\/#primaryimage\",\"url\":\"https:\\\/\\\/www.caudete.org\\\/ayuntamiento\\\/wp-content\\\/uploads\\\/2021\\\/08\\\/Plano-accesibilidad-2.jpg\",\"contentUrl\":\"https:\\\/\\\/www.caudete.org\\\/ayuntamiento\\\/wp-content\\\/uploads\\\/2021\\\/08\\\/Plano-accesibilidad-2.jpg\",\"width\":864,\"height\":380},{\"@type\":\"BreadcrumbList\",\"@id\":\"https:\\\/\\\/www.caudete.org\\\/ayuntamiento\\\/programada-una-actuacion-de-mejora-de-la-accesibilidad-por-25-000e\\\/#breadcrumb\",\"itemListElement\":[{\"@type\":\"ListItem\",\"position\":1,\"name\":\"Inicio\",\"item\":\"https:\\\/\\\/www.caudete.org\\\/ayuntamiento\\\/\"},{\"@type\":\"ListItem\",\"position\":2,\"name\":\"Programada una actuaci\u00f3n de Mejora de la Accesibilidad por 25.000\u20ac\"}]},{\"@type\":\"WebSite\",\"@id\":\"https:\\\/\\\/www.caudete.org\\\/ayuntamiento\\\/#website\",\"url\":\"https:\\\/\\\/www.caudete.org\\\/ayuntamiento\\\/\",\"name\":\"MI Ayuntamiento de Caudete\",\"description\":\"P\u00e1gina Oficial del MI Ayuntamiento de Caudete\",\"publisher\":{\"@id\":\"https:\\\/\\\/www.caudete.org\\\/ayuntamiento\\\/#organization\"},\"potentialAction\":[{\"@type\":\"SearchAction\",\"target\":{\"@type\":\"EntryPoint\",\"urlTemplate\":\"https:\\\/\\\/www.caudete.org\\\/ayuntamiento\\\/?s={search_term_string}\"},\"query-input\":{\"@type\":\"PropertyValueSpecification\",\"valueRequired\":true,\"valueName\":\"search_term_string\"}}],\"inLanguage\":\"es\"},{\"@type\":\"Organization\",\"@id\":\"https:\\\/\\\/www.caudete.org\\\/ayuntamiento\\\/#organization\",\"name\":\"Ayuntamiento de Caudete\",\"url\":\"https:\\\/\\\/www.caudete.org\\\/ayuntamiento\\\/\",\"logo\":{\"@type\":\"ImageObject\",\"inLanguage\":\"es\",\"@id\":\"https:\\\/\\\/www.caudete.org\\\/ayuntamiento\\\/#\\\/schema\\\/logo\\\/image\\\/\",\"url\":\"https:\\\/\\\/www.caudete.org\\\/ayuntamiento\\\/wp-content\\\/uploads\\\/2020\\\/11\\\/logo_ayuntamiento_caudete.jpg\",\"contentUrl\":\"https:\\\/\\\/www.caudete.org\\\/ayuntamiento\\\/wp-content\\\/uploads\\\/2020\\\/11\\\/logo_ayuntamiento_caudete.jpg\",\"width\":600,\"height\":150,\"caption\":\"Ayuntamiento de Caudete\"},\"image\":{\"@id\":\"https:\\\/\\\/www.caudete.org\\\/ayuntamiento\\\/#\\\/schema\\\/logo\\\/image\\\/\"},\"sameAs\":[\"https:\\\/\\\/www.facebook.com\\\/ayuntamientocaudete\\\/\",\"https:\\\/\\\/www.youtube.com\\\/channel\\\/UC6VztHaooNsGpw-tNoBEFnQ\"]},{\"@type\":\"Person\",\"@id\":\"https:\\\/\\\/www.caudete.org\\\/ayuntamiento\\\/#\\\/schema\\\/person\\\/cc646da9133078ee4d8dd47457947253\",\"name\":\"alcalde\",\"image\":{\"@type\":\"ImageObject\",\"inLanguage\":\"es\",\"@id\":\"https:\\\/\\\/secure.gravatar.com\\\/avatar\\\/84a817ba065b29ff08d666b215a215f5c79186a645ccb25b14a663d48a130f77?s=96&d=mm&r=g\",\"url\":\"https:\\\/\\\/secure.gravatar.com\\\/avatar\\\/84a817ba065b29ff08d666b215a215f5c79186a645ccb25b14a663d48a130f77?s=96&d=mm&r=g\",\"contentUrl\":\"https:\\\/\\\/secure.gravatar.com\\\/avatar\\\/84a817ba065b29ff08d666b215a215f5c79186a645ccb25b14a663d48a130f77?s=96&d=mm&r=g\",\"caption\":\"alcalde\"},\"url\":\"https:\\\/\\\/www.caudete.org\\\/ayuntamiento\\\/author\\\/alcalde\\\/\"}]}<\/script>\n<!-- \/ Yoast SEO plugin. -->","yoast_head_json":{"title":"Programada una actuaci\u00f3n de Mejora de la Accesibilidad por 25.000\u20ac - MI Ayuntamiento de Caudete","description":"P\u00e1gina Oficial del Ayuntamiento de Caudete (Albacete)","robots":{"index":"index","follow":"follow","max-snippet":"max-snippet:-1","max-image-preview":"max-image-preview:large","max-video-preview":"max-video-preview:-1"},"canonical":"https:\/\/www.caudete.org\/ayuntamiento\/programada-una-actuacion-de-mejora-de-la-accesibilidad-por-25-000e\/","og_locale":"es_ES","og_type":"article","og_title":"Programada una actuaci\u00f3n de Mejora de la Accesibilidad por 25.000\u20ac - MI Ayuntamiento de Caudete","og_description":"P\u00e1gina Oficial del Ayuntamiento de Caudete (Albacete)","og_url":"https:\/\/www.caudete.org\/ayuntamiento\/programada-una-actuacion-de-mejora-de-la-accesibilidad-por-25-000e\/","og_site_name":"MI Ayuntamiento de Caudete","article_publisher":"https:\/\/www.facebook.com\/ayuntamientocaudete\/","article_published_time":"2021-08-20T09:54:09+00:00","article_modified_time":"2021-08-20T10:12:37+00:00","og_image":[{"width":864,"height":380,"url":"https:\/\/www.caudete.org\/ayuntamiento\/wp-content\/uploads\/2021\/08\/Plano-accesibilidad-2.jpg","type":"image\/jpeg"}],"author":"alcalde","twitter_card":"summary_large_image","twitter_misc":{"Escrito por":"alcalde","Tiempo de lectura":"2 minutos"},"schema":{"@context":"https:\/\/schema.org","@graph":[{"@type":"Article","@id":"https:\/\/www.caudete.org\/ayuntamiento\/programada-una-actuacion-de-mejora-de-la-accesibilidad-por-25-000e\/#article","isPartOf":{"@id":"https:\/\/www.caudete.org\/ayuntamiento\/programada-una-actuacion-de-mejora-de-la-accesibilidad-por-25-000e\/"},"author":{"name":"alcalde","@id":"https:\/\/www.caudete.org\/ayuntamiento\/#\/schema\/person\/cc646da9133078ee4d8dd47457947253"},"headline":"Programada una actuaci\u00f3n de Mejora de la Accesibilidad por 25.000\u20ac","datePublished":"2021-08-20T09:54:09+00:00","dateModified":"2021-08-20T10:12:37+00:00","mainEntityOfPage":{"@id":"https:\/\/www.caudete.org\/ayuntamiento\/programada-una-actuacion-de-mejora-de-la-accesibilidad-por-25-000e\/"},"wordCount":372,"publisher":{"@id":"https:\/\/www.caudete.org\/ayuntamiento\/#organization"},"image":{"@id":"https:\/\/www.caudete.org\/ayuntamiento\/programada-una-actuacion-de-mejora-de-la-accesibilidad-por-25-000e\/#primaryimage"},"thumbnailUrl":"https:\/\/www.caudete.org\/ayuntamiento\/wp-content\/uploads\/2021\/08\/Plano-accesibilidad-2.jpg","articleSection":["Accesibilidad"],"inLanguage":"es"},{"@type":"WebPage","@id":"https:\/\/www.caudete.org\/ayuntamiento\/programada-una-actuacion-de-mejora-de-la-accesibilidad-por-25-000e\/","url":"https:\/\/www.caudete.org\/ayuntamiento\/programada-una-actuacion-de-mejora-de-la-accesibilidad-por-25-000e\/","name":"Programada una actuaci\u00f3n de Mejora de la Accesibilidad por 25.000\u20ac - MI Ayuntamiento de Caudete","isPartOf":{"@id":"https:\/\/www.caudete.org\/ayuntamiento\/#website"},"primaryImageOfPage":{"@id":"https:\/\/www.caudete.org\/ayuntamiento\/programada-una-actuacion-de-mejora-de-la-accesibilidad-por-25-000e\/#primaryimage"},"image":{"@id":"https:\/\/www.caudete.org\/ayuntamiento\/programada-una-actuacion-de-mejora-de-la-accesibilidad-por-25-000e\/#primaryimage"},"thumbnailUrl":"https:\/\/www.caudete.org\/ayuntamiento\/wp-content\/uploads\/2021\/08\/Plano-accesibilidad-2.jpg","datePublished":"2021-08-20T09:54:09+00:00","dateModified":"2021-08-20T10:12:37+00:00","description":"P\u00e1gina Oficial del Ayuntamiento de Caudete (Albacete)","breadcrumb":{"@id":"https:\/\/www.caudete.org\/ayuntamiento\/programada-una-actuacion-de-mejora-de-la-accesibilidad-por-25-000e\/#breadcrumb"},"inLanguage":"es","potentialAction":[{"@type":"ReadAction","target":["https:\/\/www.caudete.org\/ayuntamiento\/programada-una-actuacion-de-mejora-de-la-accesibilidad-por-25-000e\/"]}]},{"@type":"ImageObject","inLanguage":"es","@id":"https:\/\/www.caudete.org\/ayuntamiento\/programada-una-actuacion-de-mejora-de-la-accesibilidad-por-25-000e\/#primaryimage","url":"https:\/\/www.caudete.org\/ayuntamiento\/wp-content\/uploads\/2021\/08\/Plano-accesibilidad-2.jpg","contentUrl":"https:\/\/www.caudete.org\/ayuntamiento\/wp-content\/uploads\/2021\/08\/Plano-accesibilidad-2.jpg","width":864,"height":380},{"@type":"BreadcrumbList","@id":"https:\/\/www.caudete.org\/ayuntamiento\/programada-una-actuacion-de-mejora-de-la-accesibilidad-por-25-000e\/#breadcrumb","itemListElement":[{"@type":"ListItem","position":1,"name":"Inicio","item":"https:\/\/www.caudete.org\/ayuntamiento\/"},{"@type":"ListItem","position":2,"name":"Programada una actuaci\u00f3n de Mejora de la Accesibilidad por 25.000\u20ac"}]},{"@type":"WebSite","@id":"https:\/\/www.caudete.org\/ayuntamiento\/#website","url":"https:\/\/www.caudete.org\/ayuntamiento\/","name":"MI Ayuntamiento de Caudete","description":"P\u00e1gina Oficial del MI Ayuntamiento de Caudete","publisher":{"@id":"https:\/\/www.caudete.org\/ayuntamiento\/#organization"},"potentialAction":[{"@type":"SearchAction","target":{"@type":"EntryPoint","urlTemplate":"https:\/\/www.caudete.org\/ayuntamiento\/?s={search_term_string}"},"query-input":{"@type":"PropertyValueSpecification","valueRequired":true,"valueName":"search_term_string"}}],"inLanguage":"es"},{"@type":"Organization","@id":"https:\/\/www.caudete.org\/ayuntamiento\/#organization","name":"Ayuntamiento de Caudete","url":"https:\/\/www.caudete.org\/ayuntamiento\/","logo":{"@type":"ImageObject","inLanguage":"es","@id":"https:\/\/www.caudete.org\/ayuntamiento\/#\/schema\/logo\/image\/","url":"https:\/\/www.caudete.org\/ayuntamiento\/wp-content\/uploads\/2020\/11\/logo_ayuntamiento_caudete.jpg","contentUrl":"https:\/\/www.caudete.org\/ayuntamiento\/wp-content\/uploads\/2020\/11\/logo_ayuntamiento_caudete.jpg","width":600,"height":150,"caption":"Ayuntamiento de Caudete"},"image":{"@id":"https:\/\/www.caudete.org\/ayuntamiento\/#\/schema\/logo\/image\/"},"sameAs":["https:\/\/www.facebook.com\/ayuntamientocaudete\/","https:\/\/www.youtube.com\/channel\/UC6VztHaooNsGpw-tNoBEFnQ"]},{"@type":"Person","@id":"https:\/\/www.caudete.org\/ayuntamiento\/#\/schema\/person\/cc646da9133078ee4d8dd47457947253","name":"alcalde","image":{"@type":"ImageObject","inLanguage":"es","@id":"https:\/\/secure.gravatar.com\/avatar\/84a817ba065b29ff08d666b215a215f5c79186a645ccb25b14a663d48a130f77?s=96&d=mm&r=g","url":"https:\/\/secure.gravatar.com\/avatar\/84a817ba065b29ff08d666b215a215f5c79186a645ccb25b14a663d48a130f77?s=96&d=mm&r=g","contentUrl":"https:\/\/secure.gravatar.com\/avatar\/84a817ba065b29ff08d666b215a215f5c79186a645ccb25b14a663d48a130f77?s=96&d=mm&r=g","caption":"alcalde"},"url":"https:\/\/www.caudete.org\/ayuntamiento\/author\/alcalde\/"}]}},"_links":{"self":[{"href":"https:\/\/www.caudete.org\/ayuntamiento\/wp-json\/wp\/v2\/posts\/15769","targetHints":{"allow":["GET"]}}],"collection":[{"href":"https:\/\/www.caudete.org\/ayuntamiento\/wp-json\/wp\/v2\/posts"}],"about":[{"href":"https:\/\/www.caudete.org\/ayuntamiento\/wp-json\/wp\/v2\/types\/post"}],"author":[{"embeddable":true,"href":"https:\/\/www.caudete.org\/ayuntamiento\/wp-json\/wp\/v2\/users\/3"}],"replies":[{"embeddable":true,"href":"https:\/\/www.caudete.org\/ayuntamiento\/wp-json\/wp\/v2\/comments?post=15769"}],"version-history":[{"count":2,"href":"https:\/\/www.caudete.org\/ayuntamiento\/wp-json\/wp\/v2\/posts\/15769\/revisions"}],"predecessor-version":[{"id":15773,"href":"https:\/\/www.caudete.org\/ayuntamiento\/wp-json\/wp\/v2\/posts\/15769\/revisions\/15773"}],"wp:featuredmedia":[{"embeddable":true,"href":"https:\/\/www.caudete.org\/ayuntamiento\/wp-json\/wp\/v2\/media\/15776"}],"wp:attachment":[{"href":"https:\/\/www.caudete.org\/ayuntamiento\/wp-json\/wp\/v2\/media?parent=15769"}],"wp:term":[{"taxonomy":"category","embeddable":true,"href":"https:\/\/www.caudete.org\/ayuntamiento\/wp-json\/wp\/v2\/categories?post=15769"},{"taxonomy":"post_tag","embeddable":true,"href":"https:\/\/www.caudete.org\/ayuntamiento\/wp-json\/wp\/v2\/tags?post=15769"}],"curies":[{"name":"wp","href":"https:\/\/api.w.org\/{rel}","templated":true}]}}