{"id":15783,"date":"2021-08-20T13:38:20","date_gmt":"2021-08-20T11:38:20","guid":{"rendered":"https:\/\/www.caudete.org\/ayuntamiento\/?p=15783"},"modified":"2021-08-20T13:59:37","modified_gmt":"2021-08-20T11:59:37","slug":"el-alcalde-acompana-a-la-asociacion-de-comparsas-de-caudete-en-la-constitucion-de-los-pueblos-de-la-polvora","status":"publish","type":"post","link":"https:\/\/www.caudete.org\/ayuntamiento\/el-alcalde-acompana-a-la-asociacion-de-comparsas-de-caudete-en-la-constitucion-de-los-pueblos-de-la-polvora\/","title":{"rendered":"El Alcalde acompa\u00f1a a la Asociaci\u00f3n de Comparsas de Caudete  en la constituci\u00f3n de LOS PUEBLOS DE LA P\u00d3LVORA"},"content":{"rendered":"<p style=\"text-align: justify;\">Esta ma\u00f1ana la vecina localidad de Ontinyent acog\u00eda la firma del acta fundacional de la asociaci\u00f3n LOS PUEBLOS DE LA P\u00d3LVORA, que integran los municipios de Onteniente, Elda, Yecla, Almansa y Caudete, y que nace como un asociaci\u00f3n plural, abierta e integradora de aquellos pueblos donde la p\u00f3lvora negra es protagonista y parte esencial en actividades festivas.<\/p>\n<p><a href=\"https:\/\/www.caudete.org\/ayuntamiento\/wp-content\/uploads\/2021\/08\/IMG_20210820_103250-scaled.jpg\" rel='prettyPhoto'><img fetchpriority=\"high\" decoding=\"async\" class=\"aligncenter wp-image-15784 size-medium\" src=\"https:\/\/www.caudete.org\/ayuntamiento\/wp-content\/uploads\/2021\/08\/IMG_20210820_103250-300x225.jpg\" alt=\"\" width=\"300\" height=\"225\" srcset=\"https:\/\/www.caudete.org\/ayuntamiento\/wp-content\/uploads\/2021\/08\/IMG_20210820_103250-300x225.jpg 300w, https:\/\/www.caudete.org\/ayuntamiento\/wp-content\/uploads\/2021\/08\/IMG_20210820_103250-1024x768.jpg 1024w, https:\/\/www.caudete.org\/ayuntamiento\/wp-content\/uploads\/2021\/08\/IMG_20210820_103250-768x576.jpg 768w, https:\/\/www.caudete.org\/ayuntamiento\/wp-content\/uploads\/2021\/08\/IMG_20210820_103250-1536x1152.jpg 1536w, https:\/\/www.caudete.org\/ayuntamiento\/wp-content\/uploads\/2021\/08\/IMG_20210820_103250-2048x1536.jpg 2048w\" sizes=\"(max-width: 300px) 100vw, 300px\" \/><\/a><\/p>\n<p style=\"text-align: justify;\">Entre la composici\u00f3n de esta nueva asociaci\u00f3n, Caudete ocupa el cargo de Tesorer\u00eda, y que ser\u00e1 gestionado por la Presidenta de la Asociaci\u00f3n de Comparsas M\u00b0Isabel \u00dabeda, recayendo la Presidencia en Yecla, Vicepresidencia en Elda, la Secretaria en Onteniente y la vocal\u00eda en Almansa.<\/p>\n<p><a href=\"https:\/\/www.caudete.org\/ayuntamiento\/wp-content\/uploads\/2021\/08\/IMG-20210820-WA0008.jpg\" rel='prettyPhoto'><img decoding=\"async\" class=\"aligncenter wp-image-15785 size-medium\" src=\"https:\/\/www.caudete.org\/ayuntamiento\/wp-content\/uploads\/2021\/08\/IMG-20210820-WA0008-300x169.jpg\" alt=\"\" width=\"300\" height=\"169\" srcset=\"https:\/\/www.caudete.org\/ayuntamiento\/wp-content\/uploads\/2021\/08\/IMG-20210820-WA0008-300x169.jpg 300w, https:\/\/www.caudete.org\/ayuntamiento\/wp-content\/uploads\/2021\/08\/IMG-20210820-WA0008-1024x576.jpg 1024w, https:\/\/www.caudete.org\/ayuntamiento\/wp-content\/uploads\/2021\/08\/IMG-20210820-WA0008-768x432.jpg 768w, https:\/\/www.caudete.org\/ayuntamiento\/wp-content\/uploads\/2021\/08\/IMG-20210820-WA0008.jpg 1504w\" sizes=\"(max-width: 300px) 100vw, 300px\" \/><\/a><\/p>\n<p style=\"text-align: justify;\">Al acto se ha desplazado una comitiva de Caudete, en la que el Alcalde Mois\u00e9s L\u00f3pez ha querido ser parte, dando por tanto el apoyo institucional e incondicional del Ayuntamiento de Caudete a la asociaci\u00f3n y a la lucha de los intereses que se persiguen obtener con dicha asociaci\u00f3n.<\/p>\n<p><a href=\"https:\/\/www.caudete.org\/ayuntamiento\/wp-content\/uploads\/2021\/08\/IMG-20210820-WA0011.jpg\" rel='prettyPhoto'><img decoding=\"async\" class=\"aligncenter wp-image-15786 size-medium\" src=\"https:\/\/www.caudete.org\/ayuntamiento\/wp-content\/uploads\/2021\/08\/IMG-20210820-WA0011-300x169.jpg\" alt=\"\" width=\"300\" height=\"169\" srcset=\"https:\/\/www.caudete.org\/ayuntamiento\/wp-content\/uploads\/2021\/08\/IMG-20210820-WA0011-300x169.jpg 300w, https:\/\/www.caudete.org\/ayuntamiento\/wp-content\/uploads\/2021\/08\/IMG-20210820-WA0011-1024x576.jpg 1024w, https:\/\/www.caudete.org\/ayuntamiento\/wp-content\/uploads\/2021\/08\/IMG-20210820-WA0011-768x432.jpg 768w, https:\/\/www.caudete.org\/ayuntamiento\/wp-content\/uploads\/2021\/08\/IMG-20210820-WA0011.jpg 1504w\" sizes=\"(max-width: 300px) 100vw, 300px\" \/><\/a><\/p>\n<p style=\"text-align: justify;\">El acto ha contado con la presencia de representantes pol\u00edticos del Ayuntamiento de Ontinyent, y del Consistorio de Almansa, al igual que de la Diputaci\u00f3n de Valencia y de la Generalitat Valenciana, adem\u00e1s de los representantes festeros integrantes de la asociaci\u00f3n y de medios de comunicaci\u00f3n que han cubierto el acto.<\/p>\n<p style=\"text-align: justify;\">M\u00b0 Isabel Ubeda, Presidenta de la Asociaci\u00f3n de Comparsas Ntra.Sra.de Gracia de Caudete, y Tesorera de la Asociaci\u00f3n creada, justificaba la presencia en integraci\u00f3n de Caudete en este nuevo ente por ser la p\u00f3lvora se\u00f1a de identidad de Caudete, de sus fiestas, historia y patrimonio, al igual que por no concebirse las Fiestas de Caudete sin la p\u00f3lvora.<\/p>\n<p style=\"text-align: justify;\">El objetivo de esta asociaci\u00f3n es doble:<\/p>\n<p style=\"text-align: justify;\">1. Preservar y promocionar los actos de disparo de arcabucer\u00eda en el marco de las celebraciones festivas, y<\/p>\n<p style=\"text-align: justify;\">2. Defender y difundir el car\u00e1cter patrimonial de dichos actos y establecer las medidas y disposiciones necesarias para su adecuada protecci\u00f3n y conocimiento.<\/p>\n<p style=\"text-align: justify;\">Por su parte, y fuera del acto protocolario, el Alcalde ha querido destacar el trabajo incansable de un nutrido grupo de personas, festeras, y de diferentes municipios preocupadas por el presente y futuro de la p\u00f3lvora en nuestras fiestas.<\/p>\n<p style=\"text-align: justify;\">De hecho, remarcaba la labor y aportaci\u00f3n que Caudete ha tenido para que sea realidad la firma y constituci\u00f3n de un asociaci\u00f3n m\u00e1s que necesaria, para defender desde el \u00e1mbito civil y festero el uso de la p\u00f3lvora, se\u00f1a de identidad de nuestros pueblos y parte intr\u00ednseca de nuestras fiestas.<\/p>\n","protected":false},"excerpt":{"rendered":"<p>Esta ma\u00f1ana la vecina localidad de Ontinyent acog\u00eda la firma del acta fundacional de la asociaci\u00f3n LOS PUEBLOS DE LA P\u00d3LVORA, que integran los municipios de Onteniente, Elda, Yecla, Almansa y Caudete, y que nace como un asociaci\u00f3n plural, abierta e integradora de aquellos pueblos donde la p\u00f3lvora negra es protagonista y parte esencial en &hellip;<\/p>\n","protected":false},"author":3,"featured_media":15781,"comment_status":"closed","ping_status":"open","sticky":false,"template":"","format":"standard","meta":{"ngg_post_thumbnail":0,"footnotes":""},"categories":[31],"tags":[],"class_list":["post-15783","post","type-post","status-publish","format-standard","has-post-thumbnail","hentry","category-fiestas"],"yoast_head":"<!-- This site is optimized with the Yoast SEO plugin v27.5 - https:\/\/yoast.com\/product\/yoast-seo-wordpress\/ -->\n<title>El Alcalde acompa\u00f1a a la Asociaci\u00f3n de Comparsas de Caudete en la constituci\u00f3n de LOS PUEBLOS DE LA P\u00d3LVORA - MI Ayuntamiento de Caudete<\/title>\n<meta name=\"description\" content=\"P\u00e1gina Oficial del Ayuntamiento de Caudete (Albacete)\" \/>\n<meta name=\"robots\" content=\"index, follow, max-snippet:-1, max-image-preview:large, max-video-preview:-1\" \/>\n<link rel=\"canonical\" href=\"https:\/\/www.caudete.org\/ayuntamiento\/el-alcalde-acompana-a-la-asociacion-de-comparsas-de-caudete-en-la-constitucion-de-los-pueblos-de-la-polvora\/\" \/>\n<meta property=\"og:locale\" content=\"es_ES\" \/>\n<meta property=\"og:type\" content=\"article\" \/>\n<meta property=\"og:title\" content=\"El Alcalde acompa\u00f1a a la Asociaci\u00f3n de Comparsas de Caudete en la constituci\u00f3n de LOS PUEBLOS DE LA P\u00d3LVORA - MI Ayuntamiento de Caudete\" \/>\n<meta property=\"og:description\" content=\"P\u00e1gina Oficial del Ayuntamiento de Caudete (Albacete)\" \/>\n<meta property=\"og:url\" content=\"https:\/\/www.caudete.org\/ayuntamiento\/el-alcalde-acompana-a-la-asociacion-de-comparsas-de-caudete-en-la-constitucion-de-los-pueblos-de-la-polvora\/\" \/>\n<meta property=\"og:site_name\" content=\"MI Ayuntamiento de Caudete\" \/>\n<meta property=\"article:publisher\" content=\"https:\/\/www.facebook.com\/ayuntamientocaudete\/\" \/>\n<meta property=\"article:published_time\" content=\"2021-08-20T11:38:20+00:00\" \/>\n<meta property=\"article:modified_time\" content=\"2021-08-20T11:59:37+00:00\" \/>\n<meta property=\"og:image\" content=\"https:\/\/www.caudete.org\/ayuntamiento\/wp-content\/uploads\/2021\/08\/IMG-20210820-WA0007.jpg\" \/>\n\t<meta property=\"og:image:width\" content=\"1504\" \/>\n\t<meta property=\"og:image:height\" content=\"846\" \/>\n\t<meta property=\"og:image:type\" content=\"image\/jpeg\" \/>\n<meta name=\"author\" content=\"alcalde\" \/>\n<meta name=\"twitter:card\" content=\"summary_large_image\" \/>\n<meta name=\"twitter:label1\" content=\"Escrito por\" \/>\n\t<meta name=\"twitter:data1\" content=\"alcalde\" \/>\n\t<meta name=\"twitter:label2\" content=\"Tiempo de lectura\" \/>\n\t<meta name=\"twitter:data2\" content=\"3 minutos\" \/>\n<script type=\"application\/ld+json\" class=\"yoast-schema-graph\">{\"@context\":\"https:\\\/\\\/schema.org\",\"@graph\":[{\"@type\":\"Article\",\"@id\":\"https:\\\/\\\/www.caudete.org\\\/ayuntamiento\\\/el-alcalde-acompana-a-la-asociacion-de-comparsas-de-caudete-en-la-constitucion-de-los-pueblos-de-la-polvora\\\/#article\",\"isPartOf\":{\"@id\":\"https:\\\/\\\/www.caudete.org\\\/ayuntamiento\\\/el-alcalde-acompana-a-la-asociacion-de-comparsas-de-caudete-en-la-constitucion-de-los-pueblos-de-la-polvora\\\/\"},\"author\":{\"name\":\"alcalde\",\"@id\":\"https:\\\/\\\/www.caudete.org\\\/ayuntamiento\\\/#\\\/schema\\\/person\\\/cc646da9133078ee4d8dd47457947253\"},\"headline\":\"El Alcalde acompa\u00f1a a la Asociaci\u00f3n de Comparsas de Caudete en la constituci\u00f3n de LOS PUEBLOS DE LA P\u00d3LVORA\",\"datePublished\":\"2021-08-20T11:38:20+00:00\",\"dateModified\":\"2021-08-20T11:59:37+00:00\",\"mainEntityOfPage\":{\"@id\":\"https:\\\/\\\/www.caudete.org\\\/ayuntamiento\\\/el-alcalde-acompana-a-la-asociacion-de-comparsas-de-caudete-en-la-constitucion-de-los-pueblos-de-la-polvora\\\/\"},\"wordCount\":458,\"image\":{\"@id\":\"https:\\\/\\\/www.caudete.org\\\/ayuntamiento\\\/el-alcalde-acompana-a-la-asociacion-de-comparsas-de-caudete-en-la-constitucion-de-los-pueblos-de-la-polvora\\\/#primaryimage\"},\"thumbnailUrl\":\"https:\\\/\\\/www.caudete.org\\\/ayuntamiento\\\/wp-content\\\/uploads\\\/2021\\\/08\\\/IMG-20210820-WA0007.jpg\",\"articleSection\":[\"Fiestas\"],\"inLanguage\":\"es\"},{\"@type\":\"WebPage\",\"@id\":\"https:\\\/\\\/www.caudete.org\\\/ayuntamiento\\\/el-alcalde-acompana-a-la-asociacion-de-comparsas-de-caudete-en-la-constitucion-de-los-pueblos-de-la-polvora\\\/\",\"url\":\"https:\\\/\\\/www.caudete.org\\\/ayuntamiento\\\/el-alcalde-acompana-a-la-asociacion-de-comparsas-de-caudete-en-la-constitucion-de-los-pueblos-de-la-polvora\\\/\",\"name\":\"El Alcalde acompa\u00f1a a la Asociaci\u00f3n de Comparsas de Caudete en la constituci\u00f3n de LOS PUEBLOS DE LA P\u00d3LVORA - MI Ayuntamiento de Caudete\",\"isPartOf\":{\"@id\":\"https:\\\/\\\/www.caudete.org\\\/ayuntamiento\\\/#website\"},\"primaryImageOfPage\":{\"@id\":\"https:\\\/\\\/www.caudete.org\\\/ayuntamiento\\\/el-alcalde-acompana-a-la-asociacion-de-comparsas-de-caudete-en-la-constitucion-de-los-pueblos-de-la-polvora\\\/#primaryimage\"},\"image\":{\"@id\":\"https:\\\/\\\/www.caudete.org\\\/ayuntamiento\\\/el-alcalde-acompana-a-la-asociacion-de-comparsas-de-caudete-en-la-constitucion-de-los-pueblos-de-la-polvora\\\/#primaryimage\"},\"thumbnailUrl\":\"https:\\\/\\\/www.caudete.org\\\/ayuntamiento\\\/wp-content\\\/uploads\\\/2021\\\/08\\\/IMG-20210820-WA0007.jpg\",\"datePublished\":\"2021-08-20T11:38:20+00:00\",\"dateModified\":\"2021-08-20T11:59:37+00:00\",\"author\":{\"@id\":\"https:\\\/\\\/www.caudete.org\\\/ayuntamiento\\\/#\\\/schema\\\/person\\\/cc646da9133078ee4d8dd47457947253\"},\"description\":\"P\u00e1gina Oficial del Ayuntamiento de Caudete (Albacete)\",\"breadcrumb\":{\"@id\":\"https:\\\/\\\/www.caudete.org\\\/ayuntamiento\\\/el-alcalde-acompana-a-la-asociacion-de-comparsas-de-caudete-en-la-constitucion-de-los-pueblos-de-la-polvora\\\/#breadcrumb\"},\"inLanguage\":\"es\",\"potentialAction\":[{\"@type\":\"ReadAction\",\"target\":[\"https:\\\/\\\/www.caudete.org\\\/ayuntamiento\\\/el-alcalde-acompana-a-la-asociacion-de-comparsas-de-caudete-en-la-constitucion-de-los-pueblos-de-la-polvora\\\/\"]}]},{\"@type\":\"ImageObject\",\"inLanguage\":\"es\",\"@id\":\"https:\\\/\\\/www.caudete.org\\\/ayuntamiento\\\/el-alcalde-acompana-a-la-asociacion-de-comparsas-de-caudete-en-la-constitucion-de-los-pueblos-de-la-polvora\\\/#primaryimage\",\"url\":\"https:\\\/\\\/www.caudete.org\\\/ayuntamiento\\\/wp-content\\\/uploads\\\/2021\\\/08\\\/IMG-20210820-WA0007.jpg\",\"contentUrl\":\"https:\\\/\\\/www.caudete.org\\\/ayuntamiento\\\/wp-content\\\/uploads\\\/2021\\\/08\\\/IMG-20210820-WA0007.jpg\",\"width\":1504,\"height\":846},{\"@type\":\"BreadcrumbList\",\"@id\":\"https:\\\/\\\/www.caudete.org\\\/ayuntamiento\\\/el-alcalde-acompana-a-la-asociacion-de-comparsas-de-caudete-en-la-constitucion-de-los-pueblos-de-la-polvora\\\/#breadcrumb\",\"itemListElement\":[{\"@type\":\"ListItem\",\"position\":1,\"name\":\"Inicio\",\"item\":\"https:\\\/\\\/www.caudete.org\\\/ayuntamiento\\\/\"},{\"@type\":\"ListItem\",\"position\":2,\"name\":\"El Alcalde acompa\u00f1a a la Asociaci\u00f3n de Comparsas de Caudete en la constituci\u00f3n de LOS PUEBLOS DE LA P\u00d3LVORA\"}]},{\"@type\":\"WebSite\",\"@id\":\"https:\\\/\\\/www.caudete.org\\\/ayuntamiento\\\/#website\",\"url\":\"https:\\\/\\\/www.caudete.org\\\/ayuntamiento\\\/\",\"name\":\"MI Ayuntamiento de Caudete\",\"description\":\"P\u00e1gina Oficial del MI Ayuntamiento de Caudete\",\"potentialAction\":[{\"@type\":\"SearchAction\",\"target\":{\"@type\":\"EntryPoint\",\"urlTemplate\":\"https:\\\/\\\/www.caudete.org\\\/ayuntamiento\\\/?s={search_term_string}\"},\"query-input\":{\"@type\":\"PropertyValueSpecification\",\"valueRequired\":true,\"valueName\":\"search_term_string\"}}],\"inLanguage\":\"es\"},{\"@type\":\"Person\",\"@id\":\"https:\\\/\\\/www.caudete.org\\\/ayuntamiento\\\/#\\\/schema\\\/person\\\/cc646da9133078ee4d8dd47457947253\",\"name\":\"alcalde\",\"image\":{\"@type\":\"ImageObject\",\"inLanguage\":\"es\",\"@id\":\"https:\\\/\\\/secure.gravatar.com\\\/avatar\\\/84a817ba065b29ff08d666b215a215f5c79186a645ccb25b14a663d48a130f77?s=96&d=mm&r=g\",\"url\":\"https:\\\/\\\/secure.gravatar.com\\\/avatar\\\/84a817ba065b29ff08d666b215a215f5c79186a645ccb25b14a663d48a130f77?s=96&d=mm&r=g\",\"contentUrl\":\"https:\\\/\\\/secure.gravatar.com\\\/avatar\\\/84a817ba065b29ff08d666b215a215f5c79186a645ccb25b14a663d48a130f77?s=96&d=mm&r=g\",\"caption\":\"alcalde\"},\"url\":\"https:\\\/\\\/www.caudete.org\\\/ayuntamiento\\\/author\\\/alcalde\\\/\"}]}<\/script>\n<!-- \/ Yoast SEO plugin. -->","yoast_head_json":{"title":"El Alcalde acompa\u00f1a a la Asociaci\u00f3n de Comparsas de Caudete en la constituci\u00f3n de LOS PUEBLOS DE LA P\u00d3LVORA - MI Ayuntamiento de Caudete","description":"P\u00e1gina Oficial del Ayuntamiento de Caudete (Albacete)","robots":{"index":"index","follow":"follow","max-snippet":"max-snippet:-1","max-image-preview":"max-image-preview:large","max-video-preview":"max-video-preview:-1"},"canonical":"https:\/\/www.caudete.org\/ayuntamiento\/el-alcalde-acompana-a-la-asociacion-de-comparsas-de-caudete-en-la-constitucion-de-los-pueblos-de-la-polvora\/","og_locale":"es_ES","og_type":"article","og_title":"El Alcalde acompa\u00f1a a la Asociaci\u00f3n de Comparsas de Caudete en la constituci\u00f3n de LOS PUEBLOS DE LA P\u00d3LVORA - MI Ayuntamiento de Caudete","og_description":"P\u00e1gina Oficial del Ayuntamiento de Caudete (Albacete)","og_url":"https:\/\/www.caudete.org\/ayuntamiento\/el-alcalde-acompana-a-la-asociacion-de-comparsas-de-caudete-en-la-constitucion-de-los-pueblos-de-la-polvora\/","og_site_name":"MI Ayuntamiento de Caudete","article_publisher":"https:\/\/www.facebook.com\/ayuntamientocaudete\/","article_published_time":"2021-08-20T11:38:20+00:00","article_modified_time":"2021-08-20T11:59:37+00:00","og_image":[{"width":1504,"height":846,"url":"https:\/\/www.caudete.org\/ayuntamiento\/wp-content\/uploads\/2021\/08\/IMG-20210820-WA0007.jpg","type":"image\/jpeg"}],"author":"alcalde","twitter_card":"summary_large_image","twitter_misc":{"Escrito por":"alcalde","Tiempo de lectura":"3 minutos"},"schema":{"@context":"https:\/\/schema.org","@graph":[{"@type":"Article","@id":"https:\/\/www.caudete.org\/ayuntamiento\/el-alcalde-acompana-a-la-asociacion-de-comparsas-de-caudete-en-la-constitucion-de-los-pueblos-de-la-polvora\/#article","isPartOf":{"@id":"https:\/\/www.caudete.org\/ayuntamiento\/el-alcalde-acompana-a-la-asociacion-de-comparsas-de-caudete-en-la-constitucion-de-los-pueblos-de-la-polvora\/"},"author":{"name":"alcalde","@id":"https:\/\/www.caudete.org\/ayuntamiento\/#\/schema\/person\/cc646da9133078ee4d8dd47457947253"},"headline":"El Alcalde acompa\u00f1a a la Asociaci\u00f3n de Comparsas de Caudete en la constituci\u00f3n de LOS PUEBLOS DE LA P\u00d3LVORA","datePublished":"2021-08-20T11:38:20+00:00","dateModified":"2021-08-20T11:59:37+00:00","mainEntityOfPage":{"@id":"https:\/\/www.caudete.org\/ayuntamiento\/el-alcalde-acompana-a-la-asociacion-de-comparsas-de-caudete-en-la-constitucion-de-los-pueblos-de-la-polvora\/"},"wordCount":458,"image":{"@id":"https:\/\/www.caudete.org\/ayuntamiento\/el-alcalde-acompana-a-la-asociacion-de-comparsas-de-caudete-en-la-constitucion-de-los-pueblos-de-la-polvora\/#primaryimage"},"thumbnailUrl":"https:\/\/www.caudete.org\/ayuntamiento\/wp-content\/uploads\/2021\/08\/IMG-20210820-WA0007.jpg","articleSection":["Fiestas"],"inLanguage":"es"},{"@type":"WebPage","@id":"https:\/\/www.caudete.org\/ayuntamiento\/el-alcalde-acompana-a-la-asociacion-de-comparsas-de-caudete-en-la-constitucion-de-los-pueblos-de-la-polvora\/","url":"https:\/\/www.caudete.org\/ayuntamiento\/el-alcalde-acompana-a-la-asociacion-de-comparsas-de-caudete-en-la-constitucion-de-los-pueblos-de-la-polvora\/","name":"El Alcalde acompa\u00f1a a la Asociaci\u00f3n de Comparsas de Caudete en la constituci\u00f3n de LOS PUEBLOS DE LA P\u00d3LVORA - MI Ayuntamiento de Caudete","isPartOf":{"@id":"https:\/\/www.caudete.org\/ayuntamiento\/#website"},"primaryImageOfPage":{"@id":"https:\/\/www.caudete.org\/ayuntamiento\/el-alcalde-acompana-a-la-asociacion-de-comparsas-de-caudete-en-la-constitucion-de-los-pueblos-de-la-polvora\/#primaryimage"},"image":{"@id":"https:\/\/www.caudete.org\/ayuntamiento\/el-alcalde-acompana-a-la-asociacion-de-comparsas-de-caudete-en-la-constitucion-de-los-pueblos-de-la-polvora\/#primaryimage"},"thumbnailUrl":"https:\/\/www.caudete.org\/ayuntamiento\/wp-content\/uploads\/2021\/08\/IMG-20210820-WA0007.jpg","datePublished":"2021-08-20T11:38:20+00:00","dateModified":"2021-08-20T11:59:37+00:00","author":{"@id":"https:\/\/www.caudete.org\/ayuntamiento\/#\/schema\/person\/cc646da9133078ee4d8dd47457947253"},"description":"P\u00e1gina Oficial del Ayuntamiento de Caudete (Albacete)","breadcrumb":{"@id":"https:\/\/www.caudete.org\/ayuntamiento\/el-alcalde-acompana-a-la-asociacion-de-comparsas-de-caudete-en-la-constitucion-de-los-pueblos-de-la-polvora\/#breadcrumb"},"inLanguage":"es","potentialAction":[{"@type":"ReadAction","target":["https:\/\/www.caudete.org\/ayuntamiento\/el-alcalde-acompana-a-la-asociacion-de-comparsas-de-caudete-en-la-constitucion-de-los-pueblos-de-la-polvora\/"]}]},{"@type":"ImageObject","inLanguage":"es","@id":"https:\/\/www.caudete.org\/ayuntamiento\/el-alcalde-acompana-a-la-asociacion-de-comparsas-de-caudete-en-la-constitucion-de-los-pueblos-de-la-polvora\/#primaryimage","url":"https:\/\/www.caudete.org\/ayuntamiento\/wp-content\/uploads\/2021\/08\/IMG-20210820-WA0007.jpg","contentUrl":"https:\/\/www.caudete.org\/ayuntamiento\/wp-content\/uploads\/2021\/08\/IMG-20210820-WA0007.jpg","width":1504,"height":846},{"@type":"BreadcrumbList","@id":"https:\/\/www.caudete.org\/ayuntamiento\/el-alcalde-acompana-a-la-asociacion-de-comparsas-de-caudete-en-la-constitucion-de-los-pueblos-de-la-polvora\/#breadcrumb","itemListElement":[{"@type":"ListItem","position":1,"name":"Inicio","item":"https:\/\/www.caudete.org\/ayuntamiento\/"},{"@type":"ListItem","position":2,"name":"El Alcalde acompa\u00f1a a la Asociaci\u00f3n de Comparsas de Caudete en la constituci\u00f3n de LOS PUEBLOS DE LA P\u00d3LVORA"}]},{"@type":"WebSite","@id":"https:\/\/www.caudete.org\/ayuntamiento\/#website","url":"https:\/\/www.caudete.org\/ayuntamiento\/","name":"MI Ayuntamiento de Caudete","description":"P\u00e1gina Oficial del MI Ayuntamiento de Caudete","potentialAction":[{"@type":"SearchAction","target":{"@type":"EntryPoint","urlTemplate":"https:\/\/www.caudete.org\/ayuntamiento\/?s={search_term_string}"},"query-input":{"@type":"PropertyValueSpecification","valueRequired":true,"valueName":"search_term_string"}}],"inLanguage":"es"},{"@type":"Person","@id":"https:\/\/www.caudete.org\/ayuntamiento\/#\/schema\/person\/cc646da9133078ee4d8dd47457947253","name":"alcalde","image":{"@type":"ImageObject","inLanguage":"es","@id":"https:\/\/secure.gravatar.com\/avatar\/84a817ba065b29ff08d666b215a215f5c79186a645ccb25b14a663d48a130f77?s=96&d=mm&r=g","url":"https:\/\/secure.gravatar.com\/avatar\/84a817ba065b29ff08d666b215a215f5c79186a645ccb25b14a663d48a130f77?s=96&d=mm&r=g","contentUrl":"https:\/\/secure.gravatar.com\/avatar\/84a817ba065b29ff08d666b215a215f5c79186a645ccb25b14a663d48a130f77?s=96&d=mm&r=g","caption":"alcalde"},"url":"https:\/\/www.caudete.org\/ayuntamiento\/author\/alcalde\/"}]}},"_links":{"self":[{"href":"https:\/\/www.caudete.org\/ayuntamiento\/wp-json\/wp\/v2\/posts\/15783","targetHints":{"allow":["GET"]}}],"collection":[{"href":"https:\/\/www.caudete.org\/ayuntamiento\/wp-json\/wp\/v2\/posts"}],"about":[{"href":"https:\/\/www.caudete.org\/ayuntamiento\/wp-json\/wp\/v2\/types\/post"}],"author":[{"embeddable":true,"href":"https:\/\/www.caudete.org\/ayuntamiento\/wp-json\/wp\/v2\/users\/3"}],"replies":[{"embeddable":true,"href":"https:\/\/www.caudete.org\/ayuntamiento\/wp-json\/wp\/v2\/comments?post=15783"}],"version-history":[{"count":2,"href":"https:\/\/www.caudete.org\/ayuntamiento\/wp-json\/wp\/v2\/posts\/15783\/revisions"}],"predecessor-version":[{"id":15788,"href":"https:\/\/www.caudete.org\/ayuntamiento\/wp-json\/wp\/v2\/posts\/15783\/revisions\/15788"}],"wp:featuredmedia":[{"embeddable":true,"href":"https:\/\/www.caudete.org\/ayuntamiento\/wp-json\/wp\/v2\/media\/15781"}],"wp:attachment":[{"href":"https:\/\/www.caudete.org\/ayuntamiento\/wp-json\/wp\/v2\/media?parent=15783"}],"wp:term":[{"taxonomy":"category","embeddable":true,"href":"https:\/\/www.caudete.org\/ayuntamiento\/wp-json\/wp\/v2\/categories?post=15783"},{"taxonomy":"post_tag","embeddable":true,"href":"https:\/\/www.caudete.org\/ayuntamiento\/wp-json\/wp\/v2\/tags?post=15783"}],"curies":[{"name":"wp","href":"https:\/\/api.w.org\/{rel}","templated":true}]}}